{"id":282703,"date":"2025-10-05T07:28:09","date_gmt":"2025-10-05T04:28:09","guid":{"rendered":"https:\/\/vof-news.eu\/ein-pragmatischer-europaer\/"},"modified":"2025-10-05T07:29:13","modified_gmt":"2025-10-05T04:29:13","slug":"ein-pragmatischer-europaer","status":"publish","type":"post","link":"https:\/\/vof-news.eu\/de\/ein-pragmatischer-europaer\/","title":{"rendered":"Ein pragmatischer Europ\u00e4er"},"content":{"rendered":"<div>\n<p>Trotz seines klaren Siegs bei der tschechischen <span><a href=\"https:\/\/www.zeit.de\/thema\/parlamentswahl\" rel=\"nofollow\">Parlamentswahl<\/a><\/span> k\u00f6nnte jetzt die schwierigste Aufgabe seiner politischen Karriere vor Andrej Babi\u0161 liegen: Er wird vermutlich auf zwei Koalitionspartner angewiesen sein, um eine ausreichende Mehrheit im Abgeordnetenhaus zu erreichen \u2013 und weil er eine Zusammenarbeit mit den Parteien der bisherigen Mitte-rechts-Koalition kategorisch ausgeschlossen hat, bleiben ihm daf\u00fcr nur zwei Partner \u00fcbrig: die Rechtsnationalen, die ein Referendum \u00fcber den Austritt aus der EU als oberstes Ziel haben. Und die Autofahrerpartei Motorist\u00e9, die vor allem den Green Deal kippen m\u00f6chte.\n<\/p>\n<p>Das <a href=\"https:\/\/www.zeit.de\/politik\/ausland\/2025-10\/partei-von-rechtspopulist-babi-gewinnt-parlamentswahl-in-tschechien\" rel=\"nofollow\">Ergebnis der Wahl<\/a> fiel deutlicher aus, als es bis zuletzt in den Umfragen ausgesehen hatte: Die bisherige Mitte-rechts-Koalition von Premierminister Petr Fiala verliert, seine eigene Gruppierung Spolu (&#8222;Gemeinsam&#8220;) kommt auf gerade einmal 23 Prozent der Stimmen.\u00a0Die ebenfalls konservative B\u00fcrgermeisterpartei erreicht 11, die linksliberale Piratenpartei 6,7 Prozent. Neu im Parlament vertreten ist die Autofahrerpartei, die auf Anhieb 6,8 Prozent erzielte.\u00a0\n<\/p>\n<p>Gro\u00dfer Sieger ist Andrej Babi\u0161, der mit 35 Prozent ein neues Rekordergebnis einf\u00e4hrt. Von der Frage, mit wem er koaliert, h\u00e4ngt auch die weitere au\u00dfenpolitische Ausrichtung <span><a href=\"https:\/\/www.zeit.de\/thema\/tschechien\" rel=\"nofollow\">Tschechiens<\/a><\/span> ab. Im Wahlkampf hatte Babi\u0161 versprochen, die Unterst\u00fctzung f\u00fcr die \u00fcberfallene Ukraine stark zur\u00fcckzufahren.\n<\/p>\n<h2>&#8222;Gipfel meiner politischen Karriere&#8220;<\/h2>\n<p>Andrej Babi\u0161&#8216; Partei ANO l\u00e4sst sich im g\u00e4ngigen Rechts-links-Schema nur schwer verorten: Als er von 2017 bis 2021 bereits Regierungschef war, sprach er in der damaligen Koalition mit den Sozialdemokraten durch eine ausgepr\u00e4gte Sozialpolitik eine eher linksorientierte W\u00e4hlerschaft an; im Europaparlament geh\u00f6rt ANO seit 2024 allerdings zur Rechtsau\u00dfen-Fraktion der Patrioten. Babi\u0161 selbst gilt als unideologisch \u2013 Beobachter bezeichnen ihn als politisches Cham\u00e4leon mit feinem Gesp\u00fcr f\u00fcr die Stimmungen im Land. Als Extremist gilt er selbst unter seinen politischen Gegnern nicht. &#8222;Wir wollen, dass Tschechien der beste Ort zum Leben in der ganzen Europ\u00e4ischen Union wird&#8220;, sagte Andrej Babi\u0161 bei seinem ersten Auftritt nach der Wahl. Und mit Blick auf den Rekordwert seiner Partei f\u00fcgte er hinzu: &#8222;Das ist f\u00fcr mich der Gipfel meiner politischen Karriere.&#8220;\n<\/p>\n<p>Klar ist indes: Die Wahl hat die Extreme auf beiden Seiten des politischen Lagers geschw\u00e4cht. Die Rechtsnationalen (, &#8222;Freiheit und direkte Demokratie&#8220;) haben gegen\u00fcber der zur\u00fcckliegenden Wahl deutlich verloren und liegen nun bei weniger als 8 Prozent der W\u00e4hlerstimmen. Die Kommunisten, die gemeinsam mit den Sozialdemokraten ein neues Linksb\u00fcndnis mit dem Namen  (&#8222;Es reicht!&#8220;) gegr\u00fcndet hatten, bleiben unter der F\u00fcnf-Prozent-H\u00fcrde.\n<\/p>\n<p>Viele Tschechen stellen sich jetzt dennoch vor allem die Frage, wie es mit dem au\u00dfenpolitischen Kurs des Landes weitergeht. Genau deswegen hielt der tschechische Pr\u00e4sident Petr Pavel kurz vor der Wahl eine viel beachtete Ansprache, die von mehreren Fernseh- und Radiosendern live \u00fcbertragen wurde. Der Pr\u00e4sident war fr\u00fcher ein hochrangiger Nato-General und genie\u00dft im Land gro\u00dfes Vertrauen. &#8222;Wir brauchen eine Regierung, die uns nicht Russland ausliefert mit seinen Bem\u00fchungen, seine Einflusssph\u00e4re in Mittel- und Osteuropa zu erneuern.&#8220; Die n\u00e4chste Regierung m\u00fcsse dem Land weiterhin Sicherheit gew\u00e4hrleisten, so der Pr\u00e4sident weiter. Und: &#8222;Die haben wir dank unserer festen Verankerung in der Europ\u00e4ischen Union und vor allem durch die st\u00e4rkste Verteidigungsallianz der Welt, die Nato.&#8220;\n<\/p>\n<h2>Wandel der tschechischen Ukraine-Politik<\/h2>\n<p>Sorgen hatten vielen Politologen im Vorfeld vor allem die politischen Extreme gemacht. Sowohl die Rechtsnationalen als auch die Kommunisten streben einen Austritt aus der EU und der Nato an. Babi\u0161 selbst zeigt sich gern Seite an Seite mit den prorussischen Regierungschefs aus der Nachbarschaft, mit Viktor\u00a0Orb\u00e1n\u00a0aus Ungarn und Robert Fico aus der Slowakei. <a href=\"https:\/\/www.zeit.de\/politik\/ausland\/2025-09\/parlamentswahl-tschechien-andrej-babis-eu-russland-rechtsruck-faq#warum-ist-die-wahl-in-tschechien-wichtig-fuer-die-ukraine\" rel=\"nofollow\">Zu seinen zentralen Wahlversprechen<\/a> geh\u00f6rte es, die viel beachtete Munitionsinitiative einzuschr\u00e4nken, mit der Tschechien auf diplomatischen Kan\u00e4len \u00fcberall auf der Welt Granaten f\u00fcr die ukrainische Verteidigung organisiert hat. Auch gegen\u00fcber den ukrainischen Fl\u00fcchtlingen, von denen mehrere Hunderttausend im 10,5-Millionen-Einwohnerland Tschechien aufgenommen worden sind, hat er einen h\u00e4rteren Kurs angedeutet. An die Adresse der Rechtsnationalen hat Andrej Babi\u0161 allerdings schon vor der Wahl eine klare Ansage gemacht: &#8222;Niemals werde ich ein Referendum \u00fcber einen Austritt aus der EU oder der Nato zulassen!&#8220; In seiner ersten Amtszeit als Premierminister zeigte er sich als pragmatischer Europ\u00e4er.\n<\/p>\n<p>Andrej Babi\u0161 ist eine schillernde Pers\u00f6nlichkeit \u2013 und im Land denkbar umstritten: Der 71-J\u00e4hrige ist mit einem Agrar- und Lebensmittelkonzern zu einem der reichsten Tschechen aufgestiegen. Weil vor allem sein Agrargesch\u00e4ft bis heute viele Subventionen aus dem EU-Haushalt bekommt, wird ihm auch aus Br\u00fcssel ein Interessenkonflikt vorgeworfen; wegen Betrugsvorw\u00fcrfen musste er sich schon vor Gericht verantworten. Im Jahr 2011 gr\u00fcndete Andrej Babi\u0161 die Bewegung ANO \u2013 ein Akronym f\u00fcr &#8222;Allianz unzufriedener B\u00fcrger&#8220;. Er kokettiert gern damit, dass der Schritt in die Politik die schlechteste Entscheidung seines Lebens gewesen sei.\n<\/p>\n<p>Die Schl\u00fcsselrolle kommt jetzt dem Pr\u00e4sidenten Petr Pavel zu: Nach der tschechischen Verfassung muss er den Auftrag zur Regierungsbildung erteilen. Nur wer diesen Auftrag hat, kann offiziell Koalitionsverhandlungen f\u00fchren; erst wenn die ohne Ergebnis bleiben, beauftragt der Pr\u00e4sident jemand anderes. Der Pr\u00e4sident hat bereits angek\u00fcndigt, vom fr\u00fchen Sonntag an individuelle Vorgespr\u00e4che mit allen Parteivorsitzenden zu f\u00fchren.\n<\/p>\n<\/div>\n","protected":false},"excerpt":{"rendered":"<p>Trotz seines klaren Siegs bei der tschechischen Parlamentswahl k\u00f6nnte jetzt die schwierigste Aufgabe seiner politischen Karriere vor Andrej Babi\u0161 liegen: Er wird vermutlich auf zwei Koalitionspartner angewiesen sein, um eine ausreichende Mehrheit im Abgeordnetenhaus zu erreichen \u2013 und weil er eine Zusammenarbeit mit den Parteien der bisherigen Mitte-rechts-Koalition kategorisch ausgeschlossen hat, bleiben ihm daf\u00fcr nur<\/p>\n","protected":false},"author":1,"featured_media":282704,"comment_status":"open","ping_status":"open","sticky":false,"template":"","format":"standard","meta":{"footnotes":""},"categories":[116],"tags":[],"class_list":["post-282703","post","type-post","status-publish","format-standard","has-post-thumbnail","hentry","category-war-chronicles-de"],"acf":[],"yoast_head":"<!-- This site is optimized with the Yoast SEO plugin v22.9 - https:\/\/yoast.com\/wordpress\/plugins\/seo\/ -->\n<title>Ein pragmatischer Europ\u00e4er - vof-news.eu<\/title>\n<meta name=\"description\" content=\"Trotz seines klaren Siegs bei der tschechischen Parlamentswahl k\u00f6nnte jetzt die schwierigste Aufgabe seiner politischen Karriere vor Andrej Babi\u0161 liegen: Er wird vermutlich auf zwei Koalitionspartner angewiesen sein, um eine ausreichende Mehrheit im Abgeordnetenhaus zu erreichen \u2013 und weil er eine Zusammenarbeit mit den Parteien der bisherigen Mitte-rechts-Koalition kategorisch ausgeschlossen hat, bleiben ihm daf\u00fcr nur zwei Partner \u00fcbrig: die Rechtsnationalen, die ein Referendum \u00fcber den Austritt aus der EU als oberstes Ziel haben. Und die Autofahrerpartei Motorist\u00e9, die vor allem den Green Deal kippen m\u00f6chte.\" \/>\n<meta name=\"robots\" content=\"noindex, follow, max-snippet:-1, max-image-preview:large, max-video-preview:-1\" \/>\n<meta property=\"og:locale\" content=\"de_DE\" \/>\n<meta property=\"og:type\" content=\"article\" \/>\n<meta property=\"og:title\" content=\"Ein pragmatischer Europ\u00e4er - vof-news.eu\" \/>\n<meta property=\"og:description\" content=\"Trotz seines klaren Siegs bei der tschechischen Parlamentswahl k\u00f6nnte jetzt die schwierigste Aufgabe seiner politischen Karriere vor Andrej Babi\u0161 liegen: Er wird vermutlich auf zwei Koalitionspartner angewiesen sein, um eine ausreichende Mehrheit im Abgeordnetenhaus zu erreichen \u2013 und weil er eine Zusammenarbeit mit den Parteien der bisherigen Mitte-rechts-Koalition kategorisch ausgeschlossen hat, bleiben ihm daf\u00fcr nur zwei Partner \u00fcbrig: die Rechtsnationalen, die ein Referendum \u00fcber den Austritt aus der EU als oberstes Ziel haben. Und die Autofahrerpartei Motorist\u00e9, die vor allem den Green Deal kippen m\u00f6chte.\" \/>\n<meta property=\"og:url\" content=\"https:\/\/vof-news.eu\/de\/ein-pragmatischer-europaer\/\" \/>\n<meta property=\"og:site_name\" content=\"vof-news.eu\" \/>\n<meta property=\"article:published_time\" content=\"2025-10-05T04:28:09+00:00\" \/>\n<meta property=\"article:modified_time\" content=\"2025-10-05T04:29:13+00:00\" \/>\n<meta property=\"og:image\" content=\"https:\/\/vof-news.eu\/wp-content\/uploads\/2025\/10\/wide__1000x562-15.jpg\" \/>\n\t<meta property=\"og:image:width\" content=\"1000\" \/>\n\t<meta property=\"og:image:height\" content=\"562\" \/>\n\t<meta property=\"og:image:type\" content=\"image\/jpeg\" \/>\n<meta name=\"author\" content=\"Author\" \/>\n<meta name=\"twitter:card\" content=\"summary_large_image\" \/>\n<meta name=\"twitter:label1\" content=\"Verfasst von\" \/>\n\t<meta name=\"twitter:data1\" content=\"Author\" \/>\n\t<meta name=\"twitter:label2\" content=\"Gesch\u00e4tzte Lesezeit\" \/>\n\t<meta name=\"twitter:data2\" content=\"4\u00a0Minuten\" \/>\n<script type=\"application\/ld+json\" class=\"yoast-schema-graph\">{\"@context\":\"https:\/\/schema.org\",\"@graph\":[{\"@type\":\"WebPage\",\"@id\":\"https:\/\/vof-news.eu\/de\/ein-pragmatischer-europaer\/\",\"url\":\"https:\/\/vof-news.eu\/de\/ein-pragmatischer-europaer\/\",\"name\":\"Ein pragmatischer Europ\u00e4er - vof-news.eu\",\"isPartOf\":{\"@id\":\"https:\/\/vof-news.eu\/de\/#website\"},\"primaryImageOfPage\":{\"@id\":\"https:\/\/vof-news.eu\/de\/ein-pragmatischer-europaer\/#primaryimage\"},\"image\":{\"@id\":\"https:\/\/vof-news.eu\/de\/ein-pragmatischer-europaer\/#primaryimage\"},\"thumbnailUrl\":\"https:\/\/vof-news.eu\/wp-content\/uploads\/2025\/10\/wide__1000x562-15.jpg\",\"datePublished\":\"2025-10-05T04:28:09+00:00\",\"dateModified\":\"2025-10-05T04:29:13+00:00\",\"author\":{\"@id\":\"https:\/\/vof-news.eu\/de\/#\/schema\/person\/f6a2a4309f0561835797fd8c19b333ed\"},\"description\":\"Trotz seines klaren Siegs bei der tschechischen Parlamentswahl k\u00f6nnte jetzt die schwierigste Aufgabe seiner politischen Karriere vor Andrej Babi\u0161 liegen: Er wird vermutlich auf zwei Koalitionspartner angewiesen sein, um eine ausreichende Mehrheit im Abgeordnetenhaus zu erreichen \u2013 und weil er eine Zusammenarbeit mit den Parteien der bisherigen Mitte-rechts-Koalition kategorisch ausgeschlossen hat, bleiben ihm daf\u00fcr nur zwei Partner \u00fcbrig: die Rechtsnationalen, die ein Referendum \u00fcber den Austritt aus der EU als oberstes Ziel haben. Und die Autofahrerpartei Motorist\u00e9, die vor allem den Green Deal kippen m\u00f6chte.\",\"breadcrumb\":{\"@id\":\"https:\/\/vof-news.eu\/de\/ein-pragmatischer-europaer\/#breadcrumb\"},\"inLanguage\":\"de\",\"potentialAction\":[{\"@type\":\"ReadAction\",\"target\":[\"https:\/\/vof-news.eu\/de\/ein-pragmatischer-europaer\/\"]}]},{\"@type\":\"ImageObject\",\"inLanguage\":\"de\",\"@id\":\"https:\/\/vof-news.eu\/de\/ein-pragmatischer-europaer\/#primaryimage\",\"url\":\"https:\/\/vof-news.eu\/wp-content\/uploads\/2025\/10\/wide__1000x562-15.jpg\",\"contentUrl\":\"https:\/\/vof-news.eu\/wp-content\/uploads\/2025\/10\/wide__1000x562-15.jpg\",\"width\":1000,\"height\":562},{\"@type\":\"BreadcrumbList\",\"@id\":\"https:\/\/vof-news.eu\/de\/ein-pragmatischer-europaer\/#breadcrumb\",\"itemListElement\":[{\"@type\":\"ListItem\",\"position\":1,\"name\":\"Home\",\"item\":\"https:\/\/vof-news.eu\/de\/\"},{\"@type\":\"ListItem\",\"position\":2,\"name\":\"Ein pragmatischer Europ\u00e4er\"}]},{\"@type\":\"WebSite\",\"@id\":\"https:\/\/vof-news.eu\/de\/#website\",\"url\":\"https:\/\/vof-news.eu\/de\/\",\"name\":\"vof-news.eu\",\"description\":\"\",\"potentialAction\":[{\"@type\":\"SearchAction\",\"target\":{\"@type\":\"EntryPoint\",\"urlTemplate\":\"https:\/\/vof-news.eu\/de\/?s={search_term_string}\"},\"query-input\":\"required name=search_term_string\"}],\"inLanguage\":\"de\"},{\"@type\":\"Person\",\"@id\":\"https:\/\/vof-news.eu\/de\/#\/schema\/person\/f6a2a4309f0561835797fd8c19b333ed\",\"name\":\"Author\",\"image\":{\"@type\":\"ImageObject\",\"inLanguage\":\"de\",\"@id\":\"https:\/\/vof-news.eu\/de\/#\/schema\/person\/image\/\",\"url\":\"https:\/\/secure.gravatar.com\/avatar\/b67e614b1b25b3e9c0c239efdd2fde5ab015b5affd6f1c3c85911ca4b384e790?s=96&d=mm&r=g\",\"contentUrl\":\"https:\/\/secure.gravatar.com\/avatar\/b67e614b1b25b3e9c0c239efdd2fde5ab015b5affd6f1c3c85911ca4b384e790?s=96&d=mm&r=g\",\"caption\":\"Author\"},\"sameAs\":[\"http:\/\/vof-news.eu\"],\"url\":\"https:\/\/vof-news.eu\/de\/author\/zwt6qxnjulxbnyg\/\"}]}<\/script>\n<!-- \/ Yoast SEO plugin. -->","yoast_head_json":{"title":"Ein pragmatischer Europ\u00e4er - vof-news.eu","description":"Trotz seines klaren Siegs bei der tschechischen Parlamentswahl k\u00f6nnte jetzt die schwierigste Aufgabe seiner politischen Karriere vor Andrej Babi\u0161 liegen: Er wird vermutlich auf zwei Koalitionspartner angewiesen sein, um eine ausreichende Mehrheit im Abgeordnetenhaus zu erreichen \u2013 und weil er eine Zusammenarbeit mit den Parteien der bisherigen Mitte-rechts-Koalition kategorisch ausgeschlossen hat, bleiben ihm daf\u00fcr nur zwei Partner \u00fcbrig: die Rechtsnationalen, die ein Referendum \u00fcber den Austritt aus der EU als oberstes Ziel haben. Und die Autofahrerpartei Motorist\u00e9, die vor allem den Green Deal kippen m\u00f6chte.","robots":{"index":"noindex","follow":"follow","max-snippet":"max-snippet:-1","max-image-preview":"max-image-preview:large","max-video-preview":"max-video-preview:-1"},"og_locale":"de_DE","og_type":"article","og_title":"Ein pragmatischer Europ\u00e4er - vof-news.eu","og_description":"Trotz seines klaren Siegs bei der tschechischen Parlamentswahl k\u00f6nnte jetzt die schwierigste Aufgabe seiner politischen Karriere vor Andrej Babi\u0161 liegen: Er wird vermutlich auf zwei Koalitionspartner angewiesen sein, um eine ausreichende Mehrheit im Abgeordnetenhaus zu erreichen \u2013 und weil er eine Zusammenarbeit mit den Parteien der bisherigen Mitte-rechts-Koalition kategorisch ausgeschlossen hat, bleiben ihm daf\u00fcr nur zwei Partner \u00fcbrig: die Rechtsnationalen, die ein Referendum \u00fcber den Austritt aus der EU als oberstes Ziel haben. Und die Autofahrerpartei Motorist\u00e9, die vor allem den Green Deal kippen m\u00f6chte.","og_url":"https:\/\/vof-news.eu\/de\/ein-pragmatischer-europaer\/","og_site_name":"vof-news.eu","article_published_time":"2025-10-05T04:28:09+00:00","article_modified_time":"2025-10-05T04:29:13+00:00","og_image":[{"width":1000,"height":562,"url":"https:\/\/vof-news.eu\/wp-content\/uploads\/2025\/10\/wide__1000x562-15.jpg","type":"image\/jpeg"}],"author":"Author","twitter_card":"summary_large_image","twitter_misc":{"Verfasst von":"Author","Gesch\u00e4tzte Lesezeit":"4\u00a0Minuten"},"schema":{"@context":"https:\/\/schema.org","@graph":[{"@type":"WebPage","@id":"https:\/\/vof-news.eu\/de\/ein-pragmatischer-europaer\/","url":"https:\/\/vof-news.eu\/de\/ein-pragmatischer-europaer\/","name":"Ein pragmatischer Europ\u00e4er - vof-news.eu","isPartOf":{"@id":"https:\/\/vof-news.eu\/de\/#website"},"primaryImageOfPage":{"@id":"https:\/\/vof-news.eu\/de\/ein-pragmatischer-europaer\/#primaryimage"},"image":{"@id":"https:\/\/vof-news.eu\/de\/ein-pragmatischer-europaer\/#primaryimage"},"thumbnailUrl":"https:\/\/vof-news.eu\/wp-content\/uploads\/2025\/10\/wide__1000x562-15.jpg","datePublished":"2025-10-05T04:28:09+00:00","dateModified":"2025-10-05T04:29:13+00:00","author":{"@id":"https:\/\/vof-news.eu\/de\/#\/schema\/person\/f6a2a4309f0561835797fd8c19b333ed"},"description":"Trotz seines klaren Siegs bei der tschechischen Parlamentswahl k\u00f6nnte jetzt die schwierigste Aufgabe seiner politischen Karriere vor Andrej Babi\u0161 liegen: Er wird vermutlich auf zwei Koalitionspartner angewiesen sein, um eine ausreichende Mehrheit im Abgeordnetenhaus zu erreichen \u2013 und weil er eine Zusammenarbeit mit den Parteien der bisherigen Mitte-rechts-Koalition kategorisch ausgeschlossen hat, bleiben ihm daf\u00fcr nur zwei Partner \u00fcbrig: die Rechtsnationalen, die ein Referendum \u00fcber den Austritt aus der EU als oberstes Ziel haben. Und die Autofahrerpartei Motorist\u00e9, die vor allem den Green Deal kippen m\u00f6chte.","breadcrumb":{"@id":"https:\/\/vof-news.eu\/de\/ein-pragmatischer-europaer\/#breadcrumb"},"inLanguage":"de","potentialAction":[{"@type":"ReadAction","target":["https:\/\/vof-news.eu\/de\/ein-pragmatischer-europaer\/"]}]},{"@type":"ImageObject","inLanguage":"de","@id":"https:\/\/vof-news.eu\/de\/ein-pragmatischer-europaer\/#primaryimage","url":"https:\/\/vof-news.eu\/wp-content\/uploads\/2025\/10\/wide__1000x562-15.jpg","contentUrl":"https:\/\/vof-news.eu\/wp-content\/uploads\/2025\/10\/wide__1000x562-15.jpg","width":1000,"height":562},{"@type":"BreadcrumbList","@id":"https:\/\/vof-news.eu\/de\/ein-pragmatischer-europaer\/#breadcrumb","itemListElement":[{"@type":"ListItem","position":1,"name":"Home","item":"https:\/\/vof-news.eu\/de\/"},{"@type":"ListItem","position":2,"name":"Ein pragmatischer Europ\u00e4er"}]},{"@type":"WebSite","@id":"https:\/\/vof-news.eu\/de\/#website","url":"https:\/\/vof-news.eu\/de\/","name":"vof-news.eu","description":"","potentialAction":[{"@type":"SearchAction","target":{"@type":"EntryPoint","urlTemplate":"https:\/\/vof-news.eu\/de\/?s={search_term_string}"},"query-input":"required name=search_term_string"}],"inLanguage":"de"},{"@type":"Person","@id":"https:\/\/vof-news.eu\/de\/#\/schema\/person\/f6a2a4309f0561835797fd8c19b333ed","name":"Author","image":{"@type":"ImageObject","inLanguage":"de","@id":"https:\/\/vof-news.eu\/de\/#\/schema\/person\/image\/","url":"https:\/\/secure.gravatar.com\/avatar\/b67e614b1b25b3e9c0c239efdd2fde5ab015b5affd6f1c3c85911ca4b384e790?s=96&d=mm&r=g","contentUrl":"https:\/\/secure.gravatar.com\/avatar\/b67e614b1b25b3e9c0c239efdd2fde5ab015b5affd6f1c3c85911ca4b384e790?s=96&d=mm&r=g","caption":"Author"},"sameAs":["http:\/\/vof-news.eu"],"url":"https:\/\/vof-news.eu\/de\/author\/zwt6qxnjulxbnyg\/"}]}},"yoast_meta":{"yoast_wpseo_title":"","yoast_wpseo_metadesc":"","yoast_wpseo_canonical":""},"_links":{"self":[{"href":"https:\/\/vof-news.eu\/de\/wp-json\/wp\/v2\/posts\/282703","targetHints":{"allow":["GET"]}}],"collection":[{"href":"https:\/\/vof-news.eu\/de\/wp-json\/wp\/v2\/posts"}],"about":[{"href":"https:\/\/vof-news.eu\/de\/wp-json\/wp\/v2\/types\/post"}],"author":[{"embeddable":true,"href":"https:\/\/vof-news.eu\/de\/wp-json\/wp\/v2\/users\/1"}],"replies":[{"embeddable":true,"href":"https:\/\/vof-news.eu\/de\/wp-json\/wp\/v2\/comments?post=282703"}],"version-history":[{"count":1,"href":"https:\/\/vof-news.eu\/de\/wp-json\/wp\/v2\/posts\/282703\/revisions"}],"predecessor-version":[{"id":282710,"href":"https:\/\/vof-news.eu\/de\/wp-json\/wp\/v2\/posts\/282703\/revisions\/282710"}],"wp:featuredmedia":[{"embeddable":true,"href":"https:\/\/vof-news.eu\/de\/wp-json\/wp\/v2\/media\/282704"}],"wp:attachment":[{"href":"https:\/\/vof-news.eu\/de\/wp-json\/wp\/v2\/media?parent=282703"}],"wp:term":[{"taxonomy":"category","embeddable":true,"href":"https:\/\/vof-news.eu\/de\/wp-json\/wp\/v2\/categories?post=282703"},{"taxonomy":"post_tag","embeddable":true,"href":"https:\/\/vof-news.eu\/de\/wp-json\/wp\/v2\/tags?post=282703"}],"curies":[{"name":"wp","href":"https:\/\/api.w.org\/{rel}","templated":true}]}}