{"id":282294,"date":"2025-10-03T19:30:12","date_gmt":"2025-10-03T16:30:12","guid":{"rendered":"https:\/\/vof-news.eu\/dobrindt-will-starkere-beteiligung-der-bundeswehr-bei-drohnenabwehr\/"},"modified":"2025-10-03T19:31:38","modified_gmt":"2025-10-03T16:31:38","slug":"dobrindt-will-starkere-beteiligung-der-bundeswehr-bei-drohnenabwehr","status":"publish","type":"post","link":"https:\/\/vof-news.eu\/de\/dobrindt-will-starkere-beteiligung-der-bundeswehr-bei-drohnenabwehr\/","title":{"rendered":"Dobrindt will st\u00e4rkere Beteiligung der Bundeswehr bei Drohnenabwehr"},"content":{"rendered":"<div>\n<p>Am Tag nach den <a href=\"https:\/\/www.zeit.de\/mobilitaet\/2025-10\/zwischenzeitliche-schliessung-flughafen-muenchen-drohnensichtungen-was-bekannt-ist\" rel=\"nofollow\">Drohnensichtungen am M\u00fcnchner Flughafen<\/a> diskutieren Bundes- und Landespolitiker Vorschl\u00e4ge zu einem h\u00e4rteren Umgang mit den unbemannten Flugger\u00e4ten. Bundesinnenminister Alexander Dobrindt (CSU) fordert, dass bei der Abwehr von Gefahren durch <span><a href=\"https:\/\/www.zeit.de\/thema\/drohne\" rel=\"nofollow\">Drohnen<\/a><\/span> k\u00fcnftig auch die Bundeswehr<br \/>\neine Rolle spielen und die Polizei unterst\u00fctzen soll. Einen entsprechenden Entwurf f\u00fcr ein neues<br \/>\nLuftsicherheitsgesetz wolle er schon bald vorlegen, k\u00fcndigte Dobrindt an.\u00a0\n<\/p>\n<p>Die<br \/>\nGefahr durch Drohnen werde gr\u00f6\u00dfer \u2013 nicht<br \/>\n nur durch eine h\u00f6here Zahl, sondern auch durch die Qualit\u00e4t der Ger\u00e4te.<br \/>\n <span><a href=\"https:\/\/www.zeit.de\/thema\/alexander-dobrindt\" rel=\"nofollow\">Dobrindt<\/a><\/span> sprach von Flugger\u00e4ten mit einer Spannweite von bis zu acht<br \/>\nMetern, die <a href=\"https:\/\/www.zeit.de\/politik\/ausland\/2025-10\/schleswig-holstein-drohnen-hybrider-krieg\" rel=\"nofollow\">in Schleswig-Holstein gesichtet<\/a> worden sein.\u00a0\n<\/p>\n<p>\u00dcber die Art und Anzahl der Drohnen,<br \/>\n die am Vortag nahe dem Flughafen <span><a href=\"https:\/\/www.zeit.de\/thema\/muenchen\" rel=\"nofollow\">M\u00fcnchens<\/a><\/span> gesichtet worden waren,<br \/>\nmachte der CSU-Politiker keine Angaben. Man k\u00f6nne die Zahl noch nicht<br \/>\nnennen, weil auch Mehrfach-Sichtungen eines Flugger\u00e4tes infrage k\u00e4men.<br \/>\nAuch Hintergr\u00fcnde zu m\u00f6glichen Piloten und deren m\u00f6gliche Motivation<br \/>\nseien noch nicht gekl\u00e4rt. &#8222;Klar ist aber, dass die<br \/>\nDrohnensichtungen mehr werden, \u00fcber kritische Infrastrukturen<br \/>\nmehr werden, dass wir deswegen politisch auch darauf reagieren&#8220;, so Dobrindt.\n<\/p>\n<p>Bei einer Zusammenkunft mit seinen Amtskollegen aus Europa in M\u00fcnchen wolle er am Wochenende neben Migrationsthemen auch \u00fcber die Drohnenabwehr sprechen, sagte Dobrindt. Es gehe unter anderem um die Entwicklung eines europ\u00e4ischen Plans zur <a href=\"https:\/\/www.zeit.de\/thema\/drohne\" rel=\"nofollow\">Erkennung und Abwehr von Drohnen<\/a>. Man<br \/>\nwerde bei der Drohnenabwehrtechnik verst\u00e4rkt die Kooperation mit<br \/>\nden auf diesem Gebiet erfahrenen L\u00e4ndern wie Israel und der<br \/>\nUkraine suchen, k\u00fcndigte Dobrindt an.\n<\/p>\n<h2>S\u00f6der: &#8222;Mehr herausgefordert als je zuvor&#8220;<\/h2>\n<p>Im Inland solle ein gemeinsames Drohnen-Abwehrzentrum<br \/>\n von Bund und L\u00e4ndern aufgebaut werden, an dem auch die <span><a href=\"https:\/\/www.zeit.de\/thema\/bundeswehr\" rel=\"nofollow\">Bundeswehr<\/a><\/span><br \/>\nbeteiligt werden soll. Es gelte jeweils zwischen einer<br \/>\nkonkreten Gefahr und Provokationsversuchen zu unterscheiden.\n<\/p>\n<p>Bayerns Ministerpr\u00e4sident <span><a href=\"https:\/\/www.zeit.de\/thema\/markus-soeder\" rel=\"nofollow\">Markus S\u00f6der<\/a><\/span> (CSU) hat die Sichtung von<br \/>\nDrohnen in der N\u00e4he des M\u00fcnchner Flughafens in eine Reihe gestellt mit<br \/>\nweiteren Drohnen-Sichtungen<br \/>\n in Europa. &#8222;Das war jetzt kein Einzelfall&#8220;, sagte S\u00f6der bei Welt TV.<br \/>\n&#8222;Es ist die Sicherheitslage, in der wir stehen&#8220;, sagte er. &#8222;Wir m\u00fcssen<br \/>\neinfach feststellen, dass wir mehr herausgefordert sind als je zuvor&#8220;,<br \/>\nbetonte S\u00f6der und f\u00fcgte hinzu: &#8222;Wir sind nicht mehr ganz so im Frieden,<br \/>\nwie wir waren.&#8220;\u00a0\n<\/p>\n<p>Der bayerische Ministerpr\u00e4sident sprach sich f\u00fcr ein konsequenteres Vorgehen im Kampf gegen Drohnen<br \/>\n aus. &#8222;Im Zweifelsfall abfangen und abschie\u00dfen&#8220;, erkl\u00e4rte er. Die<br \/>\nUkraine k\u00f6nne aufgrund ihrer Erfahrungen im Abwehrkampf gegen Russland<br \/>\nwertvolle Hilfestellung im Kampf gegen Drohnen leisten.\u00a0\n<\/p>\n<p>S\u00f6der betonte aber auch: &#8222;Wir leben nicht im<br \/>\nKriegszustand.&#8220; Es gebe Bestrebungen, die offenbar dazu dienen sollten,<br \/>\nNervosit\u00e4t zu verursachen. &#8222;Wir sollten uns nicht nerv\u00f6s machen lassen&#8220;,<br \/>\n sagte S\u00f6der. Ziel m\u00fcsse es sein, so stark zu werden, dass niemand eine<br \/>\nHerausforderung auch nur \u00fcberlege.\n<\/p>\n<h2>Bayern will Polizeiaufgabengesetz \u00e4ndern<\/h2>\n<p>S\u00f6der forderte in der erneut, dass auch die<br \/>\nLandespolizei Drohnen abschie\u00dfen k\u00f6nnen sollte. \u00c4hnlich \u00e4u\u00dferte sich<br \/>\nauch Bayerns Innenminister Joachim Herrmann \u00fcber die n\u00e4chsten<br \/>\nSchritte der Landesregierung. &#8222;Wir wollen die rechtlichen M\u00f6glichkeiten<br \/>\nder bayerischen Polizei deutlich erweitern, damit sie sofort und<br \/>\neffektiv gegen Drohnen vorgehen kann.\n<\/p>\n<p>Das bedeutet auch, dass die<br \/>\nPolizei bei akuter Gefahr <a href=\"https:\/\/www.zeit.de\/politik\/deutschland\/2025-10\/drohnenabwehr-probleme-bundeswehr-verteidigung-polizei\" rel=\"nofollow\">Drohnen sofort abschie\u00dfen<\/a> darf&#8220;, sagte der<br \/>\nCSU-Minister. &#8222;Daf\u00fcr werden wir in K\u00fcrze einen Gesetzesentwurf vorlegen, um das bayerische Polizeiaufgabengesetz<br \/>\n entsprechend zu \u00e4ndern.&#8220; Die technische Ausr\u00fcstung der bayerischen<br \/>\nPolizei solle in diesem Bereich kontinuierlich modernisiert und<br \/>\nausgebaut werden. Wie Ministerpr\u00e4sident S\u00f6der verwies auch<br \/>\nHerrmann darauf, dass bei der Kabinettssitzung am kommenden Dienstag<br \/>\nkonkrete Schritte beschlossen werden sollen.\n<\/p>\n<p>Der Flughafen M\u00fcnchen war am Donnerstagabend nach einer<br \/>\nDrohnensichtung <a href=\"https:\/\/www.zeit.de\/mobilitaet\/2025-10\/flughafen-muenchen-drohnensichtung-flugausfaelle\" rel=\"nofollow\">vor\u00fcbergehend geschlossen worden<\/a>, 17 Fl\u00fcge<br \/>\nmussten gestrichen werden. Davon seien fast 3.000 Passagiere<br \/>\nbetroffen gewesen, teilte der Flughafen mit. Zudem mussten 15<br \/>\nankommende Maschinen nach Stuttgart, N\u00fcrnberg, Wien und<br \/>\nFrankfurt umgeleitet werden.\u00a0Drohnen, auch unbewaffnete, stellen eine potenzielle Gefahr f\u00fcr Flugzeuge dar, speziell w\u00e4hrend Start und Landung.\n<\/p>\n<\/div>\n","protected":false},"excerpt":{"rendered":"<p>Am Tag nach den Drohnensichtungen am M\u00fcnchner Flughafen diskutieren Bundes- und Landespolitiker Vorschl\u00e4ge zu einem h\u00e4rteren Umgang mit den unbemannten Flugger\u00e4ten. Bundesinnenminister Alexander Dobrindt (CSU) fordert, dass bei der Abwehr von Gefahren durch Drohnen k\u00fcnftig auch die Bundeswehr eine Rolle spielen und die Polizei unterst\u00fctzen soll. Einen entsprechenden Entwurf f\u00fcr ein neues Luftsicherheitsgesetz wolle er<\/p>\n","protected":false},"author":1,"featured_media":282296,"comment_status":"open","ping_status":"open","sticky":false,"template":"","format":"standard","meta":{"footnotes":""},"categories":[116],"tags":[],"class_list":["post-282294","post","type-post","status-publish","format-standard","has-post-thumbnail","hentry","category-war-chronicles-de"],"acf":[],"yoast_head":"<!-- This site is optimized with the Yoast SEO plugin v22.9 - https:\/\/yoast.com\/wordpress\/plugins\/seo\/ -->\n<title>Dobrindt will st\u00e4rkere Beteiligung der Bundeswehr bei Drohnenabwehr - vof-news.eu<\/title>\n<meta name=\"description\" content=\"Am Tag nach den Drohnensichtungen am M\u00fcnchner Flughafen diskutieren Bundes- und Landespolitiker Vorschl\u00e4ge zu einem h\u00e4rteren Umgang mit den unbemannten Flugger\u00e4ten. Bundesinnenminister Alexander Dobrindt (CSU) fordert, dass bei der Abwehr von Gefahren durch Drohnen k\u00fcnftig auch die Bundeswehr\" \/>\n<meta name=\"robots\" content=\"noindex, follow, max-snippet:-1, max-image-preview:large, max-video-preview:-1\" \/>\n<meta property=\"og:locale\" content=\"de_DE\" \/>\n<meta property=\"og:type\" content=\"article\" \/>\n<meta property=\"og:title\" content=\"Dobrindt will st\u00e4rkere Beteiligung der Bundeswehr bei Drohnenabwehr - vof-news.eu\" \/>\n<meta property=\"og:description\" content=\"Am Tag nach den Drohnensichtungen am M\u00fcnchner Flughafen diskutieren Bundes- und Landespolitiker Vorschl\u00e4ge zu einem h\u00e4rteren Umgang mit den unbemannten Flugger\u00e4ten. Bundesinnenminister Alexander Dobrindt (CSU) fordert, dass bei der Abwehr von Gefahren durch Drohnen k\u00fcnftig auch die Bundeswehr\" \/>\n<meta property=\"og:url\" content=\"https:\/\/vof-news.eu\/de\/dobrindt-will-starkere-beteiligung-der-bundeswehr-bei-drohnenabwehr\/\" \/>\n<meta property=\"og:site_name\" content=\"vof-news.eu\" \/>\n<meta property=\"article:published_time\" content=\"2025-10-03T16:30:12+00:00\" \/>\n<meta property=\"article:modified_time\" content=\"2025-10-03T16:31:38+00:00\" \/>\n<meta property=\"og:image\" content=\"https:\/\/vof-news.eu\/wp-content\/uploads\/2025\/10\/wide__1000x562-12.jpg\" \/>\n\t<meta property=\"og:image:width\" content=\"1000\" \/>\n\t<meta property=\"og:image:height\" content=\"562\" \/>\n\t<meta property=\"og:image:type\" content=\"image\/jpeg\" \/>\n<meta name=\"author\" content=\"Author\" \/>\n<meta name=\"twitter:card\" content=\"summary_large_image\" \/>\n<meta name=\"twitter:label1\" content=\"Verfasst von\" \/>\n\t<meta name=\"twitter:data1\" content=\"Author\" \/>\n\t<meta name=\"twitter:label2\" content=\"Gesch\u00e4tzte Lesezeit\" \/>\n\t<meta name=\"twitter:data2\" content=\"3\u00a0Minuten\" \/>\n<script type=\"application\/ld+json\" class=\"yoast-schema-graph\">{\"@context\":\"https:\/\/schema.org\",\"@graph\":[{\"@type\":\"WebPage\",\"@id\":\"https:\/\/vof-news.eu\/de\/dobrindt-will-starkere-beteiligung-der-bundeswehr-bei-drohnenabwehr\/\",\"url\":\"https:\/\/vof-news.eu\/de\/dobrindt-will-starkere-beteiligung-der-bundeswehr-bei-drohnenabwehr\/\",\"name\":\"Dobrindt will st\u00e4rkere Beteiligung der Bundeswehr bei Drohnenabwehr - vof-news.eu\",\"isPartOf\":{\"@id\":\"https:\/\/vof-news.eu\/de\/#website\"},\"primaryImageOfPage\":{\"@id\":\"https:\/\/vof-news.eu\/de\/dobrindt-will-starkere-beteiligung-der-bundeswehr-bei-drohnenabwehr\/#primaryimage\"},\"image\":{\"@id\":\"https:\/\/vof-news.eu\/de\/dobrindt-will-starkere-beteiligung-der-bundeswehr-bei-drohnenabwehr\/#primaryimage\"},\"thumbnailUrl\":\"https:\/\/vof-news.eu\/wp-content\/uploads\/2025\/10\/wide__1000x562-12.jpg\",\"datePublished\":\"2025-10-03T16:30:12+00:00\",\"dateModified\":\"2025-10-03T16:31:38+00:00\",\"author\":{\"@id\":\"https:\/\/vof-news.eu\/de\/#\/schema\/person\/f6a2a4309f0561835797fd8c19b333ed\"},\"description\":\"Am Tag nach den Drohnensichtungen am M\u00fcnchner Flughafen diskutieren Bundes- und Landespolitiker Vorschl\u00e4ge zu einem h\u00e4rteren Umgang mit den unbemannten Flugger\u00e4ten. Bundesinnenminister Alexander Dobrindt (CSU) fordert, dass bei der Abwehr von Gefahren durch Drohnen k\u00fcnftig auch die Bundeswehr\",\"breadcrumb\":{\"@id\":\"https:\/\/vof-news.eu\/de\/dobrindt-will-starkere-beteiligung-der-bundeswehr-bei-drohnenabwehr\/#breadcrumb\"},\"inLanguage\":\"de\",\"potentialAction\":[{\"@type\":\"ReadAction\",\"target\":[\"https:\/\/vof-news.eu\/de\/dobrindt-will-starkere-beteiligung-der-bundeswehr-bei-drohnenabwehr\/\"]}]},{\"@type\":\"ImageObject\",\"inLanguage\":\"de\",\"@id\":\"https:\/\/vof-news.eu\/de\/dobrindt-will-starkere-beteiligung-der-bundeswehr-bei-drohnenabwehr\/#primaryimage\",\"url\":\"https:\/\/vof-news.eu\/wp-content\/uploads\/2025\/10\/wide__1000x562-12.jpg\",\"contentUrl\":\"https:\/\/vof-news.eu\/wp-content\/uploads\/2025\/10\/wide__1000x562-12.jpg\",\"width\":1000,\"height\":562},{\"@type\":\"BreadcrumbList\",\"@id\":\"https:\/\/vof-news.eu\/de\/dobrindt-will-starkere-beteiligung-der-bundeswehr-bei-drohnenabwehr\/#breadcrumb\",\"itemListElement\":[{\"@type\":\"ListItem\",\"position\":1,\"name\":\"Home\",\"item\":\"https:\/\/vof-news.eu\/de\/\"},{\"@type\":\"ListItem\",\"position\":2,\"name\":\"Dobrindt will st\u00e4rkere Beteiligung der Bundeswehr bei Drohnenabwehr\"}]},{\"@type\":\"WebSite\",\"@id\":\"https:\/\/vof-news.eu\/de\/#website\",\"url\":\"https:\/\/vof-news.eu\/de\/\",\"name\":\"vof-news.eu\",\"description\":\"\",\"potentialAction\":[{\"@type\":\"SearchAction\",\"target\":{\"@type\":\"EntryPoint\",\"urlTemplate\":\"https:\/\/vof-news.eu\/de\/?s={search_term_string}\"},\"query-input\":\"required name=search_term_string\"}],\"inLanguage\":\"de\"},{\"@type\":\"Person\",\"@id\":\"https:\/\/vof-news.eu\/de\/#\/schema\/person\/f6a2a4309f0561835797fd8c19b333ed\",\"name\":\"Author\",\"image\":{\"@type\":\"ImageObject\",\"inLanguage\":\"de\",\"@id\":\"https:\/\/vof-news.eu\/de\/#\/schema\/person\/image\/\",\"url\":\"https:\/\/secure.gravatar.com\/avatar\/b67e614b1b25b3e9c0c239efdd2fde5ab015b5affd6f1c3c85911ca4b384e790?s=96&d=mm&r=g\",\"contentUrl\":\"https:\/\/secure.gravatar.com\/avatar\/b67e614b1b25b3e9c0c239efdd2fde5ab015b5affd6f1c3c85911ca4b384e790?s=96&d=mm&r=g\",\"caption\":\"Author\"},\"sameAs\":[\"http:\/\/vof-news.eu\"],\"url\":\"https:\/\/vof-news.eu\/de\/author\/zwt6qxnjulxbnyg\/\"}]}<\/script>\n<!-- \/ Yoast SEO plugin. -->","yoast_head_json":{"title":"Dobrindt will st\u00e4rkere Beteiligung der Bundeswehr bei Drohnenabwehr - vof-news.eu","description":"Am Tag nach den Drohnensichtungen am M\u00fcnchner Flughafen diskutieren Bundes- und Landespolitiker Vorschl\u00e4ge zu einem h\u00e4rteren Umgang mit den unbemannten Flugger\u00e4ten. Bundesinnenminister Alexander Dobrindt (CSU) fordert, dass bei der Abwehr von Gefahren durch Drohnen k\u00fcnftig auch die Bundeswehr","robots":{"index":"noindex","follow":"follow","max-snippet":"max-snippet:-1","max-image-preview":"max-image-preview:large","max-video-preview":"max-video-preview:-1"},"og_locale":"de_DE","og_type":"article","og_title":"Dobrindt will st\u00e4rkere Beteiligung der Bundeswehr bei Drohnenabwehr - vof-news.eu","og_description":"Am Tag nach den Drohnensichtungen am M\u00fcnchner Flughafen diskutieren Bundes- und Landespolitiker Vorschl\u00e4ge zu einem h\u00e4rteren Umgang mit den unbemannten Flugger\u00e4ten. Bundesinnenminister Alexander Dobrindt (CSU) fordert, dass bei der Abwehr von Gefahren durch Drohnen k\u00fcnftig auch die Bundeswehr","og_url":"https:\/\/vof-news.eu\/de\/dobrindt-will-starkere-beteiligung-der-bundeswehr-bei-drohnenabwehr\/","og_site_name":"vof-news.eu","article_published_time":"2025-10-03T16:30:12+00:00","article_modified_time":"2025-10-03T16:31:38+00:00","og_image":[{"width":1000,"height":562,"url":"https:\/\/vof-news.eu\/wp-content\/uploads\/2025\/10\/wide__1000x562-12.jpg","type":"image\/jpeg"}],"author":"Author","twitter_card":"summary_large_image","twitter_misc":{"Verfasst von":"Author","Gesch\u00e4tzte Lesezeit":"3\u00a0Minuten"},"schema":{"@context":"https:\/\/schema.org","@graph":[{"@type":"WebPage","@id":"https:\/\/vof-news.eu\/de\/dobrindt-will-starkere-beteiligung-der-bundeswehr-bei-drohnenabwehr\/","url":"https:\/\/vof-news.eu\/de\/dobrindt-will-starkere-beteiligung-der-bundeswehr-bei-drohnenabwehr\/","name":"Dobrindt will st\u00e4rkere Beteiligung der Bundeswehr bei Drohnenabwehr - vof-news.eu","isPartOf":{"@id":"https:\/\/vof-news.eu\/de\/#website"},"primaryImageOfPage":{"@id":"https:\/\/vof-news.eu\/de\/dobrindt-will-starkere-beteiligung-der-bundeswehr-bei-drohnenabwehr\/#primaryimage"},"image":{"@id":"https:\/\/vof-news.eu\/de\/dobrindt-will-starkere-beteiligung-der-bundeswehr-bei-drohnenabwehr\/#primaryimage"},"thumbnailUrl":"https:\/\/vof-news.eu\/wp-content\/uploads\/2025\/10\/wide__1000x562-12.jpg","datePublished":"2025-10-03T16:30:12+00:00","dateModified":"2025-10-03T16:31:38+00:00","author":{"@id":"https:\/\/vof-news.eu\/de\/#\/schema\/person\/f6a2a4309f0561835797fd8c19b333ed"},"description":"Am Tag nach den Drohnensichtungen am M\u00fcnchner Flughafen diskutieren Bundes- und Landespolitiker Vorschl\u00e4ge zu einem h\u00e4rteren Umgang mit den unbemannten Flugger\u00e4ten. Bundesinnenminister Alexander Dobrindt (CSU) fordert, dass bei der Abwehr von Gefahren durch Drohnen k\u00fcnftig auch die Bundeswehr","breadcrumb":{"@id":"https:\/\/vof-news.eu\/de\/dobrindt-will-starkere-beteiligung-der-bundeswehr-bei-drohnenabwehr\/#breadcrumb"},"inLanguage":"de","potentialAction":[{"@type":"ReadAction","target":["https:\/\/vof-news.eu\/de\/dobrindt-will-starkere-beteiligung-der-bundeswehr-bei-drohnenabwehr\/"]}]},{"@type":"ImageObject","inLanguage":"de","@id":"https:\/\/vof-news.eu\/de\/dobrindt-will-starkere-beteiligung-der-bundeswehr-bei-drohnenabwehr\/#primaryimage","url":"https:\/\/vof-news.eu\/wp-content\/uploads\/2025\/10\/wide__1000x562-12.jpg","contentUrl":"https:\/\/vof-news.eu\/wp-content\/uploads\/2025\/10\/wide__1000x562-12.jpg","width":1000,"height":562},{"@type":"BreadcrumbList","@id":"https:\/\/vof-news.eu\/de\/dobrindt-will-starkere-beteiligung-der-bundeswehr-bei-drohnenabwehr\/#breadcrumb","itemListElement":[{"@type":"ListItem","position":1,"name":"Home","item":"https:\/\/vof-news.eu\/de\/"},{"@type":"ListItem","position":2,"name":"Dobrindt will st\u00e4rkere Beteiligung der Bundeswehr bei Drohnenabwehr"}]},{"@type":"WebSite","@id":"https:\/\/vof-news.eu\/de\/#website","url":"https:\/\/vof-news.eu\/de\/","name":"vof-news.eu","description":"","potentialAction":[{"@type":"SearchAction","target":{"@type":"EntryPoint","urlTemplate":"https:\/\/vof-news.eu\/de\/?s={search_term_string}"},"query-input":"required name=search_term_string"}],"inLanguage":"de"},{"@type":"Person","@id":"https:\/\/vof-news.eu\/de\/#\/schema\/person\/f6a2a4309f0561835797fd8c19b333ed","name":"Author","image":{"@type":"ImageObject","inLanguage":"de","@id":"https:\/\/vof-news.eu\/de\/#\/schema\/person\/image\/","url":"https:\/\/secure.gravatar.com\/avatar\/b67e614b1b25b3e9c0c239efdd2fde5ab015b5affd6f1c3c85911ca4b384e790?s=96&d=mm&r=g","contentUrl":"https:\/\/secure.gravatar.com\/avatar\/b67e614b1b25b3e9c0c239efdd2fde5ab015b5affd6f1c3c85911ca4b384e790?s=96&d=mm&r=g","caption":"Author"},"sameAs":["http:\/\/vof-news.eu"],"url":"https:\/\/vof-news.eu\/de\/author\/zwt6qxnjulxbnyg\/"}]}},"yoast_meta":{"yoast_wpseo_title":"","yoast_wpseo_metadesc":"","yoast_wpseo_canonical":""},"_links":{"self":[{"href":"https:\/\/vof-news.eu\/de\/wp-json\/wp\/v2\/posts\/282294","targetHints":{"allow":["GET"]}}],"collection":[{"href":"https:\/\/vof-news.eu\/de\/wp-json\/wp\/v2\/posts"}],"about":[{"href":"https:\/\/vof-news.eu\/de\/wp-json\/wp\/v2\/types\/post"}],"author":[{"embeddable":true,"href":"https:\/\/vof-news.eu\/de\/wp-json\/wp\/v2\/users\/1"}],"replies":[{"embeddable":true,"href":"https:\/\/vof-news.eu\/de\/wp-json\/wp\/v2\/comments?post=282294"}],"version-history":[{"count":1,"href":"https:\/\/vof-news.eu\/de\/wp-json\/wp\/v2\/posts\/282294\/revisions"}],"predecessor-version":[{"id":282303,"href":"https:\/\/vof-news.eu\/de\/wp-json\/wp\/v2\/posts\/282294\/revisions\/282303"}],"wp:featuredmedia":[{"embeddable":true,"href":"https:\/\/vof-news.eu\/de\/wp-json\/wp\/v2\/media\/282296"}],"wp:attachment":[{"href":"https:\/\/vof-news.eu\/de\/wp-json\/wp\/v2\/media?parent=282294"}],"wp:term":[{"taxonomy":"category","embeddable":true,"href":"https:\/\/vof-news.eu\/de\/wp-json\/wp\/v2\/categories?post=282294"},{"taxonomy":"post_tag","embeddable":true,"href":"https:\/\/vof-news.eu\/de\/wp-json\/wp\/v2\/tags?post=282294"}],"curies":[{"name":"wp","href":"https:\/\/api.w.org\/{rel}","templated":true}]}}