{"id":281938,"date":"2025-10-02T21:28:13","date_gmt":"2025-10-02T18:28:13","guid":{"rendered":"https:\/\/vof-news.eu\/merz-kundigt-baldige-einigung-zur-nutzung-russischen-vermogens-an\/"},"modified":"2025-10-02T21:29:19","modified_gmt":"2025-10-02T18:29:19","slug":"merz-kundigt-baldige-einigung-zur-nutzung-russischen-vermogens-an","status":"publish","type":"post","link":"https:\/\/vof-news.eu\/de\/merz-kundigt-baldige-einigung-zur-nutzung-russischen-vermogens-an\/","title":{"rendered":"Merz k\u00fcndigt baldige Einigung zur Nutzung russischen Verm\u00f6gens an"},"content":{"rendered":"<div>\n<p>Bundeskanzler<br \/>\nFriedrich Merz geht von einer schnellen Entscheidung \u00fcber die Nutzung von eingefrorenem russischen Verm\u00f6gen f\u00fcr die<br \/>\nUkraine aus. &#8222;Putin sollte unsere Entschlossenheit nicht untersch\u00e4tzen&#8220;, sagte er\u00a0nach den Beratungen der Europ\u00e4ischen Politischen Gemeinschaft (EPG) in Kopenhagen. &#8222;Wir werden das jetzt<br \/>\nsorgf\u00e4ltig pr\u00fcfen, und es wird in drei Wochen auf dem n\u00e4chsten Europ\u00e4ischen Rat aller Voraussicht nach dazu eine konkrete Entscheidung geben.&#8220;\n<\/p>\n<p>In der vergangenen Woche hatte Merz vorgeschlagen, <a href=\"https:\/\/www.zeit.de\/politik\/ausland\/2025-09\/friedrich-merz-russische-vermoegen-kredit-ukraine\" rel=\"nofollow\">die in der EU eingefrorenen russischen Verm\u00f6genswerte f\u00fcr<br \/>\nKredite in H\u00f6he von 140 Milliarden Euro an die Ukraine zu nutzen.<\/a> Bislang wurden nur die Zinsertr\u00e4ge genutzt, um die <span><a href=\"https:\/\/www.zeit.de\/politik\/ausland\/ukraine-krieg-news-liveblog\" rel=\"nofollow\">Ukraine<\/a><\/span> zu unterst\u00fctzen.\n<\/p>\n<h2>&#8222;Das ist sehr, sehr riskant&#8220;<\/h2>\n<p>Mehrere EU-Beamte sagten hingegen, dass bei<br \/>\ndem Spitzentreffen in drei Wochen wohl h\u00f6chstens vereinbart werden k\u00f6nne, den<br \/>\nVorschlag weiterzuverfolgen. Die EU-Kommission k\u00f6nne demnach im Anschluss<br \/>\neinen konkreten Vorschlag vorlegen, der dann von den Regierungen der<br \/>\nMitgliedstaaten diskutiert werden m\u00fcsse.\n<\/p>\n<p><span><a href=\"https:\/\/www.zeit.de\/thema\/belgien\" rel=\"nofollow\">Belgiens<\/a><\/span> Premierminister Bart De Wever warnte davor, die Gefahren eines solchen Vorhabens zu vernachl\u00e4ssigen und keine Antworten auf offene<br \/>\nFragen zu haben. &#8222;Das ist sehr, sehr riskant&#8220;,<br \/>\nsagte er.\u00a0Aus seiner Sicht bestehe die M\u00f6glichkeit, dass es Anschlagsversuche<br \/>\ngegen den Chef des belgischen Finanzinstituts Euroclear geben k\u00f6nnte. &#8222;Ich h\u00f6re<br \/>\nbereits aus Moskau: Wenn ihr mein Geld antastet, werdet ihr die Folgen bis in<br \/>\nalle Ewigkeit sp\u00fcren&#8220;, sagte De Wever.\u00a0\n<\/p>\n<p>Ohne die<br \/>\nZustimmung Belgiens ist das Vorhaben nicht umsetzbar. In dem Land befindet sich der Gro\u00dfteil des russischen Verm\u00f6gens.\n<\/p>\n<h2>Andere L\u00e4nder k\u00f6nnten Staatsgelder abziehen<\/h2>\n<p>Merz sagte, er verlasse den Gipfel &#8222;mit dem sicheren Gef\u00fchl,<br \/>\ndass es eine sehr gro\u00dfe \u00dcbereinstimmung in der Europ\u00e4ischen Union und auch in<br \/>\nder Europ\u00e4ischen Politischen Gemeinschaft gibt&#8220;, das russische Verm\u00f6gen zur Unterst\u00fctzung der Ukraine zu nutzen.\n<\/p>\n<p>Russland soll das Geld nur dann zur\u00fcckbekommen, wenn es nach Ende des<br \/>\nKrieges Reparationszahlungen an die Ukraine leistet. F\u00fcr den Fall, dass die<br \/>\neingefrorenen russischen Gelder unerwartet wieder freigegeben werden m\u00fcssen, sollten die EU-Staaten Garantien leisten.\n<\/p>\n<p>Belgiens <span><a href=\"https:\/\/www.zeit.de\/thema\/premierminister\" rel=\"nofollow\">Premierminister<\/a><\/span> warnte au\u00dferdem vor Risiken f\u00fcr den Euro, sollten andere L\u00e4nder wie China ihre in Europa<br \/>\nangelegten Staatsgelder abziehen. Wenn das russische Zentralbankgeld genutzt<br \/>\nwerde, werde das anderen Nationen in der Welt auffallen, sagte er.\n<\/p>\n<p><a href=\"https:\/\/www.zeit.de\/politik\/ausland\/2025-10\/ukraine-krieg-finanzen-russland-staatsvermoegen-kredit-eu\" rel=\"nofollow\">Zuvor hatte Russland der EU mit rechtlichen Konsequenzen gedroht,<\/a> sollte gesperrtes russisches Staatsverm\u00f6gen f\u00fcr Ukrainehilfen eingesetzt werden.<br \/>\n &#8222;Wir sprechen hier \u00fcber Pl\u00e4ne zur illegalen Beschlagnahmung von<br \/>\nrussischem Eigentum&#8220;, sagte Pr\u00e4sidentensprecher Dmitri<br \/>\nPeskow.\u00a0Er k\u00fcndigte an, jede beteiligte Person und jedes Land, das sich an<br \/>\nden Pl\u00e4nen beteilige, juristisch zur Rechenschaft zu ziehen.\n<\/p>\n<h2>Uneinigkeit unter den EU-Staaten<\/h2>\n<p>Auch Italiens Ministerpr\u00e4sidentin Giorgia Meloni \u00e4u\u00dferte in einem<br \/>\nGespr\u00e4ch mit Merz Bedenken. Sie habe die geplanten finanziellen Garantien der<br \/>\nEU-Mitgliedstaaten als zu debattierendes Thema hervorgehoben, hie\u00df<br \/>\nes in deutschen Regierungskreisen.\n<\/p>\n<p>Frankreichs Pr\u00e4sident Emmanuel Macron sagte, der belgische Premierminister habe &#8222;v\u00f6llig recht&#8220;, stets auf die Regeln hinzuweisen. &#8222;Andererseits<br \/>\nwerden diese eingefrorenen Verm\u00f6genswerte am Ende dieses Krieges Teil der<br \/>\nL\u00f6sung sein, <a href=\"https:\/\/www.zeit.de\/politik\/ausland\/2025-03\/kriegsschaeden-ukraine-infrastruktur-wohnungen-bevoelkerung\" rel=\"nofollow\">denn Russland hat gro\u00dfen Schaden angerichtet<\/a> und vielen Menschen<br \/>\nharte Einschnitte beschert.&#8220; Der aktuelle Vorschlag sei eine Innovation.\n<\/p>\n<p>Ungarns Ministerpr\u00e4sident Viktor Orb\u00e1n sagte, dass das Vorhaben zeige, dass<br \/>\ndie <span><a href=\"https:\/\/www.zeit.de\/thema\/europaeische-union\" rel=\"nofollow\">EU<\/a><\/span> in den Krieg ziehen wolle. &#8222;Ungarn wird kein Geld anr\u00fchren, das<br \/>\njemand anderem geh\u00f6rt&#8220;, sagte er.\u00a0\n<\/p>\n<\/div>\n","protected":false},"excerpt":{"rendered":"<p>Bundeskanzler Friedrich Merz geht von einer schnellen Entscheidung \u00fcber die Nutzung von eingefrorenem russischen Verm\u00f6gen f\u00fcr die Ukraine aus. &#8222;Putin sollte unsere Entschlossenheit nicht untersch\u00e4tzen&#8220;, sagte er\u00a0nach den Beratungen der Europ\u00e4ischen Politischen Gemeinschaft (EPG) in Kopenhagen. &#8222;Wir werden das jetzt sorgf\u00e4ltig pr\u00fcfen, und es wird in drei Wochen auf dem n\u00e4chsten Europ\u00e4ischen Rat aller Voraussicht<\/p>\n","protected":false},"author":1,"featured_media":281939,"comment_status":"open","ping_status":"open","sticky":false,"template":"","format":"standard","meta":{"footnotes":""},"categories":[116],"tags":[],"class_list":["post-281938","post","type-post","status-publish","format-standard","has-post-thumbnail","hentry","category-war-chronicles-de"],"acf":[],"yoast_head":"<!-- This site is optimized with the Yoast SEO plugin v22.9 - https:\/\/yoast.com\/wordpress\/plugins\/seo\/ -->\n<title>Merz k\u00fcndigt baldige Einigung zur Nutzung russischen Verm\u00f6gens an - vof-news.eu<\/title>\n<meta name=\"description\" content=\"Bundeskanzler\" \/>\n<meta name=\"robots\" content=\"noindex, follow, max-snippet:-1, max-image-preview:large, max-video-preview:-1\" \/>\n<meta property=\"og:locale\" content=\"de_DE\" \/>\n<meta property=\"og:type\" content=\"article\" \/>\n<meta property=\"og:title\" content=\"Merz k\u00fcndigt baldige Einigung zur Nutzung russischen Verm\u00f6gens an - vof-news.eu\" \/>\n<meta property=\"og:description\" content=\"Bundeskanzler\" \/>\n<meta property=\"og:url\" content=\"https:\/\/vof-news.eu\/de\/merz-kundigt-baldige-einigung-zur-nutzung-russischen-vermogens-an\/\" \/>\n<meta property=\"og:site_name\" content=\"vof-news.eu\" \/>\n<meta property=\"article:published_time\" content=\"2025-10-02T18:28:13+00:00\" \/>\n<meta property=\"article:modified_time\" content=\"2025-10-02T18:29:19+00:00\" \/>\n<meta property=\"og:image\" content=\"https:\/\/vof-news.eu\/wp-content\/uploads\/2025\/10\/wide__1000x562-9.jpg\" \/>\n\t<meta property=\"og:image:width\" content=\"1000\" \/>\n\t<meta property=\"og:image:height\" content=\"562\" \/>\n\t<meta property=\"og:image:type\" content=\"image\/jpeg\" \/>\n<meta name=\"author\" content=\"Author\" \/>\n<meta name=\"twitter:card\" content=\"summary_large_image\" \/>\n<meta name=\"twitter:label1\" content=\"Verfasst von\" \/>\n\t<meta name=\"twitter:data1\" content=\"Author\" \/>\n\t<meta name=\"twitter:label2\" content=\"Gesch\u00e4tzte Lesezeit\" \/>\n\t<meta name=\"twitter:data2\" content=\"3\u00a0Minuten\" \/>\n<script type=\"application\/ld+json\" class=\"yoast-schema-graph\">{\"@context\":\"https:\/\/schema.org\",\"@graph\":[{\"@type\":\"WebPage\",\"@id\":\"https:\/\/vof-news.eu\/de\/merz-kundigt-baldige-einigung-zur-nutzung-russischen-vermogens-an\/\",\"url\":\"https:\/\/vof-news.eu\/de\/merz-kundigt-baldige-einigung-zur-nutzung-russischen-vermogens-an\/\",\"name\":\"Merz k\u00fcndigt baldige Einigung zur Nutzung russischen Verm\u00f6gens an - vof-news.eu\",\"isPartOf\":{\"@id\":\"https:\/\/vof-news.eu\/de\/#website\"},\"primaryImageOfPage\":{\"@id\":\"https:\/\/vof-news.eu\/de\/merz-kundigt-baldige-einigung-zur-nutzung-russischen-vermogens-an\/#primaryimage\"},\"image\":{\"@id\":\"https:\/\/vof-news.eu\/de\/merz-kundigt-baldige-einigung-zur-nutzung-russischen-vermogens-an\/#primaryimage\"},\"thumbnailUrl\":\"https:\/\/vof-news.eu\/wp-content\/uploads\/2025\/10\/wide__1000x562-9.jpg\",\"datePublished\":\"2025-10-02T18:28:13+00:00\",\"dateModified\":\"2025-10-02T18:29:19+00:00\",\"author\":{\"@id\":\"https:\/\/vof-news.eu\/de\/#\/schema\/person\/f6a2a4309f0561835797fd8c19b333ed\"},\"description\":\"Bundeskanzler\",\"breadcrumb\":{\"@id\":\"https:\/\/vof-news.eu\/de\/merz-kundigt-baldige-einigung-zur-nutzung-russischen-vermogens-an\/#breadcrumb\"},\"inLanguage\":\"de\",\"potentialAction\":[{\"@type\":\"ReadAction\",\"target\":[\"https:\/\/vof-news.eu\/de\/merz-kundigt-baldige-einigung-zur-nutzung-russischen-vermogens-an\/\"]}]},{\"@type\":\"ImageObject\",\"inLanguage\":\"de\",\"@id\":\"https:\/\/vof-news.eu\/de\/merz-kundigt-baldige-einigung-zur-nutzung-russischen-vermogens-an\/#primaryimage\",\"url\":\"https:\/\/vof-news.eu\/wp-content\/uploads\/2025\/10\/wide__1000x562-9.jpg\",\"contentUrl\":\"https:\/\/vof-news.eu\/wp-content\/uploads\/2025\/10\/wide__1000x562-9.jpg\",\"width\":1000,\"height\":562},{\"@type\":\"BreadcrumbList\",\"@id\":\"https:\/\/vof-news.eu\/de\/merz-kundigt-baldige-einigung-zur-nutzung-russischen-vermogens-an\/#breadcrumb\",\"itemListElement\":[{\"@type\":\"ListItem\",\"position\":1,\"name\":\"Home\",\"item\":\"https:\/\/vof-news.eu\/de\/\"},{\"@type\":\"ListItem\",\"position\":2,\"name\":\"Merz k\u00fcndigt baldige Einigung zur Nutzung russischen Verm\u00f6gens an\"}]},{\"@type\":\"WebSite\",\"@id\":\"https:\/\/vof-news.eu\/de\/#website\",\"url\":\"https:\/\/vof-news.eu\/de\/\",\"name\":\"vof-news.eu\",\"description\":\"\",\"potentialAction\":[{\"@type\":\"SearchAction\",\"target\":{\"@type\":\"EntryPoint\",\"urlTemplate\":\"https:\/\/vof-news.eu\/de\/?s={search_term_string}\"},\"query-input\":\"required name=search_term_string\"}],\"inLanguage\":\"de\"},{\"@type\":\"Person\",\"@id\":\"https:\/\/vof-news.eu\/de\/#\/schema\/person\/f6a2a4309f0561835797fd8c19b333ed\",\"name\":\"Author\",\"image\":{\"@type\":\"ImageObject\",\"inLanguage\":\"de\",\"@id\":\"https:\/\/vof-news.eu\/de\/#\/schema\/person\/image\/\",\"url\":\"https:\/\/secure.gravatar.com\/avatar\/b67e614b1b25b3e9c0c239efdd2fde5ab015b5affd6f1c3c85911ca4b384e790?s=96&d=mm&r=g\",\"contentUrl\":\"https:\/\/secure.gravatar.com\/avatar\/b67e614b1b25b3e9c0c239efdd2fde5ab015b5affd6f1c3c85911ca4b384e790?s=96&d=mm&r=g\",\"caption\":\"Author\"},\"sameAs\":[\"http:\/\/vof-news.eu\"],\"url\":\"https:\/\/vof-news.eu\/de\/author\/zwt6qxnjulxbnyg\/\"}]}<\/script>\n<!-- \/ Yoast SEO plugin. -->","yoast_head_json":{"title":"Merz k\u00fcndigt baldige Einigung zur Nutzung russischen Verm\u00f6gens an - vof-news.eu","description":"Bundeskanzler","robots":{"index":"noindex","follow":"follow","max-snippet":"max-snippet:-1","max-image-preview":"max-image-preview:large","max-video-preview":"max-video-preview:-1"},"og_locale":"de_DE","og_type":"article","og_title":"Merz k\u00fcndigt baldige Einigung zur Nutzung russischen Verm\u00f6gens an - vof-news.eu","og_description":"Bundeskanzler","og_url":"https:\/\/vof-news.eu\/de\/merz-kundigt-baldige-einigung-zur-nutzung-russischen-vermogens-an\/","og_site_name":"vof-news.eu","article_published_time":"2025-10-02T18:28:13+00:00","article_modified_time":"2025-10-02T18:29:19+00:00","og_image":[{"width":1000,"height":562,"url":"https:\/\/vof-news.eu\/wp-content\/uploads\/2025\/10\/wide__1000x562-9.jpg","type":"image\/jpeg"}],"author":"Author","twitter_card":"summary_large_image","twitter_misc":{"Verfasst von":"Author","Gesch\u00e4tzte Lesezeit":"3\u00a0Minuten"},"schema":{"@context":"https:\/\/schema.org","@graph":[{"@type":"WebPage","@id":"https:\/\/vof-news.eu\/de\/merz-kundigt-baldige-einigung-zur-nutzung-russischen-vermogens-an\/","url":"https:\/\/vof-news.eu\/de\/merz-kundigt-baldige-einigung-zur-nutzung-russischen-vermogens-an\/","name":"Merz k\u00fcndigt baldige Einigung zur Nutzung russischen Verm\u00f6gens an - vof-news.eu","isPartOf":{"@id":"https:\/\/vof-news.eu\/de\/#website"},"primaryImageOfPage":{"@id":"https:\/\/vof-news.eu\/de\/merz-kundigt-baldige-einigung-zur-nutzung-russischen-vermogens-an\/#primaryimage"},"image":{"@id":"https:\/\/vof-news.eu\/de\/merz-kundigt-baldige-einigung-zur-nutzung-russischen-vermogens-an\/#primaryimage"},"thumbnailUrl":"https:\/\/vof-news.eu\/wp-content\/uploads\/2025\/10\/wide__1000x562-9.jpg","datePublished":"2025-10-02T18:28:13+00:00","dateModified":"2025-10-02T18:29:19+00:00","author":{"@id":"https:\/\/vof-news.eu\/de\/#\/schema\/person\/f6a2a4309f0561835797fd8c19b333ed"},"description":"Bundeskanzler","breadcrumb":{"@id":"https:\/\/vof-news.eu\/de\/merz-kundigt-baldige-einigung-zur-nutzung-russischen-vermogens-an\/#breadcrumb"},"inLanguage":"de","potentialAction":[{"@type":"ReadAction","target":["https:\/\/vof-news.eu\/de\/merz-kundigt-baldige-einigung-zur-nutzung-russischen-vermogens-an\/"]}]},{"@type":"ImageObject","inLanguage":"de","@id":"https:\/\/vof-news.eu\/de\/merz-kundigt-baldige-einigung-zur-nutzung-russischen-vermogens-an\/#primaryimage","url":"https:\/\/vof-news.eu\/wp-content\/uploads\/2025\/10\/wide__1000x562-9.jpg","contentUrl":"https:\/\/vof-news.eu\/wp-content\/uploads\/2025\/10\/wide__1000x562-9.jpg","width":1000,"height":562},{"@type":"BreadcrumbList","@id":"https:\/\/vof-news.eu\/de\/merz-kundigt-baldige-einigung-zur-nutzung-russischen-vermogens-an\/#breadcrumb","itemListElement":[{"@type":"ListItem","position":1,"name":"Home","item":"https:\/\/vof-news.eu\/de\/"},{"@type":"ListItem","position":2,"name":"Merz k\u00fcndigt baldige Einigung zur Nutzung russischen Verm\u00f6gens an"}]},{"@type":"WebSite","@id":"https:\/\/vof-news.eu\/de\/#website","url":"https:\/\/vof-news.eu\/de\/","name":"vof-news.eu","description":"","potentialAction":[{"@type":"SearchAction","target":{"@type":"EntryPoint","urlTemplate":"https:\/\/vof-news.eu\/de\/?s={search_term_string}"},"query-input":"required name=search_term_string"}],"inLanguage":"de"},{"@type":"Person","@id":"https:\/\/vof-news.eu\/de\/#\/schema\/person\/f6a2a4309f0561835797fd8c19b333ed","name":"Author","image":{"@type":"ImageObject","inLanguage":"de","@id":"https:\/\/vof-news.eu\/de\/#\/schema\/person\/image\/","url":"https:\/\/secure.gravatar.com\/avatar\/b67e614b1b25b3e9c0c239efdd2fde5ab015b5affd6f1c3c85911ca4b384e790?s=96&d=mm&r=g","contentUrl":"https:\/\/secure.gravatar.com\/avatar\/b67e614b1b25b3e9c0c239efdd2fde5ab015b5affd6f1c3c85911ca4b384e790?s=96&d=mm&r=g","caption":"Author"},"sameAs":["http:\/\/vof-news.eu"],"url":"https:\/\/vof-news.eu\/de\/author\/zwt6qxnjulxbnyg\/"}]}},"yoast_meta":{"yoast_wpseo_title":"","yoast_wpseo_metadesc":"","yoast_wpseo_canonical":""},"_links":{"self":[{"href":"https:\/\/vof-news.eu\/de\/wp-json\/wp\/v2\/posts\/281938","targetHints":{"allow":["GET"]}}],"collection":[{"href":"https:\/\/vof-news.eu\/de\/wp-json\/wp\/v2\/posts"}],"about":[{"href":"https:\/\/vof-news.eu\/de\/wp-json\/wp\/v2\/types\/post"}],"author":[{"embeddable":true,"href":"https:\/\/vof-news.eu\/de\/wp-json\/wp\/v2\/users\/1"}],"replies":[{"embeddable":true,"href":"https:\/\/vof-news.eu\/de\/wp-json\/wp\/v2\/comments?post=281938"}],"version-history":[{"count":1,"href":"https:\/\/vof-news.eu\/de\/wp-json\/wp\/v2\/posts\/281938\/revisions"}],"predecessor-version":[{"id":281945,"href":"https:\/\/vof-news.eu\/de\/wp-json\/wp\/v2\/posts\/281938\/revisions\/281945"}],"wp:featuredmedia":[{"embeddable":true,"href":"https:\/\/vof-news.eu\/de\/wp-json\/wp\/v2\/media\/281939"}],"wp:attachment":[{"href":"https:\/\/vof-news.eu\/de\/wp-json\/wp\/v2\/media?parent=281938"}],"wp:term":[{"taxonomy":"category","embeddable":true,"href":"https:\/\/vof-news.eu\/de\/wp-json\/wp\/v2\/categories?post=281938"},{"taxonomy":"post_tag","embeddable":true,"href":"https:\/\/vof-news.eu\/de\/wp-json\/wp\/v2\/tags?post=281938"}],"curies":[{"name":"wp","href":"https:\/\/api.w.org\/{rel}","templated":true}]}}