{"id":281887,"date":"2025-10-02T17:28:13","date_gmt":"2025-10-02T14:28:13","guid":{"rendered":"https:\/\/vof-news.eu\/uber-einen-gewichtigen-fehler\/"},"modified":"2025-10-02T17:29:27","modified_gmt":"2025-10-02T14:29:27","slug":"uber-einen-gewichtigen-fehler","status":"publish","type":"post","link":"https:\/\/vof-news.eu\/de\/uber-einen-gewichtigen-fehler\/","title":{"rendered":"\u00dcber einen gewichtigen Fehler"},"content":{"rendered":"<div>\n<p>Wir Journalisten reden und schreiben viel \u00fcber Fehler der anderen. Ich m\u00f6chte \u00fcber einen eigenen berichten. Sicher habe ich irgendwann mal den falschen Deutschen Meister vorausgesagt oder einen Spieler zu Unrecht runter- oder raufgeschrieben. Davon soll hier nicht die Rede sein, obwohl sich einiges dieser Art finden lie\u00dfe.\u00a0\n<\/p>\n<p>Ich meine einen anderen, gewichtigeren Fehler. Einen, den ich bereue, weil er mir eigentlich schon in dem Moment klar war, als ich ihn beging. Es war im Sommer 2018, als ich nach <span><a href=\"https:\/\/www.zeit.de\/thema\/russland\" rel=\"nofollow\">Russland<\/a><\/span> reiste, um \u00fcber die Weltmeisterschaft zu berichten.\u00a0\n<\/p>\n<p>Nach dem erstmaligen Vorrundenaus der DFB-Elf schrieb ich viel \u00fcber die Egokrise der deutschen Fu\u00dfballer und <a href=\"https:\/\/www.zeit.de\/sport\/2018-07\/fussball-deutschland-wm-niederlage-taktik-spielverstaendnis\" rel=\"nofollow\">den Bruch der Nation mit dem Weltmeister Mesut \u00d6zil<\/a>. Zweifellos wichtige Themen.\u00a0Das war meine Aufgabe. Aber dazu z\u00e4hlt nat\u00fcrlich auch, so verstehe ich meinen Job, sich mit den gesellschaftlichen und politischen Umst\u00e4nden eines Turniers zu befassen. Dar\u00fcber verlor ich allerdings kein Wort. Ich habe einfach mitgemacht. Ich war Teil des naiven Appeasements gegen\u00fcber Russland. Obwohl ich es schon damals nicht gut fand, dass die WM dort stattfand. \u00a0\n<\/p>\n<p>Hatte ich keine Lust auf den Shitstorm, dem man zu dieser Zeit ausgesetzt war, <a href=\"https:\/\/www.zeit.de\/politik\/ausland\/2018-05\/fussball-wm-russland-fifa-boykott-pro-contra\" rel=\"nofollow\">wenn man Russland den Spiegel vorhielt<\/a>? Habe ich es gescheut, mich mit Leuten anzulegen, die Medien Russlandhetze vorhielten \u2013 und von denen es auch in meinem Umfeld welche gab? War ich der Krankheit Russland-Romantik verfallen, die Deutschland heute viel Geld und die Ukraine viele Menschenleben kostet?\u00a0\n<\/p>\n<p>Es ist nicht so, dass ich mich nicht f\u00fcr das Thema interessiert h\u00e4tte. Ich traf mich in St. Petersburg mit einem Mitglied der Menschenrechtsorganisation Memorial. Er war \u00fcber 80, hatte als Kind die Belagerung seiner Heimatstadt durch die Nazis \u00fcberlebt. Ich habe die kleine, dunkle Kammer vor Augen, in der wir stundenlang sa\u00dfen. Und im Ohr habe ich noch seine Warnungen vor Putin. H\u00e4tten wir mal auf ihn geh\u00f6rt.\u00a0\n<\/p>\n<p>Ich wei\u00df nicht, warum ich nicht dar\u00fcber geschrieben habe. Was ich wei\u00df: Damals war genug \u00fcber Putin bekannt, um eine WM in diesem Land abzulehnen. Die Krim war schon annektiert, das Donezk-Gebiet umk\u00e4mpft, Boris Nemzow erschossen, Anna Politkowskaja ermordet, Georgien destabilisiert, Tschetschenien verheert. Es war l\u00e4ngst klar, dass Russland von einem lupenreinen Mafioso regiert wird.\u00a0\n<\/p>\n<p>Das wird es noch immer, nur dass die Lage seitdem durch den vollumf\u00e4nglichen Angriff auf die Ukraine im Februar 2022 eskaliert ist und Putin einen hybriden Krieg gegen viele f\u00fchrt. Dennoch wird das Internationale Paralympische Komitee Russland und Belarus wieder bei den Winterspielen mitmachen lassen. Im M\u00e4rz 2026, so wurde nun bekannt, sollen in Mailand und Cortina d&#8217;Ampezzo die Flaggen der beiden Kriegsnationen flattern.\u00a0\n<\/p>\n<p>Der Wunsch nach einer R\u00fcckkehr Russlands ist verbreitet im Sport, auch andere Verb\u00e4nde f\u00fchren \u00c4hnliches im Schilde. Der Uefa-Pr\u00e4sident Aleksander \u010ceferin sprach j\u00fcngst vielsagend von einer &#8222;politischen Hysterie&#8220; gegen\u00fcber Russland.\u00a0\n<\/p>\n<p>Immer wieder ist zu h\u00f6ren, die Welt sei nicht nur schwarz und wei\u00df. Hei\u00dft: Man m\u00fcsse beide Seiten verstehen. Das ist schwer ertr\u00e4glich, Putins Russland geh\u00f6rt nicht auf den Platz, sondern nach Den Haag.\u00a0\n<\/p>\n<p>Gleichzeitig diskutiert die <span><a href=\"https:\/\/www.zeit.de\/thema\/uefa\" rel=\"nofollow\">Uefa<\/a><\/span> gerade dar\u00fcber, Israel aus ihren Wettbewerben auszuschlie\u00dfen. Israels Kritiker wie der Pr\u00e4sident des T\u00fcrkischen Fu\u00dfballverbands oder Spaniens Ministerpr\u00e4sident Pedro S\u00e1nchez verweisen dabei auf Russland. &#8222;Man sollte gegen Israel dieselben Mittel benutzen, die man auch gegen Russland benutzt hat&#8220;, <a href=\"https:\/\/www.spiegel.de\/sport\/interview-mit-moshe-zimmermann-israel-muss-fuer-diesen-krieg-bestraft-oder-mindestens-ermahnt-werden-a-3359bc8f-bb71-4702-a642-dec2203d3c77\" rel=\"nofollow\">sagt sogar der israelische Historiker Moshe Zimmermann im <\/a>.\u00a0\n<\/p>\n<p>Man kann dar\u00fcber diskutieren. Was Israel in Gaza tut, l\u00e4sst sich schon lange nicht mehr mit Selbstverteidigung rechtfertigen. Wie die teils rechtsextreme Regierung die Verbrechen kommentiert, ist ungeheuerlich. \u00a0\n<\/p>\n<p>Nat\u00fcrlich will ich nicht denselben Fehler machen wie 2018 und Kriegsverbrechen ignorieren. Blo\u00df kann ich noch nicht sagen, wie ich zu einem Ausschluss Israels stehen soll.\u00a0\n<\/p>\n<p>Mich \u00fcberzeugt\u00a0der Vergleich Israels mit Russland nicht. Es gibt keine ukrainische Hamas. Und k\u00f6nnte es sein, dass dieser Vergleich taktische Gr\u00fcnde hat? Dass einige ihn ziehen, um Russland den Weg zur\u00fcck in den Sport zu ebnen?\u00a0\n<\/p>\n<\/div>\n","protected":false},"excerpt":{"rendered":"<p>Wir Journalisten reden und schreiben viel \u00fcber Fehler der anderen. Ich m\u00f6chte \u00fcber einen eigenen berichten. Sicher habe ich irgendwann mal den falschen Deutschen Meister vorausgesagt oder einen Spieler zu Unrecht runter- oder raufgeschrieben. Davon soll hier nicht die Rede sein, obwohl sich einiges dieser Art finden lie\u00dfe.\u00a0 Ich meine einen anderen, gewichtigeren Fehler. Einen,<\/p>\n","protected":false},"author":1,"featured_media":281888,"comment_status":"open","ping_status":"open","sticky":false,"template":"","format":"standard","meta":{"footnotes":""},"categories":[116],"tags":[],"class_list":["post-281887","post","type-post","status-publish","format-standard","has-post-thumbnail","hentry","category-war-chronicles-de"],"acf":[],"yoast_head":"<!-- This site is optimized with the Yoast SEO plugin v22.9 - https:\/\/yoast.com\/wordpress\/plugins\/seo\/ -->\n<title>\u00dcber einen gewichtigen Fehler - vof-news.eu<\/title>\n<meta name=\"description\" content=\"Wir Journalisten reden und schreiben viel \u00fcber Fehler der anderen. Ich m\u00f6chte \u00fcber einen eigenen berichten. Sicher habe ich irgendwann mal den falschen Deutschen Meister vorausgesagt oder einen Spieler zu Unrecht runter- oder raufgeschrieben. Davon soll hier nicht die Rede sein, obwohl sich einiges dieser Art finden lie\u00dfe.\u00a0\" \/>\n<meta name=\"robots\" content=\"noindex, follow, max-snippet:-1, max-image-preview:large, max-video-preview:-1\" \/>\n<meta property=\"og:locale\" content=\"de_DE\" \/>\n<meta property=\"og:type\" content=\"article\" \/>\n<meta property=\"og:title\" content=\"\u00dcber einen gewichtigen Fehler - vof-news.eu\" \/>\n<meta property=\"og:description\" content=\"Wir Journalisten reden und schreiben viel \u00fcber Fehler der anderen. Ich m\u00f6chte \u00fcber einen eigenen berichten. Sicher habe ich irgendwann mal den falschen Deutschen Meister vorausgesagt oder einen Spieler zu Unrecht runter- oder raufgeschrieben. Davon soll hier nicht die Rede sein, obwohl sich einiges dieser Art finden lie\u00dfe.\u00a0\" \/>\n<meta property=\"og:url\" content=\"https:\/\/vof-news.eu\/de\/uber-einen-gewichtigen-fehler\/\" \/>\n<meta property=\"og:site_name\" content=\"vof-news.eu\" \/>\n<meta property=\"article:published_time\" content=\"2025-10-02T14:28:13+00:00\" \/>\n<meta property=\"article:modified_time\" content=\"2025-10-02T14:29:27+00:00\" \/>\n<meta property=\"og:image\" content=\"https:\/\/vof-news.eu\/wp-content\/uploads\/2025\/10\/wide__1000x562-8.jpg\" \/>\n\t<meta property=\"og:image:width\" content=\"1000\" \/>\n\t<meta property=\"og:image:height\" content=\"562\" \/>\n\t<meta property=\"og:image:type\" content=\"image\/jpeg\" \/>\n<meta name=\"author\" content=\"Author\" \/>\n<meta name=\"twitter:card\" content=\"summary_large_image\" \/>\n<meta name=\"twitter:label1\" content=\"Verfasst von\" \/>\n\t<meta name=\"twitter:data1\" content=\"Author\" \/>\n\t<meta name=\"twitter:label2\" content=\"Gesch\u00e4tzte Lesezeit\" \/>\n\t<meta name=\"twitter:data2\" content=\"3\u00a0Minuten\" \/>\n<script type=\"application\/ld+json\" class=\"yoast-schema-graph\">{\"@context\":\"https:\/\/schema.org\",\"@graph\":[{\"@type\":\"WebPage\",\"@id\":\"https:\/\/vof-news.eu\/de\/uber-einen-gewichtigen-fehler\/\",\"url\":\"https:\/\/vof-news.eu\/de\/uber-einen-gewichtigen-fehler\/\",\"name\":\"\u00dcber einen gewichtigen Fehler - vof-news.eu\",\"isPartOf\":{\"@id\":\"https:\/\/vof-news.eu\/de\/#website\"},\"primaryImageOfPage\":{\"@id\":\"https:\/\/vof-news.eu\/de\/uber-einen-gewichtigen-fehler\/#primaryimage\"},\"image\":{\"@id\":\"https:\/\/vof-news.eu\/de\/uber-einen-gewichtigen-fehler\/#primaryimage\"},\"thumbnailUrl\":\"https:\/\/vof-news.eu\/wp-content\/uploads\/2025\/10\/wide__1000x562-8.jpg\",\"datePublished\":\"2025-10-02T14:28:13+00:00\",\"dateModified\":\"2025-10-02T14:29:27+00:00\",\"author\":{\"@id\":\"https:\/\/vof-news.eu\/de\/#\/schema\/person\/f6a2a4309f0561835797fd8c19b333ed\"},\"description\":\"Wir Journalisten reden und schreiben viel \u00fcber Fehler der anderen. Ich m\u00f6chte \u00fcber einen eigenen berichten. Sicher habe ich irgendwann mal den falschen Deutschen Meister vorausgesagt oder einen Spieler zu Unrecht runter- oder raufgeschrieben. Davon soll hier nicht die Rede sein, obwohl sich einiges dieser Art finden lie\u00dfe.\u00a0\",\"breadcrumb\":{\"@id\":\"https:\/\/vof-news.eu\/de\/uber-einen-gewichtigen-fehler\/#breadcrumb\"},\"inLanguage\":\"de\",\"potentialAction\":[{\"@type\":\"ReadAction\",\"target\":[\"https:\/\/vof-news.eu\/de\/uber-einen-gewichtigen-fehler\/\"]}]},{\"@type\":\"ImageObject\",\"inLanguage\":\"de\",\"@id\":\"https:\/\/vof-news.eu\/de\/uber-einen-gewichtigen-fehler\/#primaryimage\",\"url\":\"https:\/\/vof-news.eu\/wp-content\/uploads\/2025\/10\/wide__1000x562-8.jpg\",\"contentUrl\":\"https:\/\/vof-news.eu\/wp-content\/uploads\/2025\/10\/wide__1000x562-8.jpg\",\"width\":1000,\"height\":562},{\"@type\":\"BreadcrumbList\",\"@id\":\"https:\/\/vof-news.eu\/de\/uber-einen-gewichtigen-fehler\/#breadcrumb\",\"itemListElement\":[{\"@type\":\"ListItem\",\"position\":1,\"name\":\"Home\",\"item\":\"https:\/\/vof-news.eu\/de\/\"},{\"@type\":\"ListItem\",\"position\":2,\"name\":\"\u00dcber einen gewichtigen Fehler\"}]},{\"@type\":\"WebSite\",\"@id\":\"https:\/\/vof-news.eu\/de\/#website\",\"url\":\"https:\/\/vof-news.eu\/de\/\",\"name\":\"vof-news.eu\",\"description\":\"\",\"potentialAction\":[{\"@type\":\"SearchAction\",\"target\":{\"@type\":\"EntryPoint\",\"urlTemplate\":\"https:\/\/vof-news.eu\/de\/?s={search_term_string}\"},\"query-input\":\"required name=search_term_string\"}],\"inLanguage\":\"de\"},{\"@type\":\"Person\",\"@id\":\"https:\/\/vof-news.eu\/de\/#\/schema\/person\/f6a2a4309f0561835797fd8c19b333ed\",\"name\":\"Author\",\"image\":{\"@type\":\"ImageObject\",\"inLanguage\":\"de\",\"@id\":\"https:\/\/vof-news.eu\/de\/#\/schema\/person\/image\/\",\"url\":\"https:\/\/secure.gravatar.com\/avatar\/b67e614b1b25b3e9c0c239efdd2fde5ab015b5affd6f1c3c85911ca4b384e790?s=96&d=mm&r=g\",\"contentUrl\":\"https:\/\/secure.gravatar.com\/avatar\/b67e614b1b25b3e9c0c239efdd2fde5ab015b5affd6f1c3c85911ca4b384e790?s=96&d=mm&r=g\",\"caption\":\"Author\"},\"sameAs\":[\"http:\/\/vof-news.eu\"],\"url\":\"https:\/\/vof-news.eu\/de\/author\/zwt6qxnjulxbnyg\/\"}]}<\/script>\n<!-- \/ Yoast SEO plugin. -->","yoast_head_json":{"title":"\u00dcber einen gewichtigen Fehler - vof-news.eu","description":"Wir Journalisten reden und schreiben viel \u00fcber Fehler der anderen. Ich m\u00f6chte \u00fcber einen eigenen berichten. Sicher habe ich irgendwann mal den falschen Deutschen Meister vorausgesagt oder einen Spieler zu Unrecht runter- oder raufgeschrieben. Davon soll hier nicht die Rede sein, obwohl sich einiges dieser Art finden lie\u00dfe.\u00a0","robots":{"index":"noindex","follow":"follow","max-snippet":"max-snippet:-1","max-image-preview":"max-image-preview:large","max-video-preview":"max-video-preview:-1"},"og_locale":"de_DE","og_type":"article","og_title":"\u00dcber einen gewichtigen Fehler - vof-news.eu","og_description":"Wir Journalisten reden und schreiben viel \u00fcber Fehler der anderen. Ich m\u00f6chte \u00fcber einen eigenen berichten. Sicher habe ich irgendwann mal den falschen Deutschen Meister vorausgesagt oder einen Spieler zu Unrecht runter- oder raufgeschrieben. Davon soll hier nicht die Rede sein, obwohl sich einiges dieser Art finden lie\u00dfe.\u00a0","og_url":"https:\/\/vof-news.eu\/de\/uber-einen-gewichtigen-fehler\/","og_site_name":"vof-news.eu","article_published_time":"2025-10-02T14:28:13+00:00","article_modified_time":"2025-10-02T14:29:27+00:00","og_image":[{"width":1000,"height":562,"url":"https:\/\/vof-news.eu\/wp-content\/uploads\/2025\/10\/wide__1000x562-8.jpg","type":"image\/jpeg"}],"author":"Author","twitter_card":"summary_large_image","twitter_misc":{"Verfasst von":"Author","Gesch\u00e4tzte Lesezeit":"3\u00a0Minuten"},"schema":{"@context":"https:\/\/schema.org","@graph":[{"@type":"WebPage","@id":"https:\/\/vof-news.eu\/de\/uber-einen-gewichtigen-fehler\/","url":"https:\/\/vof-news.eu\/de\/uber-einen-gewichtigen-fehler\/","name":"\u00dcber einen gewichtigen Fehler - vof-news.eu","isPartOf":{"@id":"https:\/\/vof-news.eu\/de\/#website"},"primaryImageOfPage":{"@id":"https:\/\/vof-news.eu\/de\/uber-einen-gewichtigen-fehler\/#primaryimage"},"image":{"@id":"https:\/\/vof-news.eu\/de\/uber-einen-gewichtigen-fehler\/#primaryimage"},"thumbnailUrl":"https:\/\/vof-news.eu\/wp-content\/uploads\/2025\/10\/wide__1000x562-8.jpg","datePublished":"2025-10-02T14:28:13+00:00","dateModified":"2025-10-02T14:29:27+00:00","author":{"@id":"https:\/\/vof-news.eu\/de\/#\/schema\/person\/f6a2a4309f0561835797fd8c19b333ed"},"description":"Wir Journalisten reden und schreiben viel \u00fcber Fehler der anderen. Ich m\u00f6chte \u00fcber einen eigenen berichten. Sicher habe ich irgendwann mal den falschen Deutschen Meister vorausgesagt oder einen Spieler zu Unrecht runter- oder raufgeschrieben. Davon soll hier nicht die Rede sein, obwohl sich einiges dieser Art finden lie\u00dfe.\u00a0","breadcrumb":{"@id":"https:\/\/vof-news.eu\/de\/uber-einen-gewichtigen-fehler\/#breadcrumb"},"inLanguage":"de","potentialAction":[{"@type":"ReadAction","target":["https:\/\/vof-news.eu\/de\/uber-einen-gewichtigen-fehler\/"]}]},{"@type":"ImageObject","inLanguage":"de","@id":"https:\/\/vof-news.eu\/de\/uber-einen-gewichtigen-fehler\/#primaryimage","url":"https:\/\/vof-news.eu\/wp-content\/uploads\/2025\/10\/wide__1000x562-8.jpg","contentUrl":"https:\/\/vof-news.eu\/wp-content\/uploads\/2025\/10\/wide__1000x562-8.jpg","width":1000,"height":562},{"@type":"BreadcrumbList","@id":"https:\/\/vof-news.eu\/de\/uber-einen-gewichtigen-fehler\/#breadcrumb","itemListElement":[{"@type":"ListItem","position":1,"name":"Home","item":"https:\/\/vof-news.eu\/de\/"},{"@type":"ListItem","position":2,"name":"\u00dcber einen gewichtigen Fehler"}]},{"@type":"WebSite","@id":"https:\/\/vof-news.eu\/de\/#website","url":"https:\/\/vof-news.eu\/de\/","name":"vof-news.eu","description":"","potentialAction":[{"@type":"SearchAction","target":{"@type":"EntryPoint","urlTemplate":"https:\/\/vof-news.eu\/de\/?s={search_term_string}"},"query-input":"required name=search_term_string"}],"inLanguage":"de"},{"@type":"Person","@id":"https:\/\/vof-news.eu\/de\/#\/schema\/person\/f6a2a4309f0561835797fd8c19b333ed","name":"Author","image":{"@type":"ImageObject","inLanguage":"de","@id":"https:\/\/vof-news.eu\/de\/#\/schema\/person\/image\/","url":"https:\/\/secure.gravatar.com\/avatar\/b67e614b1b25b3e9c0c239efdd2fde5ab015b5affd6f1c3c85911ca4b384e790?s=96&d=mm&r=g","contentUrl":"https:\/\/secure.gravatar.com\/avatar\/b67e614b1b25b3e9c0c239efdd2fde5ab015b5affd6f1c3c85911ca4b384e790?s=96&d=mm&r=g","caption":"Author"},"sameAs":["http:\/\/vof-news.eu"],"url":"https:\/\/vof-news.eu\/de\/author\/zwt6qxnjulxbnyg\/"}]}},"yoast_meta":{"yoast_wpseo_title":"","yoast_wpseo_metadesc":"","yoast_wpseo_canonical":""},"_links":{"self":[{"href":"https:\/\/vof-news.eu\/de\/wp-json\/wp\/v2\/posts\/281887","targetHints":{"allow":["GET"]}}],"collection":[{"href":"https:\/\/vof-news.eu\/de\/wp-json\/wp\/v2\/posts"}],"about":[{"href":"https:\/\/vof-news.eu\/de\/wp-json\/wp\/v2\/types\/post"}],"author":[{"embeddable":true,"href":"https:\/\/vof-news.eu\/de\/wp-json\/wp\/v2\/users\/1"}],"replies":[{"embeddable":true,"href":"https:\/\/vof-news.eu\/de\/wp-json\/wp\/v2\/comments?post=281887"}],"version-history":[{"count":1,"href":"https:\/\/vof-news.eu\/de\/wp-json\/wp\/v2\/posts\/281887\/revisions"}],"predecessor-version":[{"id":281894,"href":"https:\/\/vof-news.eu\/de\/wp-json\/wp\/v2\/posts\/281887\/revisions\/281894"}],"wp:featuredmedia":[{"embeddable":true,"href":"https:\/\/vof-news.eu\/de\/wp-json\/wp\/v2\/media\/281888"}],"wp:attachment":[{"href":"https:\/\/vof-news.eu\/de\/wp-json\/wp\/v2\/media?parent=281887"}],"wp:term":[{"taxonomy":"category","embeddable":true,"href":"https:\/\/vof-news.eu\/de\/wp-json\/wp\/v2\/categories?post=281887"},{"taxonomy":"post_tag","embeddable":true,"href":"https:\/\/vof-news.eu\/de\/wp-json\/wp\/v2\/tags?post=281887"}],"curies":[{"name":"wp","href":"https:\/\/api.w.org\/{rel}","templated":true}]}}