{"id":281621,"date":"2025-10-01T23:28:12","date_gmt":"2025-10-01T20:28:12","guid":{"rendered":"https:\/\/vof-news.eu\/eu-kommissionsprasidentin-von-der-leyen-will-drohnenwall-an-ostflanke\/"},"modified":"2025-10-01T23:29:36","modified_gmt":"2025-10-01T20:29:36","slug":"eu-kommissionsprasidentin-von-der-leyen-will-drohnenwall-an-ostflanke","status":"publish","type":"post","link":"https:\/\/vof-news.eu\/de\/eu-kommissionsprasidentin-von-der-leyen-will-drohnenwall-an-ostflanke\/","title":{"rendered":"EU-Kommissionspr\u00e4sidentin von der Leyen will Drohnenwall an Ostflanke"},"content":{"rendered":"<div>\n<p>Nach dem informellen <span><a href=\"https:\/\/www.zeit.de\/thema\/eu-gipfel\" rel=\"nofollow\">EU-Gipfel<\/a><\/span> in Kopenhagen hat sich Kommissionspr\u00e4sidentin Ursula von der Leyen f\u00fcr einen Drohnenwall an der Ostflanke ausgesprochen. Auf einer Pressekonferenz stellte sie den Wall als eine von mehreren Schritten vor, die Europas Staaten gegen die russische Bedrohung planen. Der Wall m\u00fcsse feindliche Flugobjekte schnell erkennen und neutralisieren k\u00f6nnen, sagte von der Leyen. &#8222;Die Kriegsf\u00fchrung hat sich durch Drohnen komplett ge\u00e4ndert.&#8220; Unklar ist noch, wie gro\u00df die Einrichtung werden soll und wie sie finanziert wird.\n<\/p>\n<p>Von der Leyen forderte au\u00dferdem, dass die <span><a href=\"https:\/\/www.zeit.de\/thema\/europaeische-union\" rel=\"nofollow\">EU<\/a><\/span> die Ukraine st\u00e4rker unterst\u00fctzen m\u00fcsse. Sie bezeichnete die Ukraine als vorderste Frontlinie im Kampf gegen Russland.\u00a0Europa m\u00fcsse sich zudem gegen die russischen Luftraumverletzungen wehren. &#8222;Jeder Zentimeter in Europa muss sicher sein&#8220;, sagte von der Leyen w\u00e4hrend der Pressekonferenz. Russlands Vorgehen bezeichnet sie wiederholt als &#8222;hybride Bedrohung&#8220; und k\u00fcndigte h\u00e4rtere Sanktionen an.\n<\/p>\n<p>\u00c4hnlich hatte sich die d\u00e4nische<br \/>\nMinisterpr\u00e4sidentin Mette Frederiksen ge\u00e4u\u00dfert. Auf der Pressekonferenz wurde sie in Bezug auf <span><a href=\"https:\/\/www.zeit.de\/thema\/russland\" rel=\"nofollow\">Russland<\/a><\/span> deutlich: &#8222;Sie bedrohen uns und werden nicht damit aufh\u00f6ren.&#8220; Deshalb m\u00fcsse man Russland mit einem weiteren Sanktionspaket weiter schw\u00e4chen.\u00a0\n<\/p>\n<p>Noch ist unklar, wer genau hinter den Drohnenfl\u00fcgen \u00fcber d\u00e4nischen Flugh\u00e4fen steckt. Mehrere europ\u00e4ische Regierungen vermuten aber Russland<br \/>\nhinter den Vorf\u00e4llen. Das Land bestreitet jede Verwicklung.\u00a0\n<\/p>\n<\/p>\n<\/div>\n","protected":false},"excerpt":{"rendered":"<p>Nach dem informellen EU-Gipfel in Kopenhagen hat sich Kommissionspr\u00e4sidentin Ursula von der Leyen f\u00fcr einen Drohnenwall an der Ostflanke ausgesprochen. Auf einer Pressekonferenz stellte sie den Wall als eine von mehreren Schritten vor, die Europas Staaten gegen die russische Bedrohung planen. Der Wall m\u00fcsse feindliche Flugobjekte schnell erkennen und neutralisieren k\u00f6nnen, sagte von der Leyen.<\/p>\n","protected":false},"author":1,"featured_media":281622,"comment_status":"open","ping_status":"open","sticky":false,"template":"","format":"standard","meta":{"footnotes":""},"categories":[116],"tags":[],"class_list":["post-281621","post","type-post","status-publish","format-standard","has-post-thumbnail","hentry","category-war-chronicles-de"],"acf":[],"yoast_head":"<!-- This site is optimized with the Yoast SEO plugin v22.9 - https:\/\/yoast.com\/wordpress\/plugins\/seo\/ -->\n<title>EU-Kommissionspr\u00e4sidentin von der Leyen will Drohnenwall an Ostflanke - vof-news.eu<\/title>\n<meta name=\"description\" content=\"Nach dem informellen EU-Gipfel in Kopenhagen hat sich Kommissionspr\u00e4sidentin Ursula von der Leyen f\u00fcr einen Drohnenwall an der Ostflanke ausgesprochen. Auf einer Pressekonferenz stellte sie den Wall als eine von mehreren Schritten vor, die Europas Staaten gegen die russische Bedrohung planen. Der Wall m\u00fcsse feindliche Flugobjekte schnell erkennen und neutralisieren k\u00f6nnen, sagte von der Leyen. &quot;Die Kriegsf\u00fchrung hat sich durch Drohnen komplett ge\u00e4ndert.&quot; Unklar ist noch, wie gro\u00df die Einrichtung werden soll und wie sie finanziert wird.\" \/>\n<meta name=\"robots\" content=\"noindex, follow, max-snippet:-1, max-image-preview:large, max-video-preview:-1\" \/>\n<meta property=\"og:locale\" content=\"de_DE\" \/>\n<meta property=\"og:type\" content=\"article\" \/>\n<meta property=\"og:title\" content=\"EU-Kommissionspr\u00e4sidentin von der Leyen will Drohnenwall an Ostflanke - vof-news.eu\" \/>\n<meta property=\"og:description\" content=\"Nach dem informellen EU-Gipfel in Kopenhagen hat sich Kommissionspr\u00e4sidentin Ursula von der Leyen f\u00fcr einen Drohnenwall an der Ostflanke ausgesprochen. Auf einer Pressekonferenz stellte sie den Wall als eine von mehreren Schritten vor, die Europas Staaten gegen die russische Bedrohung planen. Der Wall m\u00fcsse feindliche Flugobjekte schnell erkennen und neutralisieren k\u00f6nnen, sagte von der Leyen. &quot;Die Kriegsf\u00fchrung hat sich durch Drohnen komplett ge\u00e4ndert.&quot; Unklar ist noch, wie gro\u00df die Einrichtung werden soll und wie sie finanziert wird.\" \/>\n<meta property=\"og:url\" content=\"https:\/\/vof-news.eu\/de\/eu-kommissionsprasidentin-von-der-leyen-will-drohnenwall-an-ostflanke\/\" \/>\n<meta property=\"og:site_name\" content=\"vof-news.eu\" \/>\n<meta property=\"article:published_time\" content=\"2025-10-01T20:28:12+00:00\" \/>\n<meta property=\"article:modified_time\" content=\"2025-10-01T20:29:36+00:00\" \/>\n<meta property=\"og:image\" content=\"https:\/\/vof-news.eu\/wp-content\/uploads\/2025\/10\/wide__1000x562-4.jpg\" \/>\n\t<meta property=\"og:image:width\" content=\"1000\" \/>\n\t<meta property=\"og:image:height\" content=\"562\" \/>\n\t<meta property=\"og:image:type\" content=\"image\/jpeg\" \/>\n<meta name=\"author\" content=\"Author\" \/>\n<meta name=\"twitter:card\" content=\"summary_large_image\" \/>\n<meta name=\"twitter:label1\" content=\"Verfasst von\" \/>\n\t<meta name=\"twitter:data1\" content=\"Author\" \/>\n\t<meta name=\"twitter:label2\" content=\"Gesch\u00e4tzte Lesezeit\" \/>\n\t<meta name=\"twitter:data2\" content=\"1\u00a0Minute\" \/>\n<script type=\"application\/ld+json\" class=\"yoast-schema-graph\">{\"@context\":\"https:\/\/schema.org\",\"@graph\":[{\"@type\":\"WebPage\",\"@id\":\"https:\/\/vof-news.eu\/de\/eu-kommissionsprasidentin-von-der-leyen-will-drohnenwall-an-ostflanke\/\",\"url\":\"https:\/\/vof-news.eu\/de\/eu-kommissionsprasidentin-von-der-leyen-will-drohnenwall-an-ostflanke\/\",\"name\":\"EU-Kommissionspr\u00e4sidentin von der Leyen will Drohnenwall an Ostflanke - vof-news.eu\",\"isPartOf\":{\"@id\":\"https:\/\/vof-news.eu\/de\/#website\"},\"primaryImageOfPage\":{\"@id\":\"https:\/\/vof-news.eu\/de\/eu-kommissionsprasidentin-von-der-leyen-will-drohnenwall-an-ostflanke\/#primaryimage\"},\"image\":{\"@id\":\"https:\/\/vof-news.eu\/de\/eu-kommissionsprasidentin-von-der-leyen-will-drohnenwall-an-ostflanke\/#primaryimage\"},\"thumbnailUrl\":\"https:\/\/vof-news.eu\/wp-content\/uploads\/2025\/10\/wide__1000x562-4.jpg\",\"datePublished\":\"2025-10-01T20:28:12+00:00\",\"dateModified\":\"2025-10-01T20:29:36+00:00\",\"author\":{\"@id\":\"https:\/\/vof-news.eu\/de\/#\/schema\/person\/f6a2a4309f0561835797fd8c19b333ed\"},\"description\":\"Nach dem informellen EU-Gipfel in Kopenhagen hat sich Kommissionspr\u00e4sidentin Ursula von der Leyen f\u00fcr einen Drohnenwall an der Ostflanke ausgesprochen. Auf einer Pressekonferenz stellte sie den Wall als eine von mehreren Schritten vor, die Europas Staaten gegen die russische Bedrohung planen. Der Wall m\u00fcsse feindliche Flugobjekte schnell erkennen und neutralisieren k\u00f6nnen, sagte von der Leyen. \\\"Die Kriegsf\u00fchrung hat sich durch Drohnen komplett ge\u00e4ndert.\\\" Unklar ist noch, wie gro\u00df die Einrichtung werden soll und wie sie finanziert wird.\",\"breadcrumb\":{\"@id\":\"https:\/\/vof-news.eu\/de\/eu-kommissionsprasidentin-von-der-leyen-will-drohnenwall-an-ostflanke\/#breadcrumb\"},\"inLanguage\":\"de\",\"potentialAction\":[{\"@type\":\"ReadAction\",\"target\":[\"https:\/\/vof-news.eu\/de\/eu-kommissionsprasidentin-von-der-leyen-will-drohnenwall-an-ostflanke\/\"]}]},{\"@type\":\"ImageObject\",\"inLanguage\":\"de\",\"@id\":\"https:\/\/vof-news.eu\/de\/eu-kommissionsprasidentin-von-der-leyen-will-drohnenwall-an-ostflanke\/#primaryimage\",\"url\":\"https:\/\/vof-news.eu\/wp-content\/uploads\/2025\/10\/wide__1000x562-4.jpg\",\"contentUrl\":\"https:\/\/vof-news.eu\/wp-content\/uploads\/2025\/10\/wide__1000x562-4.jpg\",\"width\":1000,\"height\":562},{\"@type\":\"BreadcrumbList\",\"@id\":\"https:\/\/vof-news.eu\/de\/eu-kommissionsprasidentin-von-der-leyen-will-drohnenwall-an-ostflanke\/#breadcrumb\",\"itemListElement\":[{\"@type\":\"ListItem\",\"position\":1,\"name\":\"Home\",\"item\":\"https:\/\/vof-news.eu\/de\/\"},{\"@type\":\"ListItem\",\"position\":2,\"name\":\"EU-Kommissionspr\u00e4sidentin von der Leyen will Drohnenwall an Ostflanke\"}]},{\"@type\":\"WebSite\",\"@id\":\"https:\/\/vof-news.eu\/de\/#website\",\"url\":\"https:\/\/vof-news.eu\/de\/\",\"name\":\"vof-news.eu\",\"description\":\"\",\"potentialAction\":[{\"@type\":\"SearchAction\",\"target\":{\"@type\":\"EntryPoint\",\"urlTemplate\":\"https:\/\/vof-news.eu\/de\/?s={search_term_string}\"},\"query-input\":\"required name=search_term_string\"}],\"inLanguage\":\"de\"},{\"@type\":\"Person\",\"@id\":\"https:\/\/vof-news.eu\/de\/#\/schema\/person\/f6a2a4309f0561835797fd8c19b333ed\",\"name\":\"Author\",\"image\":{\"@type\":\"ImageObject\",\"inLanguage\":\"de\",\"@id\":\"https:\/\/vof-news.eu\/de\/#\/schema\/person\/image\/\",\"url\":\"https:\/\/secure.gravatar.com\/avatar\/b67e614b1b25b3e9c0c239efdd2fde5ab015b5affd6f1c3c85911ca4b384e790?s=96&d=mm&r=g\",\"contentUrl\":\"https:\/\/secure.gravatar.com\/avatar\/b67e614b1b25b3e9c0c239efdd2fde5ab015b5affd6f1c3c85911ca4b384e790?s=96&d=mm&r=g\",\"caption\":\"Author\"},\"sameAs\":[\"http:\/\/vof-news.eu\"],\"url\":\"https:\/\/vof-news.eu\/de\/author\/zwt6qxnjulxbnyg\/\"}]}<\/script>\n<!-- \/ Yoast SEO plugin. -->","yoast_head_json":{"title":"EU-Kommissionspr\u00e4sidentin von der Leyen will Drohnenwall an Ostflanke - vof-news.eu","description":"Nach dem informellen EU-Gipfel in Kopenhagen hat sich Kommissionspr\u00e4sidentin Ursula von der Leyen f\u00fcr einen Drohnenwall an der Ostflanke ausgesprochen. Auf einer Pressekonferenz stellte sie den Wall als eine von mehreren Schritten vor, die Europas Staaten gegen die russische Bedrohung planen. Der Wall m\u00fcsse feindliche Flugobjekte schnell erkennen und neutralisieren k\u00f6nnen, sagte von der Leyen. \"Die Kriegsf\u00fchrung hat sich durch Drohnen komplett ge\u00e4ndert.\" Unklar ist noch, wie gro\u00df die Einrichtung werden soll und wie sie finanziert wird.","robots":{"index":"noindex","follow":"follow","max-snippet":"max-snippet:-1","max-image-preview":"max-image-preview:large","max-video-preview":"max-video-preview:-1"},"og_locale":"de_DE","og_type":"article","og_title":"EU-Kommissionspr\u00e4sidentin von der Leyen will Drohnenwall an Ostflanke - vof-news.eu","og_description":"Nach dem informellen EU-Gipfel in Kopenhagen hat sich Kommissionspr\u00e4sidentin Ursula von der Leyen f\u00fcr einen Drohnenwall an der Ostflanke ausgesprochen. Auf einer Pressekonferenz stellte sie den Wall als eine von mehreren Schritten vor, die Europas Staaten gegen die russische Bedrohung planen. Der Wall m\u00fcsse feindliche Flugobjekte schnell erkennen und neutralisieren k\u00f6nnen, sagte von der Leyen. \"Die Kriegsf\u00fchrung hat sich durch Drohnen komplett ge\u00e4ndert.\" Unklar ist noch, wie gro\u00df die Einrichtung werden soll und wie sie finanziert wird.","og_url":"https:\/\/vof-news.eu\/de\/eu-kommissionsprasidentin-von-der-leyen-will-drohnenwall-an-ostflanke\/","og_site_name":"vof-news.eu","article_published_time":"2025-10-01T20:28:12+00:00","article_modified_time":"2025-10-01T20:29:36+00:00","og_image":[{"width":1000,"height":562,"url":"https:\/\/vof-news.eu\/wp-content\/uploads\/2025\/10\/wide__1000x562-4.jpg","type":"image\/jpeg"}],"author":"Author","twitter_card":"summary_large_image","twitter_misc":{"Verfasst von":"Author","Gesch\u00e4tzte Lesezeit":"1\u00a0Minute"},"schema":{"@context":"https:\/\/schema.org","@graph":[{"@type":"WebPage","@id":"https:\/\/vof-news.eu\/de\/eu-kommissionsprasidentin-von-der-leyen-will-drohnenwall-an-ostflanke\/","url":"https:\/\/vof-news.eu\/de\/eu-kommissionsprasidentin-von-der-leyen-will-drohnenwall-an-ostflanke\/","name":"EU-Kommissionspr\u00e4sidentin von der Leyen will Drohnenwall an Ostflanke - vof-news.eu","isPartOf":{"@id":"https:\/\/vof-news.eu\/de\/#website"},"primaryImageOfPage":{"@id":"https:\/\/vof-news.eu\/de\/eu-kommissionsprasidentin-von-der-leyen-will-drohnenwall-an-ostflanke\/#primaryimage"},"image":{"@id":"https:\/\/vof-news.eu\/de\/eu-kommissionsprasidentin-von-der-leyen-will-drohnenwall-an-ostflanke\/#primaryimage"},"thumbnailUrl":"https:\/\/vof-news.eu\/wp-content\/uploads\/2025\/10\/wide__1000x562-4.jpg","datePublished":"2025-10-01T20:28:12+00:00","dateModified":"2025-10-01T20:29:36+00:00","author":{"@id":"https:\/\/vof-news.eu\/de\/#\/schema\/person\/f6a2a4309f0561835797fd8c19b333ed"},"description":"Nach dem informellen EU-Gipfel in Kopenhagen hat sich Kommissionspr\u00e4sidentin Ursula von der Leyen f\u00fcr einen Drohnenwall an der Ostflanke ausgesprochen. Auf einer Pressekonferenz stellte sie den Wall als eine von mehreren Schritten vor, die Europas Staaten gegen die russische Bedrohung planen. Der Wall m\u00fcsse feindliche Flugobjekte schnell erkennen und neutralisieren k\u00f6nnen, sagte von der Leyen. \"Die Kriegsf\u00fchrung hat sich durch Drohnen komplett ge\u00e4ndert.\" Unklar ist noch, wie gro\u00df die Einrichtung werden soll und wie sie finanziert wird.","breadcrumb":{"@id":"https:\/\/vof-news.eu\/de\/eu-kommissionsprasidentin-von-der-leyen-will-drohnenwall-an-ostflanke\/#breadcrumb"},"inLanguage":"de","potentialAction":[{"@type":"ReadAction","target":["https:\/\/vof-news.eu\/de\/eu-kommissionsprasidentin-von-der-leyen-will-drohnenwall-an-ostflanke\/"]}]},{"@type":"ImageObject","inLanguage":"de","@id":"https:\/\/vof-news.eu\/de\/eu-kommissionsprasidentin-von-der-leyen-will-drohnenwall-an-ostflanke\/#primaryimage","url":"https:\/\/vof-news.eu\/wp-content\/uploads\/2025\/10\/wide__1000x562-4.jpg","contentUrl":"https:\/\/vof-news.eu\/wp-content\/uploads\/2025\/10\/wide__1000x562-4.jpg","width":1000,"height":562},{"@type":"BreadcrumbList","@id":"https:\/\/vof-news.eu\/de\/eu-kommissionsprasidentin-von-der-leyen-will-drohnenwall-an-ostflanke\/#breadcrumb","itemListElement":[{"@type":"ListItem","position":1,"name":"Home","item":"https:\/\/vof-news.eu\/de\/"},{"@type":"ListItem","position":2,"name":"EU-Kommissionspr\u00e4sidentin von der Leyen will Drohnenwall an Ostflanke"}]},{"@type":"WebSite","@id":"https:\/\/vof-news.eu\/de\/#website","url":"https:\/\/vof-news.eu\/de\/","name":"vof-news.eu","description":"","potentialAction":[{"@type":"SearchAction","target":{"@type":"EntryPoint","urlTemplate":"https:\/\/vof-news.eu\/de\/?s={search_term_string}"},"query-input":"required name=search_term_string"}],"inLanguage":"de"},{"@type":"Person","@id":"https:\/\/vof-news.eu\/de\/#\/schema\/person\/f6a2a4309f0561835797fd8c19b333ed","name":"Author","image":{"@type":"ImageObject","inLanguage":"de","@id":"https:\/\/vof-news.eu\/de\/#\/schema\/person\/image\/","url":"https:\/\/secure.gravatar.com\/avatar\/b67e614b1b25b3e9c0c239efdd2fde5ab015b5affd6f1c3c85911ca4b384e790?s=96&d=mm&r=g","contentUrl":"https:\/\/secure.gravatar.com\/avatar\/b67e614b1b25b3e9c0c239efdd2fde5ab015b5affd6f1c3c85911ca4b384e790?s=96&d=mm&r=g","caption":"Author"},"sameAs":["http:\/\/vof-news.eu"],"url":"https:\/\/vof-news.eu\/de\/author\/zwt6qxnjulxbnyg\/"}]}},"yoast_meta":{"yoast_wpseo_title":"","yoast_wpseo_metadesc":"","yoast_wpseo_canonical":""},"_links":{"self":[{"href":"https:\/\/vof-news.eu\/de\/wp-json\/wp\/v2\/posts\/281621","targetHints":{"allow":["GET"]}}],"collection":[{"href":"https:\/\/vof-news.eu\/de\/wp-json\/wp\/v2\/posts"}],"about":[{"href":"https:\/\/vof-news.eu\/de\/wp-json\/wp\/v2\/types\/post"}],"author":[{"embeddable":true,"href":"https:\/\/vof-news.eu\/de\/wp-json\/wp\/v2\/users\/1"}],"replies":[{"embeddable":true,"href":"https:\/\/vof-news.eu\/de\/wp-json\/wp\/v2\/comments?post=281621"}],"version-history":[{"count":1,"href":"https:\/\/vof-news.eu\/de\/wp-json\/wp\/v2\/posts\/281621\/revisions"}],"predecessor-version":[{"id":281628,"href":"https:\/\/vof-news.eu\/de\/wp-json\/wp\/v2\/posts\/281621\/revisions\/281628"}],"wp:featuredmedia":[{"embeddable":true,"href":"https:\/\/vof-news.eu\/de\/wp-json\/wp\/v2\/media\/281622"}],"wp:attachment":[{"href":"https:\/\/vof-news.eu\/de\/wp-json\/wp\/v2\/media?parent=281621"}],"wp:term":[{"taxonomy":"category","embeddable":true,"href":"https:\/\/vof-news.eu\/de\/wp-json\/wp\/v2\/categories?post=281621"},{"taxonomy":"post_tag","embeddable":true,"href":"https:\/\/vof-news.eu\/de\/wp-json\/wp\/v2\/tags?post=281621"}],"curies":[{"name":"wp","href":"https:\/\/api.w.org\/{rel}","templated":true}]}}