{"id":281163,"date":"2025-10-01T03:28:12","date_gmt":"2025-10-01T00:28:12","guid":{"rendered":"https:\/\/vof-news.eu\/estlands-premier-sieht-in-drohnenuberflugen-ein-ablenkungsmanover\/"},"modified":"2025-10-01T03:29:21","modified_gmt":"2025-10-01T00:29:21","slug":"estlands-premier-sieht-in-drohnenuberflugen-ein-ablenkungsmanover","status":"publish","type":"post","link":"https:\/\/vof-news.eu\/de\/estlands-premier-sieht-in-drohnenuberflugen-ein-ablenkungsmanover\/","title":{"rendered":"Estlands Premier sieht in Drohnen\u00fcberfl\u00fcgen ein Ablenkungsman\u00f6ver"},"content":{"rendered":"<div>\n<p>Laut<br \/>\n dem estnischen Regierungschef Kristen Michal handelt es sich bei den<br \/>\n<a href=\"https:\/\/www.zeit.de\/politik\/2025-09\/nato-beratungen-russland-luftraum-verteidigung\" rel=\"nofollow\">Verletzungen des Luftraums von Nato-Staaten durch russische Flugzeuge<br \/>\nund Drohnen<\/a> um ein Ablenkungsman\u00f6ver. &#8222;Putin will, dass wir \u00fcber uns selbst sprechen, nicht \u00fcber die Ukraine, nicht \u00fcber die Hilfe f\u00fcr die Ukraine&#8220;, sagte Michal der Nachrichtenagentur AFP \u00fcber den russischen Pr\u00e4sidenten <span><a href=\"https:\/\/www.zeit.de\/thema\/wladimir-putin\" rel=\"nofollow\">Wladimir Putin<\/a><\/span>.\n<\/p>\n<p>Mit Blick auf das informelle Treffen der<br \/>\nEU-Staats- und Regierungschefs in der d\u00e4nischen Hauptstadt am heutigen Mittwoch<br \/>\nsagte Michal, er hoffe auf eine starke Botschaft der &#8222;Einheit und<br \/>\nEntschlossenheit, die Ukraine zu unterst\u00fctzen&#8220;. Die EU-Staaten d\u00fcrften<br \/>\nsich &#8222;niemals von dem Hauptthema ablenken lassen, dem Problem mit<br \/>\nRussland&#8220;.\n<\/p>\n<h2>Treffen der EU-Staats- und Regierungschefs<\/h2>\n<p>Vor dem Hintergrund russischer Luftraumverletzungen und <a href=\"https:\/\/www.zeit.de\/politik\/ausland\/2025-09\/estland-russland-eindringen-russland-kampfflugzeuge\" rel=\"nofollow\">Drohnensichtungen<\/a>\u00a0kommen in Kopenhagen die Staats- und Regierungschefs der <span><a href=\"https:\/\/www.zeit.de\/thema\/europaeische-union\" rel=\"nofollow\">EU<\/a><\/span><br \/>\n zu einem informellen Treffen zusammen, um \u00fcber die<br \/>\nVerteidigungsf\u00e4higkeit Europas und Ukrainehilfen zu diskutieren.<br \/>\nDabei steht zum einen die Debatte um die Verwendung der in Europa<br \/>\neingefrorenen russischen Verm\u00f6gen im Mittelpunkt. Zum anderen soll<br \/>\nberaten werden, wie L\u00fccken in der Verteidigung geschlossen werden<br \/>\nk\u00f6nnen, insbesondere im Osten der EU.\n<\/p>\n<p>Michal rief seine<br \/>\nEU-Partner vor dem Treffen dazu auf, einem Vorschlag der EU-Kommission zuzustimmen, in<br \/>\nEuropa <a href=\"https:\/\/www.zeit.de\/politik\/deutschland\/2025-09\/russische-vermoegen-ukraine-kredit-friedrich-merz\" rel=\"nofollow\">eingefrorene russische Verm\u00f6gen<\/a> f\u00fcr einen<br \/>\n140-Milliarden-Euro-Kredit f\u00fcr die <span><a href=\"https:\/\/www.zeit.de\/politik\/ausland\/ukraine-krieg-news-liveblog\" rel=\"nofollow\">Ukraine<\/a><\/span> zu nutzen. Die Russen seien<br \/>\n&#8222;die Aggressoren, sie t\u00f6ten unschuldige Menschen, Zivilisten&#8220;, sagte er der AFP. &#8222;Sie richten den Schaden an, also sollten auch sie es sein, die<br \/>\nzahlen.&#8220;\n<\/p>\n<h2>Michal fordert mehr Tempo bei Aufr\u00fcstung<\/h2>\n<p><span><a href=\"https:\/\/www.zeit.de\/thema\/estland\" rel=\"nofollow\">Estlands<\/a><\/span> Regierungschef rief die EU-Staaten zudem auf, bei der<br \/>\nmilit\u00e4rischen Aufr\u00fcstung schneller voranzuschreiten. Zwar sei Europa<br \/>\n&#8222;viel st\u00e4rker als vor sechs Monaten oder einem Jahr&#8220;, sagte Michal. Zugleich forderte er mehr Tempo. &#8222;Ehrlicherweise sollten wir schneller sein, denn neue F\u00e4higkeiten zu<br \/>\nhaben, dauert Zeit.&#8220; Dabei nannte der Regierungschef unter anderem die Drohnenabwehr.\n<\/p>\n<p>Putin habe Europa mit seinem Angriff gegen die<br \/>\nUkraine dazu gebracht, die eigene Verteidigungsf\u00e4higkeit auszubauen,<br \/>\nsagte Michal. &#8222;Europa war ein Friedensprojekt ohne Waffen. Jetzt wird<br \/>\nEuropa ein Friedensprojekt mit Waffen.&#8220;\n<\/p>\n<p>\n<\/p>\n<\/div>\n","protected":false},"excerpt":{"rendered":"<p>Laut dem estnischen Regierungschef Kristen Michal handelt es sich bei den Verletzungen des Luftraums von Nato-Staaten durch russische Flugzeuge und Drohnen um ein Ablenkungsman\u00f6ver. &#8222;Putin will, dass wir \u00fcber uns selbst sprechen, nicht \u00fcber die Ukraine, nicht \u00fcber die Hilfe f\u00fcr die Ukraine&#8220;, sagte Michal der Nachrichtenagentur AFP \u00fcber den russischen Pr\u00e4sidenten Wladimir Putin. Mit<\/p>\n","protected":false},"author":1,"featured_media":281164,"comment_status":"open","ping_status":"open","sticky":false,"template":"","format":"standard","meta":{"footnotes":""},"categories":[116],"tags":[],"class_list":["post-281163","post","type-post","status-publish","format-standard","has-post-thumbnail","hentry","category-war-chronicles-de"],"acf":[],"yoast_head":"<!-- This site is optimized with the Yoast SEO plugin v22.9 - https:\/\/yoast.com\/wordpress\/plugins\/seo\/ -->\n<title>Estlands Premier sieht in Drohnen\u00fcberfl\u00fcgen ein Ablenkungsman\u00f6ver - vof-news.eu<\/title>\n<meta name=\"description\" content=\"Laut\" \/>\n<meta name=\"robots\" content=\"noindex, follow, max-snippet:-1, max-image-preview:large, max-video-preview:-1\" \/>\n<meta property=\"og:locale\" content=\"de_DE\" \/>\n<meta property=\"og:type\" content=\"article\" \/>\n<meta property=\"og:title\" content=\"Estlands Premier sieht in Drohnen\u00fcberfl\u00fcgen ein Ablenkungsman\u00f6ver - vof-news.eu\" \/>\n<meta property=\"og:description\" content=\"Laut\" \/>\n<meta property=\"og:url\" content=\"https:\/\/vof-news.eu\/de\/estlands-premier-sieht-in-drohnenuberflugen-ein-ablenkungsmanover\/\" \/>\n<meta property=\"og:site_name\" content=\"vof-news.eu\" \/>\n<meta property=\"article:published_time\" content=\"2025-10-01T00:28:12+00:00\" \/>\n<meta property=\"article:modified_time\" content=\"2025-10-01T00:29:21+00:00\" \/>\n<meta property=\"og:image\" content=\"https:\/\/vof-news.eu\/wp-content\/uploads\/2025\/10\/wide__1000x562.jpg\" \/>\n\t<meta property=\"og:image:width\" content=\"1000\" \/>\n\t<meta property=\"og:image:height\" content=\"562\" \/>\n\t<meta property=\"og:image:type\" content=\"image\/jpeg\" \/>\n<meta name=\"author\" content=\"Author\" \/>\n<meta name=\"twitter:card\" content=\"summary_large_image\" \/>\n<meta name=\"twitter:label1\" content=\"Verfasst von\" \/>\n\t<meta name=\"twitter:data1\" content=\"Author\" \/>\n\t<meta name=\"twitter:label2\" content=\"Gesch\u00e4tzte Lesezeit\" \/>\n\t<meta name=\"twitter:data2\" content=\"2\u00a0Minuten\" \/>\n<script type=\"application\/ld+json\" class=\"yoast-schema-graph\">{\"@context\":\"https:\/\/schema.org\",\"@graph\":[{\"@type\":\"WebPage\",\"@id\":\"https:\/\/vof-news.eu\/de\/estlands-premier-sieht-in-drohnenuberflugen-ein-ablenkungsmanover\/\",\"url\":\"https:\/\/vof-news.eu\/de\/estlands-premier-sieht-in-drohnenuberflugen-ein-ablenkungsmanover\/\",\"name\":\"Estlands Premier sieht in Drohnen\u00fcberfl\u00fcgen ein Ablenkungsman\u00f6ver - vof-news.eu\",\"isPartOf\":{\"@id\":\"https:\/\/vof-news.eu\/de\/#website\"},\"primaryImageOfPage\":{\"@id\":\"https:\/\/vof-news.eu\/de\/estlands-premier-sieht-in-drohnenuberflugen-ein-ablenkungsmanover\/#primaryimage\"},\"image\":{\"@id\":\"https:\/\/vof-news.eu\/de\/estlands-premier-sieht-in-drohnenuberflugen-ein-ablenkungsmanover\/#primaryimage\"},\"thumbnailUrl\":\"https:\/\/vof-news.eu\/wp-content\/uploads\/2025\/10\/wide__1000x562.jpg\",\"datePublished\":\"2025-10-01T00:28:12+00:00\",\"dateModified\":\"2025-10-01T00:29:21+00:00\",\"author\":{\"@id\":\"https:\/\/vof-news.eu\/de\/#\/schema\/person\/f6a2a4309f0561835797fd8c19b333ed\"},\"description\":\"Laut\",\"breadcrumb\":{\"@id\":\"https:\/\/vof-news.eu\/de\/estlands-premier-sieht-in-drohnenuberflugen-ein-ablenkungsmanover\/#breadcrumb\"},\"inLanguage\":\"de\",\"potentialAction\":[{\"@type\":\"ReadAction\",\"target\":[\"https:\/\/vof-news.eu\/de\/estlands-premier-sieht-in-drohnenuberflugen-ein-ablenkungsmanover\/\"]}]},{\"@type\":\"ImageObject\",\"inLanguage\":\"de\",\"@id\":\"https:\/\/vof-news.eu\/de\/estlands-premier-sieht-in-drohnenuberflugen-ein-ablenkungsmanover\/#primaryimage\",\"url\":\"https:\/\/vof-news.eu\/wp-content\/uploads\/2025\/10\/wide__1000x562.jpg\",\"contentUrl\":\"https:\/\/vof-news.eu\/wp-content\/uploads\/2025\/10\/wide__1000x562.jpg\",\"width\":1000,\"height\":562},{\"@type\":\"BreadcrumbList\",\"@id\":\"https:\/\/vof-news.eu\/de\/estlands-premier-sieht-in-drohnenuberflugen-ein-ablenkungsmanover\/#breadcrumb\",\"itemListElement\":[{\"@type\":\"ListItem\",\"position\":1,\"name\":\"Home\",\"item\":\"https:\/\/vof-news.eu\/de\/\"},{\"@type\":\"ListItem\",\"position\":2,\"name\":\"Estlands Premier sieht in Drohnen\u00fcberfl\u00fcgen ein Ablenkungsman\u00f6ver\"}]},{\"@type\":\"WebSite\",\"@id\":\"https:\/\/vof-news.eu\/de\/#website\",\"url\":\"https:\/\/vof-news.eu\/de\/\",\"name\":\"vof-news.eu\",\"description\":\"\",\"potentialAction\":[{\"@type\":\"SearchAction\",\"target\":{\"@type\":\"EntryPoint\",\"urlTemplate\":\"https:\/\/vof-news.eu\/de\/?s={search_term_string}\"},\"query-input\":\"required name=search_term_string\"}],\"inLanguage\":\"de\"},{\"@type\":\"Person\",\"@id\":\"https:\/\/vof-news.eu\/de\/#\/schema\/person\/f6a2a4309f0561835797fd8c19b333ed\",\"name\":\"Author\",\"image\":{\"@type\":\"ImageObject\",\"inLanguage\":\"de\",\"@id\":\"https:\/\/vof-news.eu\/de\/#\/schema\/person\/image\/\",\"url\":\"https:\/\/secure.gravatar.com\/avatar\/b67e614b1b25b3e9c0c239efdd2fde5ab015b5affd6f1c3c85911ca4b384e790?s=96&d=mm&r=g\",\"contentUrl\":\"https:\/\/secure.gravatar.com\/avatar\/b67e614b1b25b3e9c0c239efdd2fde5ab015b5affd6f1c3c85911ca4b384e790?s=96&d=mm&r=g\",\"caption\":\"Author\"},\"sameAs\":[\"http:\/\/vof-news.eu\"],\"url\":\"https:\/\/vof-news.eu\/de\/author\/zwt6qxnjulxbnyg\/\"}]}<\/script>\n<!-- \/ Yoast SEO plugin. -->","yoast_head_json":{"title":"Estlands Premier sieht in Drohnen\u00fcberfl\u00fcgen ein Ablenkungsman\u00f6ver - vof-news.eu","description":"Laut","robots":{"index":"noindex","follow":"follow","max-snippet":"max-snippet:-1","max-image-preview":"max-image-preview:large","max-video-preview":"max-video-preview:-1"},"og_locale":"de_DE","og_type":"article","og_title":"Estlands Premier sieht in Drohnen\u00fcberfl\u00fcgen ein Ablenkungsman\u00f6ver - vof-news.eu","og_description":"Laut","og_url":"https:\/\/vof-news.eu\/de\/estlands-premier-sieht-in-drohnenuberflugen-ein-ablenkungsmanover\/","og_site_name":"vof-news.eu","article_published_time":"2025-10-01T00:28:12+00:00","article_modified_time":"2025-10-01T00:29:21+00:00","og_image":[{"width":1000,"height":562,"url":"https:\/\/vof-news.eu\/wp-content\/uploads\/2025\/10\/wide__1000x562.jpg","type":"image\/jpeg"}],"author":"Author","twitter_card":"summary_large_image","twitter_misc":{"Verfasst von":"Author","Gesch\u00e4tzte Lesezeit":"2\u00a0Minuten"},"schema":{"@context":"https:\/\/schema.org","@graph":[{"@type":"WebPage","@id":"https:\/\/vof-news.eu\/de\/estlands-premier-sieht-in-drohnenuberflugen-ein-ablenkungsmanover\/","url":"https:\/\/vof-news.eu\/de\/estlands-premier-sieht-in-drohnenuberflugen-ein-ablenkungsmanover\/","name":"Estlands Premier sieht in Drohnen\u00fcberfl\u00fcgen ein Ablenkungsman\u00f6ver - vof-news.eu","isPartOf":{"@id":"https:\/\/vof-news.eu\/de\/#website"},"primaryImageOfPage":{"@id":"https:\/\/vof-news.eu\/de\/estlands-premier-sieht-in-drohnenuberflugen-ein-ablenkungsmanover\/#primaryimage"},"image":{"@id":"https:\/\/vof-news.eu\/de\/estlands-premier-sieht-in-drohnenuberflugen-ein-ablenkungsmanover\/#primaryimage"},"thumbnailUrl":"https:\/\/vof-news.eu\/wp-content\/uploads\/2025\/10\/wide__1000x562.jpg","datePublished":"2025-10-01T00:28:12+00:00","dateModified":"2025-10-01T00:29:21+00:00","author":{"@id":"https:\/\/vof-news.eu\/de\/#\/schema\/person\/f6a2a4309f0561835797fd8c19b333ed"},"description":"Laut","breadcrumb":{"@id":"https:\/\/vof-news.eu\/de\/estlands-premier-sieht-in-drohnenuberflugen-ein-ablenkungsmanover\/#breadcrumb"},"inLanguage":"de","potentialAction":[{"@type":"ReadAction","target":["https:\/\/vof-news.eu\/de\/estlands-premier-sieht-in-drohnenuberflugen-ein-ablenkungsmanover\/"]}]},{"@type":"ImageObject","inLanguage":"de","@id":"https:\/\/vof-news.eu\/de\/estlands-premier-sieht-in-drohnenuberflugen-ein-ablenkungsmanover\/#primaryimage","url":"https:\/\/vof-news.eu\/wp-content\/uploads\/2025\/10\/wide__1000x562.jpg","contentUrl":"https:\/\/vof-news.eu\/wp-content\/uploads\/2025\/10\/wide__1000x562.jpg","width":1000,"height":562},{"@type":"BreadcrumbList","@id":"https:\/\/vof-news.eu\/de\/estlands-premier-sieht-in-drohnenuberflugen-ein-ablenkungsmanover\/#breadcrumb","itemListElement":[{"@type":"ListItem","position":1,"name":"Home","item":"https:\/\/vof-news.eu\/de\/"},{"@type":"ListItem","position":2,"name":"Estlands Premier sieht in Drohnen\u00fcberfl\u00fcgen ein Ablenkungsman\u00f6ver"}]},{"@type":"WebSite","@id":"https:\/\/vof-news.eu\/de\/#website","url":"https:\/\/vof-news.eu\/de\/","name":"vof-news.eu","description":"","potentialAction":[{"@type":"SearchAction","target":{"@type":"EntryPoint","urlTemplate":"https:\/\/vof-news.eu\/de\/?s={search_term_string}"},"query-input":"required name=search_term_string"}],"inLanguage":"de"},{"@type":"Person","@id":"https:\/\/vof-news.eu\/de\/#\/schema\/person\/f6a2a4309f0561835797fd8c19b333ed","name":"Author","image":{"@type":"ImageObject","inLanguage":"de","@id":"https:\/\/vof-news.eu\/de\/#\/schema\/person\/image\/","url":"https:\/\/secure.gravatar.com\/avatar\/b67e614b1b25b3e9c0c239efdd2fde5ab015b5affd6f1c3c85911ca4b384e790?s=96&d=mm&r=g","contentUrl":"https:\/\/secure.gravatar.com\/avatar\/b67e614b1b25b3e9c0c239efdd2fde5ab015b5affd6f1c3c85911ca4b384e790?s=96&d=mm&r=g","caption":"Author"},"sameAs":["http:\/\/vof-news.eu"],"url":"https:\/\/vof-news.eu\/de\/author\/zwt6qxnjulxbnyg\/"}]}},"yoast_meta":{"yoast_wpseo_title":"","yoast_wpseo_metadesc":"","yoast_wpseo_canonical":""},"_links":{"self":[{"href":"https:\/\/vof-news.eu\/de\/wp-json\/wp\/v2\/posts\/281163","targetHints":{"allow":["GET"]}}],"collection":[{"href":"https:\/\/vof-news.eu\/de\/wp-json\/wp\/v2\/posts"}],"about":[{"href":"https:\/\/vof-news.eu\/de\/wp-json\/wp\/v2\/types\/post"}],"author":[{"embeddable":true,"href":"https:\/\/vof-news.eu\/de\/wp-json\/wp\/v2\/users\/1"}],"replies":[{"embeddable":true,"href":"https:\/\/vof-news.eu\/de\/wp-json\/wp\/v2\/comments?post=281163"}],"version-history":[{"count":1,"href":"https:\/\/vof-news.eu\/de\/wp-json\/wp\/v2\/posts\/281163\/revisions"}],"predecessor-version":[{"id":281170,"href":"https:\/\/vof-news.eu\/de\/wp-json\/wp\/v2\/posts\/281163\/revisions\/281170"}],"wp:featuredmedia":[{"embeddable":true,"href":"https:\/\/vof-news.eu\/de\/wp-json\/wp\/v2\/media\/281164"}],"wp:attachment":[{"href":"https:\/\/vof-news.eu\/de\/wp-json\/wp\/v2\/media?parent=281163"}],"wp:term":[{"taxonomy":"category","embeddable":true,"href":"https:\/\/vof-news.eu\/de\/wp-json\/wp\/v2\/categories?post=281163"},{"taxonomy":"post_tag","embeddable":true,"href":"https:\/\/vof-news.eu\/de\/wp-json\/wp\/v2\/tags?post=281163"}],"curies":[{"name":"wp","href":"https:\/\/api.w.org\/{rel}","templated":true}]}}