{"id":280752,"date":"2025-09-30T03:28:12","date_gmt":"2025-09-30T00:28:12","guid":{"rendered":"https:\/\/vof-news.eu\/machtpolitik-lost-laut-merz-regelbasierte-weltordnung-zunehmend-ab\/"},"modified":"2025-09-30T03:29:00","modified_gmt":"2025-09-30T00:29:00","slug":"machtpolitik-lost-laut-merz-regelbasierte-weltordnung-zunehmend-ab","status":"publish","type":"post","link":"https:\/\/vof-news.eu\/de\/machtpolitik-lost-laut-merz-regelbasierte-weltordnung-zunehmend-ab\/","title":{"rendered":"Machtpolitik l\u00f6st laut Merz regelbasierte Weltordnung zunehmend ab"},"content":{"rendered":"<div>\n<p>Deutschland befindet sich angesichts des <a href=\"https:\/\/www.zeit.de\/thema\/krieg-in-ukraine\" rel=\"nofollow\">Ukrainekriegs<\/a> und der<br \/>\nBedrohung durch Russland laut Bundeskanzler <span><a href=\"https:\/\/www.zeit.de\/thema\/friedrich-merz\" rel=\"nofollow\">Friedrich Merz<\/a><\/span> (CDU) in einer zunehmend angespannten Sicherheitslage.\u00a0&#8222;Ich will es mal mit einem Satz sagen, der vielleicht auf den ersten Blick ein bisschen schockierend ist, aber ich mein ihn genau, wie ich ihn sage&#8220;, sagte Merz bei einer Veranstaltung der  in D\u00fcsseldorf: &#8222;Wir sind<br \/>\nnicht im Krieg, aber wir sind auch nicht mehr im Frieden.&#8220; Fast<br \/>\nwortgleich hatte sich Merz bereits in der vergangenen Woche ge\u00e4u\u00dfert.\n<\/p>\n<p>Gegenw\u00e4rtig sei man in einer Zeit grundlegender Verschiebungen, sagte der Bundeskanzler. Die regelbasierte Weltordnung werde durch pure Machtpolitik abgel\u00f6st. Das gehe einher mit dem Einsatz milit\u00e4rischer Mittel. &#8222;Wir sind in einer v\u00f6llig anderen Welt&#8220;, sagte\u00a0Merz weiter.\n<\/p>\n<h2>Merz besorgt \u00fcber Drohnen\u00fcberfl\u00fcge<\/h2>\n<p>Merz bezeichnete den <span><a href=\"https:\/\/www.zeit.de\/politik\/ausland\/ukraine-krieg-news-liveblog\" rel=\"nofollow\">Ukrainekrieg<\/a><\/span> als Angriff auf Demokratie, Freiheit und den Zusammenhalt in Europa. Er\u00a0verwies auch auf die <a href=\"https:\/\/www.zeit.de\/politik\/ausland\/2025-09\/nato-reaktion-provokation-russland-kampfjets\" rel=\"nofollow\">sich h\u00e4ufenden Drohnen\u00fcberfl\u00fcge<\/a>, die zuletzt unter anderem in D\u00e4nemark und \u00fcber<br \/>\nSchleswig-Holstein gesichtet wurden, und sprach von einer besorgniserregenden Entwicklung.\u00a0\n<\/p>\n<p>Bis jetzt handele es sich offenbar um<br \/>\nunbewaffnete Drohnen, die aber mit Sp\u00e4htechnik ausgestattet seien.\u00a0Der Umgang mit dieser Gefahr sei alles andere als trivial, vor allem da die Drohnen\u00a0allein wegen ihrer Gr\u00f6\u00dfe nicht \u00fcber bewohntem Gebiet abgeschossen werden k\u00f6nnten.\u00a0&#8222;Die fliegt in irgendeinen Vorgarten, in einen Kindergarten oder in ein Krankenhaus. Da m\u00fcssen wir schon ein bisschen aufpassen, was wir da machen.&#8220; Das Beste w\u00e4re, diese <span><a href=\"https:\/\/www.zeit.de\/thema\/drohne\" rel=\"nofollow\">Drohnen<\/a><\/span> erst gar nicht in den europ\u00e4ischen Luftraum zu lassen, sagte Merz.\u00a0&#8222;Wir wissen auch noch nicht genau,<br \/>\nwo sie wirklich herkommen. Die Vermutung liegt nahe, dass sie von<br \/>\nRussland kommen.&#8220;\n<\/p>\n<h2>Russland geht laut Merz aggressiver vor<\/h2>\n<p>Mit einem baldigen Ende des russischen \u00dcberfalls auf die Ukraine rechnet Merz nicht. Die Geschichte zeige, dass Kriege entweder durch milit\u00e4rische Niederlagen oder wirtschaftliche Ersch\u00f6pfung endeten, sagte er. Beides zeichne sich im Falle <span><a href=\"https:\/\/www.zeit.de\/thema\/russland\" rel=\"nofollow\">Russlands<\/a><\/span> und der Ukraine aktuell nicht ab. Dabei wachse aber der wirtschaftliche Druck auf Russland. &#8222;Die Nervosit\u00e4t legt auch in Russland zu&#8220;, sagte Merz. Dies sei auch ein Grund f\u00fcr das\u00a0<a href=\"https:\/\/www.zeit.de\/politik\/ausland\/2025-09\/russische-provokationen-nato-luftraum-wladimir-putin\" rel=\"nofollow\">aggressivere Vorgehen des Landes<\/a>.\n<\/p>\n<p>Merz sprach sich erneut f\u00fcr eine st\u00e4rkere Nutzung des <a href=\"https:\/\/www.zeit.de\/politik\/deutschland\/2025-09\/russische-vermoegen-ukraine-kredit-friedrich-merz\" rel=\"nofollow\">eingefrorenen<br \/>\nrussischen Staatsverm\u00f6gens<\/a> aus. Damit lasse sich die milit\u00e4rische<br \/>\nUnterst\u00fctzung der Ukraine \u00fcber drei bis f\u00fcnf Jahre stemmen. Dann k\u00f6nnte<br \/>\nirgendwann auch die Einsicht Russlands entstehen, dass es keinen Sinn<br \/>\nmache, diesen Krieg fortzusetzen.\u00a0\n<\/p>\n<p>Merz hatte <a href=\"https:\/\/www.zeit.de\/politik\/ausland\/2025-09\/friedrich-merz-russische-vermoegen-kredit-ukraine\" rel=\"nofollow\">vergangene Woche<br \/>\nvorgeschlagen<\/a>, 140 Milliarden Euro an die Ukraine zu geben. Daf\u00fcr soll<br \/>\ndie in Belgien ans\u00e4ssige Euroclear, wo das eingefrorene Geld deponiert<br \/>\nist, EU-Anleihen kaufen und diese als Kredite an die Ukraine geben. \n<\/p>\n<\/div>\n","protected":false},"excerpt":{"rendered":"<p>Deutschland befindet sich angesichts des Ukrainekriegs und der Bedrohung durch Russland laut Bundeskanzler Friedrich Merz (CDU) in einer zunehmend angespannten Sicherheitslage.\u00a0&#8222;Ich will es mal mit einem Satz sagen, der vielleicht auf den ersten Blick ein bisschen schockierend ist, aber ich mein ihn genau, wie ich ihn sage&#8220;, sagte Merz bei einer Veranstaltung der in D\u00fcsseldorf:<\/p>\n","protected":false},"author":1,"featured_media":280753,"comment_status":"open","ping_status":"open","sticky":false,"template":"","format":"standard","meta":{"footnotes":""},"categories":[116],"tags":[],"class_list":["post-280752","post","type-post","status-publish","format-standard","has-post-thumbnail","hentry","category-war-chronicles-de"],"acf":[],"yoast_head":"<!-- This site is optimized with the Yoast SEO plugin v22.9 - https:\/\/yoast.com\/wordpress\/plugins\/seo\/ -->\n<title>Machtpolitik l\u00f6st laut Merz regelbasierte Weltordnung zunehmend ab - vof-news.eu<\/title>\n<meta name=\"description\" content=\"Deutschland befindet sich angesichts des Ukrainekriegs und der\" \/>\n<meta name=\"robots\" content=\"noindex, follow, max-snippet:-1, max-image-preview:large, max-video-preview:-1\" \/>\n<meta property=\"og:locale\" content=\"de_DE\" \/>\n<meta property=\"og:type\" content=\"article\" \/>\n<meta property=\"og:title\" content=\"Machtpolitik l\u00f6st laut Merz regelbasierte Weltordnung zunehmend ab - vof-news.eu\" \/>\n<meta property=\"og:description\" content=\"Deutschland befindet sich angesichts des Ukrainekriegs und der\" \/>\n<meta property=\"og:url\" content=\"https:\/\/vof-news.eu\/de\/machtpolitik-lost-laut-merz-regelbasierte-weltordnung-zunehmend-ab\/\" \/>\n<meta property=\"og:site_name\" content=\"vof-news.eu\" \/>\n<meta property=\"article:published_time\" content=\"2025-09-30T00:28:12+00:00\" \/>\n<meta property=\"article:modified_time\" content=\"2025-09-30T00:29:00+00:00\" \/>\n<meta property=\"og:image\" content=\"https:\/\/vof-news.eu\/wp-content\/uploads\/2025\/09\/wide__1000x562-121.jpg\" \/>\n\t<meta property=\"og:image:width\" content=\"1000\" \/>\n\t<meta property=\"og:image:height\" content=\"562\" \/>\n\t<meta property=\"og:image:type\" content=\"image\/jpeg\" \/>\n<meta name=\"author\" content=\"Author\" \/>\n<meta name=\"twitter:card\" content=\"summary_large_image\" \/>\n<meta name=\"twitter:label1\" content=\"Verfasst von\" \/>\n\t<meta name=\"twitter:data1\" content=\"Author\" \/>\n\t<meta name=\"twitter:label2\" content=\"Gesch\u00e4tzte Lesezeit\" \/>\n\t<meta name=\"twitter:data2\" content=\"2\u00a0Minuten\" \/>\n<script type=\"application\/ld+json\" class=\"yoast-schema-graph\">{\"@context\":\"https:\/\/schema.org\",\"@graph\":[{\"@type\":\"WebPage\",\"@id\":\"https:\/\/vof-news.eu\/de\/machtpolitik-lost-laut-merz-regelbasierte-weltordnung-zunehmend-ab\/\",\"url\":\"https:\/\/vof-news.eu\/de\/machtpolitik-lost-laut-merz-regelbasierte-weltordnung-zunehmend-ab\/\",\"name\":\"Machtpolitik l\u00f6st laut Merz regelbasierte Weltordnung zunehmend ab - vof-news.eu\",\"isPartOf\":{\"@id\":\"https:\/\/vof-news.eu\/de\/#website\"},\"primaryImageOfPage\":{\"@id\":\"https:\/\/vof-news.eu\/de\/machtpolitik-lost-laut-merz-regelbasierte-weltordnung-zunehmend-ab\/#primaryimage\"},\"image\":{\"@id\":\"https:\/\/vof-news.eu\/de\/machtpolitik-lost-laut-merz-regelbasierte-weltordnung-zunehmend-ab\/#primaryimage\"},\"thumbnailUrl\":\"https:\/\/vof-news.eu\/wp-content\/uploads\/2025\/09\/wide__1000x562-121.jpg\",\"datePublished\":\"2025-09-30T00:28:12+00:00\",\"dateModified\":\"2025-09-30T00:29:00+00:00\",\"author\":{\"@id\":\"https:\/\/vof-news.eu\/de\/#\/schema\/person\/f6a2a4309f0561835797fd8c19b333ed\"},\"description\":\"Deutschland befindet sich angesichts des Ukrainekriegs und der\",\"breadcrumb\":{\"@id\":\"https:\/\/vof-news.eu\/de\/machtpolitik-lost-laut-merz-regelbasierte-weltordnung-zunehmend-ab\/#breadcrumb\"},\"inLanguage\":\"de\",\"potentialAction\":[{\"@type\":\"ReadAction\",\"target\":[\"https:\/\/vof-news.eu\/de\/machtpolitik-lost-laut-merz-regelbasierte-weltordnung-zunehmend-ab\/\"]}]},{\"@type\":\"ImageObject\",\"inLanguage\":\"de\",\"@id\":\"https:\/\/vof-news.eu\/de\/machtpolitik-lost-laut-merz-regelbasierte-weltordnung-zunehmend-ab\/#primaryimage\",\"url\":\"https:\/\/vof-news.eu\/wp-content\/uploads\/2025\/09\/wide__1000x562-121.jpg\",\"contentUrl\":\"https:\/\/vof-news.eu\/wp-content\/uploads\/2025\/09\/wide__1000x562-121.jpg\",\"width\":1000,\"height\":562},{\"@type\":\"BreadcrumbList\",\"@id\":\"https:\/\/vof-news.eu\/de\/machtpolitik-lost-laut-merz-regelbasierte-weltordnung-zunehmend-ab\/#breadcrumb\",\"itemListElement\":[{\"@type\":\"ListItem\",\"position\":1,\"name\":\"Home\",\"item\":\"https:\/\/vof-news.eu\/de\/\"},{\"@type\":\"ListItem\",\"position\":2,\"name\":\"Machtpolitik l\u00f6st laut Merz regelbasierte Weltordnung zunehmend ab\"}]},{\"@type\":\"WebSite\",\"@id\":\"https:\/\/vof-news.eu\/de\/#website\",\"url\":\"https:\/\/vof-news.eu\/de\/\",\"name\":\"vof-news.eu\",\"description\":\"\",\"potentialAction\":[{\"@type\":\"SearchAction\",\"target\":{\"@type\":\"EntryPoint\",\"urlTemplate\":\"https:\/\/vof-news.eu\/de\/?s={search_term_string}\"},\"query-input\":\"required name=search_term_string\"}],\"inLanguage\":\"de\"},{\"@type\":\"Person\",\"@id\":\"https:\/\/vof-news.eu\/de\/#\/schema\/person\/f6a2a4309f0561835797fd8c19b333ed\",\"name\":\"Author\",\"image\":{\"@type\":\"ImageObject\",\"inLanguage\":\"de\",\"@id\":\"https:\/\/vof-news.eu\/de\/#\/schema\/person\/image\/\",\"url\":\"https:\/\/secure.gravatar.com\/avatar\/b67e614b1b25b3e9c0c239efdd2fde5ab015b5affd6f1c3c85911ca4b384e790?s=96&d=mm&r=g\",\"contentUrl\":\"https:\/\/secure.gravatar.com\/avatar\/b67e614b1b25b3e9c0c239efdd2fde5ab015b5affd6f1c3c85911ca4b384e790?s=96&d=mm&r=g\",\"caption\":\"Author\"},\"sameAs\":[\"http:\/\/vof-news.eu\"],\"url\":\"https:\/\/vof-news.eu\/de\/author\/zwt6qxnjulxbnyg\/\"}]}<\/script>\n<!-- \/ Yoast SEO plugin. -->","yoast_head_json":{"title":"Machtpolitik l\u00f6st laut Merz regelbasierte Weltordnung zunehmend ab - vof-news.eu","description":"Deutschland befindet sich angesichts des Ukrainekriegs und der","robots":{"index":"noindex","follow":"follow","max-snippet":"max-snippet:-1","max-image-preview":"max-image-preview:large","max-video-preview":"max-video-preview:-1"},"og_locale":"de_DE","og_type":"article","og_title":"Machtpolitik l\u00f6st laut Merz regelbasierte Weltordnung zunehmend ab - vof-news.eu","og_description":"Deutschland befindet sich angesichts des Ukrainekriegs und der","og_url":"https:\/\/vof-news.eu\/de\/machtpolitik-lost-laut-merz-regelbasierte-weltordnung-zunehmend-ab\/","og_site_name":"vof-news.eu","article_published_time":"2025-09-30T00:28:12+00:00","article_modified_time":"2025-09-30T00:29:00+00:00","og_image":[{"width":1000,"height":562,"url":"https:\/\/vof-news.eu\/wp-content\/uploads\/2025\/09\/wide__1000x562-121.jpg","type":"image\/jpeg"}],"author":"Author","twitter_card":"summary_large_image","twitter_misc":{"Verfasst von":"Author","Gesch\u00e4tzte Lesezeit":"2\u00a0Minuten"},"schema":{"@context":"https:\/\/schema.org","@graph":[{"@type":"WebPage","@id":"https:\/\/vof-news.eu\/de\/machtpolitik-lost-laut-merz-regelbasierte-weltordnung-zunehmend-ab\/","url":"https:\/\/vof-news.eu\/de\/machtpolitik-lost-laut-merz-regelbasierte-weltordnung-zunehmend-ab\/","name":"Machtpolitik l\u00f6st laut Merz regelbasierte Weltordnung zunehmend ab - vof-news.eu","isPartOf":{"@id":"https:\/\/vof-news.eu\/de\/#website"},"primaryImageOfPage":{"@id":"https:\/\/vof-news.eu\/de\/machtpolitik-lost-laut-merz-regelbasierte-weltordnung-zunehmend-ab\/#primaryimage"},"image":{"@id":"https:\/\/vof-news.eu\/de\/machtpolitik-lost-laut-merz-regelbasierte-weltordnung-zunehmend-ab\/#primaryimage"},"thumbnailUrl":"https:\/\/vof-news.eu\/wp-content\/uploads\/2025\/09\/wide__1000x562-121.jpg","datePublished":"2025-09-30T00:28:12+00:00","dateModified":"2025-09-30T00:29:00+00:00","author":{"@id":"https:\/\/vof-news.eu\/de\/#\/schema\/person\/f6a2a4309f0561835797fd8c19b333ed"},"description":"Deutschland befindet sich angesichts des Ukrainekriegs und der","breadcrumb":{"@id":"https:\/\/vof-news.eu\/de\/machtpolitik-lost-laut-merz-regelbasierte-weltordnung-zunehmend-ab\/#breadcrumb"},"inLanguage":"de","potentialAction":[{"@type":"ReadAction","target":["https:\/\/vof-news.eu\/de\/machtpolitik-lost-laut-merz-regelbasierte-weltordnung-zunehmend-ab\/"]}]},{"@type":"ImageObject","inLanguage":"de","@id":"https:\/\/vof-news.eu\/de\/machtpolitik-lost-laut-merz-regelbasierte-weltordnung-zunehmend-ab\/#primaryimage","url":"https:\/\/vof-news.eu\/wp-content\/uploads\/2025\/09\/wide__1000x562-121.jpg","contentUrl":"https:\/\/vof-news.eu\/wp-content\/uploads\/2025\/09\/wide__1000x562-121.jpg","width":1000,"height":562},{"@type":"BreadcrumbList","@id":"https:\/\/vof-news.eu\/de\/machtpolitik-lost-laut-merz-regelbasierte-weltordnung-zunehmend-ab\/#breadcrumb","itemListElement":[{"@type":"ListItem","position":1,"name":"Home","item":"https:\/\/vof-news.eu\/de\/"},{"@type":"ListItem","position":2,"name":"Machtpolitik l\u00f6st laut Merz regelbasierte Weltordnung zunehmend ab"}]},{"@type":"WebSite","@id":"https:\/\/vof-news.eu\/de\/#website","url":"https:\/\/vof-news.eu\/de\/","name":"vof-news.eu","description":"","potentialAction":[{"@type":"SearchAction","target":{"@type":"EntryPoint","urlTemplate":"https:\/\/vof-news.eu\/de\/?s={search_term_string}"},"query-input":"required name=search_term_string"}],"inLanguage":"de"},{"@type":"Person","@id":"https:\/\/vof-news.eu\/de\/#\/schema\/person\/f6a2a4309f0561835797fd8c19b333ed","name":"Author","image":{"@type":"ImageObject","inLanguage":"de","@id":"https:\/\/vof-news.eu\/de\/#\/schema\/person\/image\/","url":"https:\/\/secure.gravatar.com\/avatar\/b67e614b1b25b3e9c0c239efdd2fde5ab015b5affd6f1c3c85911ca4b384e790?s=96&d=mm&r=g","contentUrl":"https:\/\/secure.gravatar.com\/avatar\/b67e614b1b25b3e9c0c239efdd2fde5ab015b5affd6f1c3c85911ca4b384e790?s=96&d=mm&r=g","caption":"Author"},"sameAs":["http:\/\/vof-news.eu"],"url":"https:\/\/vof-news.eu\/de\/author\/zwt6qxnjulxbnyg\/"}]}},"yoast_meta":{"yoast_wpseo_title":"","yoast_wpseo_metadesc":"","yoast_wpseo_canonical":""},"_links":{"self":[{"href":"https:\/\/vof-news.eu\/de\/wp-json\/wp\/v2\/posts\/280752","targetHints":{"allow":["GET"]}}],"collection":[{"href":"https:\/\/vof-news.eu\/de\/wp-json\/wp\/v2\/posts"}],"about":[{"href":"https:\/\/vof-news.eu\/de\/wp-json\/wp\/v2\/types\/post"}],"author":[{"embeddable":true,"href":"https:\/\/vof-news.eu\/de\/wp-json\/wp\/v2\/users\/1"}],"replies":[{"embeddable":true,"href":"https:\/\/vof-news.eu\/de\/wp-json\/wp\/v2\/comments?post=280752"}],"version-history":[{"count":1,"href":"https:\/\/vof-news.eu\/de\/wp-json\/wp\/v2\/posts\/280752\/revisions"}],"predecessor-version":[{"id":280759,"href":"https:\/\/vof-news.eu\/de\/wp-json\/wp\/v2\/posts\/280752\/revisions\/280759"}],"wp:featuredmedia":[{"embeddable":true,"href":"https:\/\/vof-news.eu\/de\/wp-json\/wp\/v2\/media\/280753"}],"wp:attachment":[{"href":"https:\/\/vof-news.eu\/de\/wp-json\/wp\/v2\/media?parent=280752"}],"wp:term":[{"taxonomy":"category","embeddable":true,"href":"https:\/\/vof-news.eu\/de\/wp-json\/wp\/v2\/categories?post=280752"},{"taxonomy":"post_tag","embeddable":true,"href":"https:\/\/vof-news.eu\/de\/wp-json\/wp\/v2\/tags?post=280752"}],"curies":[{"name":"wp","href":"https:\/\/api.w.org\/{rel}","templated":true}]}}