{"id":280580,"date":"2025-09-29T17:28:05","date_gmt":"2025-09-29T14:28:05","guid":{"rendered":"https:\/\/vof-news.eu\/eu-politiker-werten-wahlergebnis-in-moldau-als-absage-an-russland\/"},"modified":"2025-09-29T17:28:56","modified_gmt":"2025-09-29T14:28:56","slug":"eu-politiker-werten-wahlergebnis-in-moldau-als-absage-an-russland","status":"publish","type":"post","link":"https:\/\/vof-news.eu\/de\/eu-politiker-werten-wahlergebnis-in-moldau-als-absage-an-russland\/","title":{"rendered":"EU-Politiker werten Wahlergebnis in Moldau als Absage an Russland"},"content":{"rendered":"<div>\n<p>Mehrere f\u00fchrende EU-Politiker haben sich erleichtert \u00fcber den <a href=\"https:\/\/www.zeit.de\/politik\/ausland\/2025-09\/proeuropaeische-partei-fuehrt-bei-wahl-in-moldau\" rel=\"nofollow\">Wahlsieg der proeurop\u00e4ischen Regierungspartei in der Republik Moldau<\/a> ge\u00e4u\u00dfert und das Ergebnis als klare Absage der W\u00e4hlerinnen und W\u00e4hler an<br \/>\n<span><a href=\"https:\/\/www.zeit.de\/thema\/russland\" rel=\"nofollow\">Russland<\/a><\/span> begr\u00fc\u00dft.\u00a0\n<\/p>\n<p>&#8222;Unsere T\u00fcr ist offen. Und<br \/>\nwir werden Ihnen bei jedem Schritt zur Seite stehen&#8220;, schrieb EU-Kommissionspr\u00e4sidentin Ursula von der Leyen auf der Plattform X. Die Bev\u00f6lkerung des Landes habe sich f\u00fcr Europa,<br \/>\nDemokratie und Freiheit entschieden. In<br \/>\n<a href=\"https:\/\/www.zeit.de\/politik\/ausland\/2025-09\/moldau-parlamentswahl-bombendrohung-russland-einfluss\" rel=\"nofollow\">Anspielung auf russische Beeinflussungsversuche<\/a> schrieb von der Leyen, dass kein Versuch, Angst und<br \/>\n Spaltung zu s\u00e4en, den Willen des Staates habe brechen k\u00f6nnen.\u00a0\n<\/p>\n<p>Auch EU-Ratspr\u00e4sident Ant\u00f3nio Costa sagte, die Menschen in <span><a href=\"https:\/\/www.zeit.de\/thema\/moldau\" rel=\"nofollow\">Moldau<\/a><\/span> h\u00e4tten sich &#8222;f\u00fcr Demokratie, Reformen und<br \/>\neine europ\u00e4ische Zukunft entschieden, im Angesicht von Druck und<br \/>\nEinmischung aus Russland&#8220;.\u00a0\n<\/p>\n<h2>Europ\u00e4ische Staats- und Regierungschefs \u00e4u\u00dfern sich erleichtert \u00fcber den Wahlsieg Sandus<\/h2>\n<p>Bundesau\u00dfenminister Johann Wadephul versprach Moldau <a href=\"https:\/\/www.zeit.de\/politik\/ausland\/2025-09\/moldau-parlamentswahl-sandu-proeuropa\" rel=\"nofollow\">Unterst\u00fctzung bei dessen EU-Kurs<\/a>. &#8222;Wir nehmen diese Wahl der<br \/>\nMoldauerinnen und Moldauer ernst und werden alles tun, um Moldau<br \/>\nauf seinem Weg in die Europ\u00e4ische Union weiter kraftvoll zu<br \/>\nunterst\u00fctzen&#8220;, sagte Wadephul bei einem Treffen<br \/>\nmehrerer europ\u00e4ischer Au\u00dfenminister in Warschau. Die Menschen in<br \/>\ndem s\u00fcdosteurop\u00e4ischen Land h\u00e4tten sich f\u00fcr Freiheit,<br \/>\nDemokratie, Rechtsstaatlichkeit und die Aussicht auf eine gute<br \/>\nZukunft entschieden. &#8222;Sie haben aus \u00dcberzeugung Europa gew\u00e4hlt,<br \/>\ntrotz aller Versuche aus Moskau, die Wahlen zu beeinflussen&#8220;,<br \/>\nsagte Wadephul.\u00a0\n<\/p>\n<p>Auch <a href=\"https:\/\/www.zeit.de\/politik\/ausland\/2025-08\/chisinau-friedrich-merz-verspricht-moldau-unterstuetzung-russische-desinformation\" rel=\"nofollow\">Bundeskanzler Friedrich Merz (CDU)<\/a>, Frankreichs Pr\u00e4sident Emmanuel<br \/>\nMacron und Polens Regierungschef Donald Tusk gratulierten der moldauischen Bev\u00f6lkerung zu ihrem &#8222;Bekenntnis zur Demokratie an einem<br \/>\nentscheidenden Scheideweg&#8220;. Trotz &#8222;<a href=\"https:\/\/www.zeit.de\/politik\/ausland\/2024-12\/russische-sabotage-europa-spionage-pipelines-hackerangriffe\" rel=\"nofollow\">beispielloser Einmischung<br \/>\nRusslands<\/a>, unter anderem durch Stimmenkauf und Desinformation&#8220;, sei der moldauischen<br \/>\n Gesellschaft und den Beh\u00f6rden eine &#8222;friedliche Durchf\u00fchrung der Wahlen&#8220;<br \/>\n gelungen, teilten die drei Staats- und Regierungschefs des sogenannten<br \/>\n Weimarer Dreiecks in einer gemeinsamen Stellungnahme mit.\u00a0\n<\/p>\n<p>Russlands &#8222;hybride Versuche zielten darauf ab, die<br \/>\ndemokratischen Institutionen des Landes und seinen Weg in die<br \/>\n<a href=\"https:\/\/www.zeit.de\/thema\/europaeische-union\" rel=\"nofollow\">Europ\u00e4ische Union<\/a> zu untergraben&#8220;, hie\u00df es in dem Statement weiter. Dies werde aber nicht<br \/>\ngelingen. Deutschland, Frankreich und Polen seien entschlossen, die demokratische Entwicklung, die Reformen und das Wirtschaftswachstum Moldaus weiter zu unterst\u00fctzen und die Widerstandsf\u00e4higkeit des Landes zu st\u00e4rken, teilten Merz, Macron und Tusk mit.\u00a0\n<\/p>\n<h2>Selenskyj fordert europ\u00e4ischen Widerstand gegen russische Expansionsversuche<\/h2>\n<p>Auch der Pr\u00e4sident des Nachbarlandes Ukraine zeigte sich erleichtert. Es sei Russland nicht gelungen, &#8222;Moldau<br \/>\n zu destabilisieren, auch wenn es gro\u00dfe Mittel in Chaos und die<br \/>\nKorruption aller, die es erreichen konnte, investiert hat&#8220;, sagte\u00a0<a href=\"https:\/\/www.zeit.de\/thema\/wolodymyr-selenskyj\" rel=\"nofollow\">Wolodymyr Selenskyj<\/a>\u00a0in einer Videoschalte in der polnischen Hauptstadt Warschau.\n<\/p>\n<p>Europa m\u00fcsse Widerstand leisten, wenn Moskau<br \/>\nweitere L\u00e4nder in seinen Herrschaftsbereich ziehen wolle, sagte Selenskyj und verwies auf Belarus, das eng an Russland gebunden ist, und<br \/>\nGeorgien, wo die Regierung den Beitrittsprozess zur <span><a href=\"https:\/\/www.zeit.de\/thema\/europaeische-union\" rel=\"nofollow\">EU<\/a><\/span> gegen den Protest<br \/>\n der Bev\u00f6lkerung gestoppt hat. &#8222;Wir k\u00f6nnen es uns nicht leisten, auch<br \/>\nnur einen Tag oder ein anderes Land zu verlieren nach der Wahl in Moldau.&#8220; Die Ukraine, Moldau und auch Georgien sind seit 2022 <a href=\"https:\/\/www.zeit.de\/thema\/eu-beitritt\" rel=\"nofollow\">Beitrittskandidaten der Europ\u00e4ischen Union.<\/a>\n<\/p>\n<p>Bei der <span><a href=\"https:\/\/www.zeit.de\/thema\/parlamentswahl\" rel=\"nofollow\">Parlamentswahl<\/a><\/span> am Sonntag kam die PAS nach<br \/>\nAusz\u00e4hlung fast aller Stimmen auf 50,1 Prozent. Der prorussische Patriotische Block erreichte demnach 24,2 Prozent.<br \/>\nDamit kann die PAS ihren Weg zu einem EU-Beitritt fortsetzen, ohne auf einen Koalitionspartner angewiesen zu sein.\u00a0Die Regierung in Moldau hatte <a href=\"https:\/\/www.zeit.de\/politik\/ausland\/2025-09\/moldau-parlamentswahl-russland-maia-sandu\" rel=\"nofollow\">Russland vorgeworfen, massiv Einfluss auf die Wahl genommen zu haben<\/a>. Die russische Regierung hatte die Vorw\u00fcrfe zur\u00fcckgewiesen.\n<\/p>\n<h2>Russland wirft Moldau vor, Moldauer in Russland an Wahl gehindert zu haben<\/h2>\n<p>Die russische Regierung wirft der Republik Moldau stattdessen vor, Hunderttausende im russischen Staatsgebiet lebende Moldauer an der Stimmabgabe bei den Parlamentswahlen gehindert zu haben, weil auf russischem Gebiet nur zwei Wahllokale ge\u00f6ffnet worden seien. In Russland leben Hunderttausende Moldauer. Das moldauische Au\u00dfenministerium hatte am Wahltag jedoch angek\u00fcndigt, in den beiden russischen Wahllokalen nur 5.000 Stimmzettel zur Verf\u00fcgung zu stellen und begr\u00fcndete dies mit Sicherheitsma\u00dfnahmen, die es jedoch nicht konkreter benannte. Die russische Regierung kritisierte, dass es vergleichbare Beschr\u00e4nkungen nicht gebe f\u00fcr die mehr als 250.000 Moldauer B\u00fcrger in EU-L\u00e4ndern, die traditionell proeurop\u00e4isch w\u00e4hlen.\u00a0\u00a0\n<\/p>\n<p>Dar\u00fcber hinaus wolle Russland sich allerdings mit einer Bewertung der Wahl zur\u00fcckhalten und dies den politischen Parteien und Bl\u00f6cken in Moskau \u00fcberlassen, wie Regierungssprecher Dmitri Peskow mitteilte. Russland hatte den prorussischen Patriotischen Block<br \/>\num den fr\u00fcheren moldauischen Pr\u00e4sidenten Igor Dodon unterst\u00fctzt, der bei den Wahlen mit deutlichem Abstand auf dem zweiten Platz landete.\n<\/p>\n<\/div>\n","protected":false},"excerpt":{"rendered":"<p>Mehrere f\u00fchrende EU-Politiker haben sich erleichtert \u00fcber den Wahlsieg der proeurop\u00e4ischen Regierungspartei in der Republik Moldau ge\u00e4u\u00dfert und das Ergebnis als klare Absage der W\u00e4hlerinnen und W\u00e4hler an Russland begr\u00fc\u00dft.\u00a0 &#8222;Unsere T\u00fcr ist offen. Und wir werden Ihnen bei jedem Schritt zur Seite stehen&#8220;, schrieb EU-Kommissionspr\u00e4sidentin Ursula von der Leyen auf der Plattform X. Die<\/p>\n","protected":false},"author":1,"featured_media":280581,"comment_status":"open","ping_status":"open","sticky":false,"template":"","format":"standard","meta":{"footnotes":""},"categories":[116],"tags":[],"class_list":["post-280580","post","type-post","status-publish","format-standard","has-post-thumbnail","hentry","category-war-chronicles-de"],"acf":[],"yoast_head":"<!-- This site is optimized with the Yoast SEO plugin v22.9 - https:\/\/yoast.com\/wordpress\/plugins\/seo\/ -->\n<title>EU-Politiker werten Wahlergebnis in Moldau als Absage an Russland - vof-news.eu<\/title>\n<meta name=\"description\" content=\"Mehrere f\u00fchrende EU-Politiker haben sich erleichtert \u00fcber den Wahlsieg der proeurop\u00e4ischen Regierungspartei in der Republik Moldau ge\u00e4u\u00dfert und das Ergebnis als klare Absage der W\u00e4hlerinnen und W\u00e4hler an\" \/>\n<meta name=\"robots\" content=\"noindex, follow, max-snippet:-1, max-image-preview:large, max-video-preview:-1\" \/>\n<meta property=\"og:locale\" content=\"de_DE\" \/>\n<meta property=\"og:type\" content=\"article\" \/>\n<meta property=\"og:title\" content=\"EU-Politiker werten Wahlergebnis in Moldau als Absage an Russland - vof-news.eu\" \/>\n<meta property=\"og:description\" content=\"Mehrere f\u00fchrende EU-Politiker haben sich erleichtert \u00fcber den Wahlsieg der proeurop\u00e4ischen Regierungspartei in der Republik Moldau ge\u00e4u\u00dfert und das Ergebnis als klare Absage der W\u00e4hlerinnen und W\u00e4hler an\" \/>\n<meta property=\"og:url\" content=\"https:\/\/vof-news.eu\/de\/eu-politiker-werten-wahlergebnis-in-moldau-als-absage-an-russland\/\" \/>\n<meta property=\"og:site_name\" content=\"vof-news.eu\" \/>\n<meta property=\"article:published_time\" content=\"2025-09-29T14:28:05+00:00\" \/>\n<meta property=\"article:modified_time\" content=\"2025-09-29T14:28:56+00:00\" \/>\n<meta property=\"og:image\" content=\"https:\/\/vof-news.eu\/wp-content\/uploads\/2025\/09\/wide__1000x562-118.jpg\" \/>\n\t<meta property=\"og:image:width\" content=\"1000\" \/>\n\t<meta property=\"og:image:height\" content=\"562\" \/>\n\t<meta property=\"og:image:type\" content=\"image\/jpeg\" \/>\n<meta name=\"author\" content=\"Author\" \/>\n<meta name=\"twitter:card\" content=\"summary_large_image\" \/>\n<meta name=\"twitter:label1\" content=\"Verfasst von\" \/>\n\t<meta name=\"twitter:data1\" content=\"Author\" \/>\n\t<meta name=\"twitter:label2\" content=\"Gesch\u00e4tzte Lesezeit\" \/>\n\t<meta name=\"twitter:data2\" content=\"4\u00a0Minuten\" \/>\n<script type=\"application\/ld+json\" class=\"yoast-schema-graph\">{\"@context\":\"https:\/\/schema.org\",\"@graph\":[{\"@type\":\"WebPage\",\"@id\":\"https:\/\/vof-news.eu\/de\/eu-politiker-werten-wahlergebnis-in-moldau-als-absage-an-russland\/\",\"url\":\"https:\/\/vof-news.eu\/de\/eu-politiker-werten-wahlergebnis-in-moldau-als-absage-an-russland\/\",\"name\":\"EU-Politiker werten Wahlergebnis in Moldau als Absage an Russland - vof-news.eu\",\"isPartOf\":{\"@id\":\"https:\/\/vof-news.eu\/de\/#website\"},\"primaryImageOfPage\":{\"@id\":\"https:\/\/vof-news.eu\/de\/eu-politiker-werten-wahlergebnis-in-moldau-als-absage-an-russland\/#primaryimage\"},\"image\":{\"@id\":\"https:\/\/vof-news.eu\/de\/eu-politiker-werten-wahlergebnis-in-moldau-als-absage-an-russland\/#primaryimage\"},\"thumbnailUrl\":\"https:\/\/vof-news.eu\/wp-content\/uploads\/2025\/09\/wide__1000x562-118.jpg\",\"datePublished\":\"2025-09-29T14:28:05+00:00\",\"dateModified\":\"2025-09-29T14:28:56+00:00\",\"author\":{\"@id\":\"https:\/\/vof-news.eu\/de\/#\/schema\/person\/f6a2a4309f0561835797fd8c19b333ed\"},\"description\":\"Mehrere f\u00fchrende EU-Politiker haben sich erleichtert \u00fcber den Wahlsieg der proeurop\u00e4ischen Regierungspartei in der Republik Moldau ge\u00e4u\u00dfert und das Ergebnis als klare Absage der W\u00e4hlerinnen und W\u00e4hler an\",\"breadcrumb\":{\"@id\":\"https:\/\/vof-news.eu\/de\/eu-politiker-werten-wahlergebnis-in-moldau-als-absage-an-russland\/#breadcrumb\"},\"inLanguage\":\"de\",\"potentialAction\":[{\"@type\":\"ReadAction\",\"target\":[\"https:\/\/vof-news.eu\/de\/eu-politiker-werten-wahlergebnis-in-moldau-als-absage-an-russland\/\"]}]},{\"@type\":\"ImageObject\",\"inLanguage\":\"de\",\"@id\":\"https:\/\/vof-news.eu\/de\/eu-politiker-werten-wahlergebnis-in-moldau-als-absage-an-russland\/#primaryimage\",\"url\":\"https:\/\/vof-news.eu\/wp-content\/uploads\/2025\/09\/wide__1000x562-118.jpg\",\"contentUrl\":\"https:\/\/vof-news.eu\/wp-content\/uploads\/2025\/09\/wide__1000x562-118.jpg\",\"width\":1000,\"height\":562},{\"@type\":\"BreadcrumbList\",\"@id\":\"https:\/\/vof-news.eu\/de\/eu-politiker-werten-wahlergebnis-in-moldau-als-absage-an-russland\/#breadcrumb\",\"itemListElement\":[{\"@type\":\"ListItem\",\"position\":1,\"name\":\"Home\",\"item\":\"https:\/\/vof-news.eu\/de\/\"},{\"@type\":\"ListItem\",\"position\":2,\"name\":\"EU-Politiker werten Wahlergebnis in Moldau als Absage an Russland\"}]},{\"@type\":\"WebSite\",\"@id\":\"https:\/\/vof-news.eu\/de\/#website\",\"url\":\"https:\/\/vof-news.eu\/de\/\",\"name\":\"vof-news.eu\",\"description\":\"\",\"potentialAction\":[{\"@type\":\"SearchAction\",\"target\":{\"@type\":\"EntryPoint\",\"urlTemplate\":\"https:\/\/vof-news.eu\/de\/?s={search_term_string}\"},\"query-input\":\"required name=search_term_string\"}],\"inLanguage\":\"de\"},{\"@type\":\"Person\",\"@id\":\"https:\/\/vof-news.eu\/de\/#\/schema\/person\/f6a2a4309f0561835797fd8c19b333ed\",\"name\":\"Author\",\"image\":{\"@type\":\"ImageObject\",\"inLanguage\":\"de\",\"@id\":\"https:\/\/vof-news.eu\/de\/#\/schema\/person\/image\/\",\"url\":\"https:\/\/secure.gravatar.com\/avatar\/b67e614b1b25b3e9c0c239efdd2fde5ab015b5affd6f1c3c85911ca4b384e790?s=96&d=mm&r=g\",\"contentUrl\":\"https:\/\/secure.gravatar.com\/avatar\/b67e614b1b25b3e9c0c239efdd2fde5ab015b5affd6f1c3c85911ca4b384e790?s=96&d=mm&r=g\",\"caption\":\"Author\"},\"sameAs\":[\"http:\/\/vof-news.eu\"],\"url\":\"https:\/\/vof-news.eu\/de\/author\/zwt6qxnjulxbnyg\/\"}]}<\/script>\n<!-- \/ Yoast SEO plugin. -->","yoast_head_json":{"title":"EU-Politiker werten Wahlergebnis in Moldau als Absage an Russland - vof-news.eu","description":"Mehrere f\u00fchrende EU-Politiker haben sich erleichtert \u00fcber den Wahlsieg der proeurop\u00e4ischen Regierungspartei in der Republik Moldau ge\u00e4u\u00dfert und das Ergebnis als klare Absage der W\u00e4hlerinnen und W\u00e4hler an","robots":{"index":"noindex","follow":"follow","max-snippet":"max-snippet:-1","max-image-preview":"max-image-preview:large","max-video-preview":"max-video-preview:-1"},"og_locale":"de_DE","og_type":"article","og_title":"EU-Politiker werten Wahlergebnis in Moldau als Absage an Russland - vof-news.eu","og_description":"Mehrere f\u00fchrende EU-Politiker haben sich erleichtert \u00fcber den Wahlsieg der proeurop\u00e4ischen Regierungspartei in der Republik Moldau ge\u00e4u\u00dfert und das Ergebnis als klare Absage der W\u00e4hlerinnen und W\u00e4hler an","og_url":"https:\/\/vof-news.eu\/de\/eu-politiker-werten-wahlergebnis-in-moldau-als-absage-an-russland\/","og_site_name":"vof-news.eu","article_published_time":"2025-09-29T14:28:05+00:00","article_modified_time":"2025-09-29T14:28:56+00:00","og_image":[{"width":1000,"height":562,"url":"https:\/\/vof-news.eu\/wp-content\/uploads\/2025\/09\/wide__1000x562-118.jpg","type":"image\/jpeg"}],"author":"Author","twitter_card":"summary_large_image","twitter_misc":{"Verfasst von":"Author","Gesch\u00e4tzte Lesezeit":"4\u00a0Minuten"},"schema":{"@context":"https:\/\/schema.org","@graph":[{"@type":"WebPage","@id":"https:\/\/vof-news.eu\/de\/eu-politiker-werten-wahlergebnis-in-moldau-als-absage-an-russland\/","url":"https:\/\/vof-news.eu\/de\/eu-politiker-werten-wahlergebnis-in-moldau-als-absage-an-russland\/","name":"EU-Politiker werten Wahlergebnis in Moldau als Absage an Russland - vof-news.eu","isPartOf":{"@id":"https:\/\/vof-news.eu\/de\/#website"},"primaryImageOfPage":{"@id":"https:\/\/vof-news.eu\/de\/eu-politiker-werten-wahlergebnis-in-moldau-als-absage-an-russland\/#primaryimage"},"image":{"@id":"https:\/\/vof-news.eu\/de\/eu-politiker-werten-wahlergebnis-in-moldau-als-absage-an-russland\/#primaryimage"},"thumbnailUrl":"https:\/\/vof-news.eu\/wp-content\/uploads\/2025\/09\/wide__1000x562-118.jpg","datePublished":"2025-09-29T14:28:05+00:00","dateModified":"2025-09-29T14:28:56+00:00","author":{"@id":"https:\/\/vof-news.eu\/de\/#\/schema\/person\/f6a2a4309f0561835797fd8c19b333ed"},"description":"Mehrere f\u00fchrende EU-Politiker haben sich erleichtert \u00fcber den Wahlsieg der proeurop\u00e4ischen Regierungspartei in der Republik Moldau ge\u00e4u\u00dfert und das Ergebnis als klare Absage der W\u00e4hlerinnen und W\u00e4hler an","breadcrumb":{"@id":"https:\/\/vof-news.eu\/de\/eu-politiker-werten-wahlergebnis-in-moldau-als-absage-an-russland\/#breadcrumb"},"inLanguage":"de","potentialAction":[{"@type":"ReadAction","target":["https:\/\/vof-news.eu\/de\/eu-politiker-werten-wahlergebnis-in-moldau-als-absage-an-russland\/"]}]},{"@type":"ImageObject","inLanguage":"de","@id":"https:\/\/vof-news.eu\/de\/eu-politiker-werten-wahlergebnis-in-moldau-als-absage-an-russland\/#primaryimage","url":"https:\/\/vof-news.eu\/wp-content\/uploads\/2025\/09\/wide__1000x562-118.jpg","contentUrl":"https:\/\/vof-news.eu\/wp-content\/uploads\/2025\/09\/wide__1000x562-118.jpg","width":1000,"height":562},{"@type":"BreadcrumbList","@id":"https:\/\/vof-news.eu\/de\/eu-politiker-werten-wahlergebnis-in-moldau-als-absage-an-russland\/#breadcrumb","itemListElement":[{"@type":"ListItem","position":1,"name":"Home","item":"https:\/\/vof-news.eu\/de\/"},{"@type":"ListItem","position":2,"name":"EU-Politiker werten Wahlergebnis in Moldau als Absage an Russland"}]},{"@type":"WebSite","@id":"https:\/\/vof-news.eu\/de\/#website","url":"https:\/\/vof-news.eu\/de\/","name":"vof-news.eu","description":"","potentialAction":[{"@type":"SearchAction","target":{"@type":"EntryPoint","urlTemplate":"https:\/\/vof-news.eu\/de\/?s={search_term_string}"},"query-input":"required name=search_term_string"}],"inLanguage":"de"},{"@type":"Person","@id":"https:\/\/vof-news.eu\/de\/#\/schema\/person\/f6a2a4309f0561835797fd8c19b333ed","name":"Author","image":{"@type":"ImageObject","inLanguage":"de","@id":"https:\/\/vof-news.eu\/de\/#\/schema\/person\/image\/","url":"https:\/\/secure.gravatar.com\/avatar\/b67e614b1b25b3e9c0c239efdd2fde5ab015b5affd6f1c3c85911ca4b384e790?s=96&d=mm&r=g","contentUrl":"https:\/\/secure.gravatar.com\/avatar\/b67e614b1b25b3e9c0c239efdd2fde5ab015b5affd6f1c3c85911ca4b384e790?s=96&d=mm&r=g","caption":"Author"},"sameAs":["http:\/\/vof-news.eu"],"url":"https:\/\/vof-news.eu\/de\/author\/zwt6qxnjulxbnyg\/"}]}},"yoast_meta":{"yoast_wpseo_title":"","yoast_wpseo_metadesc":"","yoast_wpseo_canonical":""},"_links":{"self":[{"href":"https:\/\/vof-news.eu\/de\/wp-json\/wp\/v2\/posts\/280580","targetHints":{"allow":["GET"]}}],"collection":[{"href":"https:\/\/vof-news.eu\/de\/wp-json\/wp\/v2\/posts"}],"about":[{"href":"https:\/\/vof-news.eu\/de\/wp-json\/wp\/v2\/types\/post"}],"author":[{"embeddable":true,"href":"https:\/\/vof-news.eu\/de\/wp-json\/wp\/v2\/users\/1"}],"replies":[{"embeddable":true,"href":"https:\/\/vof-news.eu\/de\/wp-json\/wp\/v2\/comments?post=280580"}],"version-history":[{"count":1,"href":"https:\/\/vof-news.eu\/de\/wp-json\/wp\/v2\/posts\/280580\/revisions"}],"predecessor-version":[{"id":280587,"href":"https:\/\/vof-news.eu\/de\/wp-json\/wp\/v2\/posts\/280580\/revisions\/280587"}],"wp:featuredmedia":[{"embeddable":true,"href":"https:\/\/vof-news.eu\/de\/wp-json\/wp\/v2\/media\/280581"}],"wp:attachment":[{"href":"https:\/\/vof-news.eu\/de\/wp-json\/wp\/v2\/media?parent=280580"}],"wp:term":[{"taxonomy":"category","embeddable":true,"href":"https:\/\/vof-news.eu\/de\/wp-json\/wp\/v2\/categories?post=280580"},{"taxonomy":"post_tag","embeddable":true,"href":"https:\/\/vof-news.eu\/de\/wp-json\/wp\/v2\/tags?post=280580"}],"curies":[{"name":"wp","href":"https:\/\/api.w.org\/{rel}","templated":true}]}}