{"id":280138,"date":"2025-09-28T13:28:10","date_gmt":"2025-09-28T10:28:10","guid":{"rendered":"https:\/\/vof-news.eu\/moldaus-prasidentin-ruft-zu-proeuropaischer-wahl-auf\/"},"modified":"2025-09-28T13:29:08","modified_gmt":"2025-09-28T10:29:08","slug":"moldaus-prasidentin-ruft-zu-proeuropaischer-wahl-auf","status":"publish","type":"post","link":"https:\/\/vof-news.eu\/de\/moldaus-prasidentin-ruft-zu-proeuropaischer-wahl-auf\/","title":{"rendered":"Moldaus Pr\u00e4sidentin ruft zu proeurop\u00e4ischer Wahl auf"},"content":{"rendered":"<div>\n<p>In der Republik <span><a href=\"https:\/\/www.zeit.de\/thema\/moldau\" rel=\"nofollow\">Moldau<\/a><\/span> hat Pr\u00e4sidentin Maia Sandu am Tag der Parlamentswahl die W\u00e4hlerinnen und W\u00e4hler zur Stimmabgabe f\u00fcr den proeurop\u00e4ischen Kurs des Landes aufgerufen. &#8222;Moldau, unser liebes Zuhause, ist in Gefahr und braucht die Hilfe von jedem von euch&#8220;, sagte Sandu in der Hauptstadt Chi\u0219in\u0103u.\u00a0Sandu hat in der Vergangenheit immer wieder vor einer Einflussnahme Moskaus gewarnt und rief die Menschen auf, ihre Stimme nicht zu verkaufen.\u00a0\n<\/p>\n<p>Moldau ist wie sein Nachbarland Ukraine ein EU-Beitrittskandidat. Es sieht sich zwischen einem prowestlichen Kurs und <span><a href=\"https:\/\/www.zeit.de\/thema\/russland\" rel=\"nofollow\">Russland<\/a><\/span> hin- und hergerissen. &#8222;Lasst uns den Dieben und Verr\u00e4tern nicht erlauben, unsere Zukunft zu verkaufen&#8220;, sagte Sandu mit Blick auf die prorussischen Kr\u00e4fte, die auf Stimmenzuwachs im Parlament hoffen. Sie selbst habe ihre Stimme f\u00fcr ein Parlament abgegeben, mit dem weiter ein europ\u00e4isches Moldau aufgebaut werden k\u00f6nne, sagte Sandu, die die Regierungspartei Partei Aktion und Solidarit\u00e4t (PAS) gegr\u00fcndet hatte, aber \u00fcberparteilich agiert.\u00a0\n<\/p>\n<h2>Proeurop\u00e4ische Kr\u00e4fte setzen auf Wahlberechtigte in der EU<\/h2>\n<p>Die prowestliche PAS k\u00f6nnte wegen der gro\u00dfen Unzufriedenheit in dem verarmten Agrarland die absolute Mehrheit verlieren. Das k\u00f6nnte k\u00fcnftig auch Reformen auf dem Weg zu einem EU-Beitritt erschweren. Sandu setzt daher auch auf die gro\u00dfe Diaspora der Moldauer in der <span><a href=\"https:\/\/www.zeit.de\/thema\/europaeische-union\" rel=\"nofollow\">EU<\/a><\/span>, die ihr bereits in der Vergangenheit Mehrheiten verschafften. Auch in Moldau verteilten Aktivisten am Wahltag EU-Werbung f\u00fcr ein besseres Leben.\n<\/p>\n<p>Die russische Regierung wirft der F\u00fchrung in Moldau dagegen vor, die Abstimmung zu manipulieren, indem f\u00fcr 250.000 Wahlberechtigte in Russland nur zwei Wahllokale ge\u00f6ffnet w\u00fcrden, w\u00e4hrend es in Europa Hunderte seien. Bei vergangenen Wahlen beklagten Moldauer in Russland, sie h\u00e4tten ihre Stimme nicht abgeben k\u00f6nnen, weil nicht gen\u00fcgend Zeit oder Wahlzettel vorhanden gewesen seien.\n<\/p>\n<p>Moldau hat rund 2,4 Millionen Einwohner. Zur Wahl aufgerufen sind auch Hunderttausende Moldauer, die im Ausland leben. Die Wahllokale im Land sind noch bis 21.00 Uhr Ortszeit ge\u00f6ffnet. Aussagekr\u00e4ftige Ergebnisse werden erst in der Nacht zu Montag erwartet.\n<\/p>\n<\/p>\n<\/div>\n","protected":false},"excerpt":{"rendered":"<p>In der Republik Moldau hat Pr\u00e4sidentin Maia Sandu am Tag der Parlamentswahl die W\u00e4hlerinnen und W\u00e4hler zur Stimmabgabe f\u00fcr den proeurop\u00e4ischen Kurs des Landes aufgerufen. &#8222;Moldau, unser liebes Zuhause, ist in Gefahr und braucht die Hilfe von jedem von euch&#8220;, sagte Sandu in der Hauptstadt Chi\u0219in\u0103u.\u00a0Sandu hat in der Vergangenheit immer wieder vor einer Einflussnahme<\/p>\n","protected":false},"author":1,"featured_media":280139,"comment_status":"open","ping_status":"open","sticky":false,"template":"","format":"standard","meta":{"footnotes":""},"categories":[116],"tags":[],"class_list":["post-280138","post","type-post","status-publish","format-standard","has-post-thumbnail","hentry","category-war-chronicles-de"],"acf":[],"yoast_head":"<!-- This site is optimized with the Yoast SEO plugin v22.9 - https:\/\/yoast.com\/wordpress\/plugins\/seo\/ -->\n<title>Moldaus Pr\u00e4sidentin ruft zu proeurop\u00e4ischer Wahl auf - vof-news.eu<\/title>\n<meta name=\"description\" content=\"In der Republik Moldau hat Pr\u00e4sidentin Maia Sandu am Tag der Parlamentswahl die W\u00e4hlerinnen und W\u00e4hler zur Stimmabgabe f\u00fcr den proeurop\u00e4ischen Kurs des Landes aufgerufen. &quot;Moldau, unser liebes Zuhause, ist in Gefahr und braucht die Hilfe von jedem von euch&quot;, sagte Sandu in der Hauptstadt Chi\u0219in\u0103u.\u00a0Sandu hat in der Vergangenheit immer wieder vor einer Einflussnahme Moskaus gewarnt und rief die Menschen auf, ihre Stimme nicht zu verkaufen.\u00a0\" \/>\n<meta name=\"robots\" content=\"noindex, follow, max-snippet:-1, max-image-preview:large, max-video-preview:-1\" \/>\n<meta property=\"og:locale\" content=\"de_DE\" \/>\n<meta property=\"og:type\" content=\"article\" \/>\n<meta property=\"og:title\" content=\"Moldaus Pr\u00e4sidentin ruft zu proeurop\u00e4ischer Wahl auf - vof-news.eu\" \/>\n<meta property=\"og:description\" content=\"In der Republik Moldau hat Pr\u00e4sidentin Maia Sandu am Tag der Parlamentswahl die W\u00e4hlerinnen und W\u00e4hler zur Stimmabgabe f\u00fcr den proeurop\u00e4ischen Kurs des Landes aufgerufen. &quot;Moldau, unser liebes Zuhause, ist in Gefahr und braucht die Hilfe von jedem von euch&quot;, sagte Sandu in der Hauptstadt Chi\u0219in\u0103u.\u00a0Sandu hat in der Vergangenheit immer wieder vor einer Einflussnahme Moskaus gewarnt und rief die Menschen auf, ihre Stimme nicht zu verkaufen.\u00a0\" \/>\n<meta property=\"og:url\" content=\"https:\/\/vof-news.eu\/de\/moldaus-prasidentin-ruft-zu-proeuropaischer-wahl-auf\/\" \/>\n<meta property=\"og:site_name\" content=\"vof-news.eu\" \/>\n<meta property=\"article:published_time\" content=\"2025-09-28T10:28:10+00:00\" \/>\n<meta property=\"article:modified_time\" content=\"2025-09-28T10:29:08+00:00\" \/>\n<meta property=\"og:image\" content=\"https:\/\/vof-news.eu\/wp-content\/uploads\/2025\/09\/wide__1000x562-114.jpg\" \/>\n\t<meta property=\"og:image:width\" content=\"1000\" \/>\n\t<meta property=\"og:image:height\" content=\"562\" \/>\n\t<meta property=\"og:image:type\" content=\"image\/jpeg\" \/>\n<meta name=\"author\" content=\"Author\" \/>\n<meta name=\"twitter:card\" content=\"summary_large_image\" \/>\n<meta name=\"twitter:label1\" content=\"Verfasst von\" \/>\n\t<meta name=\"twitter:data1\" content=\"Author\" \/>\n\t<meta name=\"twitter:label2\" content=\"Gesch\u00e4tzte Lesezeit\" \/>\n\t<meta name=\"twitter:data2\" content=\"2\u00a0Minuten\" \/>\n<script type=\"application\/ld+json\" class=\"yoast-schema-graph\">{\"@context\":\"https:\/\/schema.org\",\"@graph\":[{\"@type\":\"WebPage\",\"@id\":\"https:\/\/vof-news.eu\/de\/moldaus-prasidentin-ruft-zu-proeuropaischer-wahl-auf\/\",\"url\":\"https:\/\/vof-news.eu\/de\/moldaus-prasidentin-ruft-zu-proeuropaischer-wahl-auf\/\",\"name\":\"Moldaus Pr\u00e4sidentin ruft zu proeurop\u00e4ischer Wahl auf - vof-news.eu\",\"isPartOf\":{\"@id\":\"https:\/\/vof-news.eu\/de\/#website\"},\"primaryImageOfPage\":{\"@id\":\"https:\/\/vof-news.eu\/de\/moldaus-prasidentin-ruft-zu-proeuropaischer-wahl-auf\/#primaryimage\"},\"image\":{\"@id\":\"https:\/\/vof-news.eu\/de\/moldaus-prasidentin-ruft-zu-proeuropaischer-wahl-auf\/#primaryimage\"},\"thumbnailUrl\":\"https:\/\/vof-news.eu\/wp-content\/uploads\/2025\/09\/wide__1000x562-114.jpg\",\"datePublished\":\"2025-09-28T10:28:10+00:00\",\"dateModified\":\"2025-09-28T10:29:08+00:00\",\"author\":{\"@id\":\"https:\/\/vof-news.eu\/de\/#\/schema\/person\/f6a2a4309f0561835797fd8c19b333ed\"},\"description\":\"In der Republik Moldau hat Pr\u00e4sidentin Maia Sandu am Tag der Parlamentswahl die W\u00e4hlerinnen und W\u00e4hler zur Stimmabgabe f\u00fcr den proeurop\u00e4ischen Kurs des Landes aufgerufen. \\\"Moldau, unser liebes Zuhause, ist in Gefahr und braucht die Hilfe von jedem von euch\\\", sagte Sandu in der Hauptstadt Chi\u0219in\u0103u.\u00a0Sandu hat in der Vergangenheit immer wieder vor einer Einflussnahme Moskaus gewarnt und rief die Menschen auf, ihre Stimme nicht zu verkaufen.\u00a0\",\"breadcrumb\":{\"@id\":\"https:\/\/vof-news.eu\/de\/moldaus-prasidentin-ruft-zu-proeuropaischer-wahl-auf\/#breadcrumb\"},\"inLanguage\":\"de\",\"potentialAction\":[{\"@type\":\"ReadAction\",\"target\":[\"https:\/\/vof-news.eu\/de\/moldaus-prasidentin-ruft-zu-proeuropaischer-wahl-auf\/\"]}]},{\"@type\":\"ImageObject\",\"inLanguage\":\"de\",\"@id\":\"https:\/\/vof-news.eu\/de\/moldaus-prasidentin-ruft-zu-proeuropaischer-wahl-auf\/#primaryimage\",\"url\":\"https:\/\/vof-news.eu\/wp-content\/uploads\/2025\/09\/wide__1000x562-114.jpg\",\"contentUrl\":\"https:\/\/vof-news.eu\/wp-content\/uploads\/2025\/09\/wide__1000x562-114.jpg\",\"width\":1000,\"height\":562},{\"@type\":\"BreadcrumbList\",\"@id\":\"https:\/\/vof-news.eu\/de\/moldaus-prasidentin-ruft-zu-proeuropaischer-wahl-auf\/#breadcrumb\",\"itemListElement\":[{\"@type\":\"ListItem\",\"position\":1,\"name\":\"Home\",\"item\":\"https:\/\/vof-news.eu\/de\/\"},{\"@type\":\"ListItem\",\"position\":2,\"name\":\"Moldaus Pr\u00e4sidentin ruft zu proeurop\u00e4ischer Wahl auf\"}]},{\"@type\":\"WebSite\",\"@id\":\"https:\/\/vof-news.eu\/de\/#website\",\"url\":\"https:\/\/vof-news.eu\/de\/\",\"name\":\"vof-news.eu\",\"description\":\"\",\"potentialAction\":[{\"@type\":\"SearchAction\",\"target\":{\"@type\":\"EntryPoint\",\"urlTemplate\":\"https:\/\/vof-news.eu\/de\/?s={search_term_string}\"},\"query-input\":\"required name=search_term_string\"}],\"inLanguage\":\"de\"},{\"@type\":\"Person\",\"@id\":\"https:\/\/vof-news.eu\/de\/#\/schema\/person\/f6a2a4309f0561835797fd8c19b333ed\",\"name\":\"Author\",\"image\":{\"@type\":\"ImageObject\",\"inLanguage\":\"de\",\"@id\":\"https:\/\/vof-news.eu\/de\/#\/schema\/person\/image\/\",\"url\":\"https:\/\/secure.gravatar.com\/avatar\/b67e614b1b25b3e9c0c239efdd2fde5ab015b5affd6f1c3c85911ca4b384e790?s=96&d=mm&r=g\",\"contentUrl\":\"https:\/\/secure.gravatar.com\/avatar\/b67e614b1b25b3e9c0c239efdd2fde5ab015b5affd6f1c3c85911ca4b384e790?s=96&d=mm&r=g\",\"caption\":\"Author\"},\"sameAs\":[\"http:\/\/vof-news.eu\"],\"url\":\"https:\/\/vof-news.eu\/de\/author\/zwt6qxnjulxbnyg\/\"}]}<\/script>\n<!-- \/ Yoast SEO plugin. -->","yoast_head_json":{"title":"Moldaus Pr\u00e4sidentin ruft zu proeurop\u00e4ischer Wahl auf - vof-news.eu","description":"In der Republik Moldau hat Pr\u00e4sidentin Maia Sandu am Tag der Parlamentswahl die W\u00e4hlerinnen und W\u00e4hler zur Stimmabgabe f\u00fcr den proeurop\u00e4ischen Kurs des Landes aufgerufen. \"Moldau, unser liebes Zuhause, ist in Gefahr und braucht die Hilfe von jedem von euch\", sagte Sandu in der Hauptstadt Chi\u0219in\u0103u.\u00a0Sandu hat in der Vergangenheit immer wieder vor einer Einflussnahme Moskaus gewarnt und rief die Menschen auf, ihre Stimme nicht zu verkaufen.\u00a0","robots":{"index":"noindex","follow":"follow","max-snippet":"max-snippet:-1","max-image-preview":"max-image-preview:large","max-video-preview":"max-video-preview:-1"},"og_locale":"de_DE","og_type":"article","og_title":"Moldaus Pr\u00e4sidentin ruft zu proeurop\u00e4ischer Wahl auf - vof-news.eu","og_description":"In der Republik Moldau hat Pr\u00e4sidentin Maia Sandu am Tag der Parlamentswahl die W\u00e4hlerinnen und W\u00e4hler zur Stimmabgabe f\u00fcr den proeurop\u00e4ischen Kurs des Landes aufgerufen. \"Moldau, unser liebes Zuhause, ist in Gefahr und braucht die Hilfe von jedem von euch\", sagte Sandu in der Hauptstadt Chi\u0219in\u0103u.\u00a0Sandu hat in der Vergangenheit immer wieder vor einer Einflussnahme Moskaus gewarnt und rief die Menschen auf, ihre Stimme nicht zu verkaufen.\u00a0","og_url":"https:\/\/vof-news.eu\/de\/moldaus-prasidentin-ruft-zu-proeuropaischer-wahl-auf\/","og_site_name":"vof-news.eu","article_published_time":"2025-09-28T10:28:10+00:00","article_modified_time":"2025-09-28T10:29:08+00:00","og_image":[{"width":1000,"height":562,"url":"https:\/\/vof-news.eu\/wp-content\/uploads\/2025\/09\/wide__1000x562-114.jpg","type":"image\/jpeg"}],"author":"Author","twitter_card":"summary_large_image","twitter_misc":{"Verfasst von":"Author","Gesch\u00e4tzte Lesezeit":"2\u00a0Minuten"},"schema":{"@context":"https:\/\/schema.org","@graph":[{"@type":"WebPage","@id":"https:\/\/vof-news.eu\/de\/moldaus-prasidentin-ruft-zu-proeuropaischer-wahl-auf\/","url":"https:\/\/vof-news.eu\/de\/moldaus-prasidentin-ruft-zu-proeuropaischer-wahl-auf\/","name":"Moldaus Pr\u00e4sidentin ruft zu proeurop\u00e4ischer Wahl auf - vof-news.eu","isPartOf":{"@id":"https:\/\/vof-news.eu\/de\/#website"},"primaryImageOfPage":{"@id":"https:\/\/vof-news.eu\/de\/moldaus-prasidentin-ruft-zu-proeuropaischer-wahl-auf\/#primaryimage"},"image":{"@id":"https:\/\/vof-news.eu\/de\/moldaus-prasidentin-ruft-zu-proeuropaischer-wahl-auf\/#primaryimage"},"thumbnailUrl":"https:\/\/vof-news.eu\/wp-content\/uploads\/2025\/09\/wide__1000x562-114.jpg","datePublished":"2025-09-28T10:28:10+00:00","dateModified":"2025-09-28T10:29:08+00:00","author":{"@id":"https:\/\/vof-news.eu\/de\/#\/schema\/person\/f6a2a4309f0561835797fd8c19b333ed"},"description":"In der Republik Moldau hat Pr\u00e4sidentin Maia Sandu am Tag der Parlamentswahl die W\u00e4hlerinnen und W\u00e4hler zur Stimmabgabe f\u00fcr den proeurop\u00e4ischen Kurs des Landes aufgerufen. \"Moldau, unser liebes Zuhause, ist in Gefahr und braucht die Hilfe von jedem von euch\", sagte Sandu in der Hauptstadt Chi\u0219in\u0103u.\u00a0Sandu hat in der Vergangenheit immer wieder vor einer Einflussnahme Moskaus gewarnt und rief die Menschen auf, ihre Stimme nicht zu verkaufen.\u00a0","breadcrumb":{"@id":"https:\/\/vof-news.eu\/de\/moldaus-prasidentin-ruft-zu-proeuropaischer-wahl-auf\/#breadcrumb"},"inLanguage":"de","potentialAction":[{"@type":"ReadAction","target":["https:\/\/vof-news.eu\/de\/moldaus-prasidentin-ruft-zu-proeuropaischer-wahl-auf\/"]}]},{"@type":"ImageObject","inLanguage":"de","@id":"https:\/\/vof-news.eu\/de\/moldaus-prasidentin-ruft-zu-proeuropaischer-wahl-auf\/#primaryimage","url":"https:\/\/vof-news.eu\/wp-content\/uploads\/2025\/09\/wide__1000x562-114.jpg","contentUrl":"https:\/\/vof-news.eu\/wp-content\/uploads\/2025\/09\/wide__1000x562-114.jpg","width":1000,"height":562},{"@type":"BreadcrumbList","@id":"https:\/\/vof-news.eu\/de\/moldaus-prasidentin-ruft-zu-proeuropaischer-wahl-auf\/#breadcrumb","itemListElement":[{"@type":"ListItem","position":1,"name":"Home","item":"https:\/\/vof-news.eu\/de\/"},{"@type":"ListItem","position":2,"name":"Moldaus Pr\u00e4sidentin ruft zu proeurop\u00e4ischer Wahl auf"}]},{"@type":"WebSite","@id":"https:\/\/vof-news.eu\/de\/#website","url":"https:\/\/vof-news.eu\/de\/","name":"vof-news.eu","description":"","potentialAction":[{"@type":"SearchAction","target":{"@type":"EntryPoint","urlTemplate":"https:\/\/vof-news.eu\/de\/?s={search_term_string}"},"query-input":"required name=search_term_string"}],"inLanguage":"de"},{"@type":"Person","@id":"https:\/\/vof-news.eu\/de\/#\/schema\/person\/f6a2a4309f0561835797fd8c19b333ed","name":"Author","image":{"@type":"ImageObject","inLanguage":"de","@id":"https:\/\/vof-news.eu\/de\/#\/schema\/person\/image\/","url":"https:\/\/secure.gravatar.com\/avatar\/b67e614b1b25b3e9c0c239efdd2fde5ab015b5affd6f1c3c85911ca4b384e790?s=96&d=mm&r=g","contentUrl":"https:\/\/secure.gravatar.com\/avatar\/b67e614b1b25b3e9c0c239efdd2fde5ab015b5affd6f1c3c85911ca4b384e790?s=96&d=mm&r=g","caption":"Author"},"sameAs":["http:\/\/vof-news.eu"],"url":"https:\/\/vof-news.eu\/de\/author\/zwt6qxnjulxbnyg\/"}]}},"yoast_meta":{"yoast_wpseo_title":"","yoast_wpseo_metadesc":"","yoast_wpseo_canonical":""},"_links":{"self":[{"href":"https:\/\/vof-news.eu\/de\/wp-json\/wp\/v2\/posts\/280138","targetHints":{"allow":["GET"]}}],"collection":[{"href":"https:\/\/vof-news.eu\/de\/wp-json\/wp\/v2\/posts"}],"about":[{"href":"https:\/\/vof-news.eu\/de\/wp-json\/wp\/v2\/types\/post"}],"author":[{"embeddable":true,"href":"https:\/\/vof-news.eu\/de\/wp-json\/wp\/v2\/users\/1"}],"replies":[{"embeddable":true,"href":"https:\/\/vof-news.eu\/de\/wp-json\/wp\/v2\/comments?post=280138"}],"version-history":[{"count":1,"href":"https:\/\/vof-news.eu\/de\/wp-json\/wp\/v2\/posts\/280138\/revisions"}],"predecessor-version":[{"id":280145,"href":"https:\/\/vof-news.eu\/de\/wp-json\/wp\/v2\/posts\/280138\/revisions\/280145"}],"wp:featuredmedia":[{"embeddable":true,"href":"https:\/\/vof-news.eu\/de\/wp-json\/wp\/v2\/media\/280139"}],"wp:attachment":[{"href":"https:\/\/vof-news.eu\/de\/wp-json\/wp\/v2\/media?parent=280138"}],"wp:term":[{"taxonomy":"category","embeddable":true,"href":"https:\/\/vof-news.eu\/de\/wp-json\/wp\/v2\/categories?post=280138"},{"taxonomy":"post_tag","embeddable":true,"href":"https:\/\/vof-news.eu\/de\/wp-json\/wp\/v2\/tags?post=280138"}],"curies":[{"name":"wp","href":"https:\/\/api.w.org\/{rel}","templated":true}]}}