{"id":279996,"date":"2025-09-27T21:28:14","date_gmt":"2025-09-27T18:28:14","guid":{"rendered":"https:\/\/vof-news.eu\/lawrow-wirft-westen-kriegstreiberei-vor\/"},"modified":"2025-09-27T21:29:11","modified_gmt":"2025-09-27T18:29:11","slug":"lawrow-wirft-westen-kriegstreiberei-vor","status":"publish","type":"post","link":"https:\/\/vof-news.eu\/de\/lawrow-wirft-westen-kriegstreiberei-vor\/","title":{"rendered":"Lawrow wirft Westen Kriegstreiberei vor"},"content":{"rendered":"<div>\n<p>Sergej Lawrow hat Politikern aus dem Westen Kriegstreiberei vorgeworfen. In der <span><a href=\"https:\/\/www.zeit.de\/thema\/nato\" rel=\"nofollow\">Nato<\/a><\/span> und der Europ\u00e4ischen Union gebe es Mandatstr\u00e4ger, die &#8222;offen \u00fcber Angriffsvorbereitungen auf unser Gebiet Kaliningrad und andere russische Territorien sprechen&#8220;, sagte der russische Au\u00dfenminister vor der <a href=\"https:\/\/www.zeit.de\/politik\/ausland\/2025-09\/benjamin-netanjahu-rede-un-vollversammlung-israel-gaza\" rel=\"nofollow\">UN-Vollversammlung<\/a> in New York.\u00a0Jedoch werde &#8222;jegliche Aggression&#8220; gegen sein Land &#8222;eine entschlossene Reaktion nach sich ziehen&#8220;, warnte\u00a0Lawrow.\n<\/p>\n<p>Zudem behauptete Lawrow, dass <span><a href=\"https:\/\/www.zeit.de\/thema\/russland\" rel=\"nofollow\">Russland<\/a><\/span> keinen Krieg gegen Europa vorbereite \u2013 trotz der k\u00fcrzlichen <a href=\"https:\/\/www.zeit.de\/politik\/ausland\/2025-09\/donald-trump-wolodymyr-selenskyj-abschuss-russland-nato\" rel=\"nofollow\">Luftraumverletzungen \u00fcber Estland und Pole<\/a>n. Solche Vorw\u00fcrfe seien Provokationen, wie dies bereits der russische Pr\u00e4sident Wladimir Putin wiederholt mitgeteilt habe, sagte Lawrow. F\u00fcr den von Putin befohlenen Krieg in der Ukraine macht der russische Chefdiplomat ebenfalls erneut den Westen verantwortlich, da dieser Russlands Forderungen nach verbindlichen Sicherheitserkl\u00e4rungen im Vorfeld ignoriert habe.\n<\/p>\n<p>Russland f\u00fchrt seit mehr als dreieinhalb Jahren einen v\u00f6lkerrechtswidrigen Angriffskrieg gegen die <span><a href=\"https:\/\/www.zeit.de\/politik\/ausland\/ukraine-krieg-news-liveblog\" rel=\"nofollow\">Ukraine<\/a><\/span>. EU- und Nato-Staaten unterst\u00fctzen das angegriffene Land unter anderem mit Waffenlieferungen. Deutschland und andere Staaten haben aber wiederholt betont, dadurch nicht Kriegspartei zu werden.\n<\/p>\n<p>Zuletzt hatten mehrere Vorf\u00e4lle das Verh\u00e4ltnis zwischen Russland und dem Westen weiter belastet. Mitte September waren nach polnischen Angaben mehr als 20 russische Drohnen in den polnischen Luftraum eingedrungen. Die Nato verlegte daraufhin zus\u00e4tzliche Kampfjets an ihre Ostflanke. Sp\u00e4ter kam es zu einem weiteren Vorfall mit russischen Kampfjets, die den estnischen Luftraum verletzten. Russland bestreitet das.\n<\/p>\n<h2>Lawrow h\u00e4lt europ\u00e4ische Sicherheitsarchitektur f\u00fcr \u00fcberholt<\/h2>\n<p>Lawrow sagte in New York au\u00dferdem, dass er nicht an eine R\u00fcckkehr zum fr\u00fcheren Sicherheitsmodell<br \/>\nauf dem europ\u00e4ischen Kontinent glaube \u2013 selbst nach einem m\u00f6glichen Ende des Krieges<br \/>\nin der Ukraine. Das Modell der euroatlantischen Sicherheit \u2013 das auf Nato, EU<br \/>\nund der Organisation f\u00fcr Sicherheit und Zusammenarbeit in Europa (OSZE) basiere<br \/>\n\u2013 habe sich \u00fcberlebt, sagte der Au\u00dfenminister.\n<\/p>\n<p>Dar\u00fcber hinaus k\u00fcndigte Lawrow an, dass er sich mit dem US-amerikanischen<br \/>\nAu\u00dfenminister Marco Rubio auf Gespr\u00e4che \u00fcber bilaterale Fragen im Zusammenhang<br \/>\nmit der diplomatischen Arbeit geeinigt habe. Diese sollten in den kommenden<br \/>\nMonaten stattfinden.\n<\/p>\n<\/div>\n","protected":false},"excerpt":{"rendered":"<p>Sergej Lawrow hat Politikern aus dem Westen Kriegstreiberei vorgeworfen. In der Nato und der Europ\u00e4ischen Union gebe es Mandatstr\u00e4ger, die &#8222;offen \u00fcber Angriffsvorbereitungen auf unser Gebiet Kaliningrad und andere russische Territorien sprechen&#8220;, sagte der russische Au\u00dfenminister vor der UN-Vollversammlung in New York.\u00a0Jedoch werde &#8222;jegliche Aggression&#8220; gegen sein Land &#8222;eine entschlossene Reaktion nach sich ziehen&#8220;, warnte\u00a0Lawrow.<\/p>\n","protected":false},"author":1,"featured_media":279997,"comment_status":"open","ping_status":"open","sticky":false,"template":"","format":"standard","meta":{"footnotes":""},"categories":[116],"tags":[],"class_list":["post-279996","post","type-post","status-publish","format-standard","has-post-thumbnail","hentry","category-war-chronicles-de"],"acf":[],"yoast_head":"<!-- This site is optimized with the Yoast SEO plugin v22.9 - https:\/\/yoast.com\/wordpress\/plugins\/seo\/ -->\n<title>Lawrow wirft Westen Kriegstreiberei vor - vof-news.eu<\/title>\n<meta name=\"description\" content=\"Sergej Lawrow hat Politikern aus dem Westen Kriegstreiberei vorgeworfen. In der Nato und der Europ\u00e4ischen Union gebe es Mandatstr\u00e4ger, die &quot;offen \u00fcber Angriffsvorbereitungen auf unser Gebiet Kaliningrad und andere russische Territorien sprechen&quot;, sagte der russische Au\u00dfenminister vor der UN-Vollversammlung in New York.\u00a0Jedoch werde &quot;jegliche Aggression&quot; gegen sein Land &quot;eine entschlossene Reaktion nach sich ziehen&quot;, warnte\u00a0Lawrow.\" \/>\n<meta name=\"robots\" content=\"noindex, follow, max-snippet:-1, max-image-preview:large, max-video-preview:-1\" \/>\n<meta property=\"og:locale\" content=\"de_DE\" \/>\n<meta property=\"og:type\" content=\"article\" \/>\n<meta property=\"og:title\" content=\"Lawrow wirft Westen Kriegstreiberei vor - vof-news.eu\" \/>\n<meta property=\"og:description\" content=\"Sergej Lawrow hat Politikern aus dem Westen Kriegstreiberei vorgeworfen. In der Nato und der Europ\u00e4ischen Union gebe es Mandatstr\u00e4ger, die &quot;offen \u00fcber Angriffsvorbereitungen auf unser Gebiet Kaliningrad und andere russische Territorien sprechen&quot;, sagte der russische Au\u00dfenminister vor der UN-Vollversammlung in New York.\u00a0Jedoch werde &quot;jegliche Aggression&quot; gegen sein Land &quot;eine entschlossene Reaktion nach sich ziehen&quot;, warnte\u00a0Lawrow.\" \/>\n<meta property=\"og:url\" content=\"https:\/\/vof-news.eu\/de\/lawrow-wirft-westen-kriegstreiberei-vor\/\" \/>\n<meta property=\"og:site_name\" content=\"vof-news.eu\" \/>\n<meta property=\"article:published_time\" content=\"2025-09-27T18:28:14+00:00\" \/>\n<meta property=\"article:modified_time\" content=\"2025-09-27T18:29:11+00:00\" \/>\n<meta property=\"og:image\" content=\"https:\/\/vof-news.eu\/wp-content\/uploads\/2025\/09\/wide__1000x562-113.jpg\" \/>\n\t<meta property=\"og:image:width\" content=\"1000\" \/>\n\t<meta property=\"og:image:height\" content=\"562\" \/>\n\t<meta property=\"og:image:type\" content=\"image\/jpeg\" \/>\n<meta name=\"author\" content=\"Author\" \/>\n<meta name=\"twitter:card\" content=\"summary_large_image\" \/>\n<meta name=\"twitter:label1\" content=\"Verfasst von\" \/>\n\t<meta name=\"twitter:data1\" content=\"Author\" \/>\n\t<meta name=\"twitter:label2\" content=\"Gesch\u00e4tzte Lesezeit\" \/>\n\t<meta name=\"twitter:data2\" content=\"2\u00a0Minuten\" \/>\n<script type=\"application\/ld+json\" class=\"yoast-schema-graph\">{\"@context\":\"https:\/\/schema.org\",\"@graph\":[{\"@type\":\"WebPage\",\"@id\":\"https:\/\/vof-news.eu\/de\/lawrow-wirft-westen-kriegstreiberei-vor\/\",\"url\":\"https:\/\/vof-news.eu\/de\/lawrow-wirft-westen-kriegstreiberei-vor\/\",\"name\":\"Lawrow wirft Westen Kriegstreiberei vor - vof-news.eu\",\"isPartOf\":{\"@id\":\"https:\/\/vof-news.eu\/de\/#website\"},\"primaryImageOfPage\":{\"@id\":\"https:\/\/vof-news.eu\/de\/lawrow-wirft-westen-kriegstreiberei-vor\/#primaryimage\"},\"image\":{\"@id\":\"https:\/\/vof-news.eu\/de\/lawrow-wirft-westen-kriegstreiberei-vor\/#primaryimage\"},\"thumbnailUrl\":\"https:\/\/vof-news.eu\/wp-content\/uploads\/2025\/09\/wide__1000x562-113.jpg\",\"datePublished\":\"2025-09-27T18:28:14+00:00\",\"dateModified\":\"2025-09-27T18:29:11+00:00\",\"author\":{\"@id\":\"https:\/\/vof-news.eu\/de\/#\/schema\/person\/f6a2a4309f0561835797fd8c19b333ed\"},\"description\":\"Sergej Lawrow hat Politikern aus dem Westen Kriegstreiberei vorgeworfen. In der Nato und der Europ\u00e4ischen Union gebe es Mandatstr\u00e4ger, die \\\"offen \u00fcber Angriffsvorbereitungen auf unser Gebiet Kaliningrad und andere russische Territorien sprechen\\\", sagte der russische Au\u00dfenminister vor der UN-Vollversammlung in New York.\u00a0Jedoch werde \\\"jegliche Aggression\\\" gegen sein Land \\\"eine entschlossene Reaktion nach sich ziehen\\\", warnte\u00a0Lawrow.\",\"breadcrumb\":{\"@id\":\"https:\/\/vof-news.eu\/de\/lawrow-wirft-westen-kriegstreiberei-vor\/#breadcrumb\"},\"inLanguage\":\"de\",\"potentialAction\":[{\"@type\":\"ReadAction\",\"target\":[\"https:\/\/vof-news.eu\/de\/lawrow-wirft-westen-kriegstreiberei-vor\/\"]}]},{\"@type\":\"ImageObject\",\"inLanguage\":\"de\",\"@id\":\"https:\/\/vof-news.eu\/de\/lawrow-wirft-westen-kriegstreiberei-vor\/#primaryimage\",\"url\":\"https:\/\/vof-news.eu\/wp-content\/uploads\/2025\/09\/wide__1000x562-113.jpg\",\"contentUrl\":\"https:\/\/vof-news.eu\/wp-content\/uploads\/2025\/09\/wide__1000x562-113.jpg\",\"width\":1000,\"height\":562},{\"@type\":\"BreadcrumbList\",\"@id\":\"https:\/\/vof-news.eu\/de\/lawrow-wirft-westen-kriegstreiberei-vor\/#breadcrumb\",\"itemListElement\":[{\"@type\":\"ListItem\",\"position\":1,\"name\":\"Home\",\"item\":\"https:\/\/vof-news.eu\/de\/\"},{\"@type\":\"ListItem\",\"position\":2,\"name\":\"Lawrow wirft Westen Kriegstreiberei vor\"}]},{\"@type\":\"WebSite\",\"@id\":\"https:\/\/vof-news.eu\/de\/#website\",\"url\":\"https:\/\/vof-news.eu\/de\/\",\"name\":\"vof-news.eu\",\"description\":\"\",\"potentialAction\":[{\"@type\":\"SearchAction\",\"target\":{\"@type\":\"EntryPoint\",\"urlTemplate\":\"https:\/\/vof-news.eu\/de\/?s={search_term_string}\"},\"query-input\":\"required name=search_term_string\"}],\"inLanguage\":\"de\"},{\"@type\":\"Person\",\"@id\":\"https:\/\/vof-news.eu\/de\/#\/schema\/person\/f6a2a4309f0561835797fd8c19b333ed\",\"name\":\"Author\",\"image\":{\"@type\":\"ImageObject\",\"inLanguage\":\"de\",\"@id\":\"https:\/\/vof-news.eu\/de\/#\/schema\/person\/image\/\",\"url\":\"https:\/\/secure.gravatar.com\/avatar\/b67e614b1b25b3e9c0c239efdd2fde5ab015b5affd6f1c3c85911ca4b384e790?s=96&d=mm&r=g\",\"contentUrl\":\"https:\/\/secure.gravatar.com\/avatar\/b67e614b1b25b3e9c0c239efdd2fde5ab015b5affd6f1c3c85911ca4b384e790?s=96&d=mm&r=g\",\"caption\":\"Author\"},\"sameAs\":[\"http:\/\/vof-news.eu\"],\"url\":\"https:\/\/vof-news.eu\/de\/author\/zwt6qxnjulxbnyg\/\"}]}<\/script>\n<!-- \/ Yoast SEO plugin. -->","yoast_head_json":{"title":"Lawrow wirft Westen Kriegstreiberei vor - vof-news.eu","description":"Sergej Lawrow hat Politikern aus dem Westen Kriegstreiberei vorgeworfen. In der Nato und der Europ\u00e4ischen Union gebe es Mandatstr\u00e4ger, die \"offen \u00fcber Angriffsvorbereitungen auf unser Gebiet Kaliningrad und andere russische Territorien sprechen\", sagte der russische Au\u00dfenminister vor der UN-Vollversammlung in New York.\u00a0Jedoch werde \"jegliche Aggression\" gegen sein Land \"eine entschlossene Reaktion nach sich ziehen\", warnte\u00a0Lawrow.","robots":{"index":"noindex","follow":"follow","max-snippet":"max-snippet:-1","max-image-preview":"max-image-preview:large","max-video-preview":"max-video-preview:-1"},"og_locale":"de_DE","og_type":"article","og_title":"Lawrow wirft Westen Kriegstreiberei vor - vof-news.eu","og_description":"Sergej Lawrow hat Politikern aus dem Westen Kriegstreiberei vorgeworfen. In der Nato und der Europ\u00e4ischen Union gebe es Mandatstr\u00e4ger, die \"offen \u00fcber Angriffsvorbereitungen auf unser Gebiet Kaliningrad und andere russische Territorien sprechen\", sagte der russische Au\u00dfenminister vor der UN-Vollversammlung in New York.\u00a0Jedoch werde \"jegliche Aggression\" gegen sein Land \"eine entschlossene Reaktion nach sich ziehen\", warnte\u00a0Lawrow.","og_url":"https:\/\/vof-news.eu\/de\/lawrow-wirft-westen-kriegstreiberei-vor\/","og_site_name":"vof-news.eu","article_published_time":"2025-09-27T18:28:14+00:00","article_modified_time":"2025-09-27T18:29:11+00:00","og_image":[{"width":1000,"height":562,"url":"https:\/\/vof-news.eu\/wp-content\/uploads\/2025\/09\/wide__1000x562-113.jpg","type":"image\/jpeg"}],"author":"Author","twitter_card":"summary_large_image","twitter_misc":{"Verfasst von":"Author","Gesch\u00e4tzte Lesezeit":"2\u00a0Minuten"},"schema":{"@context":"https:\/\/schema.org","@graph":[{"@type":"WebPage","@id":"https:\/\/vof-news.eu\/de\/lawrow-wirft-westen-kriegstreiberei-vor\/","url":"https:\/\/vof-news.eu\/de\/lawrow-wirft-westen-kriegstreiberei-vor\/","name":"Lawrow wirft Westen Kriegstreiberei vor - vof-news.eu","isPartOf":{"@id":"https:\/\/vof-news.eu\/de\/#website"},"primaryImageOfPage":{"@id":"https:\/\/vof-news.eu\/de\/lawrow-wirft-westen-kriegstreiberei-vor\/#primaryimage"},"image":{"@id":"https:\/\/vof-news.eu\/de\/lawrow-wirft-westen-kriegstreiberei-vor\/#primaryimage"},"thumbnailUrl":"https:\/\/vof-news.eu\/wp-content\/uploads\/2025\/09\/wide__1000x562-113.jpg","datePublished":"2025-09-27T18:28:14+00:00","dateModified":"2025-09-27T18:29:11+00:00","author":{"@id":"https:\/\/vof-news.eu\/de\/#\/schema\/person\/f6a2a4309f0561835797fd8c19b333ed"},"description":"Sergej Lawrow hat Politikern aus dem Westen Kriegstreiberei vorgeworfen. In der Nato und der Europ\u00e4ischen Union gebe es Mandatstr\u00e4ger, die \"offen \u00fcber Angriffsvorbereitungen auf unser Gebiet Kaliningrad und andere russische Territorien sprechen\", sagte der russische Au\u00dfenminister vor der UN-Vollversammlung in New York.\u00a0Jedoch werde \"jegliche Aggression\" gegen sein Land \"eine entschlossene Reaktion nach sich ziehen\", warnte\u00a0Lawrow.","breadcrumb":{"@id":"https:\/\/vof-news.eu\/de\/lawrow-wirft-westen-kriegstreiberei-vor\/#breadcrumb"},"inLanguage":"de","potentialAction":[{"@type":"ReadAction","target":["https:\/\/vof-news.eu\/de\/lawrow-wirft-westen-kriegstreiberei-vor\/"]}]},{"@type":"ImageObject","inLanguage":"de","@id":"https:\/\/vof-news.eu\/de\/lawrow-wirft-westen-kriegstreiberei-vor\/#primaryimage","url":"https:\/\/vof-news.eu\/wp-content\/uploads\/2025\/09\/wide__1000x562-113.jpg","contentUrl":"https:\/\/vof-news.eu\/wp-content\/uploads\/2025\/09\/wide__1000x562-113.jpg","width":1000,"height":562},{"@type":"BreadcrumbList","@id":"https:\/\/vof-news.eu\/de\/lawrow-wirft-westen-kriegstreiberei-vor\/#breadcrumb","itemListElement":[{"@type":"ListItem","position":1,"name":"Home","item":"https:\/\/vof-news.eu\/de\/"},{"@type":"ListItem","position":2,"name":"Lawrow wirft Westen Kriegstreiberei vor"}]},{"@type":"WebSite","@id":"https:\/\/vof-news.eu\/de\/#website","url":"https:\/\/vof-news.eu\/de\/","name":"vof-news.eu","description":"","potentialAction":[{"@type":"SearchAction","target":{"@type":"EntryPoint","urlTemplate":"https:\/\/vof-news.eu\/de\/?s={search_term_string}"},"query-input":"required name=search_term_string"}],"inLanguage":"de"},{"@type":"Person","@id":"https:\/\/vof-news.eu\/de\/#\/schema\/person\/f6a2a4309f0561835797fd8c19b333ed","name":"Author","image":{"@type":"ImageObject","inLanguage":"de","@id":"https:\/\/vof-news.eu\/de\/#\/schema\/person\/image\/","url":"https:\/\/secure.gravatar.com\/avatar\/b67e614b1b25b3e9c0c239efdd2fde5ab015b5affd6f1c3c85911ca4b384e790?s=96&d=mm&r=g","contentUrl":"https:\/\/secure.gravatar.com\/avatar\/b67e614b1b25b3e9c0c239efdd2fde5ab015b5affd6f1c3c85911ca4b384e790?s=96&d=mm&r=g","caption":"Author"},"sameAs":["http:\/\/vof-news.eu"],"url":"https:\/\/vof-news.eu\/de\/author\/zwt6qxnjulxbnyg\/"}]}},"yoast_meta":{"yoast_wpseo_title":"","yoast_wpseo_metadesc":"","yoast_wpseo_canonical":""},"_links":{"self":[{"href":"https:\/\/vof-news.eu\/de\/wp-json\/wp\/v2\/posts\/279996","targetHints":{"allow":["GET"]}}],"collection":[{"href":"https:\/\/vof-news.eu\/de\/wp-json\/wp\/v2\/posts"}],"about":[{"href":"https:\/\/vof-news.eu\/de\/wp-json\/wp\/v2\/types\/post"}],"author":[{"embeddable":true,"href":"https:\/\/vof-news.eu\/de\/wp-json\/wp\/v2\/users\/1"}],"replies":[{"embeddable":true,"href":"https:\/\/vof-news.eu\/de\/wp-json\/wp\/v2\/comments?post=279996"}],"version-history":[{"count":1,"href":"https:\/\/vof-news.eu\/de\/wp-json\/wp\/v2\/posts\/279996\/revisions"}],"predecessor-version":[{"id":280003,"href":"https:\/\/vof-news.eu\/de\/wp-json\/wp\/v2\/posts\/279996\/revisions\/280003"}],"wp:featuredmedia":[{"embeddable":true,"href":"https:\/\/vof-news.eu\/de\/wp-json\/wp\/v2\/media\/279997"}],"wp:attachment":[{"href":"https:\/\/vof-news.eu\/de\/wp-json\/wp\/v2\/media?parent=279996"}],"wp:term":[{"taxonomy":"category","embeddable":true,"href":"https:\/\/vof-news.eu\/de\/wp-json\/wp\/v2\/categories?post=279996"},{"taxonomy":"post_tag","embeddable":true,"href":"https:\/\/vof-news.eu\/de\/wp-json\/wp\/v2\/tags?post=279996"}],"curies":[{"name":"wp","href":"https:\/\/api.w.org\/{rel}","templated":true}]}}