{"id":279727,"date":"2025-09-26T23:28:15","date_gmt":"2025-09-26T20:28:15","guid":{"rendered":"https:\/\/vof-news.eu\/polen-verscharft-aufenthaltsrecht-fur-ukrainische-kriegsfluchtlinge\/"},"modified":"2025-09-26T23:28:40","modified_gmt":"2025-09-26T20:28:40","slug":"polen-verscharft-aufenthaltsrecht-fur-ukrainische-kriegsfluchtlinge","status":"publish","type":"post","link":"https:\/\/vof-news.eu\/de\/polen-verscharft-aufenthaltsrecht-fur-ukrainische-kriegsfluchtlinge\/","title":{"rendered":"Polen versch\u00e4rft Aufenthaltsrecht f\u00fcr ukrainische Kriegsfl\u00fcchtlinge"},"content":{"rendered":"<div>\n<p><span><a href=\"https:\/\/www.zeit.de\/thema\/polen\" rel=\"nofollow\">Polens<\/a><\/span> Pr\u00e4sident Karol Nawrocki hat ein Gesetz unterzeichnet, das die Aufenthaltsbedingungen<br \/>\n f\u00fcr Hunderttausende ukrainische Kriegsfl\u00fcchtlinge im Land versch\u00e4rft.<br \/>\nNawrockis Kanzleichef Zbigniew Bogucki teilte in Warschau mit, der<br \/>\nStaatschef habe das entsprechende Gesetz kurz vor Fristablauf am 1.<br \/>\nOktober unterzeichnet, wie die Nachrichtenagentur PAP berichtet.\u00a0\n<\/p>\n<p>Neu ist unter anderem, dass Ukrainer Sozialleistungen wie Kindergeld nur noch dann bekommen, wenn sie in Polen<br \/>\n arbeiten und Steuern zahlen. \u00dcber das Gesetz hatte es Streit zwischen<br \/>\nder liberalen polnischen Regierung und dem neuen rechtskonservativen<br \/>\nPr\u00e4sidenten gegeben.\u00a0\n<\/p>\n<p><span><a href=\"https:\/\/www.zeit.de\/thema\/karol-nawrocki\" rel=\"nofollow\">Nawrocki<\/a><\/span> hatte einen ersten Entwurf des Gesetzes im August zun\u00e4chst mit seinem Veto blockiert und K\u00fcrzungen<br \/>\nbei den Hilfen f\u00fcr Ukraine-Fl\u00fcchtlinge gefordert. Betroffene sowie polnische Unternehmen, die den<br \/>\nVerlust ukrainischer Arbeitskr\u00e4fte bef\u00fcrchteten, reagierten besorgt. Der neue, nun unterzeichnete Entwurf solle den Missbrauch von Hilfszahlungen f\u00fcr Familien ausschlie\u00dfen, teilte die Regierung mit.\n<\/p>\n<\/p>\n<\/div>\n","protected":false},"excerpt":{"rendered":"<p>Polens Pr\u00e4sident Karol Nawrocki hat ein Gesetz unterzeichnet, das die Aufenthaltsbedingungen f\u00fcr Hunderttausende ukrainische Kriegsfl\u00fcchtlinge im Land versch\u00e4rft. Nawrockis Kanzleichef Zbigniew Bogucki teilte in Warschau mit, der Staatschef habe das entsprechende Gesetz kurz vor Fristablauf am 1. Oktober unterzeichnet, wie die Nachrichtenagentur PAP berichtet.\u00a0 Neu ist unter anderem, dass Ukrainer Sozialleistungen wie Kindergeld nur noch<\/p>\n","protected":false},"author":1,"featured_media":0,"comment_status":"open","ping_status":"open","sticky":false,"template":"","format":"standard","meta":{"footnotes":""},"categories":[116],"tags":[],"class_list":["post-279727","post","type-post","status-publish","format-standard","hentry","category-war-chronicles-de"],"acf":[],"yoast_head":"<!-- This site is optimized with the Yoast SEO plugin v22.9 - https:\/\/yoast.com\/wordpress\/plugins\/seo\/ -->\n<title>Polen versch\u00e4rft Aufenthaltsrecht f\u00fcr ukrainische Kriegsfl\u00fcchtlinge - vof-news.eu<\/title>\n<meta name=\"description\" content=\"Polens Pr\u00e4sident Karol Nawrocki hat ein Gesetz unterzeichnet, das die Aufenthaltsbedingungen\" \/>\n<meta name=\"robots\" content=\"noindex, follow, max-snippet:-1, max-image-preview:large, max-video-preview:-1\" \/>\n<meta property=\"og:locale\" content=\"de_DE\" \/>\n<meta property=\"og:type\" content=\"article\" \/>\n<meta property=\"og:title\" content=\"Polen versch\u00e4rft Aufenthaltsrecht f\u00fcr ukrainische Kriegsfl\u00fcchtlinge - vof-news.eu\" \/>\n<meta property=\"og:description\" content=\"Polens Pr\u00e4sident Karol Nawrocki hat ein Gesetz unterzeichnet, das die Aufenthaltsbedingungen\" \/>\n<meta property=\"og:url\" content=\"https:\/\/vof-news.eu\/de\/polen-verscharft-aufenthaltsrecht-fur-ukrainische-kriegsfluchtlinge\/\" \/>\n<meta property=\"og:site_name\" content=\"vof-news.eu\" \/>\n<meta property=\"article:published_time\" content=\"2025-09-26T20:28:15+00:00\" \/>\n<meta property=\"article:modified_time\" content=\"2025-09-26T20:28:40+00:00\" \/>\n<meta name=\"author\" content=\"Author\" \/>\n<meta name=\"twitter:card\" content=\"summary_large_image\" \/>\n<meta name=\"twitter:label1\" content=\"Verfasst von\" \/>\n\t<meta name=\"twitter:data1\" content=\"Author\" \/>\n\t<meta name=\"twitter:label2\" content=\"Gesch\u00e4tzte Lesezeit\" \/>\n\t<meta name=\"twitter:data2\" content=\"1\u00a0Minute\" \/>\n<script type=\"application\/ld+json\" class=\"yoast-schema-graph\">{\"@context\":\"https:\/\/schema.org\",\"@graph\":[{\"@type\":\"WebPage\",\"@id\":\"https:\/\/vof-news.eu\/de\/polen-verscharft-aufenthaltsrecht-fur-ukrainische-kriegsfluchtlinge\/\",\"url\":\"https:\/\/vof-news.eu\/de\/polen-verscharft-aufenthaltsrecht-fur-ukrainische-kriegsfluchtlinge\/\",\"name\":\"Polen versch\u00e4rft Aufenthaltsrecht f\u00fcr ukrainische Kriegsfl\u00fcchtlinge - vof-news.eu\",\"isPartOf\":{\"@id\":\"https:\/\/vof-news.eu\/de\/#website\"},\"datePublished\":\"2025-09-26T20:28:15+00:00\",\"dateModified\":\"2025-09-26T20:28:40+00:00\",\"author\":{\"@id\":\"https:\/\/vof-news.eu\/de\/#\/schema\/person\/f6a2a4309f0561835797fd8c19b333ed\"},\"description\":\"Polens Pr\u00e4sident Karol Nawrocki hat ein Gesetz unterzeichnet, das die Aufenthaltsbedingungen\",\"breadcrumb\":{\"@id\":\"https:\/\/vof-news.eu\/de\/polen-verscharft-aufenthaltsrecht-fur-ukrainische-kriegsfluchtlinge\/#breadcrumb\"},\"inLanguage\":\"de\",\"potentialAction\":[{\"@type\":\"ReadAction\",\"target\":[\"https:\/\/vof-news.eu\/de\/polen-verscharft-aufenthaltsrecht-fur-ukrainische-kriegsfluchtlinge\/\"]}]},{\"@type\":\"BreadcrumbList\",\"@id\":\"https:\/\/vof-news.eu\/de\/polen-verscharft-aufenthaltsrecht-fur-ukrainische-kriegsfluchtlinge\/#breadcrumb\",\"itemListElement\":[{\"@type\":\"ListItem\",\"position\":1,\"name\":\"Home\",\"item\":\"https:\/\/vof-news.eu\/de\/\"},{\"@type\":\"ListItem\",\"position\":2,\"name\":\"Polen versch\u00e4rft Aufenthaltsrecht f\u00fcr ukrainische Kriegsfl\u00fcchtlinge\"}]},{\"@type\":\"WebSite\",\"@id\":\"https:\/\/vof-news.eu\/de\/#website\",\"url\":\"https:\/\/vof-news.eu\/de\/\",\"name\":\"vof-news.eu\",\"description\":\"\",\"potentialAction\":[{\"@type\":\"SearchAction\",\"target\":{\"@type\":\"EntryPoint\",\"urlTemplate\":\"https:\/\/vof-news.eu\/de\/?s={search_term_string}\"},\"query-input\":\"required name=search_term_string\"}],\"inLanguage\":\"de\"},{\"@type\":\"Person\",\"@id\":\"https:\/\/vof-news.eu\/de\/#\/schema\/person\/f6a2a4309f0561835797fd8c19b333ed\",\"name\":\"Author\",\"image\":{\"@type\":\"ImageObject\",\"inLanguage\":\"de\",\"@id\":\"https:\/\/vof-news.eu\/de\/#\/schema\/person\/image\/\",\"url\":\"https:\/\/secure.gravatar.com\/avatar\/b67e614b1b25b3e9c0c239efdd2fde5ab015b5affd6f1c3c85911ca4b384e790?s=96&d=mm&r=g\",\"contentUrl\":\"https:\/\/secure.gravatar.com\/avatar\/b67e614b1b25b3e9c0c239efdd2fde5ab015b5affd6f1c3c85911ca4b384e790?s=96&d=mm&r=g\",\"caption\":\"Author\"},\"sameAs\":[\"http:\/\/vof-news.eu\"],\"url\":\"https:\/\/vof-news.eu\/de\/author\/zwt6qxnjulxbnyg\/\"}]}<\/script>\n<!-- \/ Yoast SEO plugin. -->","yoast_head_json":{"title":"Polen versch\u00e4rft Aufenthaltsrecht f\u00fcr ukrainische Kriegsfl\u00fcchtlinge - vof-news.eu","description":"Polens Pr\u00e4sident Karol Nawrocki hat ein Gesetz unterzeichnet, das die Aufenthaltsbedingungen","robots":{"index":"noindex","follow":"follow","max-snippet":"max-snippet:-1","max-image-preview":"max-image-preview:large","max-video-preview":"max-video-preview:-1"},"og_locale":"de_DE","og_type":"article","og_title":"Polen versch\u00e4rft Aufenthaltsrecht f\u00fcr ukrainische Kriegsfl\u00fcchtlinge - vof-news.eu","og_description":"Polens Pr\u00e4sident Karol Nawrocki hat ein Gesetz unterzeichnet, das die Aufenthaltsbedingungen","og_url":"https:\/\/vof-news.eu\/de\/polen-verscharft-aufenthaltsrecht-fur-ukrainische-kriegsfluchtlinge\/","og_site_name":"vof-news.eu","article_published_time":"2025-09-26T20:28:15+00:00","article_modified_time":"2025-09-26T20:28:40+00:00","author":"Author","twitter_card":"summary_large_image","twitter_misc":{"Verfasst von":"Author","Gesch\u00e4tzte Lesezeit":"1\u00a0Minute"},"schema":{"@context":"https:\/\/schema.org","@graph":[{"@type":"WebPage","@id":"https:\/\/vof-news.eu\/de\/polen-verscharft-aufenthaltsrecht-fur-ukrainische-kriegsfluchtlinge\/","url":"https:\/\/vof-news.eu\/de\/polen-verscharft-aufenthaltsrecht-fur-ukrainische-kriegsfluchtlinge\/","name":"Polen versch\u00e4rft Aufenthaltsrecht f\u00fcr ukrainische Kriegsfl\u00fcchtlinge - vof-news.eu","isPartOf":{"@id":"https:\/\/vof-news.eu\/de\/#website"},"datePublished":"2025-09-26T20:28:15+00:00","dateModified":"2025-09-26T20:28:40+00:00","author":{"@id":"https:\/\/vof-news.eu\/de\/#\/schema\/person\/f6a2a4309f0561835797fd8c19b333ed"},"description":"Polens Pr\u00e4sident Karol Nawrocki hat ein Gesetz unterzeichnet, das die Aufenthaltsbedingungen","breadcrumb":{"@id":"https:\/\/vof-news.eu\/de\/polen-verscharft-aufenthaltsrecht-fur-ukrainische-kriegsfluchtlinge\/#breadcrumb"},"inLanguage":"de","potentialAction":[{"@type":"ReadAction","target":["https:\/\/vof-news.eu\/de\/polen-verscharft-aufenthaltsrecht-fur-ukrainische-kriegsfluchtlinge\/"]}]},{"@type":"BreadcrumbList","@id":"https:\/\/vof-news.eu\/de\/polen-verscharft-aufenthaltsrecht-fur-ukrainische-kriegsfluchtlinge\/#breadcrumb","itemListElement":[{"@type":"ListItem","position":1,"name":"Home","item":"https:\/\/vof-news.eu\/de\/"},{"@type":"ListItem","position":2,"name":"Polen versch\u00e4rft Aufenthaltsrecht f\u00fcr ukrainische Kriegsfl\u00fcchtlinge"}]},{"@type":"WebSite","@id":"https:\/\/vof-news.eu\/de\/#website","url":"https:\/\/vof-news.eu\/de\/","name":"vof-news.eu","description":"","potentialAction":[{"@type":"SearchAction","target":{"@type":"EntryPoint","urlTemplate":"https:\/\/vof-news.eu\/de\/?s={search_term_string}"},"query-input":"required name=search_term_string"}],"inLanguage":"de"},{"@type":"Person","@id":"https:\/\/vof-news.eu\/de\/#\/schema\/person\/f6a2a4309f0561835797fd8c19b333ed","name":"Author","image":{"@type":"ImageObject","inLanguage":"de","@id":"https:\/\/vof-news.eu\/de\/#\/schema\/person\/image\/","url":"https:\/\/secure.gravatar.com\/avatar\/b67e614b1b25b3e9c0c239efdd2fde5ab015b5affd6f1c3c85911ca4b384e790?s=96&d=mm&r=g","contentUrl":"https:\/\/secure.gravatar.com\/avatar\/b67e614b1b25b3e9c0c239efdd2fde5ab015b5affd6f1c3c85911ca4b384e790?s=96&d=mm&r=g","caption":"Author"},"sameAs":["http:\/\/vof-news.eu"],"url":"https:\/\/vof-news.eu\/de\/author\/zwt6qxnjulxbnyg\/"}]}},"yoast_meta":{"yoast_wpseo_title":"","yoast_wpseo_metadesc":"","yoast_wpseo_canonical":""},"_links":{"self":[{"href":"https:\/\/vof-news.eu\/de\/wp-json\/wp\/v2\/posts\/279727","targetHints":{"allow":["GET"]}}],"collection":[{"href":"https:\/\/vof-news.eu\/de\/wp-json\/wp\/v2\/posts"}],"about":[{"href":"https:\/\/vof-news.eu\/de\/wp-json\/wp\/v2\/types\/post"}],"author":[{"embeddable":true,"href":"https:\/\/vof-news.eu\/de\/wp-json\/wp\/v2\/users\/1"}],"replies":[{"embeddable":true,"href":"https:\/\/vof-news.eu\/de\/wp-json\/wp\/v2\/comments?post=279727"}],"version-history":[{"count":1,"href":"https:\/\/vof-news.eu\/de\/wp-json\/wp\/v2\/posts\/279727\/revisions"}],"predecessor-version":[{"id":279728,"href":"https:\/\/vof-news.eu\/de\/wp-json\/wp\/v2\/posts\/279727\/revisions\/279728"}],"wp:attachment":[{"href":"https:\/\/vof-news.eu\/de\/wp-json\/wp\/v2\/media?parent=279727"}],"wp:term":[{"taxonomy":"category","embeddable":true,"href":"https:\/\/vof-news.eu\/de\/wp-json\/wp\/v2\/categories?post=279727"},{"taxonomy":"post_tag","embeddable":true,"href":"https:\/\/vof-news.eu\/de\/wp-json\/wp\/v2\/tags?post=279727"}],"curies":[{"name":"wp","href":"https:\/\/api.w.org\/{rel}","templated":true}]}}