{"id":279655,"date":"2025-09-26T19:28:13","date_gmt":"2025-09-26T16:28:13","guid":{"rendered":"https:\/\/vof-news.eu\/ukraine-wirft-ungarn-drohnen-aufklarungsflug-uber-industrieanlagen-vor\/"},"modified":"2025-09-26T19:29:18","modified_gmt":"2025-09-26T16:29:18","slug":"ukraine-wirft-ungarn-drohnen-aufklarungsflug-uber-industrieanlagen-vor","status":"publish","type":"post","link":"https:\/\/vof-news.eu\/de\/ukraine-wirft-ungarn-drohnen-aufklarungsflug-uber-industrieanlagen-vor\/","title":{"rendered":"Ukraine wirft Ungarn Drohnen-Aufkl\u00e4rungsflug \u00fcber Industrieanlagen vor"},"content":{"rendered":"<div>\n<p>Der ukrainische Pr\u00e4sident Wolodymyr Selenskyj hat Ungarn<br \/>\nvorgeworfen, Aufkl\u00e4rungsfl\u00fcge mit <span><a href=\"https:\/\/www.zeit.de\/thema\/drohne\" rel=\"nofollow\">Drohnen<\/a><\/span> in der <a href=\"https:\/\/www.zeit.de\/thema\/krieg-in-ukraine\" rel=\"nofollow\">Ukraine<\/a> ausgef\u00fchrt zu haben. &#8222;Die ukrainischen Truppen haben Verletzungen unseres<br \/>\nLuftraums durch Aufkl\u00e4rungsdrohnen festgestellt, die wahrscheinlich ungarisch<br \/>\nsind&#8220;, <a href=\"https:\/\/x.com\/ZelenskyyUa\/status\/1971560224151494845\" rel=\"nofollow\">schrieb Selenskyj auf X<\/a>.\u00a0\n<\/p>\n<p>Ersten Untersuchungen zufolge h\u00e4tten die<br \/>\n<a href=\"https:\/\/www.zeit.de\/politik\/ausland\/2025-09\/daenemark-drohnen-merz-rutte-russland\" rel=\"nofollow\">Drohnen<\/a> m\u00f6glicherweise ukrainische Industrieanlagen nahe der Grenze im Blick gehabt. Er habe weitere umfassende Untersuchungen eingeleitet, schrieb <span><a href=\"https:\/\/www.zeit.de\/thema\/wolodymyr-selenskyj\" rel=\"nofollow\">Selenskyj<\/a><\/span>.\u00a0\n<\/p>\n<p>Zuvor hatte die ukrainische Regierung ein Einreiseverbot<br \/>\ngegen drei ranghohe ungarische Milit\u00e4rvertreter verk\u00fcndet. Die <span><a href=\"https:\/\/www.zeit.de\/politik\/ausland\/ukraine-krieg-news-liveblog\" rel=\"nofollow\">Ukraine<\/a><\/span><br \/>\nreagierte damit auf einen entsprechenden Schritt <a href=\"https:\/\/www.zeit.de\/thema\/ungarn\" rel=\"nofollow\">Ungarns<\/a> im Juli. Damals hatte die<br \/>\nungarische Regierung ein Einreiseverbot gegen drei ukrainische Milit\u00e4rs<br \/>\nverh\u00e4ngt, denen sie eine Beteiligung an der angeblichen Zwangsrekrutierung eines<br \/>\nungarisch-ukrainischen Doppelstaatlers vorwarf. Ungarn hatte zudem ein Einreiseverbot gegen einen<br \/>\nukrainischen Milit\u00e4rkommandeur verh\u00e4ngt, den das Land f\u00fcr Angriffe auf eine<br \/>\nrussische \u00d6l-Pipeline zur Versorgung Ungarns verantwortlich macht.\n<\/p>\n<h2>Orb\u00e1n h\u00e4lt an Gas und \u00d6l aus Russland fest<\/h2>\n<p>Die <a href=\"https:\/\/www.zeit.de\/politik\/ausland\/2025-05\/ukraine-krieg-ungarn-diplomaten-ausweisung-spionage-festnahme\" rel=\"nofollow\">Beziehungen zwischen Ungarn und der Ukraine<\/a> befinden<br \/>\nsich seit dem Beginn des russischen Angriffskrieges auf die Ukraine vor mehr<br \/>\nals dreieinhalb Jahren an einem Tiefpunkt. Die Ukraine hatte nur wenige Tage<br \/>\nnach Kriegsbeginn den Beitritt zur Europ\u00e4ischen Union beantragt. Der<br \/>\nKreml-freundliche ungarische Regierungschef <a href=\"https:\/\/www.zeit.de\/thema\/viktor-orban\" rel=\"nofollow\">Viktor Orb\u00e1n<\/a> blockiert seither<br \/>\njedoch mit seinem Veto greifbare Fortschritte im Beitrittsprozess.\n<\/p>\n<p>Ebenso blockierte <span><a href=\"https:\/\/www.zeit.de\/thema\/ungarn\" rel=\"nofollow\">Ungarn<\/a><\/span> immer wieder EU-Hilfen f\u00fcr die<br \/>\nUkraine und h\u00e4lt gleichzeitig am Kauf von Gas und \u00d6l aus Russland fest. Das tr\u00e4gt direkt zur Finanzierung der russischen Kriegsmaschinerie bei.\n<\/p>\n<\/div>\n","protected":false},"excerpt":{"rendered":"<p>Der ukrainische Pr\u00e4sident Wolodymyr Selenskyj hat Ungarn vorgeworfen, Aufkl\u00e4rungsfl\u00fcge mit Drohnen in der Ukraine ausgef\u00fchrt zu haben. &#8222;Die ukrainischen Truppen haben Verletzungen unseres Luftraums durch Aufkl\u00e4rungsdrohnen festgestellt, die wahrscheinlich ungarisch sind&#8220;, schrieb Selenskyj auf X.\u00a0 Ersten Untersuchungen zufolge h\u00e4tten die Drohnen m\u00f6glicherweise ukrainische Industrieanlagen nahe der Grenze im Blick gehabt. Er habe weitere umfassende Untersuchungen<\/p>\n","protected":false},"author":1,"featured_media":279656,"comment_status":"open","ping_status":"open","sticky":false,"template":"","format":"standard","meta":{"footnotes":""},"categories":[116],"tags":[],"class_list":["post-279655","post","type-post","status-publish","format-standard","has-post-thumbnail","hentry","category-war-chronicles-de"],"acf":[],"yoast_head":"<!-- This site is optimized with the Yoast SEO plugin v22.9 - https:\/\/yoast.com\/wordpress\/plugins\/seo\/ -->\n<title>Ukraine wirft Ungarn Drohnen-Aufkl\u00e4rungsflug \u00fcber Industrieanlagen vor - vof-news.eu<\/title>\n<meta name=\"description\" content=\"Der ukrainische Pr\u00e4sident Wolodymyr Selenskyj hat Ungarn\" \/>\n<meta name=\"robots\" content=\"noindex, follow, max-snippet:-1, max-image-preview:large, max-video-preview:-1\" \/>\n<meta property=\"og:locale\" content=\"de_DE\" \/>\n<meta property=\"og:type\" content=\"article\" \/>\n<meta property=\"og:title\" content=\"Ukraine wirft Ungarn Drohnen-Aufkl\u00e4rungsflug \u00fcber Industrieanlagen vor - vof-news.eu\" \/>\n<meta property=\"og:description\" content=\"Der ukrainische Pr\u00e4sident Wolodymyr Selenskyj hat Ungarn\" \/>\n<meta property=\"og:url\" content=\"https:\/\/vof-news.eu\/de\/ukraine-wirft-ungarn-drohnen-aufklarungsflug-uber-industrieanlagen-vor\/\" \/>\n<meta property=\"og:site_name\" content=\"vof-news.eu\" \/>\n<meta property=\"article:published_time\" content=\"2025-09-26T16:28:13+00:00\" \/>\n<meta property=\"article:modified_time\" content=\"2025-09-26T16:29:18+00:00\" \/>\n<meta property=\"og:image\" content=\"https:\/\/vof-news.eu\/wp-content\/uploads\/2025\/09\/wide__1000x562-106.jpg\" \/>\n\t<meta property=\"og:image:width\" content=\"1000\" \/>\n\t<meta property=\"og:image:height\" content=\"562\" \/>\n\t<meta property=\"og:image:type\" content=\"image\/jpeg\" \/>\n<meta name=\"author\" content=\"Author\" \/>\n<meta name=\"twitter:card\" content=\"summary_large_image\" \/>\n<meta name=\"twitter:label1\" content=\"Verfasst von\" \/>\n\t<meta name=\"twitter:data1\" content=\"Author\" \/>\n\t<meta name=\"twitter:label2\" content=\"Gesch\u00e4tzte Lesezeit\" \/>\n\t<meta name=\"twitter:data2\" content=\"1\u00a0Minute\" \/>\n<script type=\"application\/ld+json\" class=\"yoast-schema-graph\">{\"@context\":\"https:\/\/schema.org\",\"@graph\":[{\"@type\":\"WebPage\",\"@id\":\"https:\/\/vof-news.eu\/de\/ukraine-wirft-ungarn-drohnen-aufklarungsflug-uber-industrieanlagen-vor\/\",\"url\":\"https:\/\/vof-news.eu\/de\/ukraine-wirft-ungarn-drohnen-aufklarungsflug-uber-industrieanlagen-vor\/\",\"name\":\"Ukraine wirft Ungarn Drohnen-Aufkl\u00e4rungsflug \u00fcber Industrieanlagen vor - vof-news.eu\",\"isPartOf\":{\"@id\":\"https:\/\/vof-news.eu\/de\/#website\"},\"primaryImageOfPage\":{\"@id\":\"https:\/\/vof-news.eu\/de\/ukraine-wirft-ungarn-drohnen-aufklarungsflug-uber-industrieanlagen-vor\/#primaryimage\"},\"image\":{\"@id\":\"https:\/\/vof-news.eu\/de\/ukraine-wirft-ungarn-drohnen-aufklarungsflug-uber-industrieanlagen-vor\/#primaryimage\"},\"thumbnailUrl\":\"https:\/\/vof-news.eu\/wp-content\/uploads\/2025\/09\/wide__1000x562-106.jpg\",\"datePublished\":\"2025-09-26T16:28:13+00:00\",\"dateModified\":\"2025-09-26T16:29:18+00:00\",\"author\":{\"@id\":\"https:\/\/vof-news.eu\/de\/#\/schema\/person\/f6a2a4309f0561835797fd8c19b333ed\"},\"description\":\"Der ukrainische Pr\u00e4sident Wolodymyr Selenskyj hat Ungarn\",\"breadcrumb\":{\"@id\":\"https:\/\/vof-news.eu\/de\/ukraine-wirft-ungarn-drohnen-aufklarungsflug-uber-industrieanlagen-vor\/#breadcrumb\"},\"inLanguage\":\"de\",\"potentialAction\":[{\"@type\":\"ReadAction\",\"target\":[\"https:\/\/vof-news.eu\/de\/ukraine-wirft-ungarn-drohnen-aufklarungsflug-uber-industrieanlagen-vor\/\"]}]},{\"@type\":\"ImageObject\",\"inLanguage\":\"de\",\"@id\":\"https:\/\/vof-news.eu\/de\/ukraine-wirft-ungarn-drohnen-aufklarungsflug-uber-industrieanlagen-vor\/#primaryimage\",\"url\":\"https:\/\/vof-news.eu\/wp-content\/uploads\/2025\/09\/wide__1000x562-106.jpg\",\"contentUrl\":\"https:\/\/vof-news.eu\/wp-content\/uploads\/2025\/09\/wide__1000x562-106.jpg\",\"width\":1000,\"height\":562},{\"@type\":\"BreadcrumbList\",\"@id\":\"https:\/\/vof-news.eu\/de\/ukraine-wirft-ungarn-drohnen-aufklarungsflug-uber-industrieanlagen-vor\/#breadcrumb\",\"itemListElement\":[{\"@type\":\"ListItem\",\"position\":1,\"name\":\"Home\",\"item\":\"https:\/\/vof-news.eu\/de\/\"},{\"@type\":\"ListItem\",\"position\":2,\"name\":\"Ukraine wirft Ungarn Drohnen-Aufkl\u00e4rungsflug \u00fcber Industrieanlagen vor\"}]},{\"@type\":\"WebSite\",\"@id\":\"https:\/\/vof-news.eu\/de\/#website\",\"url\":\"https:\/\/vof-news.eu\/de\/\",\"name\":\"vof-news.eu\",\"description\":\"\",\"potentialAction\":[{\"@type\":\"SearchAction\",\"target\":{\"@type\":\"EntryPoint\",\"urlTemplate\":\"https:\/\/vof-news.eu\/de\/?s={search_term_string}\"},\"query-input\":\"required name=search_term_string\"}],\"inLanguage\":\"de\"},{\"@type\":\"Person\",\"@id\":\"https:\/\/vof-news.eu\/de\/#\/schema\/person\/f6a2a4309f0561835797fd8c19b333ed\",\"name\":\"Author\",\"image\":{\"@type\":\"ImageObject\",\"inLanguage\":\"de\",\"@id\":\"https:\/\/vof-news.eu\/de\/#\/schema\/person\/image\/\",\"url\":\"https:\/\/secure.gravatar.com\/avatar\/b67e614b1b25b3e9c0c239efdd2fde5ab015b5affd6f1c3c85911ca4b384e790?s=96&d=mm&r=g\",\"contentUrl\":\"https:\/\/secure.gravatar.com\/avatar\/b67e614b1b25b3e9c0c239efdd2fde5ab015b5affd6f1c3c85911ca4b384e790?s=96&d=mm&r=g\",\"caption\":\"Author\"},\"sameAs\":[\"http:\/\/vof-news.eu\"],\"url\":\"https:\/\/vof-news.eu\/de\/author\/zwt6qxnjulxbnyg\/\"}]}<\/script>\n<!-- \/ Yoast SEO plugin. -->","yoast_head_json":{"title":"Ukraine wirft Ungarn Drohnen-Aufkl\u00e4rungsflug \u00fcber Industrieanlagen vor - vof-news.eu","description":"Der ukrainische Pr\u00e4sident Wolodymyr Selenskyj hat Ungarn","robots":{"index":"noindex","follow":"follow","max-snippet":"max-snippet:-1","max-image-preview":"max-image-preview:large","max-video-preview":"max-video-preview:-1"},"og_locale":"de_DE","og_type":"article","og_title":"Ukraine wirft Ungarn Drohnen-Aufkl\u00e4rungsflug \u00fcber Industrieanlagen vor - vof-news.eu","og_description":"Der ukrainische Pr\u00e4sident Wolodymyr Selenskyj hat Ungarn","og_url":"https:\/\/vof-news.eu\/de\/ukraine-wirft-ungarn-drohnen-aufklarungsflug-uber-industrieanlagen-vor\/","og_site_name":"vof-news.eu","article_published_time":"2025-09-26T16:28:13+00:00","article_modified_time":"2025-09-26T16:29:18+00:00","og_image":[{"width":1000,"height":562,"url":"https:\/\/vof-news.eu\/wp-content\/uploads\/2025\/09\/wide__1000x562-106.jpg","type":"image\/jpeg"}],"author":"Author","twitter_card":"summary_large_image","twitter_misc":{"Verfasst von":"Author","Gesch\u00e4tzte Lesezeit":"1\u00a0Minute"},"schema":{"@context":"https:\/\/schema.org","@graph":[{"@type":"WebPage","@id":"https:\/\/vof-news.eu\/de\/ukraine-wirft-ungarn-drohnen-aufklarungsflug-uber-industrieanlagen-vor\/","url":"https:\/\/vof-news.eu\/de\/ukraine-wirft-ungarn-drohnen-aufklarungsflug-uber-industrieanlagen-vor\/","name":"Ukraine wirft Ungarn Drohnen-Aufkl\u00e4rungsflug \u00fcber Industrieanlagen vor - vof-news.eu","isPartOf":{"@id":"https:\/\/vof-news.eu\/de\/#website"},"primaryImageOfPage":{"@id":"https:\/\/vof-news.eu\/de\/ukraine-wirft-ungarn-drohnen-aufklarungsflug-uber-industrieanlagen-vor\/#primaryimage"},"image":{"@id":"https:\/\/vof-news.eu\/de\/ukraine-wirft-ungarn-drohnen-aufklarungsflug-uber-industrieanlagen-vor\/#primaryimage"},"thumbnailUrl":"https:\/\/vof-news.eu\/wp-content\/uploads\/2025\/09\/wide__1000x562-106.jpg","datePublished":"2025-09-26T16:28:13+00:00","dateModified":"2025-09-26T16:29:18+00:00","author":{"@id":"https:\/\/vof-news.eu\/de\/#\/schema\/person\/f6a2a4309f0561835797fd8c19b333ed"},"description":"Der ukrainische Pr\u00e4sident Wolodymyr Selenskyj hat Ungarn","breadcrumb":{"@id":"https:\/\/vof-news.eu\/de\/ukraine-wirft-ungarn-drohnen-aufklarungsflug-uber-industrieanlagen-vor\/#breadcrumb"},"inLanguage":"de","potentialAction":[{"@type":"ReadAction","target":["https:\/\/vof-news.eu\/de\/ukraine-wirft-ungarn-drohnen-aufklarungsflug-uber-industrieanlagen-vor\/"]}]},{"@type":"ImageObject","inLanguage":"de","@id":"https:\/\/vof-news.eu\/de\/ukraine-wirft-ungarn-drohnen-aufklarungsflug-uber-industrieanlagen-vor\/#primaryimage","url":"https:\/\/vof-news.eu\/wp-content\/uploads\/2025\/09\/wide__1000x562-106.jpg","contentUrl":"https:\/\/vof-news.eu\/wp-content\/uploads\/2025\/09\/wide__1000x562-106.jpg","width":1000,"height":562},{"@type":"BreadcrumbList","@id":"https:\/\/vof-news.eu\/de\/ukraine-wirft-ungarn-drohnen-aufklarungsflug-uber-industrieanlagen-vor\/#breadcrumb","itemListElement":[{"@type":"ListItem","position":1,"name":"Home","item":"https:\/\/vof-news.eu\/de\/"},{"@type":"ListItem","position":2,"name":"Ukraine wirft Ungarn Drohnen-Aufkl\u00e4rungsflug \u00fcber Industrieanlagen vor"}]},{"@type":"WebSite","@id":"https:\/\/vof-news.eu\/de\/#website","url":"https:\/\/vof-news.eu\/de\/","name":"vof-news.eu","description":"","potentialAction":[{"@type":"SearchAction","target":{"@type":"EntryPoint","urlTemplate":"https:\/\/vof-news.eu\/de\/?s={search_term_string}"},"query-input":"required name=search_term_string"}],"inLanguage":"de"},{"@type":"Person","@id":"https:\/\/vof-news.eu\/de\/#\/schema\/person\/f6a2a4309f0561835797fd8c19b333ed","name":"Author","image":{"@type":"ImageObject","inLanguage":"de","@id":"https:\/\/vof-news.eu\/de\/#\/schema\/person\/image\/","url":"https:\/\/secure.gravatar.com\/avatar\/b67e614b1b25b3e9c0c239efdd2fde5ab015b5affd6f1c3c85911ca4b384e790?s=96&d=mm&r=g","contentUrl":"https:\/\/secure.gravatar.com\/avatar\/b67e614b1b25b3e9c0c239efdd2fde5ab015b5affd6f1c3c85911ca4b384e790?s=96&d=mm&r=g","caption":"Author"},"sameAs":["http:\/\/vof-news.eu"],"url":"https:\/\/vof-news.eu\/de\/author\/zwt6qxnjulxbnyg\/"}]}},"yoast_meta":{"yoast_wpseo_title":"","yoast_wpseo_metadesc":"","yoast_wpseo_canonical":""},"_links":{"self":[{"href":"https:\/\/vof-news.eu\/de\/wp-json\/wp\/v2\/posts\/279655","targetHints":{"allow":["GET"]}}],"collection":[{"href":"https:\/\/vof-news.eu\/de\/wp-json\/wp\/v2\/posts"}],"about":[{"href":"https:\/\/vof-news.eu\/de\/wp-json\/wp\/v2\/types\/post"}],"author":[{"embeddable":true,"href":"https:\/\/vof-news.eu\/de\/wp-json\/wp\/v2\/users\/1"}],"replies":[{"embeddable":true,"href":"https:\/\/vof-news.eu\/de\/wp-json\/wp\/v2\/comments?post=279655"}],"version-history":[{"count":1,"href":"https:\/\/vof-news.eu\/de\/wp-json\/wp\/v2\/posts\/279655\/revisions"}],"predecessor-version":[{"id":279662,"href":"https:\/\/vof-news.eu\/de\/wp-json\/wp\/v2\/posts\/279655\/revisions\/279662"}],"wp:featuredmedia":[{"embeddable":true,"href":"https:\/\/vof-news.eu\/de\/wp-json\/wp\/v2\/media\/279656"}],"wp:attachment":[{"href":"https:\/\/vof-news.eu\/de\/wp-json\/wp\/v2\/media?parent=279655"}],"wp:term":[{"taxonomy":"category","embeddable":true,"href":"https:\/\/vof-news.eu\/de\/wp-json\/wp\/v2\/categories?post=279655"},{"taxonomy":"post_tag","embeddable":true,"href":"https:\/\/vof-news.eu\/de\/wp-json\/wp\/v2\/tags?post=279655"}],"curies":[{"name":"wp","href":"https:\/\/api.w.org\/{rel}","templated":true}]}}