{"id":278511,"date":"2025-09-24T11:26:13","date_gmt":"2025-09-24T08:26:13","guid":{"rendered":"https:\/\/vof-news.eu\/lufthansa-chef-droht-mit-streckenstreichungen-und-macht-der-bundesregierung-vorwurfe\/"},"modified":"2025-09-24T11:26:34","modified_gmt":"2025-09-24T08:26:34","slug":"lufthansa-chef-droht-mit-streckenstreichungen-und-macht-der-bundesregierung-vorwurfe","status":"publish","type":"post","link":"https:\/\/vof-news.eu\/de\/lufthansa-chef-droht-mit-streckenstreichungen-und-macht-der-bundesregierung-vorwurfe\/","title":{"rendered":"Lufthansa-Chef droht mit Streckenstreichungen \u2013 und macht der Bundesregierung Vorw\u00fcrfe"},"content":{"rendered":"<p>Lufthansa-Airlines-Chef Jens Ritter hat angesichts gestiegener Standortkosten mit der Stilllegung weiterer Flugverbindungen von deutschen Flugh\u00e4fen gedroht. \u201eWenn <a class=\"is-link c-block-items__link c-link--rich-text-renderer\" data-internal-tracking='{\"action\":\"click\",\"label\":\"link\",\"name\":\"Inline Element\",\"data\":{\"source\":\"\",\"target\":\"https:\/\/www.welt.de\/themen\/lufthansa\/\",\"trackingName\":\"\",\"trackingLabel\":\"\"}}' data-internal-tracking-enabled=\"true\" href=\"https:\/\/www.welt.de\/themen\/lufthansa\/\">Verbindungen unrentabel werden, <\/a>sind wir gezwungen, Strecken zu reduzieren und die Flugzeuge woanders einzusetzen\u201c, sagte er den Zeitungen der Funke Mediengruppe. \u201eDie Liste der Flugh\u00e4fen, die wir aus betriebswirtschaftlicher Sicht in den Blick nehmen m\u00fcssen, ist lang: Bremen, Dresden, K\u00f6ln, Leipzig, M\u00fcnster, N\u00fcrnberg, Stuttgart \u2013 um nur einige zu nennen.\u201c<\/p>\n<p>Ritter zeigte sich auch entt\u00e4uscht \u00fcber nicht gehaltene Ank\u00fcndigungen der <a class=\"is-link c-block-items__link c-link--rich-text-renderer\" data-internal-tracking='{\"action\":\"click\",\"label\":\"link\",\"name\":\"Inline Element\",\"data\":{\"source\":\"\",\"target\":\"https:\/\/www.welt.de\/themen\/bundesregierung\/\",\"trackingName\":\"\",\"trackingLabel\":\"\"}}' data-internal-tracking-enabled=\"true\" href=\"https:\/\/www.welt.de\/themen\/bundesregierung\/\">Bundesregierung<\/a>. \u201eEs ist sehr entt\u00e4uschend, dass die Bundesregierung im Haushaltsentwurf f\u00fcr 2026 keinerlei Entlastung f\u00fcr Fl\u00fcge ab Deutschland plant\u201c, sagte er. In ihrem Koalitionsvertrag hatten Union und SPD noch Zugest\u00e4ndnisse an die Branche festgehalten.<\/p>\n<p>Union und SPD hatten im Koalitionsvertrag vereinbart, die \u201eluftverkehrsspezifischen Steuern, Geb\u00fchren und Abgaben\u201c zu reduzieren und \u201edie Erh\u00f6hung der Luftverkehrsteuer\u201c zur\u00fcckzunehmen. Diese Erh\u00f6hung war im Mai 2024 in Kraft getreten. F\u00fcr Kurzstrecken stieg die Steuer pro Ticket von 12,48 auf 15,53 Euro, bei Mittelstrecken von 31,61 auf 39,34 Euro, bei Langstrecken von 56,91 auf 70,83 Euro.<\/p>\n","protected":false},"excerpt":{"rendered":"<p>Lufthansa-Airlines-Chef Jens Ritter hat angesichts gestiegener Standortkosten mit der Stilllegung weiterer Flugverbindungen von deutschen Flugh\u00e4fen gedroht. \u201eWenn Verbindungen unrentabel werden, sind wir gezwungen, Strecken zu reduzieren und die Flugzeuge woanders einzusetzen\u201c, sagte er den Zeitungen der Funke Mediengruppe. \u201eDie Liste der Flugh\u00e4fen, die wir aus betriebswirtschaftlicher Sicht in den Blick nehmen m\u00fcssen, ist lang: Bremen,<\/p>\n","protected":false},"author":1,"featured_media":278512,"comment_status":"open","ping_status":"open","sticky":false,"template":"","format":"standard","meta":{"footnotes":""},"categories":[59],"tags":[],"class_list":["post-278511","post","type-post","status-publish","format-standard","has-post-thumbnail","hentry","category-business-de"],"acf":[],"yoast_head":"<!-- This site is optimized with the Yoast SEO plugin v22.9 - https:\/\/yoast.com\/wordpress\/plugins\/seo\/ -->\n<title>Lufthansa-Chef droht mit Streckenstreichungen \u2013 und macht der Bundesregierung Vorw\u00fcrfe - vof-news.eu<\/title>\n<meta name=\"description\" content=\"Lufthansa-Airlines-Chef Jens Ritter hat angesichts gestiegener Standortkosten mit der Stilllegung weiterer Flugverbindungen von deutschen Flugh\u00e4fen gedroht. \u201eWenn Verbindungen unrentabel werden, sind wir gezwungen, Strecken zu reduzieren und die Flugzeuge woanders einzusetzen\u201c, sagte er den Zeitungen der Funke Mediengruppe. \u201eDie Liste der Flugh\u00e4fen, die wir aus betriebswirtschaftlicher Sicht in den Blick nehmen m\u00fcssen, ist lang: Bremen, Dresden, K\u00f6ln, Leipzig, M\u00fcnster, N\u00fcrnberg, Stuttgart \u2013 um nur einige zu nennen.\u201cRitter zeigte sich auch entt\u00e4uscht \u00fcber nicht gehaltene Ank\u00fcndigungen der Bundesregierung. \u201eEs ist sehr entt\u00e4uschend, dass die Bundesregierung im Haushaltsentwurf f\u00fcr 2026 keinerlei Entlastung f\u00fcr Fl\u00fcge ab Deutschland plant\u201c, sagte er. In ihrem Koalitionsvertrag hatten Union und SPD noch Zugest\u00e4ndnisse an die Branche festgehalten.Union und SPD hatten im Koalitionsvertrag vereinbart, die \u201eluftverkehrsspezifischen Steuern, Geb\u00fchren und Abgaben\u201c zu reduzieren und \u201edie Erh\u00f6hung der Luftverkehrsteuer\u201c zur\u00fcckzunehmen. Diese Erh\u00f6hung war im Mai 2024 in Kraft getreten. F\u00fcr Kurzstrecken stieg die Steuer pro Ticket von 12,48 auf 15,53 Euro, bei Mittelstrecken von 31,61 auf 39,34 Euro, bei Langstrecken von 56,91 auf 70,83 Euro.\" \/>\n<meta name=\"robots\" content=\"noindex, follow, max-snippet:-1, max-image-preview:large, max-video-preview:-1\" \/>\n<meta property=\"og:locale\" content=\"de_DE\" \/>\n<meta property=\"og:type\" content=\"article\" \/>\n<meta property=\"og:title\" content=\"Lufthansa-Chef droht mit Streckenstreichungen \u2013 und macht der Bundesregierung Vorw\u00fcrfe - vof-news.eu\" \/>\n<meta property=\"og:description\" content=\"Lufthansa-Airlines-Chef Jens Ritter hat angesichts gestiegener Standortkosten mit der Stilllegung weiterer Flugverbindungen von deutschen Flugh\u00e4fen gedroht. \u201eWenn Verbindungen unrentabel werden, sind wir gezwungen, Strecken zu reduzieren und die Flugzeuge woanders einzusetzen\u201c, sagte er den Zeitungen der Funke Mediengruppe. \u201eDie Liste der Flugh\u00e4fen, die wir aus betriebswirtschaftlicher Sicht in den Blick nehmen m\u00fcssen, ist lang: Bremen, Dresden, K\u00f6ln, Leipzig, M\u00fcnster, N\u00fcrnberg, Stuttgart \u2013 um nur einige zu nennen.\u201cRitter zeigte sich auch entt\u00e4uscht \u00fcber nicht gehaltene Ank\u00fcndigungen der Bundesregierung. \u201eEs ist sehr entt\u00e4uschend, dass die Bundesregierung im Haushaltsentwurf f\u00fcr 2026 keinerlei Entlastung f\u00fcr Fl\u00fcge ab Deutschland plant\u201c, sagte er. In ihrem Koalitionsvertrag hatten Union und SPD noch Zugest\u00e4ndnisse an die Branche festgehalten.Union und SPD hatten im Koalitionsvertrag vereinbart, die \u201eluftverkehrsspezifischen Steuern, Geb\u00fchren und Abgaben\u201c zu reduzieren und \u201edie Erh\u00f6hung der Luftverkehrsteuer\u201c zur\u00fcckzunehmen. Diese Erh\u00f6hung war im Mai 2024 in Kraft getreten. F\u00fcr Kurzstrecken stieg die Steuer pro Ticket von 12,48 auf 15,53 Euro, bei Mittelstrecken von 31,61 auf 39,34 Euro, bei Langstrecken von 56,91 auf 70,83 Euro.\" \/>\n<meta property=\"og:url\" content=\"https:\/\/vof-news.eu\/de\/lufthansa-chef-droht-mit-streckenstreichungen-und-macht-der-bundesregierung-vorwurfe\/\" \/>\n<meta property=\"og:site_name\" content=\"vof-news.eu\" \/>\n<meta property=\"article:published_time\" content=\"2025-09-24T08:26:13+00:00\" \/>\n<meta property=\"article:modified_time\" content=\"2025-09-24T08:26:34+00:00\" \/>\n<meta property=\"og:image\" content=\"https:\/\/vof-news.eu\/wp-content\/uploads\/2025\/09\/lufthansa-flugbegleiterinnen.webp\" \/>\n\t<meta property=\"og:image:width\" content=\"1200\" \/>\n\t<meta property=\"og:image:height\" content=\"574\" \/>\n\t<meta property=\"og:image:type\" content=\"image\/webp\" \/>\n<meta name=\"author\" content=\"Author\" \/>\n<meta name=\"twitter:card\" content=\"summary_large_image\" \/>\n<meta name=\"twitter:label1\" content=\"Verfasst von\" \/>\n\t<meta name=\"twitter:data1\" content=\"Author\" \/>\n\t<meta name=\"twitter:label2\" content=\"Gesch\u00e4tzte Lesezeit\" \/>\n\t<meta name=\"twitter:data2\" content=\"1\u00a0Minute\" \/>\n<script type=\"application\/ld+json\" class=\"yoast-schema-graph\">{\"@context\":\"https:\/\/schema.org\",\"@graph\":[{\"@type\":\"WebPage\",\"@id\":\"https:\/\/vof-news.eu\/de\/lufthansa-chef-droht-mit-streckenstreichungen-und-macht-der-bundesregierung-vorwurfe\/\",\"url\":\"https:\/\/vof-news.eu\/de\/lufthansa-chef-droht-mit-streckenstreichungen-und-macht-der-bundesregierung-vorwurfe\/\",\"name\":\"Lufthansa-Chef droht mit Streckenstreichungen \u2013 und macht der Bundesregierung Vorw\u00fcrfe - vof-news.eu\",\"isPartOf\":{\"@id\":\"https:\/\/vof-news.eu\/de\/#website\"},\"primaryImageOfPage\":{\"@id\":\"https:\/\/vof-news.eu\/de\/lufthansa-chef-droht-mit-streckenstreichungen-und-macht-der-bundesregierung-vorwurfe\/#primaryimage\"},\"image\":{\"@id\":\"https:\/\/vof-news.eu\/de\/lufthansa-chef-droht-mit-streckenstreichungen-und-macht-der-bundesregierung-vorwurfe\/#primaryimage\"},\"thumbnailUrl\":\"https:\/\/vof-news.eu\/wp-content\/uploads\/2025\/09\/lufthansa-flugbegleiterinnen.webp\",\"datePublished\":\"2025-09-24T08:26:13+00:00\",\"dateModified\":\"2025-09-24T08:26:34+00:00\",\"author\":{\"@id\":\"https:\/\/vof-news.eu\/de\/#\/schema\/person\/f6a2a4309f0561835797fd8c19b333ed\"},\"description\":\"Lufthansa-Airlines-Chef Jens Ritter hat angesichts gestiegener Standortkosten mit der Stilllegung weiterer Flugverbindungen von deutschen Flugh\u00e4fen gedroht. \u201eWenn Verbindungen unrentabel werden, sind wir gezwungen, Strecken zu reduzieren und die Flugzeuge woanders einzusetzen\u201c, sagte er den Zeitungen der Funke Mediengruppe. \u201eDie Liste der Flugh\u00e4fen, die wir aus betriebswirtschaftlicher Sicht in den Blick nehmen m\u00fcssen, ist lang: Bremen, Dresden, K\u00f6ln, Leipzig, M\u00fcnster, N\u00fcrnberg, Stuttgart \u2013 um nur einige zu nennen.\u201cRitter zeigte sich auch entt\u00e4uscht \u00fcber nicht gehaltene Ank\u00fcndigungen der Bundesregierung. \u201eEs ist sehr entt\u00e4uschend, dass die Bundesregierung im Haushaltsentwurf f\u00fcr 2026 keinerlei Entlastung f\u00fcr Fl\u00fcge ab Deutschland plant\u201c, sagte er. In ihrem Koalitionsvertrag hatten Union und SPD noch Zugest\u00e4ndnisse an die Branche festgehalten.Union und SPD hatten im Koalitionsvertrag vereinbart, die \u201eluftverkehrsspezifischen Steuern, Geb\u00fchren und Abgaben\u201c zu reduzieren und \u201edie Erh\u00f6hung der Luftverkehrsteuer\u201c zur\u00fcckzunehmen. Diese Erh\u00f6hung war im Mai 2024 in Kraft getreten. F\u00fcr Kurzstrecken stieg die Steuer pro Ticket von 12,48 auf 15,53 Euro, bei Mittelstrecken von 31,61 auf 39,34 Euro, bei Langstrecken von 56,91 auf 70,83 Euro.\",\"breadcrumb\":{\"@id\":\"https:\/\/vof-news.eu\/de\/lufthansa-chef-droht-mit-streckenstreichungen-und-macht-der-bundesregierung-vorwurfe\/#breadcrumb\"},\"inLanguage\":\"de\",\"potentialAction\":[{\"@type\":\"ReadAction\",\"target\":[\"https:\/\/vof-news.eu\/de\/lufthansa-chef-droht-mit-streckenstreichungen-und-macht-der-bundesregierung-vorwurfe\/\"]}]},{\"@type\":\"ImageObject\",\"inLanguage\":\"de\",\"@id\":\"https:\/\/vof-news.eu\/de\/lufthansa-chef-droht-mit-streckenstreichungen-und-macht-der-bundesregierung-vorwurfe\/#primaryimage\",\"url\":\"https:\/\/vof-news.eu\/wp-content\/uploads\/2025\/09\/lufthansa-flugbegleiterinnen.webp\",\"contentUrl\":\"https:\/\/vof-news.eu\/wp-content\/uploads\/2025\/09\/lufthansa-flugbegleiterinnen.webp\",\"width\":1200,\"height\":574},{\"@type\":\"BreadcrumbList\",\"@id\":\"https:\/\/vof-news.eu\/de\/lufthansa-chef-droht-mit-streckenstreichungen-und-macht-der-bundesregierung-vorwurfe\/#breadcrumb\",\"itemListElement\":[{\"@type\":\"ListItem\",\"position\":1,\"name\":\"Home\",\"item\":\"https:\/\/vof-news.eu\/de\/\"},{\"@type\":\"ListItem\",\"position\":2,\"name\":\"Lufthansa-Chef droht mit Streckenstreichungen \u2013 und macht der Bundesregierung Vorw\u00fcrfe\"}]},{\"@type\":\"WebSite\",\"@id\":\"https:\/\/vof-news.eu\/de\/#website\",\"url\":\"https:\/\/vof-news.eu\/de\/\",\"name\":\"vof-news.eu\",\"description\":\"\",\"potentialAction\":[{\"@type\":\"SearchAction\",\"target\":{\"@type\":\"EntryPoint\",\"urlTemplate\":\"https:\/\/vof-news.eu\/de\/?s={search_term_string}\"},\"query-input\":\"required name=search_term_string\"}],\"inLanguage\":\"de\"},{\"@type\":\"Person\",\"@id\":\"https:\/\/vof-news.eu\/de\/#\/schema\/person\/f6a2a4309f0561835797fd8c19b333ed\",\"name\":\"Author\",\"image\":{\"@type\":\"ImageObject\",\"inLanguage\":\"de\",\"@id\":\"https:\/\/vof-news.eu\/de\/#\/schema\/person\/image\/\",\"url\":\"https:\/\/secure.gravatar.com\/avatar\/b67e614b1b25b3e9c0c239efdd2fde5ab015b5affd6f1c3c85911ca4b384e790?s=96&d=mm&r=g\",\"contentUrl\":\"https:\/\/secure.gravatar.com\/avatar\/b67e614b1b25b3e9c0c239efdd2fde5ab015b5affd6f1c3c85911ca4b384e790?s=96&d=mm&r=g\",\"caption\":\"Author\"},\"sameAs\":[\"http:\/\/vof-news.eu\"],\"url\":\"https:\/\/vof-news.eu\/de\/author\/zwt6qxnjulxbnyg\/\"}]}<\/script>\n<!-- \/ Yoast SEO plugin. -->","yoast_head_json":{"title":"Lufthansa-Chef droht mit Streckenstreichungen \u2013 und macht der Bundesregierung Vorw\u00fcrfe - vof-news.eu","description":"Lufthansa-Airlines-Chef Jens Ritter hat angesichts gestiegener Standortkosten mit der Stilllegung weiterer Flugverbindungen von deutschen Flugh\u00e4fen gedroht. \u201eWenn Verbindungen unrentabel werden, sind wir gezwungen, Strecken zu reduzieren und die Flugzeuge woanders einzusetzen\u201c, sagte er den Zeitungen der Funke Mediengruppe. \u201eDie Liste der Flugh\u00e4fen, die wir aus betriebswirtschaftlicher Sicht in den Blick nehmen m\u00fcssen, ist lang: Bremen, Dresden, K\u00f6ln, Leipzig, M\u00fcnster, N\u00fcrnberg, Stuttgart \u2013 um nur einige zu nennen.\u201cRitter zeigte sich auch entt\u00e4uscht \u00fcber nicht gehaltene Ank\u00fcndigungen der Bundesregierung. \u201eEs ist sehr entt\u00e4uschend, dass die Bundesregierung im Haushaltsentwurf f\u00fcr 2026 keinerlei Entlastung f\u00fcr Fl\u00fcge ab Deutschland plant\u201c, sagte er. In ihrem Koalitionsvertrag hatten Union und SPD noch Zugest\u00e4ndnisse an die Branche festgehalten.Union und SPD hatten im Koalitionsvertrag vereinbart, die \u201eluftverkehrsspezifischen Steuern, Geb\u00fchren und Abgaben\u201c zu reduzieren und \u201edie Erh\u00f6hung der Luftverkehrsteuer\u201c zur\u00fcckzunehmen. Diese Erh\u00f6hung war im Mai 2024 in Kraft getreten. F\u00fcr Kurzstrecken stieg die Steuer pro Ticket von 12,48 auf 15,53 Euro, bei Mittelstrecken von 31,61 auf 39,34 Euro, bei Langstrecken von 56,91 auf 70,83 Euro.","robots":{"index":"noindex","follow":"follow","max-snippet":"max-snippet:-1","max-image-preview":"max-image-preview:large","max-video-preview":"max-video-preview:-1"},"og_locale":"de_DE","og_type":"article","og_title":"Lufthansa-Chef droht mit Streckenstreichungen \u2013 und macht der Bundesregierung Vorw\u00fcrfe - vof-news.eu","og_description":"Lufthansa-Airlines-Chef Jens Ritter hat angesichts gestiegener Standortkosten mit der Stilllegung weiterer Flugverbindungen von deutschen Flugh\u00e4fen gedroht. \u201eWenn Verbindungen unrentabel werden, sind wir gezwungen, Strecken zu reduzieren und die Flugzeuge woanders einzusetzen\u201c, sagte er den Zeitungen der Funke Mediengruppe. \u201eDie Liste der Flugh\u00e4fen, die wir aus betriebswirtschaftlicher Sicht in den Blick nehmen m\u00fcssen, ist lang: Bremen, Dresden, K\u00f6ln, Leipzig, M\u00fcnster, N\u00fcrnberg, Stuttgart \u2013 um nur einige zu nennen.\u201cRitter zeigte sich auch entt\u00e4uscht \u00fcber nicht gehaltene Ank\u00fcndigungen der Bundesregierung. \u201eEs ist sehr entt\u00e4uschend, dass die Bundesregierung im Haushaltsentwurf f\u00fcr 2026 keinerlei Entlastung f\u00fcr Fl\u00fcge ab Deutschland plant\u201c, sagte er. In ihrem Koalitionsvertrag hatten Union und SPD noch Zugest\u00e4ndnisse an die Branche festgehalten.Union und SPD hatten im Koalitionsvertrag vereinbart, die \u201eluftverkehrsspezifischen Steuern, Geb\u00fchren und Abgaben\u201c zu reduzieren und \u201edie Erh\u00f6hung der Luftverkehrsteuer\u201c zur\u00fcckzunehmen. Diese Erh\u00f6hung war im Mai 2024 in Kraft getreten. F\u00fcr Kurzstrecken stieg die Steuer pro Ticket von 12,48 auf 15,53 Euro, bei Mittelstrecken von 31,61 auf 39,34 Euro, bei Langstrecken von 56,91 auf 70,83 Euro.","og_url":"https:\/\/vof-news.eu\/de\/lufthansa-chef-droht-mit-streckenstreichungen-und-macht-der-bundesregierung-vorwurfe\/","og_site_name":"vof-news.eu","article_published_time":"2025-09-24T08:26:13+00:00","article_modified_time":"2025-09-24T08:26:34+00:00","og_image":[{"width":1200,"height":574,"url":"https:\/\/vof-news.eu\/wp-content\/uploads\/2025\/09\/lufthansa-flugbegleiterinnen.webp","type":"image\/webp"}],"author":"Author","twitter_card":"summary_large_image","twitter_misc":{"Verfasst von":"Author","Gesch\u00e4tzte Lesezeit":"1\u00a0Minute"},"schema":{"@context":"https:\/\/schema.org","@graph":[{"@type":"WebPage","@id":"https:\/\/vof-news.eu\/de\/lufthansa-chef-droht-mit-streckenstreichungen-und-macht-der-bundesregierung-vorwurfe\/","url":"https:\/\/vof-news.eu\/de\/lufthansa-chef-droht-mit-streckenstreichungen-und-macht-der-bundesregierung-vorwurfe\/","name":"Lufthansa-Chef droht mit Streckenstreichungen \u2013 und macht der Bundesregierung Vorw\u00fcrfe - vof-news.eu","isPartOf":{"@id":"https:\/\/vof-news.eu\/de\/#website"},"primaryImageOfPage":{"@id":"https:\/\/vof-news.eu\/de\/lufthansa-chef-droht-mit-streckenstreichungen-und-macht-der-bundesregierung-vorwurfe\/#primaryimage"},"image":{"@id":"https:\/\/vof-news.eu\/de\/lufthansa-chef-droht-mit-streckenstreichungen-und-macht-der-bundesregierung-vorwurfe\/#primaryimage"},"thumbnailUrl":"https:\/\/vof-news.eu\/wp-content\/uploads\/2025\/09\/lufthansa-flugbegleiterinnen.webp","datePublished":"2025-09-24T08:26:13+00:00","dateModified":"2025-09-24T08:26:34+00:00","author":{"@id":"https:\/\/vof-news.eu\/de\/#\/schema\/person\/f6a2a4309f0561835797fd8c19b333ed"},"description":"Lufthansa-Airlines-Chef Jens Ritter hat angesichts gestiegener Standortkosten mit der Stilllegung weiterer Flugverbindungen von deutschen Flugh\u00e4fen gedroht. \u201eWenn Verbindungen unrentabel werden, sind wir gezwungen, Strecken zu reduzieren und die Flugzeuge woanders einzusetzen\u201c, sagte er den Zeitungen der Funke Mediengruppe. \u201eDie Liste der Flugh\u00e4fen, die wir aus betriebswirtschaftlicher Sicht in den Blick nehmen m\u00fcssen, ist lang: Bremen, Dresden, K\u00f6ln, Leipzig, M\u00fcnster, N\u00fcrnberg, Stuttgart \u2013 um nur einige zu nennen.\u201cRitter zeigte sich auch entt\u00e4uscht \u00fcber nicht gehaltene Ank\u00fcndigungen der Bundesregierung. \u201eEs ist sehr entt\u00e4uschend, dass die Bundesregierung im Haushaltsentwurf f\u00fcr 2026 keinerlei Entlastung f\u00fcr Fl\u00fcge ab Deutschland plant\u201c, sagte er. In ihrem Koalitionsvertrag hatten Union und SPD noch Zugest\u00e4ndnisse an die Branche festgehalten.Union und SPD hatten im Koalitionsvertrag vereinbart, die \u201eluftverkehrsspezifischen Steuern, Geb\u00fchren und Abgaben\u201c zu reduzieren und \u201edie Erh\u00f6hung der Luftverkehrsteuer\u201c zur\u00fcckzunehmen. Diese Erh\u00f6hung war im Mai 2024 in Kraft getreten. F\u00fcr Kurzstrecken stieg die Steuer pro Ticket von 12,48 auf 15,53 Euro, bei Mittelstrecken von 31,61 auf 39,34 Euro, bei Langstrecken von 56,91 auf 70,83 Euro.","breadcrumb":{"@id":"https:\/\/vof-news.eu\/de\/lufthansa-chef-droht-mit-streckenstreichungen-und-macht-der-bundesregierung-vorwurfe\/#breadcrumb"},"inLanguage":"de","potentialAction":[{"@type":"ReadAction","target":["https:\/\/vof-news.eu\/de\/lufthansa-chef-droht-mit-streckenstreichungen-und-macht-der-bundesregierung-vorwurfe\/"]}]},{"@type":"ImageObject","inLanguage":"de","@id":"https:\/\/vof-news.eu\/de\/lufthansa-chef-droht-mit-streckenstreichungen-und-macht-der-bundesregierung-vorwurfe\/#primaryimage","url":"https:\/\/vof-news.eu\/wp-content\/uploads\/2025\/09\/lufthansa-flugbegleiterinnen.webp","contentUrl":"https:\/\/vof-news.eu\/wp-content\/uploads\/2025\/09\/lufthansa-flugbegleiterinnen.webp","width":1200,"height":574},{"@type":"BreadcrumbList","@id":"https:\/\/vof-news.eu\/de\/lufthansa-chef-droht-mit-streckenstreichungen-und-macht-der-bundesregierung-vorwurfe\/#breadcrumb","itemListElement":[{"@type":"ListItem","position":1,"name":"Home","item":"https:\/\/vof-news.eu\/de\/"},{"@type":"ListItem","position":2,"name":"Lufthansa-Chef droht mit Streckenstreichungen \u2013 und macht der Bundesregierung Vorw\u00fcrfe"}]},{"@type":"WebSite","@id":"https:\/\/vof-news.eu\/de\/#website","url":"https:\/\/vof-news.eu\/de\/","name":"vof-news.eu","description":"","potentialAction":[{"@type":"SearchAction","target":{"@type":"EntryPoint","urlTemplate":"https:\/\/vof-news.eu\/de\/?s={search_term_string}"},"query-input":"required name=search_term_string"}],"inLanguage":"de"},{"@type":"Person","@id":"https:\/\/vof-news.eu\/de\/#\/schema\/person\/f6a2a4309f0561835797fd8c19b333ed","name":"Author","image":{"@type":"ImageObject","inLanguage":"de","@id":"https:\/\/vof-news.eu\/de\/#\/schema\/person\/image\/","url":"https:\/\/secure.gravatar.com\/avatar\/b67e614b1b25b3e9c0c239efdd2fde5ab015b5affd6f1c3c85911ca4b384e790?s=96&d=mm&r=g","contentUrl":"https:\/\/secure.gravatar.com\/avatar\/b67e614b1b25b3e9c0c239efdd2fde5ab015b5affd6f1c3c85911ca4b384e790?s=96&d=mm&r=g","caption":"Author"},"sameAs":["http:\/\/vof-news.eu"],"url":"https:\/\/vof-news.eu\/de\/author\/zwt6qxnjulxbnyg\/"}]}},"yoast_meta":{"yoast_wpseo_title":"","yoast_wpseo_metadesc":"","yoast_wpseo_canonical":""},"_links":{"self":[{"href":"https:\/\/vof-news.eu\/de\/wp-json\/wp\/v2\/posts\/278511","targetHints":{"allow":["GET"]}}],"collection":[{"href":"https:\/\/vof-news.eu\/de\/wp-json\/wp\/v2\/posts"}],"about":[{"href":"https:\/\/vof-news.eu\/de\/wp-json\/wp\/v2\/types\/post"}],"author":[{"embeddable":true,"href":"https:\/\/vof-news.eu\/de\/wp-json\/wp\/v2\/users\/1"}],"replies":[{"embeddable":true,"href":"https:\/\/vof-news.eu\/de\/wp-json\/wp\/v2\/comments?post=278511"}],"version-history":[{"count":1,"href":"https:\/\/vof-news.eu\/de\/wp-json\/wp\/v2\/posts\/278511\/revisions"}],"predecessor-version":[{"id":278518,"href":"https:\/\/vof-news.eu\/de\/wp-json\/wp\/v2\/posts\/278511\/revisions\/278518"}],"wp:featuredmedia":[{"embeddable":true,"href":"https:\/\/vof-news.eu\/de\/wp-json\/wp\/v2\/media\/278512"}],"wp:attachment":[{"href":"https:\/\/vof-news.eu\/de\/wp-json\/wp\/v2\/media?parent=278511"}],"wp:term":[{"taxonomy":"category","embeddable":true,"href":"https:\/\/vof-news.eu\/de\/wp-json\/wp\/v2\/categories?post=278511"},{"taxonomy":"post_tag","embeddable":true,"href":"https:\/\/vof-news.eu\/de\/wp-json\/wp\/v2\/tags?post=278511"}],"curies":[{"name":"wp","href":"https:\/\/api.w.org\/{rel}","templated":true}]}}