{"id":278357,"date":"2025-09-24T05:28:09","date_gmt":"2025-09-24T02:28:09","guid":{"rendered":"https:\/\/vof-news.eu\/trump-will-kurs-gegenuber-russland-andern-arger-wegen-un-rolltreppe\/"},"modified":"2025-09-24T05:29:20","modified_gmt":"2025-09-24T02:29:20","slug":"trump-will-kurs-gegenuber-russland-andern-arger-wegen-un-rolltreppe","status":"publish","type":"post","link":"https:\/\/vof-news.eu\/de\/trump-will-kurs-gegenuber-russland-andern-arger-wegen-un-rolltreppe\/","title":{"rendered":"Trump will Kurs gegen\u00fcber Russland \u00e4ndern, \u00c4rger wegen UN-Rolltreppe"},"content":{"rendered":"<div>\n<nav>\n<h2>\u00dcbersicht:<\/h2>\n<ul>\n<li>\n<a href=\"https:\/\/www.zeit.de#donald-trump-haelt-rueckeroberung-ukrainischer-gebiete-fuer-moeglich\" rel=\"nofollow\"><br \/>\n<span>Donald Trump\u00a0h\u00e4lt\u00a0R\u00fcckeroberung ukrainischer Gebiete f\u00fcr m\u00f6glich<\/span><\/p>\n<p><\/a>\n<\/li>\n<li>\n<a href=\"https:\/\/www.zeit.de#donald-trump-befuerwortet-abschuss-russischer-flugzeuge-bei-luftraumverletzung\" rel=\"nofollow\"><br \/>\n<span>Donald\u00a0Trump bef\u00fcrwortet Abschuss russischer Flugzeuge bei Luftraumverletzung<\/span><\/p>\n<p><\/a>\n<\/li>\n<li>\n<a href=\"https:\/\/www.zeit.de#us-regierung-fordert-untersuchung-wegen-un-rolltreppe\" rel=\"nofollow\"><br \/>\n<span>US-Regierung fordert Untersuchung wegen UN-Rolltreppe<\/span><\/p>\n<p><\/a>\n<\/li>\n<li>\n<a href=\"https:\/\/www.zeit.de#jury-spricht-mann-nach-versuchtem-attentat-auf-trump-schuldig\" rel=\"nofollow\"><br \/>\n<span>Jury spricht Mann nach versuchtem Attentat auf Trump schuldig<\/span><\/p>\n<p><\/a>\n<\/li>\n<li>\n<a href=\"https:\/\/www.zeit.de#usa-stellen-sich-hinter-argentiniens-praesident-milei\" rel=\"nofollow\"><br \/>\n<span>USA\u00a0stellen sich hinter Argentiniens Pr\u00e4sident Milei<\/span><\/p>\n<p><\/a>\n<\/li>\n<\/ul>\n<\/nav>\n<h2>Donald Trump h\u00e4lt R\u00fcckeroberung ukrainischer Gebiete f\u00fcr m\u00f6glich<\/h2>\n<p>In einer Kehrtwende hat US-Pr\u00e4sident\u00a0<a href=\"https:\/\/www.zeit.de\/thema\/donald-trump\" rel=\"nofollow\">Donald Trump<\/a>\u00a0eine R\u00fcckeroberung der\u00a0von <span><a href=\"https:\/\/www.zeit.de\/thema\/russland\" rel=\"nofollow\">Russland<\/a><\/span> besetzten Gebiete\u00a0durch die Ukraine in Aussicht gestellt.\u00a0Mit Geduld, Zeit und finanzieller Hilfe von Europa und vor allem der\u00a0<a href=\"https:\/\/www.zeit.de\/thema\/nato\" rel=\"nofollow\">Nato<\/a>\u00a0seien die urspr\u00fcnglichen Grenzen zum Zeitpunkt des Kriegsbeginns eine &#8222;Option&#8220;,\u00a0<a href=\"https:\/\/truthsocial.com\/@realDonaldTrump\/posts\/115255130298104593\" rel=\"nofollow\">schrieb Trump auf seiner Plattform Truth Social<\/a>.\u00a0Noch vor Kurzem hatte Trump den Konflikt als nur durch gegenseitige Gebietsabtretungen l\u00f6sbar beschrieben.\u00a0Trump erkl\u00e4rte seinen Meinungswechsel mit der sich angeschlagenen russischen Kriegswirtschaft,\u00a0sein Au\u00dfenminister Marco Rubio machte den z\u00e4hen Friedensprozess verantwortlich.\u00a0\n<\/p>\n<\/p>\n<h2>Donald Trump bef\u00fcrwortet Abschuss russischer Flugzeuge bei Luftraumverletzung<\/h2>\n<p><span><a href=\"https:\/\/www.zeit.de\/thema\/donald-trump\" rel=\"nofollow\">Donald Trump<\/a><\/span> h\u00e4lt eine milit\u00e4rische Reaktion auf Luftraumverletzungen durch Russland f\u00fcr angemessen.\u00a0Auf die Frage, ob er der Meinung ist, dass\u00a0<a href=\"https:\/\/www.zeit.de\/thema\/russland\" rel=\"nofollow\">russische<\/a>\u00a0Milit\u00e4rflugzeuge abgeschossen werden sollten, falls diese den Luftraum eines\u00a0<a href=\"https:\/\/www.zeit.de\/thema\/nato\" rel=\"nofollow\">Nato<\/a>-Staates verletzen, sagte Trump:\u00a0\u00a0&#8222;Ja, das bin ich.&#8220;\u00a0Ob sich die\u00a0<a href=\"https:\/\/www.zeit.de\/thema\/usa\" rel=\"nofollow\">USA<\/a>\u00a0an etwaigen Absch\u00fcssen beteiligen w\u00fcrden, lie\u00df der US-Pr\u00e4sident offen: &#8222;Kommt auf die Umst\u00e4nde an&#8220;, sagte er.\u00a0<a href=\"https:\/\/www.zeit.de\/politik\/ausland\/2025-09\/russland-estland-polen-kampfjets-drohnen-nato\" rel=\"nofollow\">In den vergangenen Tagen<\/a>\u00a0hatten\u00a0<a href=\"https:\/\/www.zeit.de\/politik\/ausland\/2025-09\/polen-nato-ukraine-drohnen-russland-warnung-luftabwehr-alarmbereitschaft\" rel=\"nofollow\">Polen<\/a>, Estland und\u00a0<a href=\"https:\/\/www.zeit.de\/politik\/ausland\/2025-09\/ukraine-russland-krieg-luftraumverletzung-polen-rumaenien\" rel=\"nofollow\">Rum\u00e4nien<\/a>\u00a0das Eindringen russischer Flugzeuge und Drohnen in ihren Luftraum gemeldet.\u00a0In Skandinavien kam es zu \u00e4hnlichen Vorf\u00e4llen.\u00a0Im Gegensatz zum US-Pr\u00e4sident hat\u00a0Verteidigungsminister\u00a0<a href=\"https:\/\/www.zeit.de\/thema\/boris-pistorius\" rel=\"nofollow\">Boris Pistorius<\/a>\u00a0(SPD)\u00a0<a href=\"https:\/\/www.zeit.de\/politik\/deutschland\/2025-09\/luftraumverletzung-russland-nato-verteidigungsminister-boris-pistorius-eskalationsfalle\" rel=\"nofollow\">Forderungen nach einem Abschuss russischer Maschinen als leichtfertig zur\u00fcckgewiesen<\/a>.\n<\/p>\n<\/p>\n<h2>US-Regierung fordert Untersuchung wegen UN-Rolltreppe<\/h2>\n<p>Nach dem Ausfall einer Rolltreppe beim Besuch von Donald Trump bei den <span><a href=\"https:\/\/www.zeit.de\/thema\/un\" rel=\"nofollow\">Vereinten Nationen<\/a><\/span>\u00a0hat die US-Regierung Ermittlungen verlangt. &#8222;Wenn jemand bei der UN die Rolltreppe absichtlich angehalten hat, als der Pr\u00e4sident und die First Lady sie betraten, muss diese Person sofort entlassen und untersucht werden&#8220;, schrieb Trumps\u00a0Sprecherin Karoline Leavitt auf X.\u00a0Sie teilte dazu einen Medienbericht, wonach UN-Mitarbeiter gescherzt h\u00e4tten, sie w\u00fcrden die Rolltreppen ausschalten. Als bei seiner Rede zudem der Teleprompter nicht funktionierte, sagte Trump, eine &#8222;schlechte Rolltreppe und ein schlechter Teleprompter&#8220; sei alles, was er in New York bekommen habe. Laut dem\u00a0Sprecher von UN-Generalsekret\u00e4r Ant\u00f3nio Guterres, St\u00e9phane Dujarric, soll jemand, der vor Trump auf der Rolltreppe stand, den\u00a0Sicherheitsmechanismus\u00a0versehentlich ausgel\u00f6st haben.\u00a0Der Teleprompter f\u00fcr den US-Pr\u00e4sidenten sei zudem vom Wei\u00dfen Haus betrieben worden.\n<\/p>\n<\/p>\n<h2>Jury spricht Mann nach versuchtem Attentat auf Trump schuldig<\/h2>\n<p>Eine\u00a0Jury\u00a0hat Ryan Routh\u00a0f\u00fcr ein versuchtes Attentat auf Donald Trump schuldig gesprochen.\u00a02024 hatte der Secret Service an Trumps Golfplatz in West Palm Beach auf den\u00a0in den B\u00fcschen versteckten\u00a0bewaffneten\u00a0Routh\u00a0geschossen. Er\u00a0selbst feuerte keine Kugel ab\u00a0\u2013\u00a0stattdessen floh er, wurde wenig sp\u00e4ter aber festgenommen und schlie\u00dflich angeklagt.\u00a0Routh\u00a0bestreitet die Taten, doch die Geschworenen halten den 59-J\u00e4hrigen in allen Anklagepunkten f\u00fcr schuldig.\u00a0Ihm droht die H\u00f6chststrafe einer lebenslangen Haft. Das Strafma\u00df soll laut den Gerichtsakten am 18. Dezember verk\u00fcndet werden.\u00a0Trump begr\u00fc\u00dfte die Entscheidung der Jury.\n<\/p>\n<h2>USA stellen sich hinter Argentiniens Pr\u00e4sident Milei<\/h2>\n<p>Kurz vor Zwischenwahlen in Argentinien hat der US-Pr\u00e4sident\u00a0dem dortigen Pr\u00e4sidenten Javier Milei\u00a0seine Unterst\u00fctzung zugesichert.\u00a0&#8222;Wir werden ihnen helfen&#8220;, sagte Trump in Bezug auf die wirtschaftliche Situation des Landes und bot zudem seine Unterst\u00fctzung f\u00fcr\u00a0Mileis\u00a0Wiederwahl an.\u00a0US-Finanzminister Scott Bessent\u00a0arbeite mit Argentinien zusammen, &#8222;damit sie gute Schulden machen k\u00f6nnen und all die Dinge, die man braucht, um Argentinien wieder gro\u00df zu machen&#8220;, sagte der US-Pr\u00e4sident.\u00a0\n<\/p>\n<\/p>\n<p>\n<\/p>\n<\/div>\n","protected":false},"excerpt":{"rendered":"<p>\u00dcbersicht: Donald Trump\u00a0h\u00e4lt\u00a0R\u00fcckeroberung ukrainischer Gebiete f\u00fcr m\u00f6glich Donald\u00a0Trump bef\u00fcrwortet Abschuss russischer Flugzeuge bei Luftraumverletzung US-Regierung fordert Untersuchung wegen UN-Rolltreppe Jury spricht Mann nach versuchtem Attentat auf Trump schuldig USA\u00a0stellen sich hinter Argentiniens Pr\u00e4sident Milei Donald Trump h\u00e4lt R\u00fcckeroberung ukrainischer Gebiete f\u00fcr m\u00f6glich In einer Kehrtwende hat US-Pr\u00e4sident\u00a0Donald Trump\u00a0eine R\u00fcckeroberung der\u00a0von Russland besetzten Gebiete\u00a0durch die Ukraine<\/p>\n","protected":false},"author":1,"featured_media":278358,"comment_status":"open","ping_status":"open","sticky":false,"template":"","format":"standard","meta":{"footnotes":""},"categories":[116],"tags":[],"class_list":["post-278357","post","type-post","status-publish","format-standard","has-post-thumbnail","hentry","category-war-chronicles-de"],"acf":[],"yoast_head":"<!-- This site is optimized with the Yoast SEO plugin v22.9 - https:\/\/yoast.com\/wordpress\/plugins\/seo\/ -->\n<title>Trump will Kurs gegen\u00fcber Russland \u00e4ndern, \u00c4rger wegen UN-Rolltreppe - vof-news.eu<\/title>\n<meta name=\"description\" content=\"\u00dcbersicht:\" \/>\n<meta name=\"robots\" content=\"noindex, follow, max-snippet:-1, max-image-preview:large, max-video-preview:-1\" \/>\n<meta property=\"og:locale\" content=\"de_DE\" \/>\n<meta property=\"og:type\" content=\"article\" \/>\n<meta property=\"og:title\" content=\"Trump will Kurs gegen\u00fcber Russland \u00e4ndern, \u00c4rger wegen UN-Rolltreppe - vof-news.eu\" \/>\n<meta property=\"og:description\" content=\"\u00dcbersicht:\" \/>\n<meta property=\"og:url\" content=\"https:\/\/vof-news.eu\/de\/trump-will-kurs-gegenuber-russland-andern-arger-wegen-un-rolltreppe\/\" \/>\n<meta property=\"og:site_name\" content=\"vof-news.eu\" \/>\n<meta property=\"article:published_time\" content=\"2025-09-24T02:28:09+00:00\" \/>\n<meta property=\"article:modified_time\" content=\"2025-09-24T02:29:20+00:00\" \/>\n<meta property=\"og:image\" content=\"https:\/\/vof-news.eu\/wp-content\/uploads\/2025\/09\/wide__1000x562-94.jpg\" \/>\n\t<meta property=\"og:image:width\" content=\"1000\" \/>\n\t<meta property=\"og:image:height\" content=\"562\" \/>\n\t<meta property=\"og:image:type\" content=\"image\/jpeg\" \/>\n<meta name=\"author\" content=\"Author\" \/>\n<meta name=\"twitter:card\" content=\"summary_large_image\" \/>\n<meta name=\"twitter:label1\" content=\"Verfasst von\" \/>\n\t<meta name=\"twitter:data1\" content=\"Author\" \/>\n\t<meta name=\"twitter:label2\" content=\"Gesch\u00e4tzte Lesezeit\" \/>\n\t<meta name=\"twitter:data2\" content=\"3\u00a0Minuten\" \/>\n<script type=\"application\/ld+json\" class=\"yoast-schema-graph\">{\"@context\":\"https:\/\/schema.org\",\"@graph\":[{\"@type\":\"WebPage\",\"@id\":\"https:\/\/vof-news.eu\/de\/trump-will-kurs-gegenuber-russland-andern-arger-wegen-un-rolltreppe\/\",\"url\":\"https:\/\/vof-news.eu\/de\/trump-will-kurs-gegenuber-russland-andern-arger-wegen-un-rolltreppe\/\",\"name\":\"Trump will Kurs gegen\u00fcber Russland \u00e4ndern, \u00c4rger wegen UN-Rolltreppe - vof-news.eu\",\"isPartOf\":{\"@id\":\"https:\/\/vof-news.eu\/de\/#website\"},\"primaryImageOfPage\":{\"@id\":\"https:\/\/vof-news.eu\/de\/trump-will-kurs-gegenuber-russland-andern-arger-wegen-un-rolltreppe\/#primaryimage\"},\"image\":{\"@id\":\"https:\/\/vof-news.eu\/de\/trump-will-kurs-gegenuber-russland-andern-arger-wegen-un-rolltreppe\/#primaryimage\"},\"thumbnailUrl\":\"https:\/\/vof-news.eu\/wp-content\/uploads\/2025\/09\/wide__1000x562-94.jpg\",\"datePublished\":\"2025-09-24T02:28:09+00:00\",\"dateModified\":\"2025-09-24T02:29:20+00:00\",\"author\":{\"@id\":\"https:\/\/vof-news.eu\/de\/#\/schema\/person\/f6a2a4309f0561835797fd8c19b333ed\"},\"description\":\"\u00dcbersicht:\",\"breadcrumb\":{\"@id\":\"https:\/\/vof-news.eu\/de\/trump-will-kurs-gegenuber-russland-andern-arger-wegen-un-rolltreppe\/#breadcrumb\"},\"inLanguage\":\"de\",\"potentialAction\":[{\"@type\":\"ReadAction\",\"target\":[\"https:\/\/vof-news.eu\/de\/trump-will-kurs-gegenuber-russland-andern-arger-wegen-un-rolltreppe\/\"]}]},{\"@type\":\"ImageObject\",\"inLanguage\":\"de\",\"@id\":\"https:\/\/vof-news.eu\/de\/trump-will-kurs-gegenuber-russland-andern-arger-wegen-un-rolltreppe\/#primaryimage\",\"url\":\"https:\/\/vof-news.eu\/wp-content\/uploads\/2025\/09\/wide__1000x562-94.jpg\",\"contentUrl\":\"https:\/\/vof-news.eu\/wp-content\/uploads\/2025\/09\/wide__1000x562-94.jpg\",\"width\":1000,\"height\":562},{\"@type\":\"BreadcrumbList\",\"@id\":\"https:\/\/vof-news.eu\/de\/trump-will-kurs-gegenuber-russland-andern-arger-wegen-un-rolltreppe\/#breadcrumb\",\"itemListElement\":[{\"@type\":\"ListItem\",\"position\":1,\"name\":\"Home\",\"item\":\"https:\/\/vof-news.eu\/de\/\"},{\"@type\":\"ListItem\",\"position\":2,\"name\":\"Trump will Kurs gegen\u00fcber Russland \u00e4ndern, \u00c4rger wegen UN-Rolltreppe\"}]},{\"@type\":\"WebSite\",\"@id\":\"https:\/\/vof-news.eu\/de\/#website\",\"url\":\"https:\/\/vof-news.eu\/de\/\",\"name\":\"vof-news.eu\",\"description\":\"\",\"potentialAction\":[{\"@type\":\"SearchAction\",\"target\":{\"@type\":\"EntryPoint\",\"urlTemplate\":\"https:\/\/vof-news.eu\/de\/?s={search_term_string}\"},\"query-input\":\"required name=search_term_string\"}],\"inLanguage\":\"de\"},{\"@type\":\"Person\",\"@id\":\"https:\/\/vof-news.eu\/de\/#\/schema\/person\/f6a2a4309f0561835797fd8c19b333ed\",\"name\":\"Author\",\"image\":{\"@type\":\"ImageObject\",\"inLanguage\":\"de\",\"@id\":\"https:\/\/vof-news.eu\/de\/#\/schema\/person\/image\/\",\"url\":\"https:\/\/secure.gravatar.com\/avatar\/b67e614b1b25b3e9c0c239efdd2fde5ab015b5affd6f1c3c85911ca4b384e790?s=96&d=mm&r=g\",\"contentUrl\":\"https:\/\/secure.gravatar.com\/avatar\/b67e614b1b25b3e9c0c239efdd2fde5ab015b5affd6f1c3c85911ca4b384e790?s=96&d=mm&r=g\",\"caption\":\"Author\"},\"sameAs\":[\"http:\/\/vof-news.eu\"],\"url\":\"https:\/\/vof-news.eu\/de\/author\/zwt6qxnjulxbnyg\/\"}]}<\/script>\n<!-- \/ Yoast SEO plugin. -->","yoast_head_json":{"title":"Trump will Kurs gegen\u00fcber Russland \u00e4ndern, \u00c4rger wegen UN-Rolltreppe - vof-news.eu","description":"\u00dcbersicht:","robots":{"index":"noindex","follow":"follow","max-snippet":"max-snippet:-1","max-image-preview":"max-image-preview:large","max-video-preview":"max-video-preview:-1"},"og_locale":"de_DE","og_type":"article","og_title":"Trump will Kurs gegen\u00fcber Russland \u00e4ndern, \u00c4rger wegen UN-Rolltreppe - vof-news.eu","og_description":"\u00dcbersicht:","og_url":"https:\/\/vof-news.eu\/de\/trump-will-kurs-gegenuber-russland-andern-arger-wegen-un-rolltreppe\/","og_site_name":"vof-news.eu","article_published_time":"2025-09-24T02:28:09+00:00","article_modified_time":"2025-09-24T02:29:20+00:00","og_image":[{"width":1000,"height":562,"url":"https:\/\/vof-news.eu\/wp-content\/uploads\/2025\/09\/wide__1000x562-94.jpg","type":"image\/jpeg"}],"author":"Author","twitter_card":"summary_large_image","twitter_misc":{"Verfasst von":"Author","Gesch\u00e4tzte Lesezeit":"3\u00a0Minuten"},"schema":{"@context":"https:\/\/schema.org","@graph":[{"@type":"WebPage","@id":"https:\/\/vof-news.eu\/de\/trump-will-kurs-gegenuber-russland-andern-arger-wegen-un-rolltreppe\/","url":"https:\/\/vof-news.eu\/de\/trump-will-kurs-gegenuber-russland-andern-arger-wegen-un-rolltreppe\/","name":"Trump will Kurs gegen\u00fcber Russland \u00e4ndern, \u00c4rger wegen UN-Rolltreppe - vof-news.eu","isPartOf":{"@id":"https:\/\/vof-news.eu\/de\/#website"},"primaryImageOfPage":{"@id":"https:\/\/vof-news.eu\/de\/trump-will-kurs-gegenuber-russland-andern-arger-wegen-un-rolltreppe\/#primaryimage"},"image":{"@id":"https:\/\/vof-news.eu\/de\/trump-will-kurs-gegenuber-russland-andern-arger-wegen-un-rolltreppe\/#primaryimage"},"thumbnailUrl":"https:\/\/vof-news.eu\/wp-content\/uploads\/2025\/09\/wide__1000x562-94.jpg","datePublished":"2025-09-24T02:28:09+00:00","dateModified":"2025-09-24T02:29:20+00:00","author":{"@id":"https:\/\/vof-news.eu\/de\/#\/schema\/person\/f6a2a4309f0561835797fd8c19b333ed"},"description":"\u00dcbersicht:","breadcrumb":{"@id":"https:\/\/vof-news.eu\/de\/trump-will-kurs-gegenuber-russland-andern-arger-wegen-un-rolltreppe\/#breadcrumb"},"inLanguage":"de","potentialAction":[{"@type":"ReadAction","target":["https:\/\/vof-news.eu\/de\/trump-will-kurs-gegenuber-russland-andern-arger-wegen-un-rolltreppe\/"]}]},{"@type":"ImageObject","inLanguage":"de","@id":"https:\/\/vof-news.eu\/de\/trump-will-kurs-gegenuber-russland-andern-arger-wegen-un-rolltreppe\/#primaryimage","url":"https:\/\/vof-news.eu\/wp-content\/uploads\/2025\/09\/wide__1000x562-94.jpg","contentUrl":"https:\/\/vof-news.eu\/wp-content\/uploads\/2025\/09\/wide__1000x562-94.jpg","width":1000,"height":562},{"@type":"BreadcrumbList","@id":"https:\/\/vof-news.eu\/de\/trump-will-kurs-gegenuber-russland-andern-arger-wegen-un-rolltreppe\/#breadcrumb","itemListElement":[{"@type":"ListItem","position":1,"name":"Home","item":"https:\/\/vof-news.eu\/de\/"},{"@type":"ListItem","position":2,"name":"Trump will Kurs gegen\u00fcber Russland \u00e4ndern, \u00c4rger wegen UN-Rolltreppe"}]},{"@type":"WebSite","@id":"https:\/\/vof-news.eu\/de\/#website","url":"https:\/\/vof-news.eu\/de\/","name":"vof-news.eu","description":"","potentialAction":[{"@type":"SearchAction","target":{"@type":"EntryPoint","urlTemplate":"https:\/\/vof-news.eu\/de\/?s={search_term_string}"},"query-input":"required name=search_term_string"}],"inLanguage":"de"},{"@type":"Person","@id":"https:\/\/vof-news.eu\/de\/#\/schema\/person\/f6a2a4309f0561835797fd8c19b333ed","name":"Author","image":{"@type":"ImageObject","inLanguage":"de","@id":"https:\/\/vof-news.eu\/de\/#\/schema\/person\/image\/","url":"https:\/\/secure.gravatar.com\/avatar\/b67e614b1b25b3e9c0c239efdd2fde5ab015b5affd6f1c3c85911ca4b384e790?s=96&d=mm&r=g","contentUrl":"https:\/\/secure.gravatar.com\/avatar\/b67e614b1b25b3e9c0c239efdd2fde5ab015b5affd6f1c3c85911ca4b384e790?s=96&d=mm&r=g","caption":"Author"},"sameAs":["http:\/\/vof-news.eu"],"url":"https:\/\/vof-news.eu\/de\/author\/zwt6qxnjulxbnyg\/"}]}},"yoast_meta":{"yoast_wpseo_title":"","yoast_wpseo_metadesc":"","yoast_wpseo_canonical":""},"_links":{"self":[{"href":"https:\/\/vof-news.eu\/de\/wp-json\/wp\/v2\/posts\/278357","targetHints":{"allow":["GET"]}}],"collection":[{"href":"https:\/\/vof-news.eu\/de\/wp-json\/wp\/v2\/posts"}],"about":[{"href":"https:\/\/vof-news.eu\/de\/wp-json\/wp\/v2\/types\/post"}],"author":[{"embeddable":true,"href":"https:\/\/vof-news.eu\/de\/wp-json\/wp\/v2\/users\/1"}],"replies":[{"embeddable":true,"href":"https:\/\/vof-news.eu\/de\/wp-json\/wp\/v2\/comments?post=278357"}],"version-history":[{"count":1,"href":"https:\/\/vof-news.eu\/de\/wp-json\/wp\/v2\/posts\/278357\/revisions"}],"predecessor-version":[{"id":278364,"href":"https:\/\/vof-news.eu\/de\/wp-json\/wp\/v2\/posts\/278357\/revisions\/278364"}],"wp:featuredmedia":[{"embeddable":true,"href":"https:\/\/vof-news.eu\/de\/wp-json\/wp\/v2\/media\/278358"}],"wp:attachment":[{"href":"https:\/\/vof-news.eu\/de\/wp-json\/wp\/v2\/media?parent=278357"}],"wp:term":[{"taxonomy":"category","embeddable":true,"href":"https:\/\/vof-news.eu\/de\/wp-json\/wp\/v2\/categories?post=278357"},{"taxonomy":"post_tag","embeddable":true,"href":"https:\/\/vof-news.eu\/de\/wp-json\/wp\/v2\/tags?post=278357"}],"curies":[{"name":"wp","href":"https:\/\/api.w.org\/{rel}","templated":true}]}}