{"id":278317,"date":"2025-09-24T01:28:08","date_gmt":"2025-09-23T22:28:08","guid":{"rendered":"https:\/\/vof-news.eu\/donald-trump-stellt-ruckeroberung-ukrainischer-gebiete-in-aussicht\/"},"modified":"2025-09-24T01:28:58","modified_gmt":"2025-09-23T22:28:58","slug":"donald-trump-stellt-ruckeroberung-ukrainischer-gebiete-in-aussicht","status":"publish","type":"post","link":"https:\/\/vof-news.eu\/de\/donald-trump-stellt-ruckeroberung-ukrainischer-gebiete-in-aussicht\/","title":{"rendered":"Donald Trump stellt R\u00fcckeroberung ukrainischer Gebiete in Aussicht"},"content":{"rendered":"<div>\n<p>US-Pr\u00e4sident <a href=\"https:\/\/www.zeit.de\/thema\/donald-trump\" rel=\"nofollow\">Donald Trump<\/a>\u00a0hat sich nach einem Treffen mit <a href=\"https:\/\/www.zeit.de\/thema\/wolodymyr-selenskyj\" rel=\"nofollow\">Wolodymyr<br \/>\n Selenskyj<\/a> zuversichtlich gezeigt, dass die Ukraine alle von Russland<br \/>\nbesetzten Gebiete zur\u00fcckerobern k\u00f6nnte.\u00a0Mit Geduld, Zeit und finanzieller Hilfe von Europa und vor allem der <span><a href=\"https:\/\/www.zeit.de\/thema\/nato\" rel=\"nofollow\">Nato<\/a><\/span> seien die urspr\u00fcnglichen Grenzen zum Zeitpunkt des Kriegsbeginns eine &#8222;Option&#8220;, <a href=\"https:\/\/truthsocial.com\/@realDonaldTrump\/posts\/115255130298104593\" rel=\"nofollow\">schrieb Trump auf seiner Plattform Truth Social<\/a>. Damit r\u00fcckt er von fr\u00fcheren \u00dcberlegungen ab, Gebietsabtretungen an Russland in Kauf zu nehmen.\u00a0\n<\/p>\n<p>Noch vor Kurzem hatte Trump den Konflikt als nur durch gegenseitige<br \/>\nGebietsabtretungen l\u00f6sbar beschrieben. Pr\u00e4sident <span><a href=\"https:\/\/www.zeit.de\/thema\/wolodymyr-selenskyj\" rel=\"nofollow\">Wolodymyr Selenskyj<\/a><\/span> hatte dies jedoch kategorisch ausgeschlossen. Unklar bleibt indes, welchen Grenzverlauf Trump meint:\u00a0Ob er auch die 2014 annektierte Krim zu den &#8222;urspr\u00fcnglichen Grenzen&#8220; z\u00e4hlt, lie\u00df er offen.\n<\/p>\n<p>Zur Begr\u00fcndung seiner neuen Position f\u00fchrte Trump an, sich eingehend mit der milit\u00e4rischen und wirtschaftlichen Lage beider L\u00e4nder besch\u00e4ftigt zu haben. <span><a href=\"https:\/\/www.zeit.de\/thema\/russland\" rel=\"nofollow\">Russland<\/a><\/span> f\u00fchre seit mehr als drei Jahren einen Krieg, &#8222;den eine echte Milit\u00e4rmacht&#8220; in k\u00fcrzester Zeit h\u00e4tte gewinnen k\u00f6nnen. Dadurch wirke das Land wie &#8222;ein zahnloser Tiger&#8220;.\n<\/p>\n<h2>Trump will weiter Waffen an die Nato liefern<\/h2>\n<p>Das Land befindet sich nach Trumps Darstellung in einer tiefen wirtschaftlichen Krise. In vielen St\u00e4dten sei Benzin kaum erh\u00e4ltlich, die Bev\u00f6lkerung leide unter langen Schlangen und den Belastungen der Kriegswirtschaft. Der gr\u00f6\u00dfte Teil des Geldes werde f\u00fcr den Kampf gegen die <span><a href=\"https:\/\/www.zeit.de\/politik\/ausland\/ukraine-krieg-news-liveblog\" rel=\"nofollow\">Ukraine<\/a><\/span> ausgegeben, w\u00e4hrend diese milit\u00e4risch immer st\u00e4rker werde.\n<\/p>\n<p>Unter diesen Umst\u00e4nden sei die Ukraine in der Lage, ihr Land &#8222;in seiner urspr\u00fcnglichen Form zur\u00fcckzugewinnen und, wer wei\u00df, vielleicht sogar noch weiterzugehen&#8220;, schrieb Trump. Pr\u00e4sident Wladimir Putin und Russland st\u00fcnden vor gro\u00dfen wirtschaftlichen Problemen, jetzt sei es an der Zeit, dass die Ukraine handele.\n<\/p>\n<p>Zugleich betonte der US-Pr\u00e4sident, die Vereinigten Staaten w\u00fcrden weiterhin Waffen an die Nato liefern. Wie diese eingesetzt w\u00fcrden, liege bei dem B\u00fcndnis selbst.\u00a0\n<\/p>\n<h2>EU begr\u00fc\u00dft Kurswechsel<\/h2>\n<p>Die EU-Au\u00dfenbeauftragte Kaja Kallas begr\u00fc\u00dfte die Kurs\u00e4nderung Trumps. Auf die Frage, wie die EU darauf reagiere, sagte sie am Rande der UN-Vollversammlung in New York: &#8222;Nun, wir stehen dem sehr positiv gegen\u00fcber.&#8220;\u00a0Es sei richtig, den Import russischer Energie zu beenden und die Ukraine im Ziel eines Sieges zu unterst\u00fctzen.\u00a0\n<\/p>\n<p>Auch Kommissionspr\u00e4sidentin Ursula von der Leyen hatte<a href=\"https:\/\/www.zeit.de\/politik\/ausland\/ukraine-krieg-news-liveblog#event_id=eoCR1PCsRBRT3BdP7sSv\" rel=\"nofollow\"> Trumps Forderung nach einem Importstopp russischer Energietr\u00e4ger<\/a> zuvor unterst\u00fctzt und angek\u00fcndigt, der Forderung bis Ende dieses Jahres nachzukommen.\u00a0Bislang plante die EU-Kommission, alle Energieimporte bis Ende 2027 zu stoppen.<\/p>\n<h2>Trump bef\u00fcrwortet Abschuss russischer Flugzeuge bei Luftraumverletzungen<\/h2>\n<p><a href=\"https:\/\/www.zeit.de\/politik\/ausland\/2025-09\/donald-trump-wolodymyr-selenskyj-abschuss-russland-nato\" rel=\"nofollow\">Zuvor hatte sich Trump<\/a> bei einem Treffen mit Selenskyj am Rande der UN-Vollversammlung in New York\u00a0auf Nachfrage daf\u00fcr ausgesprochen, <a href=\"https:\/\/www.zeit.de\/thema\/russland\" rel=\"nofollow\">russische<\/a> Milit\u00e4rflugzeuge abzuschie\u00dfen, sollten diese den Luftraum eines <a href=\"https:\/\/www.zeit.de\/thema\/nato\" rel=\"nofollow\">Nato<\/a>-Staates verletzen. Auf die Frage einer Journalistin, ob er in einem solchen Fall f\u00fcr einen Abschuss sei, antwortete Trump: &#8222;Ja, das bin ich.&#8220;\u00a0\n<\/p>\n<p>Ob sich die <a href=\"https:\/\/www.zeit.de\/thema\/usa\" rel=\"nofollow\">USA<\/a> an etwaigen Absch\u00fcssen beteiligen w\u00fcrden, lie\u00df der US-Pr\u00e4sident offen: Es komme auf die Umst\u00e4nde an, sagte er.\n<\/p>\n<h2>Luftraumverletzungen in mehreren Nato-Staaten<\/h2>\n<p><a href=\"https:\/\/www.zeit.de\/politik\/ausland\/2025-09\/russland-estland-polen-kampfjets-drohnen-nato\" rel=\"nofollow\">In den vergangenen Tagen<\/a> hatten <a href=\"https:\/\/www.zeit.de\/politik\/ausland\/2025-09\/polen-nato-ukraine-drohnen-russland-warnung-luftabwehr-alarmbereitschaft\" rel=\"nofollow\">Polen<\/a>, Estland und <a href=\"https:\/\/www.zeit.de\/politik\/ausland\/2025-09\/ukraine-russland-krieg-luftraumverletzung-polen-rumaenien\" rel=\"nofollow\">Rum\u00e4nien<\/a> das Eindringen russischer Flugzeuge und Drohnen in ihren Luftraum gemeldet.\u00a0<a href=\"https:\/\/www.zeit.de\/politik\/ausland\/2025-09\/estland-russland-eindringen-russland-kampfflugzeuge\" rel=\"nofollow\">In Estland<\/a><br \/>\n hielten sich am Freitag nach Beh\u00f6rdenangaben zwei russische<br \/>\nKampfflugzeuge mehr als 12 Minuten im Luftraum auf, bevor sie von<br \/>\nitalienischen F-35-Jets eskortiert wurden.<\/p>\n<p>In Skandinavien kam es zu<br \/>\n \u00e4hnlichen Vorf\u00e4llen. In der Nacht zum Dienstag f\u00fchrten Drohnenfl\u00fcge an<br \/>\nden Flugh\u00e4fen von Kopenhagen und Oslo zu Unterbrechungen im Flugverkehr.<br \/>\n D\u00e4nemarks Regierungschefin <a href=\"https:\/\/www.zeit.de\/politik\/ausland\/2025-09\/kopenhagen-oslo-drohnen-flughafen-stoerung-gxe\" rel=\"nofollow\">Mette Frederiksen sprach vom &#8222;bislang schwersten Angriff <\/a>auf die kritische Infrastruktur D\u00e4nemarks&#8220;. Eine Beteiligung <a href=\"https:\/\/www.zeit.de\/thema\/russland\" rel=\"nofollow\">Russlands<\/a> wollte sie nicht ausschlie\u00dfen.\u00a0<a href=\"https:\/\/www.zeit.de\/politik\/ausland\/2025-09\/nato-verteidigung-buendnis-russland-luftraum-angriffe-gxe\" rel=\"nofollow\">Die Nato warnte Russland<\/a>\u00a0unterdessen vor weiteren Luftraumverletzungen.\n<\/p>\n<\/p>\n<p>\n<\/p>\n<\/div>\n","protected":false},"excerpt":{"rendered":"<p>US-Pr\u00e4sident Donald Trump\u00a0hat sich nach einem Treffen mit Wolodymyr Selenskyj zuversichtlich gezeigt, dass die Ukraine alle von Russland besetzten Gebiete zur\u00fcckerobern k\u00f6nnte.\u00a0Mit Geduld, Zeit und finanzieller Hilfe von Europa und vor allem der Nato seien die urspr\u00fcnglichen Grenzen zum Zeitpunkt des Kriegsbeginns eine &#8222;Option&#8220;, schrieb Trump auf seiner Plattform Truth Social. Damit r\u00fcckt er von<\/p>\n","protected":false},"author":1,"featured_media":278318,"comment_status":"open","ping_status":"open","sticky":false,"template":"","format":"standard","meta":{"footnotes":""},"categories":[116],"tags":[],"class_list":["post-278317","post","type-post","status-publish","format-standard","has-post-thumbnail","hentry","category-war-chronicles-de"],"acf":[],"yoast_head":"<!-- This site is optimized with the Yoast SEO plugin v22.9 - https:\/\/yoast.com\/wordpress\/plugins\/seo\/ -->\n<title>Donald Trump stellt R\u00fcckeroberung ukrainischer Gebiete in Aussicht - vof-news.eu<\/title>\n<meta name=\"description\" content=\"US-Pr\u00e4sident Donald Trump\u00a0hat sich nach einem Treffen mit Wolodymyr\" \/>\n<meta name=\"robots\" content=\"noindex, follow, max-snippet:-1, max-image-preview:large, max-video-preview:-1\" \/>\n<meta property=\"og:locale\" content=\"de_DE\" \/>\n<meta property=\"og:type\" content=\"article\" \/>\n<meta property=\"og:title\" content=\"Donald Trump stellt R\u00fcckeroberung ukrainischer Gebiete in Aussicht - vof-news.eu\" \/>\n<meta property=\"og:description\" content=\"US-Pr\u00e4sident Donald Trump\u00a0hat sich nach einem Treffen mit Wolodymyr\" \/>\n<meta property=\"og:url\" content=\"https:\/\/vof-news.eu\/de\/donald-trump-stellt-ruckeroberung-ukrainischer-gebiete-in-aussicht\/\" \/>\n<meta property=\"og:site_name\" content=\"vof-news.eu\" \/>\n<meta property=\"article:published_time\" content=\"2025-09-23T22:28:08+00:00\" \/>\n<meta property=\"article:modified_time\" content=\"2025-09-23T22:28:58+00:00\" \/>\n<meta property=\"og:image\" content=\"https:\/\/vof-news.eu\/wp-content\/uploads\/2025\/09\/wide__1000x562-92.jpg\" \/>\n\t<meta property=\"og:image:width\" content=\"1000\" \/>\n\t<meta property=\"og:image:height\" content=\"562\" \/>\n\t<meta property=\"og:image:type\" content=\"image\/jpeg\" \/>\n<meta name=\"author\" content=\"Author\" \/>\n<meta name=\"twitter:card\" content=\"summary_large_image\" \/>\n<meta name=\"twitter:label1\" content=\"Verfasst von\" \/>\n\t<meta name=\"twitter:data1\" content=\"Author\" \/>\n\t<meta name=\"twitter:label2\" content=\"Gesch\u00e4tzte Lesezeit\" \/>\n\t<meta name=\"twitter:data2\" content=\"3\u00a0Minuten\" \/>\n<script type=\"application\/ld+json\" class=\"yoast-schema-graph\">{\"@context\":\"https:\/\/schema.org\",\"@graph\":[{\"@type\":\"WebPage\",\"@id\":\"https:\/\/vof-news.eu\/de\/donald-trump-stellt-ruckeroberung-ukrainischer-gebiete-in-aussicht\/\",\"url\":\"https:\/\/vof-news.eu\/de\/donald-trump-stellt-ruckeroberung-ukrainischer-gebiete-in-aussicht\/\",\"name\":\"Donald Trump stellt R\u00fcckeroberung ukrainischer Gebiete in Aussicht - vof-news.eu\",\"isPartOf\":{\"@id\":\"https:\/\/vof-news.eu\/de\/#website\"},\"primaryImageOfPage\":{\"@id\":\"https:\/\/vof-news.eu\/de\/donald-trump-stellt-ruckeroberung-ukrainischer-gebiete-in-aussicht\/#primaryimage\"},\"image\":{\"@id\":\"https:\/\/vof-news.eu\/de\/donald-trump-stellt-ruckeroberung-ukrainischer-gebiete-in-aussicht\/#primaryimage\"},\"thumbnailUrl\":\"https:\/\/vof-news.eu\/wp-content\/uploads\/2025\/09\/wide__1000x562-92.jpg\",\"datePublished\":\"2025-09-23T22:28:08+00:00\",\"dateModified\":\"2025-09-23T22:28:58+00:00\",\"author\":{\"@id\":\"https:\/\/vof-news.eu\/de\/#\/schema\/person\/f6a2a4309f0561835797fd8c19b333ed\"},\"description\":\"US-Pr\u00e4sident Donald Trump\u00a0hat sich nach einem Treffen mit Wolodymyr\",\"breadcrumb\":{\"@id\":\"https:\/\/vof-news.eu\/de\/donald-trump-stellt-ruckeroberung-ukrainischer-gebiete-in-aussicht\/#breadcrumb\"},\"inLanguage\":\"de\",\"potentialAction\":[{\"@type\":\"ReadAction\",\"target\":[\"https:\/\/vof-news.eu\/de\/donald-trump-stellt-ruckeroberung-ukrainischer-gebiete-in-aussicht\/\"]}]},{\"@type\":\"ImageObject\",\"inLanguage\":\"de\",\"@id\":\"https:\/\/vof-news.eu\/de\/donald-trump-stellt-ruckeroberung-ukrainischer-gebiete-in-aussicht\/#primaryimage\",\"url\":\"https:\/\/vof-news.eu\/wp-content\/uploads\/2025\/09\/wide__1000x562-92.jpg\",\"contentUrl\":\"https:\/\/vof-news.eu\/wp-content\/uploads\/2025\/09\/wide__1000x562-92.jpg\",\"width\":1000,\"height\":562},{\"@type\":\"BreadcrumbList\",\"@id\":\"https:\/\/vof-news.eu\/de\/donald-trump-stellt-ruckeroberung-ukrainischer-gebiete-in-aussicht\/#breadcrumb\",\"itemListElement\":[{\"@type\":\"ListItem\",\"position\":1,\"name\":\"Home\",\"item\":\"https:\/\/vof-news.eu\/de\/\"},{\"@type\":\"ListItem\",\"position\":2,\"name\":\"Donald Trump stellt R\u00fcckeroberung ukrainischer Gebiete in Aussicht\"}]},{\"@type\":\"WebSite\",\"@id\":\"https:\/\/vof-news.eu\/de\/#website\",\"url\":\"https:\/\/vof-news.eu\/de\/\",\"name\":\"vof-news.eu\",\"description\":\"\",\"potentialAction\":[{\"@type\":\"SearchAction\",\"target\":{\"@type\":\"EntryPoint\",\"urlTemplate\":\"https:\/\/vof-news.eu\/de\/?s={search_term_string}\"},\"query-input\":\"required name=search_term_string\"}],\"inLanguage\":\"de\"},{\"@type\":\"Person\",\"@id\":\"https:\/\/vof-news.eu\/de\/#\/schema\/person\/f6a2a4309f0561835797fd8c19b333ed\",\"name\":\"Author\",\"image\":{\"@type\":\"ImageObject\",\"inLanguage\":\"de\",\"@id\":\"https:\/\/vof-news.eu\/de\/#\/schema\/person\/image\/\",\"url\":\"https:\/\/secure.gravatar.com\/avatar\/b67e614b1b25b3e9c0c239efdd2fde5ab015b5affd6f1c3c85911ca4b384e790?s=96&d=mm&r=g\",\"contentUrl\":\"https:\/\/secure.gravatar.com\/avatar\/b67e614b1b25b3e9c0c239efdd2fde5ab015b5affd6f1c3c85911ca4b384e790?s=96&d=mm&r=g\",\"caption\":\"Author\"},\"sameAs\":[\"http:\/\/vof-news.eu\"],\"url\":\"https:\/\/vof-news.eu\/de\/author\/zwt6qxnjulxbnyg\/\"}]}<\/script>\n<!-- \/ Yoast SEO plugin. -->","yoast_head_json":{"title":"Donald Trump stellt R\u00fcckeroberung ukrainischer Gebiete in Aussicht - vof-news.eu","description":"US-Pr\u00e4sident Donald Trump\u00a0hat sich nach einem Treffen mit Wolodymyr","robots":{"index":"noindex","follow":"follow","max-snippet":"max-snippet:-1","max-image-preview":"max-image-preview:large","max-video-preview":"max-video-preview:-1"},"og_locale":"de_DE","og_type":"article","og_title":"Donald Trump stellt R\u00fcckeroberung ukrainischer Gebiete in Aussicht - vof-news.eu","og_description":"US-Pr\u00e4sident Donald Trump\u00a0hat sich nach einem Treffen mit Wolodymyr","og_url":"https:\/\/vof-news.eu\/de\/donald-trump-stellt-ruckeroberung-ukrainischer-gebiete-in-aussicht\/","og_site_name":"vof-news.eu","article_published_time":"2025-09-23T22:28:08+00:00","article_modified_time":"2025-09-23T22:28:58+00:00","og_image":[{"width":1000,"height":562,"url":"https:\/\/vof-news.eu\/wp-content\/uploads\/2025\/09\/wide__1000x562-92.jpg","type":"image\/jpeg"}],"author":"Author","twitter_card":"summary_large_image","twitter_misc":{"Verfasst von":"Author","Gesch\u00e4tzte Lesezeit":"3\u00a0Minuten"},"schema":{"@context":"https:\/\/schema.org","@graph":[{"@type":"WebPage","@id":"https:\/\/vof-news.eu\/de\/donald-trump-stellt-ruckeroberung-ukrainischer-gebiete-in-aussicht\/","url":"https:\/\/vof-news.eu\/de\/donald-trump-stellt-ruckeroberung-ukrainischer-gebiete-in-aussicht\/","name":"Donald Trump stellt R\u00fcckeroberung ukrainischer Gebiete in Aussicht - vof-news.eu","isPartOf":{"@id":"https:\/\/vof-news.eu\/de\/#website"},"primaryImageOfPage":{"@id":"https:\/\/vof-news.eu\/de\/donald-trump-stellt-ruckeroberung-ukrainischer-gebiete-in-aussicht\/#primaryimage"},"image":{"@id":"https:\/\/vof-news.eu\/de\/donald-trump-stellt-ruckeroberung-ukrainischer-gebiete-in-aussicht\/#primaryimage"},"thumbnailUrl":"https:\/\/vof-news.eu\/wp-content\/uploads\/2025\/09\/wide__1000x562-92.jpg","datePublished":"2025-09-23T22:28:08+00:00","dateModified":"2025-09-23T22:28:58+00:00","author":{"@id":"https:\/\/vof-news.eu\/de\/#\/schema\/person\/f6a2a4309f0561835797fd8c19b333ed"},"description":"US-Pr\u00e4sident Donald Trump\u00a0hat sich nach einem Treffen mit Wolodymyr","breadcrumb":{"@id":"https:\/\/vof-news.eu\/de\/donald-trump-stellt-ruckeroberung-ukrainischer-gebiete-in-aussicht\/#breadcrumb"},"inLanguage":"de","potentialAction":[{"@type":"ReadAction","target":["https:\/\/vof-news.eu\/de\/donald-trump-stellt-ruckeroberung-ukrainischer-gebiete-in-aussicht\/"]}]},{"@type":"ImageObject","inLanguage":"de","@id":"https:\/\/vof-news.eu\/de\/donald-trump-stellt-ruckeroberung-ukrainischer-gebiete-in-aussicht\/#primaryimage","url":"https:\/\/vof-news.eu\/wp-content\/uploads\/2025\/09\/wide__1000x562-92.jpg","contentUrl":"https:\/\/vof-news.eu\/wp-content\/uploads\/2025\/09\/wide__1000x562-92.jpg","width":1000,"height":562},{"@type":"BreadcrumbList","@id":"https:\/\/vof-news.eu\/de\/donald-trump-stellt-ruckeroberung-ukrainischer-gebiete-in-aussicht\/#breadcrumb","itemListElement":[{"@type":"ListItem","position":1,"name":"Home","item":"https:\/\/vof-news.eu\/de\/"},{"@type":"ListItem","position":2,"name":"Donald Trump stellt R\u00fcckeroberung ukrainischer Gebiete in Aussicht"}]},{"@type":"WebSite","@id":"https:\/\/vof-news.eu\/de\/#website","url":"https:\/\/vof-news.eu\/de\/","name":"vof-news.eu","description":"","potentialAction":[{"@type":"SearchAction","target":{"@type":"EntryPoint","urlTemplate":"https:\/\/vof-news.eu\/de\/?s={search_term_string}"},"query-input":"required name=search_term_string"}],"inLanguage":"de"},{"@type":"Person","@id":"https:\/\/vof-news.eu\/de\/#\/schema\/person\/f6a2a4309f0561835797fd8c19b333ed","name":"Author","image":{"@type":"ImageObject","inLanguage":"de","@id":"https:\/\/vof-news.eu\/de\/#\/schema\/person\/image\/","url":"https:\/\/secure.gravatar.com\/avatar\/b67e614b1b25b3e9c0c239efdd2fde5ab015b5affd6f1c3c85911ca4b384e790?s=96&d=mm&r=g","contentUrl":"https:\/\/secure.gravatar.com\/avatar\/b67e614b1b25b3e9c0c239efdd2fde5ab015b5affd6f1c3c85911ca4b384e790?s=96&d=mm&r=g","caption":"Author"},"sameAs":["http:\/\/vof-news.eu"],"url":"https:\/\/vof-news.eu\/de\/author\/zwt6qxnjulxbnyg\/"}]}},"yoast_meta":{"yoast_wpseo_title":"","yoast_wpseo_metadesc":"","yoast_wpseo_canonical":""},"_links":{"self":[{"href":"https:\/\/vof-news.eu\/de\/wp-json\/wp\/v2\/posts\/278317","targetHints":{"allow":["GET"]}}],"collection":[{"href":"https:\/\/vof-news.eu\/de\/wp-json\/wp\/v2\/posts"}],"about":[{"href":"https:\/\/vof-news.eu\/de\/wp-json\/wp\/v2\/types\/post"}],"author":[{"embeddable":true,"href":"https:\/\/vof-news.eu\/de\/wp-json\/wp\/v2\/users\/1"}],"replies":[{"embeddable":true,"href":"https:\/\/vof-news.eu\/de\/wp-json\/wp\/v2\/comments?post=278317"}],"version-history":[{"count":1,"href":"https:\/\/vof-news.eu\/de\/wp-json\/wp\/v2\/posts\/278317\/revisions"}],"predecessor-version":[{"id":278324,"href":"https:\/\/vof-news.eu\/de\/wp-json\/wp\/v2\/posts\/278317\/revisions\/278324"}],"wp:featuredmedia":[{"embeddable":true,"href":"https:\/\/vof-news.eu\/de\/wp-json\/wp\/v2\/media\/278318"}],"wp:attachment":[{"href":"https:\/\/vof-news.eu\/de\/wp-json\/wp\/v2\/media?parent=278317"}],"wp:term":[{"taxonomy":"category","embeddable":true,"href":"https:\/\/vof-news.eu\/de\/wp-json\/wp\/v2\/categories?post=278317"},{"taxonomy":"post_tag","embeddable":true,"href":"https:\/\/vof-news.eu\/de\/wp-json\/wp\/v2\/tags?post=278317"}],"curies":[{"name":"wp","href":"https:\/\/api.w.org\/{rel}","templated":true}]}}