{"id":277846,"date":"2025-09-22T23:28:13","date_gmt":"2025-09-22T20:28:13","guid":{"rendered":"https:\/\/vof-news.eu\/prasidentin-von-moldau-wirft-russland-einmischung-in-wahl-vor\/"},"modified":"2025-09-22T23:29:05","modified_gmt":"2025-09-22T20:29:05","slug":"prasidentin-von-moldau-wirft-russland-einmischung-in-wahl-vor","status":"publish","type":"post","link":"https:\/\/vof-news.eu\/de\/prasidentin-von-moldau-wirft-russland-einmischung-in-wahl-vor\/","title":{"rendered":"Pr\u00e4sidentin von Moldau wirft Russland Einmischung in Wahl vor"},"content":{"rendered":"<div>\n<p>Die moldauische<br \/>\nPr\u00e4sidentin Maia Sandu hat Russland vorgeworfen, sich mit Stimmenkauf<br \/>\nund<br \/>\nDesinformation massiv in die am kommenden Sonntag anstehende<br \/>\nParlamentswahl in <span><a href=\"https:\/\/www.zeit.de\/thema\/moldau\" rel=\"nofollow\">Moldau<\/a><\/span> einzumischen. <a href=\"https:\/\/www.zeit.de\/politik\/ausland\/2024-12\/russische-sabotage-europa-spionage-pipelines-hackerangriffe\" rel=\"nofollow\">Russland gebe &#8222;hundert<br \/>\nMillionen Euro&#8220; zur Beeinflussung<\/a> der Wahl in Moldau aus und kaufe<br \/>\n&#8222;hunderttausende Stimmen&#8220;, sagte Sandu in einem Video.\u00a0\n<\/p>\n<p>Die Pr\u00e4sidentin sagte zudem, dass die W\u00e4hlerinnen und<br \/>\nW\u00e4hler t\u00e4glich <a href=\"https:\/\/www.zeit.de\/politik\/ausland\/2025-08\/chisinau-friedrich-merz-verspricht-moldau-unterstuetzung-russische-desinformation\" rel=\"nofollow\">mit Dutzenden von Russland gestreuten L\u00fcgen &#8222;vergiftet&#8220;<br \/>\nw\u00fcrden<\/a>. Auch habe <span><a href=\"https:\/\/www.zeit.de\/thema\/russland\" rel=\"nofollow\">Russland<\/a><\/span> hunderte Menschen bezahlt, damit sie  &#8222;Unruhe<br \/>\nund Gewalt stiften und Furcht verbreiten&#8220;, warf die proeurop\u00e4ische<br \/>\nPr\u00e4sidentin der Regierung in Moskau vor.\n<\/p>\n<p>Die kleine Republik Moldau<br \/>\n liegt zwischen der Ukraine und dem EU-Mitgliedstaat Rum\u00e4nien. Sandu und<br \/>\n westliche Verb\u00fcndete haben <span><a href=\"https:\/\/www.zeit.de\/thema\/moskau\" rel=\"nofollow\">Moskau<\/a><\/span> immer wieder vorgeworfen, das<br \/>\n2,6-Millionen-Einwohner-Land destabilisieren zu wollen.\n<\/p>\n<h2>Ermittlungen zur Vorbereitung von Massenunruhen<\/h2>\n<p>Medienberichten zufolge durchsuchten Strafverfolgungsbeh\u00f6rden zuletzt mehr als 250<br \/>\nObjekte. Hintergrund sind Ermittlungen zur Vorbereitung<br \/>\n von Massenunruhen und der Destabilisierung des Staates. Russland solle<br \/>\ndies mithilfe krimineller Gruppen koordinieren. Betroffen waren demnach<br \/>\n mehr als 100 Personen an verschiedenen Orten im ganzen Land. Auch<br \/>\nGef\u00e4ngnisse seien durchsucht worden, berichteten Medien.\n<\/p>\n<p>Sandus Sicherheitsberater Stanislav Secrieru<br \/>\nteilte auf X mit, dass bei den Hausdurchsuchungen<br \/>\nein vom russischen Milit\u00e4rgeheimdienst GRU unterst\u00fctztes Netzwerk<br \/>\nzerschlagen worden sei. 74 Menschen seien festgenommen worden und w\u00fcrden<br \/>\n nun mit der Justiz kooperieren.\u00a0\n<\/p>\n<p>Nach Angaben des Sicherheitsberaters<br \/>\nwaren &#8222;mehr als 100 Moldauer&#8220; in Serbien<br \/>\nvon Russen im Schusswaffengebrauch und f\u00fcr das gewaltsame Vorgehen gegen<br \/>\n die Polizei trainiert worden. Ihr Auftrag sei es gewesen, vor und nach<br \/>\nder Wahl Gewalt zu verbreiten. Nach Angaben der moldauischen<br \/>\nStaatsanwaltschaft soll jeder von ihnen daf\u00fcr eine Bezahlung von 400<br \/>\nEuro erhalten haben.\n<\/p>\n<h2>Antikorruptionszentrum f\u00fchrte Razzien durch<\/h2>\n<p>Der prorussische Ex-Pr\u00e4sident des Landes von der Partei der Sozialisten, Igor Dodon, schrieb auf Facebook, dass es Durchsuchungen<br \/>\n bei &#8222;unseren Kollegen&#8220; im Norden des Landes gebe. Er warf seinerseits der<br \/>\nproeurop\u00e4ischen Partei Aktion und Solidarit\u00e4t (PAS) von Pr\u00e4sidentin Sandu Einsch\u00fcchterungsversuche vor. Dodons Partei hat sich f\u00fcr die <span><a href=\"https:\/\/www.zeit.de\/thema\/parlamentswahl\" rel=\"nofollow\">Parlamentswahl<\/a><\/span> mit weiteren russlandorientierten Parteien zu einem Wahlblock zusammengeschlossen.\n<\/p>\n<p>Das nationale Antikorruptionszentrum f\u00fchrte<br \/>\nnach eigenen Angaben au\u00dferdem gemeinsam mit der Staatsanwaltschaft Razzien durch. Dabei ging es der Mitteilung zufolge um ein<br \/>\nStrafverfahren wegen illegaler Parteifinanzierung, Geldw\u00e4sche und<br \/>\nW\u00e4hlerbestechung. Eine Person sei festgenommen worden.\n<\/p>\n<p>In Moldau<br \/>\n wird am Sonntag ein neues Parlament gew\u00e4hlt. Das kleine Land zwischen<br \/>\nRum\u00e4nien und der <span><a href=\"https:\/\/www.zeit.de\/politik\/ausland\/ukraine-krieg-news-liveblog\" rel=\"nofollow\">Ukraine<\/a><\/span> ist seit Jahrzehnten zwischen einer Ann\u00e4herung<br \/>\nan den Westen und einer <a href=\"https:\/\/www.zeit.de\/politik\/deutschland\/2025-08\/friedrich-merz-moldau-unterstuetzung-russland-donald-tusk-emmanuel-macron\" rel=\"nofollow\">Anlehnung an Russland gespalte<\/a>n. Die abtr\u00fcnnige Region Transnistrien wird von prorussischen Milizen kontrolliert, auch steht dort ein kleines Kontingent russischer Soldaten.\u00a0\n<\/p>\n<p>Seit<br \/>\n 2022 ist Moldau EU-Beitrittskandidat. Bei einem<br \/>\nReferendum 2024 setzten sich die Bef\u00fcrworter eines EU-Kurses knapp<br \/>\ndurch. Umfragen lassen erwarten, dass Sandus Partei PAS bei der Wahl<br \/>\nwieder st\u00e4rkste Kraft werden k\u00f6nnte, aber nicht mehr alleine regieren kann.\n<\/p>\n<\/div>\n","protected":false},"excerpt":{"rendered":"<p>Die moldauische Pr\u00e4sidentin Maia Sandu hat Russland vorgeworfen, sich mit Stimmenkauf und Desinformation massiv in die am kommenden Sonntag anstehende Parlamentswahl in Moldau einzumischen. Russland gebe &#8222;hundert Millionen Euro&#8220; zur Beeinflussung der Wahl in Moldau aus und kaufe &#8222;hunderttausende Stimmen&#8220;, sagte Sandu in einem Video.\u00a0 Die Pr\u00e4sidentin sagte zudem, dass die W\u00e4hlerinnen und W\u00e4hler t\u00e4glich<\/p>\n","protected":false},"author":1,"featured_media":277847,"comment_status":"open","ping_status":"open","sticky":false,"template":"","format":"standard","meta":{"footnotes":""},"categories":[116],"tags":[],"class_list":["post-277846","post","type-post","status-publish","format-standard","has-post-thumbnail","hentry","category-war-chronicles-de"],"acf":[],"yoast_head":"<!-- This site is optimized with the Yoast SEO plugin v22.9 - https:\/\/yoast.com\/wordpress\/plugins\/seo\/ -->\n<title>Pr\u00e4sidentin von Moldau wirft Russland Einmischung in Wahl vor - vof-news.eu<\/title>\n<meta name=\"description\" content=\"Die moldauische\" \/>\n<meta name=\"robots\" content=\"noindex, follow, max-snippet:-1, max-image-preview:large, max-video-preview:-1\" \/>\n<meta property=\"og:locale\" content=\"de_DE\" \/>\n<meta property=\"og:type\" content=\"article\" \/>\n<meta property=\"og:title\" content=\"Pr\u00e4sidentin von Moldau wirft Russland Einmischung in Wahl vor - vof-news.eu\" \/>\n<meta property=\"og:description\" content=\"Die moldauische\" \/>\n<meta property=\"og:url\" content=\"https:\/\/vof-news.eu\/de\/prasidentin-von-moldau-wirft-russland-einmischung-in-wahl-vor\/\" \/>\n<meta property=\"og:site_name\" content=\"vof-news.eu\" \/>\n<meta property=\"article:published_time\" content=\"2025-09-22T20:28:13+00:00\" \/>\n<meta property=\"article:modified_time\" content=\"2025-09-22T20:29:05+00:00\" \/>\n<meta property=\"og:image\" content=\"https:\/\/vof-news.eu\/wp-content\/uploads\/2025\/09\/wide__1000x562-84.jpg\" \/>\n\t<meta property=\"og:image:width\" content=\"1000\" \/>\n\t<meta property=\"og:image:height\" content=\"562\" \/>\n\t<meta property=\"og:image:type\" content=\"image\/jpeg\" \/>\n<meta name=\"author\" content=\"Author\" \/>\n<meta name=\"twitter:card\" content=\"summary_large_image\" \/>\n<meta name=\"twitter:label1\" content=\"Verfasst von\" \/>\n\t<meta name=\"twitter:data1\" content=\"Author\" \/>\n\t<meta name=\"twitter:label2\" content=\"Gesch\u00e4tzte Lesezeit\" \/>\n\t<meta name=\"twitter:data2\" content=\"2\u00a0Minuten\" \/>\n<script type=\"application\/ld+json\" class=\"yoast-schema-graph\">{\"@context\":\"https:\/\/schema.org\",\"@graph\":[{\"@type\":\"WebPage\",\"@id\":\"https:\/\/vof-news.eu\/de\/prasidentin-von-moldau-wirft-russland-einmischung-in-wahl-vor\/\",\"url\":\"https:\/\/vof-news.eu\/de\/prasidentin-von-moldau-wirft-russland-einmischung-in-wahl-vor\/\",\"name\":\"Pr\u00e4sidentin von Moldau wirft Russland Einmischung in Wahl vor - vof-news.eu\",\"isPartOf\":{\"@id\":\"https:\/\/vof-news.eu\/de\/#website\"},\"primaryImageOfPage\":{\"@id\":\"https:\/\/vof-news.eu\/de\/prasidentin-von-moldau-wirft-russland-einmischung-in-wahl-vor\/#primaryimage\"},\"image\":{\"@id\":\"https:\/\/vof-news.eu\/de\/prasidentin-von-moldau-wirft-russland-einmischung-in-wahl-vor\/#primaryimage\"},\"thumbnailUrl\":\"https:\/\/vof-news.eu\/wp-content\/uploads\/2025\/09\/wide__1000x562-84.jpg\",\"datePublished\":\"2025-09-22T20:28:13+00:00\",\"dateModified\":\"2025-09-22T20:29:05+00:00\",\"author\":{\"@id\":\"https:\/\/vof-news.eu\/de\/#\/schema\/person\/f6a2a4309f0561835797fd8c19b333ed\"},\"description\":\"Die moldauische\",\"breadcrumb\":{\"@id\":\"https:\/\/vof-news.eu\/de\/prasidentin-von-moldau-wirft-russland-einmischung-in-wahl-vor\/#breadcrumb\"},\"inLanguage\":\"de\",\"potentialAction\":[{\"@type\":\"ReadAction\",\"target\":[\"https:\/\/vof-news.eu\/de\/prasidentin-von-moldau-wirft-russland-einmischung-in-wahl-vor\/\"]}]},{\"@type\":\"ImageObject\",\"inLanguage\":\"de\",\"@id\":\"https:\/\/vof-news.eu\/de\/prasidentin-von-moldau-wirft-russland-einmischung-in-wahl-vor\/#primaryimage\",\"url\":\"https:\/\/vof-news.eu\/wp-content\/uploads\/2025\/09\/wide__1000x562-84.jpg\",\"contentUrl\":\"https:\/\/vof-news.eu\/wp-content\/uploads\/2025\/09\/wide__1000x562-84.jpg\",\"width\":1000,\"height\":562},{\"@type\":\"BreadcrumbList\",\"@id\":\"https:\/\/vof-news.eu\/de\/prasidentin-von-moldau-wirft-russland-einmischung-in-wahl-vor\/#breadcrumb\",\"itemListElement\":[{\"@type\":\"ListItem\",\"position\":1,\"name\":\"Home\",\"item\":\"https:\/\/vof-news.eu\/de\/\"},{\"@type\":\"ListItem\",\"position\":2,\"name\":\"Pr\u00e4sidentin von Moldau wirft Russland Einmischung in Wahl vor\"}]},{\"@type\":\"WebSite\",\"@id\":\"https:\/\/vof-news.eu\/de\/#website\",\"url\":\"https:\/\/vof-news.eu\/de\/\",\"name\":\"vof-news.eu\",\"description\":\"\",\"potentialAction\":[{\"@type\":\"SearchAction\",\"target\":{\"@type\":\"EntryPoint\",\"urlTemplate\":\"https:\/\/vof-news.eu\/de\/?s={search_term_string}\"},\"query-input\":\"required name=search_term_string\"}],\"inLanguage\":\"de\"},{\"@type\":\"Person\",\"@id\":\"https:\/\/vof-news.eu\/de\/#\/schema\/person\/f6a2a4309f0561835797fd8c19b333ed\",\"name\":\"Author\",\"image\":{\"@type\":\"ImageObject\",\"inLanguage\":\"de\",\"@id\":\"https:\/\/vof-news.eu\/de\/#\/schema\/person\/image\/\",\"url\":\"https:\/\/secure.gravatar.com\/avatar\/b67e614b1b25b3e9c0c239efdd2fde5ab015b5affd6f1c3c85911ca4b384e790?s=96&d=mm&r=g\",\"contentUrl\":\"https:\/\/secure.gravatar.com\/avatar\/b67e614b1b25b3e9c0c239efdd2fde5ab015b5affd6f1c3c85911ca4b384e790?s=96&d=mm&r=g\",\"caption\":\"Author\"},\"sameAs\":[\"http:\/\/vof-news.eu\"],\"url\":\"https:\/\/vof-news.eu\/de\/author\/zwt6qxnjulxbnyg\/\"}]}<\/script>\n<!-- \/ Yoast SEO plugin. -->","yoast_head_json":{"title":"Pr\u00e4sidentin von Moldau wirft Russland Einmischung in Wahl vor - vof-news.eu","description":"Die moldauische","robots":{"index":"noindex","follow":"follow","max-snippet":"max-snippet:-1","max-image-preview":"max-image-preview:large","max-video-preview":"max-video-preview:-1"},"og_locale":"de_DE","og_type":"article","og_title":"Pr\u00e4sidentin von Moldau wirft Russland Einmischung in Wahl vor - vof-news.eu","og_description":"Die moldauische","og_url":"https:\/\/vof-news.eu\/de\/prasidentin-von-moldau-wirft-russland-einmischung-in-wahl-vor\/","og_site_name":"vof-news.eu","article_published_time":"2025-09-22T20:28:13+00:00","article_modified_time":"2025-09-22T20:29:05+00:00","og_image":[{"width":1000,"height":562,"url":"https:\/\/vof-news.eu\/wp-content\/uploads\/2025\/09\/wide__1000x562-84.jpg","type":"image\/jpeg"}],"author":"Author","twitter_card":"summary_large_image","twitter_misc":{"Verfasst von":"Author","Gesch\u00e4tzte Lesezeit":"2\u00a0Minuten"},"schema":{"@context":"https:\/\/schema.org","@graph":[{"@type":"WebPage","@id":"https:\/\/vof-news.eu\/de\/prasidentin-von-moldau-wirft-russland-einmischung-in-wahl-vor\/","url":"https:\/\/vof-news.eu\/de\/prasidentin-von-moldau-wirft-russland-einmischung-in-wahl-vor\/","name":"Pr\u00e4sidentin von Moldau wirft Russland Einmischung in Wahl vor - vof-news.eu","isPartOf":{"@id":"https:\/\/vof-news.eu\/de\/#website"},"primaryImageOfPage":{"@id":"https:\/\/vof-news.eu\/de\/prasidentin-von-moldau-wirft-russland-einmischung-in-wahl-vor\/#primaryimage"},"image":{"@id":"https:\/\/vof-news.eu\/de\/prasidentin-von-moldau-wirft-russland-einmischung-in-wahl-vor\/#primaryimage"},"thumbnailUrl":"https:\/\/vof-news.eu\/wp-content\/uploads\/2025\/09\/wide__1000x562-84.jpg","datePublished":"2025-09-22T20:28:13+00:00","dateModified":"2025-09-22T20:29:05+00:00","author":{"@id":"https:\/\/vof-news.eu\/de\/#\/schema\/person\/f6a2a4309f0561835797fd8c19b333ed"},"description":"Die moldauische","breadcrumb":{"@id":"https:\/\/vof-news.eu\/de\/prasidentin-von-moldau-wirft-russland-einmischung-in-wahl-vor\/#breadcrumb"},"inLanguage":"de","potentialAction":[{"@type":"ReadAction","target":["https:\/\/vof-news.eu\/de\/prasidentin-von-moldau-wirft-russland-einmischung-in-wahl-vor\/"]}]},{"@type":"ImageObject","inLanguage":"de","@id":"https:\/\/vof-news.eu\/de\/prasidentin-von-moldau-wirft-russland-einmischung-in-wahl-vor\/#primaryimage","url":"https:\/\/vof-news.eu\/wp-content\/uploads\/2025\/09\/wide__1000x562-84.jpg","contentUrl":"https:\/\/vof-news.eu\/wp-content\/uploads\/2025\/09\/wide__1000x562-84.jpg","width":1000,"height":562},{"@type":"BreadcrumbList","@id":"https:\/\/vof-news.eu\/de\/prasidentin-von-moldau-wirft-russland-einmischung-in-wahl-vor\/#breadcrumb","itemListElement":[{"@type":"ListItem","position":1,"name":"Home","item":"https:\/\/vof-news.eu\/de\/"},{"@type":"ListItem","position":2,"name":"Pr\u00e4sidentin von Moldau wirft Russland Einmischung in Wahl vor"}]},{"@type":"WebSite","@id":"https:\/\/vof-news.eu\/de\/#website","url":"https:\/\/vof-news.eu\/de\/","name":"vof-news.eu","description":"","potentialAction":[{"@type":"SearchAction","target":{"@type":"EntryPoint","urlTemplate":"https:\/\/vof-news.eu\/de\/?s={search_term_string}"},"query-input":"required name=search_term_string"}],"inLanguage":"de"},{"@type":"Person","@id":"https:\/\/vof-news.eu\/de\/#\/schema\/person\/f6a2a4309f0561835797fd8c19b333ed","name":"Author","image":{"@type":"ImageObject","inLanguage":"de","@id":"https:\/\/vof-news.eu\/de\/#\/schema\/person\/image\/","url":"https:\/\/secure.gravatar.com\/avatar\/b67e614b1b25b3e9c0c239efdd2fde5ab015b5affd6f1c3c85911ca4b384e790?s=96&d=mm&r=g","contentUrl":"https:\/\/secure.gravatar.com\/avatar\/b67e614b1b25b3e9c0c239efdd2fde5ab015b5affd6f1c3c85911ca4b384e790?s=96&d=mm&r=g","caption":"Author"},"sameAs":["http:\/\/vof-news.eu"],"url":"https:\/\/vof-news.eu\/de\/author\/zwt6qxnjulxbnyg\/"}]}},"yoast_meta":{"yoast_wpseo_title":"","yoast_wpseo_metadesc":"","yoast_wpseo_canonical":""},"_links":{"self":[{"href":"https:\/\/vof-news.eu\/de\/wp-json\/wp\/v2\/posts\/277846","targetHints":{"allow":["GET"]}}],"collection":[{"href":"https:\/\/vof-news.eu\/de\/wp-json\/wp\/v2\/posts"}],"about":[{"href":"https:\/\/vof-news.eu\/de\/wp-json\/wp\/v2\/types\/post"}],"author":[{"embeddable":true,"href":"https:\/\/vof-news.eu\/de\/wp-json\/wp\/v2\/users\/1"}],"replies":[{"embeddable":true,"href":"https:\/\/vof-news.eu\/de\/wp-json\/wp\/v2\/comments?post=277846"}],"version-history":[{"count":1,"href":"https:\/\/vof-news.eu\/de\/wp-json\/wp\/v2\/posts\/277846\/revisions"}],"predecessor-version":[{"id":277853,"href":"https:\/\/vof-news.eu\/de\/wp-json\/wp\/v2\/posts\/277846\/revisions\/277853"}],"wp:featuredmedia":[{"embeddable":true,"href":"https:\/\/vof-news.eu\/de\/wp-json\/wp\/v2\/media\/277847"}],"wp:attachment":[{"href":"https:\/\/vof-news.eu\/de\/wp-json\/wp\/v2\/media?parent=277846"}],"wp:term":[{"taxonomy":"category","embeddable":true,"href":"https:\/\/vof-news.eu\/de\/wp-json\/wp\/v2\/categories?post=277846"},{"taxonomy":"post_tag","embeddable":true,"href":"https:\/\/vof-news.eu\/de\/wp-json\/wp\/v2\/tags?post=277846"}],"curies":[{"name":"wp","href":"https:\/\/api.w.org\/{rel}","templated":true}]}}