{"id":277760,"date":"2025-09-22T19:29:40","date_gmt":"2025-09-22T16:29:40","guid":{"rendered":"https:\/\/vof-news.eu\/der-generalsekretar-sollte-wieder-starker-als-mediator-verhandeln\/"},"modified":"2025-09-22T19:30:07","modified_gmt":"2025-09-22T16:30:07","slug":"der-generalsekretar-sollte-wieder-starker-als-mediator-verhandeln","status":"publish","type":"post","link":"https:\/\/vof-news.eu\/de\/der-generalsekretar-sollte-wieder-starker-als-mediator-verhandeln\/","title":{"rendered":"&#8222;Der Generalsekret\u00e4r sollte wieder st\u00e4rker als Mediator verhandeln&#8220;"},"content":{"rendered":"<div>\n<p><strong>DIE ZEIT: <\/strong>Herr Gowan, die <span><a href=\"https:\/\/www.zeit.de\/thema\/un\" rel=\"nofollow\">Vereinten Nationen<\/a><\/span> werden in dieser Woche 80 Jahre alt und stecken in ihrer schwersten Krise seit ihrer Gr\u00fcndung. Was k\u00f6nnen die UN \u00fcberhaupt noch leisten?\n<\/p>\n<p><strong>Richard Gowan:<\/strong> Die UN k\u00f6nnen trotz aller Probleme viele Aufgaben besser bew\u00e4ltigen als jeder andere Akteur. Keine andere Organisation kann humanit\u00e4re Gro\u00dfeins\u00e4tze in Krisengebieten so effektiv managen. UN-Friedensmissionen m\u00f6gen letztlich oft scheitern, aber sie k\u00f6nnen Konflikte in L\u00e4ndern wie dem S\u00fcdsudan zumindest eind\u00e4mmen. Politisch sind die Vereinten Nationen zudem nach wie vor das einzige Forum, in dem alle Staaten ihre Stimmen zu <span><a href=\"https:\/\/www.zeit.de\/thema\/gazastreifen\" rel=\"nofollow\">Gaza<\/a><\/span> oder der Ukraine erheben k\u00f6nnen. Das sehen wir zum Beispiel bei der Zweistaatenkonferenz zu Beginn der diesj\u00e4hrigen Generaldebatte.\n<\/p>\n<p><strong>ZEIT:<\/strong> Nahezu 150 Mitgliedsstaaten wollen auf der Konferenz Pal\u00e4stina als Staat anerkennen. Doch damit existiert der Staat Pal\u00e4stina noch nicht.\n<\/p>\n<p><strong>Gowan:<\/strong> Nat\u00fcrlich. Aber ohne diesen Schritt g\u00e4be es noch weniger Hoffnung auf eine langfristige L\u00f6sung des Konfliktes.\n<\/p>\n<p><strong>ZEIT:<\/strong> Donald Trump hat die amerikanischen Zahlungen an die UN im Februar quasi \u00fcber Nacht eingestellt. Welche Folgen hat das f\u00fcr die UN?\n<\/p>\n<p><strong>Gowan: <\/strong>20 Prozent von mehr als 100.000 UN-Mitarbeitern m\u00fcssen gehen, jeder denkt \u00fcber seinen Arbeitsplatz nach. Wenn Sie sich derzeit mit UN-Beamten \u00fcber Geopolitik unterhalten, schweift das Gespr\u00e4ch oft auf den Personalabbau in der Zentrale in New York ab. Wir sollten mehr Zeit damit verbringen, \u00fcber die Folgen f\u00fcr Hunderte Millionen Menschen in der Welt zu sprechen. Das Budget des Weltern\u00e4hrungsprogramms kam zu 40 Prozent aus den USA, das Budget des UN-Fl\u00fcchtlingshilfswerks etwa zu 30 Prozent. Diese UN-Organisationen mussten ihre Eins\u00e4tze drastisch reduzieren.\n<\/p>\n<p><strong>ZEIT: <\/strong>Was bedeutet das f\u00fcr die Menschen in den Krisengebieten?\n<\/p>\n<p><strong>Gowan: <\/strong>In Bangladesch wurde die monatliche Lebensmittelhilfe f\u00fcr Rohingya-Fl\u00fcchtlinge aus Myanmar halbiert. In Nigeria musste das Weltern\u00e4hrungsprogramm seine Hilfe f\u00fcr 1,3 Millionen Menschen einstellen. Im Sudan kann es nur noch 30 Prozent der bed\u00fcrftigen Menschen versorgen. Im Libanon wird das UN-Fl\u00fcchtlingshilfswerk bis Ende des Jahres sein gesamtes Gesundheitsprogramm beenden m\u00fcssen. Ich k\u00f6nnte unz\u00e4hlige weitere Beispiele aus Haiti, Niger, Afghanistan und Jemen aufz\u00e4hlen. Die USA entziehen den UN aber nicht nur das Geld, sondern stellen sie grunds\u00e4tzlich infrage.\n<\/p>\n<p><strong>ZEIT: <\/strong>Einige Hardliner in der zweiten Trump-Regierung fordern den Austritt der USA aus den Vereinten Nationen. Halten Sie das f\u00fcr wahrscheinlich?\n<\/p>\n<p><strong>Gowan: <\/strong>Nein. Die Trump-Regierung stellt die internationale Rechtsordnung zwar grunds\u00e4tzlich infrage. Aber sie h\u00e4lt an ihrer Vetostimme im Sicherheitsrat fest. Mit dem Veto k\u00f6nnen die USA zum Beispiel Israel verteidigen oder verhindern, dass UN-Beschl\u00fcsse amerikanische Interessen gef\u00e4hrden. Ich denke, die USA werden k\u00fcnftig bei vielen Entscheidungen als St\u00f6rer agieren \u2013 oder einfach ihre Beitr\u00e4ge nicht zahlen. Eines ist klar: Die USA, Russland und China wollen die Macht der Vereinten Nationen einschr\u00e4nken. Doch auch die Beziehung zwischen der Biden-Regierung und den UN war nicht nur rosig.\n<\/p>\n<p><strong>ZEIT:<\/strong> Inwiefern?\n<\/p>\n<p><strong>Gowan: <\/strong>Grunds\u00e4tzlich stand die Biden-Regierung hinter den UN. Sie hat humanit\u00e4re UN-Eins\u00e4tze im Sudan unterst\u00fctzt oder die UN als Plattform genutzt, um Russland nach Beginn seiner Invasion in der <span><a href=\"https:\/\/www.zeit.de\/politik\/ausland\/ukraine-krieg-news-liveblog\" rel=\"nofollow\">Ukraine<\/a><\/span> zu isolieren. Aber als es um Gaza ging, stellten sich die USA pl\u00f6tzlich gegen die UN. Generalsekret\u00e4r Ant\u00f3nio Guterres war au\u00dferdem ver\u00e4rgert, dass Joe Biden ihn in vier Jahren nicht einmal ins Wei\u00dfe Haus einlud \u2013 auch f\u00fcr ihn waren die UN einfach nicht wichtig genug. \u00a0\n<\/p>\n<p><strong>ZEIT: <\/strong>Versucht China das Vakuum zu f\u00fcllen?\n<\/p>\n<p><strong>Gowan:<\/strong> Noch vor 20 Jahren hielt sich die chinesische F\u00fchrung trotz ihres Vetorechts in den meisten Fragen zur\u00fcck, au\u00dfer wenn es um Taiwan ging. Das hat sich mit Xi Jinping ge\u00e4ndert. Heute ist China ein entscheidender Player und nimmt mehr Einfluss auf die UN.\n<\/p>\n<p><strong>ZEIT: <\/strong>Welche Ziele verfolgt China damit?\n<\/p>\n<\/div>\n","protected":false},"excerpt":{"rendered":"<p>DIE ZEIT: Herr Gowan, die Vereinten Nationen werden in dieser Woche 80 Jahre alt und stecken in ihrer schwersten Krise seit ihrer Gr\u00fcndung. Was k\u00f6nnen die UN \u00fcberhaupt noch leisten? Richard Gowan: Die UN k\u00f6nnen trotz aller Probleme viele Aufgaben besser bew\u00e4ltigen als jeder andere Akteur. Keine andere Organisation kann humanit\u00e4re Gro\u00dfeins\u00e4tze in Krisengebieten so<\/p>\n","protected":false},"author":1,"featured_media":0,"comment_status":"open","ping_status":"open","sticky":false,"template":"","format":"standard","meta":{"footnotes":""},"categories":[116],"tags":[],"class_list":["post-277760","post","type-post","status-publish","format-standard","hentry","category-war-chronicles-de"],"acf":[],"yoast_head":"<!-- This site is optimized with the Yoast SEO plugin v22.9 - https:\/\/yoast.com\/wordpress\/plugins\/seo\/ -->\n<title>&quot;Der Generalsekret\u00e4r sollte wieder st\u00e4rker als Mediator verhandeln&quot; - vof-news.eu<\/title>\n<meta name=\"description\" content=\"DIE ZEIT: Herr Gowan, die Vereinten Nationen werden in dieser Woche 80 Jahre alt und stecken in ihrer schwersten Krise seit ihrer Gr\u00fcndung. Was k\u00f6nnen die UN \u00fcberhaupt noch leisten?\" \/>\n<meta name=\"robots\" content=\"noindex, follow, max-snippet:-1, max-image-preview:large, max-video-preview:-1\" \/>\n<meta property=\"og:locale\" content=\"de_DE\" \/>\n<meta property=\"og:type\" content=\"article\" \/>\n<meta property=\"og:title\" content=\"&quot;Der Generalsekret\u00e4r sollte wieder st\u00e4rker als Mediator verhandeln&quot; - vof-news.eu\" \/>\n<meta property=\"og:description\" content=\"DIE ZEIT: Herr Gowan, die Vereinten Nationen werden in dieser Woche 80 Jahre alt und stecken in ihrer schwersten Krise seit ihrer Gr\u00fcndung. Was k\u00f6nnen die UN \u00fcberhaupt noch leisten?\" \/>\n<meta property=\"og:url\" content=\"https:\/\/vof-news.eu\/de\/der-generalsekretar-sollte-wieder-starker-als-mediator-verhandeln\/\" \/>\n<meta property=\"og:site_name\" content=\"vof-news.eu\" \/>\n<meta property=\"article:published_time\" content=\"2025-09-22T16:29:40+00:00\" \/>\n<meta property=\"article:modified_time\" content=\"2025-09-22T16:30:07+00:00\" \/>\n<meta name=\"author\" content=\"Author\" \/>\n<meta name=\"twitter:card\" content=\"summary_large_image\" \/>\n<meta name=\"twitter:label1\" content=\"Verfasst von\" \/>\n\t<meta name=\"twitter:data1\" content=\"Author\" \/>\n\t<meta name=\"twitter:label2\" content=\"Gesch\u00e4tzte Lesezeit\" \/>\n\t<meta name=\"twitter:data2\" content=\"3\u00a0Minuten\" \/>\n<script type=\"application\/ld+json\" class=\"yoast-schema-graph\">{\"@context\":\"https:\/\/schema.org\",\"@graph\":[{\"@type\":\"WebPage\",\"@id\":\"https:\/\/vof-news.eu\/de\/der-generalsekretar-sollte-wieder-starker-als-mediator-verhandeln\/\",\"url\":\"https:\/\/vof-news.eu\/de\/der-generalsekretar-sollte-wieder-starker-als-mediator-verhandeln\/\",\"name\":\"\\\"Der Generalsekret\u00e4r sollte wieder st\u00e4rker als Mediator verhandeln\\\" - vof-news.eu\",\"isPartOf\":{\"@id\":\"https:\/\/vof-news.eu\/de\/#website\"},\"datePublished\":\"2025-09-22T16:29:40+00:00\",\"dateModified\":\"2025-09-22T16:30:07+00:00\",\"author\":{\"@id\":\"https:\/\/vof-news.eu\/de\/#\/schema\/person\/f6a2a4309f0561835797fd8c19b333ed\"},\"description\":\"DIE ZEIT: Herr Gowan, die Vereinten Nationen werden in dieser Woche 80 Jahre alt und stecken in ihrer schwersten Krise seit ihrer Gr\u00fcndung. Was k\u00f6nnen die UN \u00fcberhaupt noch leisten?\",\"breadcrumb\":{\"@id\":\"https:\/\/vof-news.eu\/de\/der-generalsekretar-sollte-wieder-starker-als-mediator-verhandeln\/#breadcrumb\"},\"inLanguage\":\"de\",\"potentialAction\":[{\"@type\":\"ReadAction\",\"target\":[\"https:\/\/vof-news.eu\/de\/der-generalsekretar-sollte-wieder-starker-als-mediator-verhandeln\/\"]}]},{\"@type\":\"BreadcrumbList\",\"@id\":\"https:\/\/vof-news.eu\/de\/der-generalsekretar-sollte-wieder-starker-als-mediator-verhandeln\/#breadcrumb\",\"itemListElement\":[{\"@type\":\"ListItem\",\"position\":1,\"name\":\"Home\",\"item\":\"https:\/\/vof-news.eu\/de\/\"},{\"@type\":\"ListItem\",\"position\":2,\"name\":\"&#8220;Der Generalsekret\u00e4r sollte wieder st\u00e4rker als Mediator verhandeln&#8221;\"}]},{\"@type\":\"WebSite\",\"@id\":\"https:\/\/vof-news.eu\/de\/#website\",\"url\":\"https:\/\/vof-news.eu\/de\/\",\"name\":\"vof-news.eu\",\"description\":\"\",\"potentialAction\":[{\"@type\":\"SearchAction\",\"target\":{\"@type\":\"EntryPoint\",\"urlTemplate\":\"https:\/\/vof-news.eu\/de\/?s={search_term_string}\"},\"query-input\":\"required name=search_term_string\"}],\"inLanguage\":\"de\"},{\"@type\":\"Person\",\"@id\":\"https:\/\/vof-news.eu\/de\/#\/schema\/person\/f6a2a4309f0561835797fd8c19b333ed\",\"name\":\"Author\",\"image\":{\"@type\":\"ImageObject\",\"inLanguage\":\"de\",\"@id\":\"https:\/\/vof-news.eu\/de\/#\/schema\/person\/image\/\",\"url\":\"https:\/\/secure.gravatar.com\/avatar\/b67e614b1b25b3e9c0c239efdd2fde5ab015b5affd6f1c3c85911ca4b384e790?s=96&d=mm&r=g\",\"contentUrl\":\"https:\/\/secure.gravatar.com\/avatar\/b67e614b1b25b3e9c0c239efdd2fde5ab015b5affd6f1c3c85911ca4b384e790?s=96&d=mm&r=g\",\"caption\":\"Author\"},\"sameAs\":[\"http:\/\/vof-news.eu\"],\"url\":\"https:\/\/vof-news.eu\/de\/author\/zwt6qxnjulxbnyg\/\"}]}<\/script>\n<!-- \/ Yoast SEO plugin. -->","yoast_head_json":{"title":"\"Der Generalsekret\u00e4r sollte wieder st\u00e4rker als Mediator verhandeln\" - vof-news.eu","description":"DIE ZEIT: Herr Gowan, die Vereinten Nationen werden in dieser Woche 80 Jahre alt und stecken in ihrer schwersten Krise seit ihrer Gr\u00fcndung. Was k\u00f6nnen die UN \u00fcberhaupt noch leisten?","robots":{"index":"noindex","follow":"follow","max-snippet":"max-snippet:-1","max-image-preview":"max-image-preview:large","max-video-preview":"max-video-preview:-1"},"og_locale":"de_DE","og_type":"article","og_title":"\"Der Generalsekret\u00e4r sollte wieder st\u00e4rker als Mediator verhandeln\" - vof-news.eu","og_description":"DIE ZEIT: Herr Gowan, die Vereinten Nationen werden in dieser Woche 80 Jahre alt und stecken in ihrer schwersten Krise seit ihrer Gr\u00fcndung. Was k\u00f6nnen die UN \u00fcberhaupt noch leisten?","og_url":"https:\/\/vof-news.eu\/de\/der-generalsekretar-sollte-wieder-starker-als-mediator-verhandeln\/","og_site_name":"vof-news.eu","article_published_time":"2025-09-22T16:29:40+00:00","article_modified_time":"2025-09-22T16:30:07+00:00","author":"Author","twitter_card":"summary_large_image","twitter_misc":{"Verfasst von":"Author","Gesch\u00e4tzte Lesezeit":"3\u00a0Minuten"},"schema":{"@context":"https:\/\/schema.org","@graph":[{"@type":"WebPage","@id":"https:\/\/vof-news.eu\/de\/der-generalsekretar-sollte-wieder-starker-als-mediator-verhandeln\/","url":"https:\/\/vof-news.eu\/de\/der-generalsekretar-sollte-wieder-starker-als-mediator-verhandeln\/","name":"\"Der Generalsekret\u00e4r sollte wieder st\u00e4rker als Mediator verhandeln\" - vof-news.eu","isPartOf":{"@id":"https:\/\/vof-news.eu\/de\/#website"},"datePublished":"2025-09-22T16:29:40+00:00","dateModified":"2025-09-22T16:30:07+00:00","author":{"@id":"https:\/\/vof-news.eu\/de\/#\/schema\/person\/f6a2a4309f0561835797fd8c19b333ed"},"description":"DIE ZEIT: Herr Gowan, die Vereinten Nationen werden in dieser Woche 80 Jahre alt und stecken in ihrer schwersten Krise seit ihrer Gr\u00fcndung. Was k\u00f6nnen die UN \u00fcberhaupt noch leisten?","breadcrumb":{"@id":"https:\/\/vof-news.eu\/de\/der-generalsekretar-sollte-wieder-starker-als-mediator-verhandeln\/#breadcrumb"},"inLanguage":"de","potentialAction":[{"@type":"ReadAction","target":["https:\/\/vof-news.eu\/de\/der-generalsekretar-sollte-wieder-starker-als-mediator-verhandeln\/"]}]},{"@type":"BreadcrumbList","@id":"https:\/\/vof-news.eu\/de\/der-generalsekretar-sollte-wieder-starker-als-mediator-verhandeln\/#breadcrumb","itemListElement":[{"@type":"ListItem","position":1,"name":"Home","item":"https:\/\/vof-news.eu\/de\/"},{"@type":"ListItem","position":2,"name":"&#8220;Der Generalsekret\u00e4r sollte wieder st\u00e4rker als Mediator verhandeln&#8221;"}]},{"@type":"WebSite","@id":"https:\/\/vof-news.eu\/de\/#website","url":"https:\/\/vof-news.eu\/de\/","name":"vof-news.eu","description":"","potentialAction":[{"@type":"SearchAction","target":{"@type":"EntryPoint","urlTemplate":"https:\/\/vof-news.eu\/de\/?s={search_term_string}"},"query-input":"required name=search_term_string"}],"inLanguage":"de"},{"@type":"Person","@id":"https:\/\/vof-news.eu\/de\/#\/schema\/person\/f6a2a4309f0561835797fd8c19b333ed","name":"Author","image":{"@type":"ImageObject","inLanguage":"de","@id":"https:\/\/vof-news.eu\/de\/#\/schema\/person\/image\/","url":"https:\/\/secure.gravatar.com\/avatar\/b67e614b1b25b3e9c0c239efdd2fde5ab015b5affd6f1c3c85911ca4b384e790?s=96&d=mm&r=g","contentUrl":"https:\/\/secure.gravatar.com\/avatar\/b67e614b1b25b3e9c0c239efdd2fde5ab015b5affd6f1c3c85911ca4b384e790?s=96&d=mm&r=g","caption":"Author"},"sameAs":["http:\/\/vof-news.eu"],"url":"https:\/\/vof-news.eu\/de\/author\/zwt6qxnjulxbnyg\/"}]}},"yoast_meta":{"yoast_wpseo_title":"","yoast_wpseo_metadesc":"","yoast_wpseo_canonical":""},"_links":{"self":[{"href":"https:\/\/vof-news.eu\/de\/wp-json\/wp\/v2\/posts\/277760","targetHints":{"allow":["GET"]}}],"collection":[{"href":"https:\/\/vof-news.eu\/de\/wp-json\/wp\/v2\/posts"}],"about":[{"href":"https:\/\/vof-news.eu\/de\/wp-json\/wp\/v2\/types\/post"}],"author":[{"embeddable":true,"href":"https:\/\/vof-news.eu\/de\/wp-json\/wp\/v2\/users\/1"}],"replies":[{"embeddable":true,"href":"https:\/\/vof-news.eu\/de\/wp-json\/wp\/v2\/comments?post=277760"}],"version-history":[{"count":1,"href":"https:\/\/vof-news.eu\/de\/wp-json\/wp\/v2\/posts\/277760\/revisions"}],"predecessor-version":[{"id":277761,"href":"https:\/\/vof-news.eu\/de\/wp-json\/wp\/v2\/posts\/277760\/revisions\/277761"}],"wp:attachment":[{"href":"https:\/\/vof-news.eu\/de\/wp-json\/wp\/v2\/media?parent=277760"}],"wp:term":[{"taxonomy":"category","embeddable":true,"href":"https:\/\/vof-news.eu\/de\/wp-json\/wp\/v2\/categories?post=277760"},{"taxonomy":"post_tag","embeddable":true,"href":"https:\/\/vof-news.eu\/de\/wp-json\/wp\/v2\/tags?post=277760"}],"curies":[{"name":"wp","href":"https:\/\/api.w.org\/{rel}","templated":true}]}}