{"id":277752,"date":"2025-09-22T19:28:11","date_gmt":"2025-09-22T16:28:11","guid":{"rendered":"https:\/\/vof-news.eu\/un-warnen-wegen-russischer-luftraumverletzungen-vor-gefahrdung-europas\/"},"modified":"2025-09-22T19:29:06","modified_gmt":"2025-09-22T16:29:06","slug":"un-warnen-wegen-russischer-luftraumverletzungen-vor-gefahrdung-europas","status":"publish","type":"post","link":"https:\/\/vof-news.eu\/de\/un-warnen-wegen-russischer-luftraumverletzungen-vor-gefahrdung-europas\/","title":{"rendered":"UN warnen wegen russischer Luftraumverletzungen vor Gef\u00e4hrdung Europas"},"content":{"rendered":"<div>\n<p>Die <span><a href=\"https:\/\/www.zeit.de\/thema\/un\" rel=\"nofollow\">Vereinten Nationen<\/a><\/span> haben die <a href=\"https:\/\/www.zeit.de\/politik\/2025-09\/nato-beratungen-russland-luftraum-verteidigung\" rel=\"nofollow\">mehrfachen Luftraumverletzungen<\/a> durch <a href=\"https:\/\/www.zeit.de\/thema\/russland\" rel=\"nofollow\">Russland<\/a> als eine erhebliche Gef\u00e4hrdung der europ\u00e4ischen Sicherheit verurteilt. &#8222;Diese Serie von Vorf\u00e4llen hat die ohnehin schon hohen Spannungen, die die europ\u00e4ische Sicherheit gef\u00e4hrden, noch einmal versch\u00e4rft. Der Krieg in der Ukraine w\u00fctet weiter. Verletzungen des Luftraums souver\u00e4ner Staaten sind inakzeptabel&#8220;, sagte der UN-Diplomat\u00a0Miroslav Jen\u010da bei einer Sondersitzung des Sicherheitsrats in New York. Er nannte Vorf\u00e4lle in Estland, Polen und Rum\u00e4nien und forderte eine unverz\u00fcgliche Deeskalation.\n<\/p>\n<p>Deutschland und 48 weitere Staaten verurteilten die von Estland gemeldete Verletzung seines Luftraums durch russische Kampfjets deutlich. In einer gemeinsamen Erkl\u00e4rung warfen sie Moskau eine &#8222;gef\u00e4hrliche Eskalation&#8220; vor. \u00c4hnliche Vorf\u00e4lle in Polen und Rum\u00e4nien lie\u00dfen auf ein &#8222;Muster russischer Provokationen&#8220; schlie\u00dfen, das die ganze Region bedrohe. <span><a href=\"https:\/\/www.zeit.de\/thema\/russland\" rel=\"nofollow\">Russland<\/a><\/span> bringe die Nachbarschaft so &#8222;n\u00e4her an einen Konflikt als zu jedem anderen Zeitpunkt in den letzten Jahren&#8220;, hie\u00df es weiter. Unterzeichnet wurde die Erkl\u00e4rung von den EU-Staaten, den USA, Gro\u00dfbritannien, der Ukraine, der T\u00fcrkei und weiteren Partnern.\n<\/p>\n<h2>Luftraumverletzungen in Estland und Polen<\/h2>\n<p>Nach estnischen Angaben waren am Freitag <a href=\"https:\/\/www.zeit.de\/politik\/ausland\/2025-09\/estland-russland-eindringen-russland-kampfflugzeuge\" rel=\"nofollow\">drei Kampfjets der russischen Luftwaffe zw\u00f6lf Minuten in den Luftraum des Landes eingedrungen<\/a>. Es handelte sich demnach bereits um die vierte Verletzung dieser Art in diesem Jahr. Die Maschinen seien &#8222;nur Augenblicke von Tallinn entfernt&#8220; gewesen, hie\u00df es.\n<\/p>\n<p>Auch Polen k\u00fcndigte eine entschlossene Reaktion auf m\u00f6gliche Verletzungen seines Luftraums an. Die Regierung sei bereit, Flugobjekte abzuschie\u00dfen, die in polnisches Territorium eindringen und eine Bedrohung darstellen k\u00f6nnten, sagte Ministerpr\u00e4sident Donald Tusk. Zugleich mahnte er, in weniger eindeutigen Situationen vorsichtig zu handeln, um eine Eskalation zu vermeiden. Tusk verwies auf einen <a href=\"https:\/\/www.zeit.de\/politik\/ausland\/2025-09\/russland-polen-bohrplattform\" rel=\"nofollow\">Vorfall am Freitag<\/a>, bei dem sich zwei russische Jets einer polnischen Bohrinsel in der Ostsee n\u00e4herten, ohne die Grenze zu \u00fcberfliegen.\n<\/p>\n<p>Zudem haben bei einem russischen Angriff auf die <span><a href=\"https:\/\/www.zeit.de\/politik\/ausland\/ukraine-krieg-news-liveblog\" rel=\"nofollow\">Ukraine<\/a><\/span> <a href=\"https:\/\/www.zeit.de\/politik\/ausland\/2025-09\/polen-nato-ukraine-drohnen-russland-warnung-luftabwehr-alarmbereitschaft\" rel=\"nofollow\">in der Nacht zum 10. September<\/a> zahlreiche Drohnen den Luftraum Polens durchflogen. Die polnische Luftwaffe sowie <a href=\"https:\/\/www.zeit.de\/thema\/nato\" rel=\"nofollow\">Nato<\/a>-Verb\u00fcndete schossen einige der Flugk\u00f6rper ab. Nach offiziellen Angaben wurden in mehreren Regionen im Osten und im Zentrum Polens Tr\u00fcmmer von insgesamt 18 Drohnen gefunden.\u00a0Nach Angaben Tusks waren diese nicht bewaffnet, die Untersuchung dauere aber an. Auch in Rum\u00e4nien wurde eine russische Drohne registriert.\n<\/p>\n<\/div>\n","protected":false},"excerpt":{"rendered":"<p>Die Vereinten Nationen haben die mehrfachen Luftraumverletzungen durch Russland als eine erhebliche Gef\u00e4hrdung der europ\u00e4ischen Sicherheit verurteilt. &#8222;Diese Serie von Vorf\u00e4llen hat die ohnehin schon hohen Spannungen, die die europ\u00e4ische Sicherheit gef\u00e4hrden, noch einmal versch\u00e4rft. Der Krieg in der Ukraine w\u00fctet weiter. Verletzungen des Luftraums souver\u00e4ner Staaten sind inakzeptabel&#8220;, sagte der UN-Diplomat\u00a0Miroslav Jen\u010da bei einer<\/p>\n","protected":false},"author":1,"featured_media":277753,"comment_status":"open","ping_status":"open","sticky":false,"template":"","format":"standard","meta":{"footnotes":""},"categories":[116],"tags":[],"class_list":["post-277752","post","type-post","status-publish","format-standard","has-post-thumbnail","hentry","category-war-chronicles-de"],"acf":[],"yoast_head":"<!-- This site is optimized with the Yoast SEO plugin v22.9 - https:\/\/yoast.com\/wordpress\/plugins\/seo\/ -->\n<title>UN warnen wegen russischer Luftraumverletzungen vor Gef\u00e4hrdung Europas - vof-news.eu<\/title>\n<meta name=\"description\" content=\"Die Vereinten Nationen haben die mehrfachen Luftraumverletzungen durch Russland als eine erhebliche Gef\u00e4hrdung der europ\u00e4ischen Sicherheit verurteilt. &quot;Diese Serie von Vorf\u00e4llen hat die ohnehin schon hohen Spannungen, die die europ\u00e4ische Sicherheit gef\u00e4hrden, noch einmal versch\u00e4rft. Der Krieg in der Ukraine w\u00fctet weiter. Verletzungen des Luftraums souver\u00e4ner Staaten sind inakzeptabel&quot;, sagte der UN-Diplomat\u00a0Miroslav Jen\u010da bei einer Sondersitzung des Sicherheitsrats in New York. Er nannte Vorf\u00e4lle in Estland, Polen und Rum\u00e4nien und forderte eine unverz\u00fcgliche Deeskalation.\" \/>\n<meta name=\"robots\" content=\"noindex, follow, max-snippet:-1, max-image-preview:large, max-video-preview:-1\" \/>\n<meta property=\"og:locale\" content=\"de_DE\" \/>\n<meta property=\"og:type\" content=\"article\" \/>\n<meta property=\"og:title\" content=\"UN warnen wegen russischer Luftraumverletzungen vor Gef\u00e4hrdung Europas - vof-news.eu\" \/>\n<meta property=\"og:description\" content=\"Die Vereinten Nationen haben die mehrfachen Luftraumverletzungen durch Russland als eine erhebliche Gef\u00e4hrdung der europ\u00e4ischen Sicherheit verurteilt. &quot;Diese Serie von Vorf\u00e4llen hat die ohnehin schon hohen Spannungen, die die europ\u00e4ische Sicherheit gef\u00e4hrden, noch einmal versch\u00e4rft. Der Krieg in der Ukraine w\u00fctet weiter. Verletzungen des Luftraums souver\u00e4ner Staaten sind inakzeptabel&quot;, sagte der UN-Diplomat\u00a0Miroslav Jen\u010da bei einer Sondersitzung des Sicherheitsrats in New York. Er nannte Vorf\u00e4lle in Estland, Polen und Rum\u00e4nien und forderte eine unverz\u00fcgliche Deeskalation.\" \/>\n<meta property=\"og:url\" content=\"https:\/\/vof-news.eu\/de\/un-warnen-wegen-russischer-luftraumverletzungen-vor-gefahrdung-europas\/\" \/>\n<meta property=\"og:site_name\" content=\"vof-news.eu\" \/>\n<meta property=\"article:published_time\" content=\"2025-09-22T16:28:11+00:00\" \/>\n<meta property=\"article:modified_time\" content=\"2025-09-22T16:29:06+00:00\" \/>\n<meta property=\"og:image\" content=\"https:\/\/vof-news.eu\/wp-content\/uploads\/2025\/09\/wide__1000x562-83.jpg\" \/>\n\t<meta property=\"og:image:width\" content=\"1000\" \/>\n\t<meta property=\"og:image:height\" content=\"562\" \/>\n\t<meta property=\"og:image:type\" content=\"image\/jpeg\" \/>\n<meta name=\"author\" content=\"Author\" \/>\n<meta name=\"twitter:card\" content=\"summary_large_image\" \/>\n<meta name=\"twitter:label1\" content=\"Verfasst von\" \/>\n\t<meta name=\"twitter:data1\" content=\"Author\" \/>\n\t<meta name=\"twitter:label2\" content=\"Gesch\u00e4tzte Lesezeit\" \/>\n\t<meta name=\"twitter:data2\" content=\"2\u00a0Minuten\" \/>\n<script type=\"application\/ld+json\" class=\"yoast-schema-graph\">{\"@context\":\"https:\/\/schema.org\",\"@graph\":[{\"@type\":\"WebPage\",\"@id\":\"https:\/\/vof-news.eu\/de\/un-warnen-wegen-russischer-luftraumverletzungen-vor-gefahrdung-europas\/\",\"url\":\"https:\/\/vof-news.eu\/de\/un-warnen-wegen-russischer-luftraumverletzungen-vor-gefahrdung-europas\/\",\"name\":\"UN warnen wegen russischer Luftraumverletzungen vor Gef\u00e4hrdung Europas - vof-news.eu\",\"isPartOf\":{\"@id\":\"https:\/\/vof-news.eu\/de\/#website\"},\"primaryImageOfPage\":{\"@id\":\"https:\/\/vof-news.eu\/de\/un-warnen-wegen-russischer-luftraumverletzungen-vor-gefahrdung-europas\/#primaryimage\"},\"image\":{\"@id\":\"https:\/\/vof-news.eu\/de\/un-warnen-wegen-russischer-luftraumverletzungen-vor-gefahrdung-europas\/#primaryimage\"},\"thumbnailUrl\":\"https:\/\/vof-news.eu\/wp-content\/uploads\/2025\/09\/wide__1000x562-83.jpg\",\"datePublished\":\"2025-09-22T16:28:11+00:00\",\"dateModified\":\"2025-09-22T16:29:06+00:00\",\"author\":{\"@id\":\"https:\/\/vof-news.eu\/de\/#\/schema\/person\/f6a2a4309f0561835797fd8c19b333ed\"},\"description\":\"Die Vereinten Nationen haben die mehrfachen Luftraumverletzungen durch Russland als eine erhebliche Gef\u00e4hrdung der europ\u00e4ischen Sicherheit verurteilt. \\\"Diese Serie von Vorf\u00e4llen hat die ohnehin schon hohen Spannungen, die die europ\u00e4ische Sicherheit gef\u00e4hrden, noch einmal versch\u00e4rft. Der Krieg in der Ukraine w\u00fctet weiter. Verletzungen des Luftraums souver\u00e4ner Staaten sind inakzeptabel\\\", sagte der UN-Diplomat\u00a0Miroslav Jen\u010da bei einer Sondersitzung des Sicherheitsrats in New York. Er nannte Vorf\u00e4lle in Estland, Polen und Rum\u00e4nien und forderte eine unverz\u00fcgliche Deeskalation.\",\"breadcrumb\":{\"@id\":\"https:\/\/vof-news.eu\/de\/un-warnen-wegen-russischer-luftraumverletzungen-vor-gefahrdung-europas\/#breadcrumb\"},\"inLanguage\":\"de\",\"potentialAction\":[{\"@type\":\"ReadAction\",\"target\":[\"https:\/\/vof-news.eu\/de\/un-warnen-wegen-russischer-luftraumverletzungen-vor-gefahrdung-europas\/\"]}]},{\"@type\":\"ImageObject\",\"inLanguage\":\"de\",\"@id\":\"https:\/\/vof-news.eu\/de\/un-warnen-wegen-russischer-luftraumverletzungen-vor-gefahrdung-europas\/#primaryimage\",\"url\":\"https:\/\/vof-news.eu\/wp-content\/uploads\/2025\/09\/wide__1000x562-83.jpg\",\"contentUrl\":\"https:\/\/vof-news.eu\/wp-content\/uploads\/2025\/09\/wide__1000x562-83.jpg\",\"width\":1000,\"height\":562},{\"@type\":\"BreadcrumbList\",\"@id\":\"https:\/\/vof-news.eu\/de\/un-warnen-wegen-russischer-luftraumverletzungen-vor-gefahrdung-europas\/#breadcrumb\",\"itemListElement\":[{\"@type\":\"ListItem\",\"position\":1,\"name\":\"Home\",\"item\":\"https:\/\/vof-news.eu\/de\/\"},{\"@type\":\"ListItem\",\"position\":2,\"name\":\"UN warnen wegen russischer Luftraumverletzungen vor Gef\u00e4hrdung Europas\"}]},{\"@type\":\"WebSite\",\"@id\":\"https:\/\/vof-news.eu\/de\/#website\",\"url\":\"https:\/\/vof-news.eu\/de\/\",\"name\":\"vof-news.eu\",\"description\":\"\",\"potentialAction\":[{\"@type\":\"SearchAction\",\"target\":{\"@type\":\"EntryPoint\",\"urlTemplate\":\"https:\/\/vof-news.eu\/de\/?s={search_term_string}\"},\"query-input\":\"required name=search_term_string\"}],\"inLanguage\":\"de\"},{\"@type\":\"Person\",\"@id\":\"https:\/\/vof-news.eu\/de\/#\/schema\/person\/f6a2a4309f0561835797fd8c19b333ed\",\"name\":\"Author\",\"image\":{\"@type\":\"ImageObject\",\"inLanguage\":\"de\",\"@id\":\"https:\/\/vof-news.eu\/de\/#\/schema\/person\/image\/\",\"url\":\"https:\/\/secure.gravatar.com\/avatar\/b67e614b1b25b3e9c0c239efdd2fde5ab015b5affd6f1c3c85911ca4b384e790?s=96&d=mm&r=g\",\"contentUrl\":\"https:\/\/secure.gravatar.com\/avatar\/b67e614b1b25b3e9c0c239efdd2fde5ab015b5affd6f1c3c85911ca4b384e790?s=96&d=mm&r=g\",\"caption\":\"Author\"},\"sameAs\":[\"http:\/\/vof-news.eu\"],\"url\":\"https:\/\/vof-news.eu\/de\/author\/zwt6qxnjulxbnyg\/\"}]}<\/script>\n<!-- \/ Yoast SEO plugin. -->","yoast_head_json":{"title":"UN warnen wegen russischer Luftraumverletzungen vor Gef\u00e4hrdung Europas - vof-news.eu","description":"Die Vereinten Nationen haben die mehrfachen Luftraumverletzungen durch Russland als eine erhebliche Gef\u00e4hrdung der europ\u00e4ischen Sicherheit verurteilt. \"Diese Serie von Vorf\u00e4llen hat die ohnehin schon hohen Spannungen, die die europ\u00e4ische Sicherheit gef\u00e4hrden, noch einmal versch\u00e4rft. Der Krieg in der Ukraine w\u00fctet weiter. Verletzungen des Luftraums souver\u00e4ner Staaten sind inakzeptabel\", sagte der UN-Diplomat\u00a0Miroslav Jen\u010da bei einer Sondersitzung des Sicherheitsrats in New York. Er nannte Vorf\u00e4lle in Estland, Polen und Rum\u00e4nien und forderte eine unverz\u00fcgliche Deeskalation.","robots":{"index":"noindex","follow":"follow","max-snippet":"max-snippet:-1","max-image-preview":"max-image-preview:large","max-video-preview":"max-video-preview:-1"},"og_locale":"de_DE","og_type":"article","og_title":"UN warnen wegen russischer Luftraumverletzungen vor Gef\u00e4hrdung Europas - vof-news.eu","og_description":"Die Vereinten Nationen haben die mehrfachen Luftraumverletzungen durch Russland als eine erhebliche Gef\u00e4hrdung der europ\u00e4ischen Sicherheit verurteilt. \"Diese Serie von Vorf\u00e4llen hat die ohnehin schon hohen Spannungen, die die europ\u00e4ische Sicherheit gef\u00e4hrden, noch einmal versch\u00e4rft. Der Krieg in der Ukraine w\u00fctet weiter. Verletzungen des Luftraums souver\u00e4ner Staaten sind inakzeptabel\", sagte der UN-Diplomat\u00a0Miroslav Jen\u010da bei einer Sondersitzung des Sicherheitsrats in New York. Er nannte Vorf\u00e4lle in Estland, Polen und Rum\u00e4nien und forderte eine unverz\u00fcgliche Deeskalation.","og_url":"https:\/\/vof-news.eu\/de\/un-warnen-wegen-russischer-luftraumverletzungen-vor-gefahrdung-europas\/","og_site_name":"vof-news.eu","article_published_time":"2025-09-22T16:28:11+00:00","article_modified_time":"2025-09-22T16:29:06+00:00","og_image":[{"width":1000,"height":562,"url":"https:\/\/vof-news.eu\/wp-content\/uploads\/2025\/09\/wide__1000x562-83.jpg","type":"image\/jpeg"}],"author":"Author","twitter_card":"summary_large_image","twitter_misc":{"Verfasst von":"Author","Gesch\u00e4tzte Lesezeit":"2\u00a0Minuten"},"schema":{"@context":"https:\/\/schema.org","@graph":[{"@type":"WebPage","@id":"https:\/\/vof-news.eu\/de\/un-warnen-wegen-russischer-luftraumverletzungen-vor-gefahrdung-europas\/","url":"https:\/\/vof-news.eu\/de\/un-warnen-wegen-russischer-luftraumverletzungen-vor-gefahrdung-europas\/","name":"UN warnen wegen russischer Luftraumverletzungen vor Gef\u00e4hrdung Europas - vof-news.eu","isPartOf":{"@id":"https:\/\/vof-news.eu\/de\/#website"},"primaryImageOfPage":{"@id":"https:\/\/vof-news.eu\/de\/un-warnen-wegen-russischer-luftraumverletzungen-vor-gefahrdung-europas\/#primaryimage"},"image":{"@id":"https:\/\/vof-news.eu\/de\/un-warnen-wegen-russischer-luftraumverletzungen-vor-gefahrdung-europas\/#primaryimage"},"thumbnailUrl":"https:\/\/vof-news.eu\/wp-content\/uploads\/2025\/09\/wide__1000x562-83.jpg","datePublished":"2025-09-22T16:28:11+00:00","dateModified":"2025-09-22T16:29:06+00:00","author":{"@id":"https:\/\/vof-news.eu\/de\/#\/schema\/person\/f6a2a4309f0561835797fd8c19b333ed"},"description":"Die Vereinten Nationen haben die mehrfachen Luftraumverletzungen durch Russland als eine erhebliche Gef\u00e4hrdung der europ\u00e4ischen Sicherheit verurteilt. \"Diese Serie von Vorf\u00e4llen hat die ohnehin schon hohen Spannungen, die die europ\u00e4ische Sicherheit gef\u00e4hrden, noch einmal versch\u00e4rft. Der Krieg in der Ukraine w\u00fctet weiter. Verletzungen des Luftraums souver\u00e4ner Staaten sind inakzeptabel\", sagte der UN-Diplomat\u00a0Miroslav Jen\u010da bei einer Sondersitzung des Sicherheitsrats in New York. Er nannte Vorf\u00e4lle in Estland, Polen und Rum\u00e4nien und forderte eine unverz\u00fcgliche Deeskalation.","breadcrumb":{"@id":"https:\/\/vof-news.eu\/de\/un-warnen-wegen-russischer-luftraumverletzungen-vor-gefahrdung-europas\/#breadcrumb"},"inLanguage":"de","potentialAction":[{"@type":"ReadAction","target":["https:\/\/vof-news.eu\/de\/un-warnen-wegen-russischer-luftraumverletzungen-vor-gefahrdung-europas\/"]}]},{"@type":"ImageObject","inLanguage":"de","@id":"https:\/\/vof-news.eu\/de\/un-warnen-wegen-russischer-luftraumverletzungen-vor-gefahrdung-europas\/#primaryimage","url":"https:\/\/vof-news.eu\/wp-content\/uploads\/2025\/09\/wide__1000x562-83.jpg","contentUrl":"https:\/\/vof-news.eu\/wp-content\/uploads\/2025\/09\/wide__1000x562-83.jpg","width":1000,"height":562},{"@type":"BreadcrumbList","@id":"https:\/\/vof-news.eu\/de\/un-warnen-wegen-russischer-luftraumverletzungen-vor-gefahrdung-europas\/#breadcrumb","itemListElement":[{"@type":"ListItem","position":1,"name":"Home","item":"https:\/\/vof-news.eu\/de\/"},{"@type":"ListItem","position":2,"name":"UN warnen wegen russischer Luftraumverletzungen vor Gef\u00e4hrdung Europas"}]},{"@type":"WebSite","@id":"https:\/\/vof-news.eu\/de\/#website","url":"https:\/\/vof-news.eu\/de\/","name":"vof-news.eu","description":"","potentialAction":[{"@type":"SearchAction","target":{"@type":"EntryPoint","urlTemplate":"https:\/\/vof-news.eu\/de\/?s={search_term_string}"},"query-input":"required name=search_term_string"}],"inLanguage":"de"},{"@type":"Person","@id":"https:\/\/vof-news.eu\/de\/#\/schema\/person\/f6a2a4309f0561835797fd8c19b333ed","name":"Author","image":{"@type":"ImageObject","inLanguage":"de","@id":"https:\/\/vof-news.eu\/de\/#\/schema\/person\/image\/","url":"https:\/\/secure.gravatar.com\/avatar\/b67e614b1b25b3e9c0c239efdd2fde5ab015b5affd6f1c3c85911ca4b384e790?s=96&d=mm&r=g","contentUrl":"https:\/\/secure.gravatar.com\/avatar\/b67e614b1b25b3e9c0c239efdd2fde5ab015b5affd6f1c3c85911ca4b384e790?s=96&d=mm&r=g","caption":"Author"},"sameAs":["http:\/\/vof-news.eu"],"url":"https:\/\/vof-news.eu\/de\/author\/zwt6qxnjulxbnyg\/"}]}},"yoast_meta":{"yoast_wpseo_title":"","yoast_wpseo_metadesc":"","yoast_wpseo_canonical":""},"_links":{"self":[{"href":"https:\/\/vof-news.eu\/de\/wp-json\/wp\/v2\/posts\/277752","targetHints":{"allow":["GET"]}}],"collection":[{"href":"https:\/\/vof-news.eu\/de\/wp-json\/wp\/v2\/posts"}],"about":[{"href":"https:\/\/vof-news.eu\/de\/wp-json\/wp\/v2\/types\/post"}],"author":[{"embeddable":true,"href":"https:\/\/vof-news.eu\/de\/wp-json\/wp\/v2\/users\/1"}],"replies":[{"embeddable":true,"href":"https:\/\/vof-news.eu\/de\/wp-json\/wp\/v2\/comments?post=277752"}],"version-history":[{"count":1,"href":"https:\/\/vof-news.eu\/de\/wp-json\/wp\/v2\/posts\/277752\/revisions"}],"predecessor-version":[{"id":277759,"href":"https:\/\/vof-news.eu\/de\/wp-json\/wp\/v2\/posts\/277752\/revisions\/277759"}],"wp:featuredmedia":[{"embeddable":true,"href":"https:\/\/vof-news.eu\/de\/wp-json\/wp\/v2\/media\/277753"}],"wp:attachment":[{"href":"https:\/\/vof-news.eu\/de\/wp-json\/wp\/v2\/media?parent=277752"}],"wp:term":[{"taxonomy":"category","embeddable":true,"href":"https:\/\/vof-news.eu\/de\/wp-json\/wp\/v2\/categories?post=277752"},{"taxonomy":"post_tag","embeddable":true,"href":"https:\/\/vof-news.eu\/de\/wp-json\/wp\/v2\/tags?post=277752"}],"curies":[{"name":"wp","href":"https:\/\/api.w.org\/{rel}","templated":true}]}}