{"id":277697,"date":"2025-09-22T17:28:15","date_gmt":"2025-09-22T14:28:15","guid":{"rendered":"https:\/\/vof-news.eu\/bundeswehr-plant-mit-1-000-verwundeten-soldaten-pro-tag-im-kriegsfall\/"},"modified":"2025-09-22T17:29:28","modified_gmt":"2025-09-22T14:29:28","slug":"bundeswehr-plant-mit-1-000-verwundeten-soldaten-pro-tag-im-kriegsfall","status":"publish","type":"post","link":"https:\/\/vof-news.eu\/de\/bundeswehr-plant-mit-1-000-verwundeten-soldaten-pro-tag-im-kriegsfall\/","title":{"rendered":"Bundeswehr plant mit 1.000 verwundeten Soldaten pro Tag im Kriegsfall"},"content":{"rendered":"<div>\n<p>Die <span><a href=\"https:\/\/www.zeit.de\/thema\/bundeswehr\" rel=\"nofollow\">Bundeswehr<\/a><\/span> geht f\u00fcr den hypothetischen Fall eines Krieges mit Russland davon aus, t\u00e4glich hunderte verletzte Soldaten bergen und versorgen zu m\u00fcssen. &#8222;Realistisch gesehen, sprechen wir von einer Zahl um die 1.000 verwundeten Soldaten pro Tag&#8220;, sagte Generaloberstabsarzt Ralf Hoffmann der Nachrichtenagentur Reuters. Die Zahl von der Intensit\u00e4t der K\u00e4mpfe ab und davon, welche milit\u00e4rischen Einheiten involviert seien.\u00a0\n<\/p>\n<p>Die Nato warnt, dass <span><a href=\"https:\/\/www.zeit.de\/thema\/russland\" rel=\"nofollow\">Russland<\/a><\/span> theoretisch 2029 in der Lage sein k\u00f6nnte, Mitgliedsstaaten anzugreifen. Russland weist den Vorwurf zur\u00fcck, sich auf einen Krieg mit dem westlichen Milit\u00e4rb\u00fcndnis vorzubereiten. Zuletzt haben die Spannungen zwischen der Nato und der Regierung in Moskau zugenommen, nachdem <a href=\"https:\/\/www.zeit.de\/politik\/ausland\/2025-09\/estland-russland-eindringen-russland-kampfflugzeuge\" rel=\"nofollow\">Estland das Eindringen russischer Kampfflugzeuge gemeldet hatte<\/a>. Mehrere Nato-Staaten r\u00fcsten in Reaktion auf den russischen Angriff auf die Ukraine die eigenen Streitkr\u00e4fte auf.\u00a0\n<\/p>\n<h2>Medizinisches Training und Transport<\/h2>\n<p>&#8222;Die Art der Kriegsf\u00fchrung in der Ukraine hat sich dramatisch ver\u00e4ndert&#8220;, sagte Hoffmann. Deswegen passe auch Deutschland sein medizinisches<br \/>\n Training fortlaufend an und greife dabei auch auf Erfahrungen aus dem<br \/>\nrussischen Angriffskrieg in der <span><a href=\"https:\/\/www.zeit.de\/politik\/ausland\/ukraine-krieg-news-liveblog\" rel=\"nofollow\">Ukraine<\/a><\/span> zur\u00fcck. Verwundungen, die durch Drohnen verursacht werden, seien schwerwiegender. Zudem erschwerten Drohnen, Soldaten an der Front in der Ukraine in Sicherheit zu bringen.\n<\/p>\n<p>F\u00fcr flexible Transportm\u00f6glichkeiten verwundeter Soldaten pr\u00fcfe die Bundeswehr den Einsatz von Lazarettz\u00fcgen und -bussen, sagte Hoffmann. Erstere w\u00fcrden auch in der Ukraine eingesetzt. Zudem wird laut Hoffmann die medizinische Evakuierung aus der Luft ausgebaut. Auch der Sanit\u00e4tsdienst der Bundeswehr mit aktuell\u00a015.000 Soldaten werde erweitert, um den k\u00fcnftigen Bedarf zu decken.\n<\/p>\n<p>Die Verwundeten w\u00fcrden zun\u00e4chst an der Front versorgt, bevor sie zur Behandlung nach Deutschland zur\u00fcckgebracht w\u00fcrden, wo sie \u00fcberwiegend in zivilen Krankenh\u00e4usern versorgt w\u00fcrden, sagte Hoffmann. Er sch\u00e4tzte den Bedarf in deutschen Krankenh\u00e4usern deswegen auf etwa 15.000 der insgesamt 440.000 Krankenhausbetten.\n<\/p>\n<\/div>\n","protected":false},"excerpt":{"rendered":"<p>Die Bundeswehr geht f\u00fcr den hypothetischen Fall eines Krieges mit Russland davon aus, t\u00e4glich hunderte verletzte Soldaten bergen und versorgen zu m\u00fcssen. &#8222;Realistisch gesehen, sprechen wir von einer Zahl um die 1.000 verwundeten Soldaten pro Tag&#8220;, sagte Generaloberstabsarzt Ralf Hoffmann der Nachrichtenagentur Reuters. Die Zahl von der Intensit\u00e4t der K\u00e4mpfe ab und davon, welche milit\u00e4rischen<\/p>\n","protected":false},"author":1,"featured_media":277698,"comment_status":"open","ping_status":"open","sticky":false,"template":"","format":"standard","meta":{"footnotes":""},"categories":[116],"tags":[],"class_list":["post-277697","post","type-post","status-publish","format-standard","has-post-thumbnail","hentry","category-war-chronicles-de"],"acf":[],"yoast_head":"<!-- This site is optimized with the Yoast SEO plugin v22.9 - https:\/\/yoast.com\/wordpress\/plugins\/seo\/ -->\n<title>Bundeswehr plant mit 1.000 verwundeten Soldaten pro Tag im Kriegsfall - vof-news.eu<\/title>\n<meta name=\"description\" content=\"Die Bundeswehr geht f\u00fcr den hypothetischen Fall eines Krieges mit Russland davon aus, t\u00e4glich hunderte verletzte Soldaten bergen und versorgen zu m\u00fcssen. &quot;Realistisch gesehen, sprechen wir von einer Zahl um die 1.000 verwundeten Soldaten pro Tag&quot;, sagte Generaloberstabsarzt Ralf Hoffmann der Nachrichtenagentur Reuters. Die Zahl von der Intensit\u00e4t der K\u00e4mpfe ab und davon, welche milit\u00e4rischen Einheiten involviert seien.\u00a0\" \/>\n<meta name=\"robots\" content=\"noindex, follow, max-snippet:-1, max-image-preview:large, max-video-preview:-1\" \/>\n<meta property=\"og:locale\" content=\"de_DE\" \/>\n<meta property=\"og:type\" content=\"article\" \/>\n<meta property=\"og:title\" content=\"Bundeswehr plant mit 1.000 verwundeten Soldaten pro Tag im Kriegsfall - vof-news.eu\" \/>\n<meta property=\"og:description\" content=\"Die Bundeswehr geht f\u00fcr den hypothetischen Fall eines Krieges mit Russland davon aus, t\u00e4glich hunderte verletzte Soldaten bergen und versorgen zu m\u00fcssen. &quot;Realistisch gesehen, sprechen wir von einer Zahl um die 1.000 verwundeten Soldaten pro Tag&quot;, sagte Generaloberstabsarzt Ralf Hoffmann der Nachrichtenagentur Reuters. Die Zahl von der Intensit\u00e4t der K\u00e4mpfe ab und davon, welche milit\u00e4rischen Einheiten involviert seien.\u00a0\" \/>\n<meta property=\"og:url\" content=\"https:\/\/vof-news.eu\/de\/bundeswehr-plant-mit-1-000-verwundeten-soldaten-pro-tag-im-kriegsfall\/\" \/>\n<meta property=\"og:site_name\" content=\"vof-news.eu\" \/>\n<meta property=\"article:published_time\" content=\"2025-09-22T14:28:15+00:00\" \/>\n<meta property=\"article:modified_time\" content=\"2025-09-22T14:29:28+00:00\" \/>\n<meta property=\"og:image\" content=\"https:\/\/vof-news.eu\/wp-content\/uploads\/2025\/09\/wide__1000x562-81.jpg\" \/>\n\t<meta property=\"og:image:width\" content=\"1000\" \/>\n\t<meta property=\"og:image:height\" content=\"562\" \/>\n\t<meta property=\"og:image:type\" content=\"image\/jpeg\" \/>\n<meta name=\"author\" content=\"Author\" \/>\n<meta name=\"twitter:card\" content=\"summary_large_image\" \/>\n<meta name=\"twitter:label1\" content=\"Verfasst von\" \/>\n\t<meta name=\"twitter:data1\" content=\"Author\" \/>\n\t<meta name=\"twitter:label2\" content=\"Gesch\u00e4tzte Lesezeit\" \/>\n\t<meta name=\"twitter:data2\" content=\"2\u00a0Minuten\" \/>\n<script type=\"application\/ld+json\" class=\"yoast-schema-graph\">{\"@context\":\"https:\/\/schema.org\",\"@graph\":[{\"@type\":\"WebPage\",\"@id\":\"https:\/\/vof-news.eu\/de\/bundeswehr-plant-mit-1-000-verwundeten-soldaten-pro-tag-im-kriegsfall\/\",\"url\":\"https:\/\/vof-news.eu\/de\/bundeswehr-plant-mit-1-000-verwundeten-soldaten-pro-tag-im-kriegsfall\/\",\"name\":\"Bundeswehr plant mit 1.000 verwundeten Soldaten pro Tag im Kriegsfall - vof-news.eu\",\"isPartOf\":{\"@id\":\"https:\/\/vof-news.eu\/de\/#website\"},\"primaryImageOfPage\":{\"@id\":\"https:\/\/vof-news.eu\/de\/bundeswehr-plant-mit-1-000-verwundeten-soldaten-pro-tag-im-kriegsfall\/#primaryimage\"},\"image\":{\"@id\":\"https:\/\/vof-news.eu\/de\/bundeswehr-plant-mit-1-000-verwundeten-soldaten-pro-tag-im-kriegsfall\/#primaryimage\"},\"thumbnailUrl\":\"https:\/\/vof-news.eu\/wp-content\/uploads\/2025\/09\/wide__1000x562-81.jpg\",\"datePublished\":\"2025-09-22T14:28:15+00:00\",\"dateModified\":\"2025-09-22T14:29:28+00:00\",\"author\":{\"@id\":\"https:\/\/vof-news.eu\/de\/#\/schema\/person\/f6a2a4309f0561835797fd8c19b333ed\"},\"description\":\"Die Bundeswehr geht f\u00fcr den hypothetischen Fall eines Krieges mit Russland davon aus, t\u00e4glich hunderte verletzte Soldaten bergen und versorgen zu m\u00fcssen. \\\"Realistisch gesehen, sprechen wir von einer Zahl um die 1.000 verwundeten Soldaten pro Tag\\\", sagte Generaloberstabsarzt Ralf Hoffmann der Nachrichtenagentur Reuters. Die Zahl von der Intensit\u00e4t der K\u00e4mpfe ab und davon, welche milit\u00e4rischen Einheiten involviert seien.\u00a0\",\"breadcrumb\":{\"@id\":\"https:\/\/vof-news.eu\/de\/bundeswehr-plant-mit-1-000-verwundeten-soldaten-pro-tag-im-kriegsfall\/#breadcrumb\"},\"inLanguage\":\"de\",\"potentialAction\":[{\"@type\":\"ReadAction\",\"target\":[\"https:\/\/vof-news.eu\/de\/bundeswehr-plant-mit-1-000-verwundeten-soldaten-pro-tag-im-kriegsfall\/\"]}]},{\"@type\":\"ImageObject\",\"inLanguage\":\"de\",\"@id\":\"https:\/\/vof-news.eu\/de\/bundeswehr-plant-mit-1-000-verwundeten-soldaten-pro-tag-im-kriegsfall\/#primaryimage\",\"url\":\"https:\/\/vof-news.eu\/wp-content\/uploads\/2025\/09\/wide__1000x562-81.jpg\",\"contentUrl\":\"https:\/\/vof-news.eu\/wp-content\/uploads\/2025\/09\/wide__1000x562-81.jpg\",\"width\":1000,\"height\":562},{\"@type\":\"BreadcrumbList\",\"@id\":\"https:\/\/vof-news.eu\/de\/bundeswehr-plant-mit-1-000-verwundeten-soldaten-pro-tag-im-kriegsfall\/#breadcrumb\",\"itemListElement\":[{\"@type\":\"ListItem\",\"position\":1,\"name\":\"Home\",\"item\":\"https:\/\/vof-news.eu\/de\/\"},{\"@type\":\"ListItem\",\"position\":2,\"name\":\"Bundeswehr plant mit 1.000 verwundeten Soldaten pro Tag im Kriegsfall\"}]},{\"@type\":\"WebSite\",\"@id\":\"https:\/\/vof-news.eu\/de\/#website\",\"url\":\"https:\/\/vof-news.eu\/de\/\",\"name\":\"vof-news.eu\",\"description\":\"\",\"potentialAction\":[{\"@type\":\"SearchAction\",\"target\":{\"@type\":\"EntryPoint\",\"urlTemplate\":\"https:\/\/vof-news.eu\/de\/?s={search_term_string}\"},\"query-input\":\"required name=search_term_string\"}],\"inLanguage\":\"de\"},{\"@type\":\"Person\",\"@id\":\"https:\/\/vof-news.eu\/de\/#\/schema\/person\/f6a2a4309f0561835797fd8c19b333ed\",\"name\":\"Author\",\"image\":{\"@type\":\"ImageObject\",\"inLanguage\":\"de\",\"@id\":\"https:\/\/vof-news.eu\/de\/#\/schema\/person\/image\/\",\"url\":\"https:\/\/secure.gravatar.com\/avatar\/b67e614b1b25b3e9c0c239efdd2fde5ab015b5affd6f1c3c85911ca4b384e790?s=96&d=mm&r=g\",\"contentUrl\":\"https:\/\/secure.gravatar.com\/avatar\/b67e614b1b25b3e9c0c239efdd2fde5ab015b5affd6f1c3c85911ca4b384e790?s=96&d=mm&r=g\",\"caption\":\"Author\"},\"sameAs\":[\"http:\/\/vof-news.eu\"],\"url\":\"https:\/\/vof-news.eu\/de\/author\/zwt6qxnjulxbnyg\/\"}]}<\/script>\n<!-- \/ Yoast SEO plugin. -->","yoast_head_json":{"title":"Bundeswehr plant mit 1.000 verwundeten Soldaten pro Tag im Kriegsfall - vof-news.eu","description":"Die Bundeswehr geht f\u00fcr den hypothetischen Fall eines Krieges mit Russland davon aus, t\u00e4glich hunderte verletzte Soldaten bergen und versorgen zu m\u00fcssen. \"Realistisch gesehen, sprechen wir von einer Zahl um die 1.000 verwundeten Soldaten pro Tag\", sagte Generaloberstabsarzt Ralf Hoffmann der Nachrichtenagentur Reuters. Die Zahl von der Intensit\u00e4t der K\u00e4mpfe ab und davon, welche milit\u00e4rischen Einheiten involviert seien.\u00a0","robots":{"index":"noindex","follow":"follow","max-snippet":"max-snippet:-1","max-image-preview":"max-image-preview:large","max-video-preview":"max-video-preview:-1"},"og_locale":"de_DE","og_type":"article","og_title":"Bundeswehr plant mit 1.000 verwundeten Soldaten pro Tag im Kriegsfall - vof-news.eu","og_description":"Die Bundeswehr geht f\u00fcr den hypothetischen Fall eines Krieges mit Russland davon aus, t\u00e4glich hunderte verletzte Soldaten bergen und versorgen zu m\u00fcssen. \"Realistisch gesehen, sprechen wir von einer Zahl um die 1.000 verwundeten Soldaten pro Tag\", sagte Generaloberstabsarzt Ralf Hoffmann der Nachrichtenagentur Reuters. Die Zahl von der Intensit\u00e4t der K\u00e4mpfe ab und davon, welche milit\u00e4rischen Einheiten involviert seien.\u00a0","og_url":"https:\/\/vof-news.eu\/de\/bundeswehr-plant-mit-1-000-verwundeten-soldaten-pro-tag-im-kriegsfall\/","og_site_name":"vof-news.eu","article_published_time":"2025-09-22T14:28:15+00:00","article_modified_time":"2025-09-22T14:29:28+00:00","og_image":[{"width":1000,"height":562,"url":"https:\/\/vof-news.eu\/wp-content\/uploads\/2025\/09\/wide__1000x562-81.jpg","type":"image\/jpeg"}],"author":"Author","twitter_card":"summary_large_image","twitter_misc":{"Verfasst von":"Author","Gesch\u00e4tzte Lesezeit":"2\u00a0Minuten"},"schema":{"@context":"https:\/\/schema.org","@graph":[{"@type":"WebPage","@id":"https:\/\/vof-news.eu\/de\/bundeswehr-plant-mit-1-000-verwundeten-soldaten-pro-tag-im-kriegsfall\/","url":"https:\/\/vof-news.eu\/de\/bundeswehr-plant-mit-1-000-verwundeten-soldaten-pro-tag-im-kriegsfall\/","name":"Bundeswehr plant mit 1.000 verwundeten Soldaten pro Tag im Kriegsfall - vof-news.eu","isPartOf":{"@id":"https:\/\/vof-news.eu\/de\/#website"},"primaryImageOfPage":{"@id":"https:\/\/vof-news.eu\/de\/bundeswehr-plant-mit-1-000-verwundeten-soldaten-pro-tag-im-kriegsfall\/#primaryimage"},"image":{"@id":"https:\/\/vof-news.eu\/de\/bundeswehr-plant-mit-1-000-verwundeten-soldaten-pro-tag-im-kriegsfall\/#primaryimage"},"thumbnailUrl":"https:\/\/vof-news.eu\/wp-content\/uploads\/2025\/09\/wide__1000x562-81.jpg","datePublished":"2025-09-22T14:28:15+00:00","dateModified":"2025-09-22T14:29:28+00:00","author":{"@id":"https:\/\/vof-news.eu\/de\/#\/schema\/person\/f6a2a4309f0561835797fd8c19b333ed"},"description":"Die Bundeswehr geht f\u00fcr den hypothetischen Fall eines Krieges mit Russland davon aus, t\u00e4glich hunderte verletzte Soldaten bergen und versorgen zu m\u00fcssen. \"Realistisch gesehen, sprechen wir von einer Zahl um die 1.000 verwundeten Soldaten pro Tag\", sagte Generaloberstabsarzt Ralf Hoffmann der Nachrichtenagentur Reuters. Die Zahl von der Intensit\u00e4t der K\u00e4mpfe ab und davon, welche milit\u00e4rischen Einheiten involviert seien.\u00a0","breadcrumb":{"@id":"https:\/\/vof-news.eu\/de\/bundeswehr-plant-mit-1-000-verwundeten-soldaten-pro-tag-im-kriegsfall\/#breadcrumb"},"inLanguage":"de","potentialAction":[{"@type":"ReadAction","target":["https:\/\/vof-news.eu\/de\/bundeswehr-plant-mit-1-000-verwundeten-soldaten-pro-tag-im-kriegsfall\/"]}]},{"@type":"ImageObject","inLanguage":"de","@id":"https:\/\/vof-news.eu\/de\/bundeswehr-plant-mit-1-000-verwundeten-soldaten-pro-tag-im-kriegsfall\/#primaryimage","url":"https:\/\/vof-news.eu\/wp-content\/uploads\/2025\/09\/wide__1000x562-81.jpg","contentUrl":"https:\/\/vof-news.eu\/wp-content\/uploads\/2025\/09\/wide__1000x562-81.jpg","width":1000,"height":562},{"@type":"BreadcrumbList","@id":"https:\/\/vof-news.eu\/de\/bundeswehr-plant-mit-1-000-verwundeten-soldaten-pro-tag-im-kriegsfall\/#breadcrumb","itemListElement":[{"@type":"ListItem","position":1,"name":"Home","item":"https:\/\/vof-news.eu\/de\/"},{"@type":"ListItem","position":2,"name":"Bundeswehr plant mit 1.000 verwundeten Soldaten pro Tag im Kriegsfall"}]},{"@type":"WebSite","@id":"https:\/\/vof-news.eu\/de\/#website","url":"https:\/\/vof-news.eu\/de\/","name":"vof-news.eu","description":"","potentialAction":[{"@type":"SearchAction","target":{"@type":"EntryPoint","urlTemplate":"https:\/\/vof-news.eu\/de\/?s={search_term_string}"},"query-input":"required name=search_term_string"}],"inLanguage":"de"},{"@type":"Person","@id":"https:\/\/vof-news.eu\/de\/#\/schema\/person\/f6a2a4309f0561835797fd8c19b333ed","name":"Author","image":{"@type":"ImageObject","inLanguage":"de","@id":"https:\/\/vof-news.eu\/de\/#\/schema\/person\/image\/","url":"https:\/\/secure.gravatar.com\/avatar\/b67e614b1b25b3e9c0c239efdd2fde5ab015b5affd6f1c3c85911ca4b384e790?s=96&d=mm&r=g","contentUrl":"https:\/\/secure.gravatar.com\/avatar\/b67e614b1b25b3e9c0c239efdd2fde5ab015b5affd6f1c3c85911ca4b384e790?s=96&d=mm&r=g","caption":"Author"},"sameAs":["http:\/\/vof-news.eu"],"url":"https:\/\/vof-news.eu\/de\/author\/zwt6qxnjulxbnyg\/"}]}},"yoast_meta":{"yoast_wpseo_title":"","yoast_wpseo_metadesc":"","yoast_wpseo_canonical":""},"_links":{"self":[{"href":"https:\/\/vof-news.eu\/de\/wp-json\/wp\/v2\/posts\/277697","targetHints":{"allow":["GET"]}}],"collection":[{"href":"https:\/\/vof-news.eu\/de\/wp-json\/wp\/v2\/posts"}],"about":[{"href":"https:\/\/vof-news.eu\/de\/wp-json\/wp\/v2\/types\/post"}],"author":[{"embeddable":true,"href":"https:\/\/vof-news.eu\/de\/wp-json\/wp\/v2\/users\/1"}],"replies":[{"embeddable":true,"href":"https:\/\/vof-news.eu\/de\/wp-json\/wp\/v2\/comments?post=277697"}],"version-history":[{"count":1,"href":"https:\/\/vof-news.eu\/de\/wp-json\/wp\/v2\/posts\/277697\/revisions"}],"predecessor-version":[{"id":277704,"href":"https:\/\/vof-news.eu\/de\/wp-json\/wp\/v2\/posts\/277697\/revisions\/277704"}],"wp:featuredmedia":[{"embeddable":true,"href":"https:\/\/vof-news.eu\/de\/wp-json\/wp\/v2\/media\/277698"}],"wp:attachment":[{"href":"https:\/\/vof-news.eu\/de\/wp-json\/wp\/v2\/media?parent=277697"}],"wp:term":[{"taxonomy":"category","embeddable":true,"href":"https:\/\/vof-news.eu\/de\/wp-json\/wp\/v2\/categories?post=277697"},{"taxonomy":"post_tag","embeddable":true,"href":"https:\/\/vof-news.eu\/de\/wp-json\/wp\/v2\/tags?post=277697"}],"curies":[{"name":"wp","href":"https:\/\/api.w.org\/{rel}","templated":true}]}}