{"id":276841,"date":"2025-09-20T03:26:05","date_gmt":"2025-09-20T00:26:05","guid":{"rendered":"https:\/\/vof-news.eu\/vonovia-chef-buch-pladiert-fur-neue-mietpreisbremse\/"},"modified":"2025-09-20T03:26:32","modified_gmt":"2025-09-20T00:26:32","slug":"vonovia-chef-buch-pladiert-fur-neue-mietpreisbremse","status":"publish","type":"post","link":"https:\/\/vof-news.eu\/de\/vonovia-chef-buch-pladiert-fur-neue-mietpreisbremse\/","title":{"rendered":"Vonovia-Chef Buch pl\u00e4diert f\u00fcr neue Mietpreisbremse"},"content":{"rendered":"<p>Der Vorstandsvorsitzende des Wohnungskonzerns Vonovia, Rolf Buch, pl\u00e4diert f\u00fcr eine <a class=\"is-link c-block-items__link c-link--rich-text-renderer\" data-internal-tracking='{\"action\":\"click\",\"label\":\"link\",\"name\":\"Inline Element\",\"data\":{\"source\":\"\",\"target\":\"https:\/\/www.welt.de\/themen\/mietpreisbremse\/\",\"trackingName\":\"\",\"trackingLabel\":\"\"}}' data-internal-tracking-enabled=\"true\" href=\"https:\/\/www.welt.de\/themen\/mietpreisbremse\/\">Weiterentwicklung der Mietpreisbremse<\/a> und Bauverpflichtungen f\u00fcr Gemeinden mit Wohnungsknappheit. Auf die Frage, ob die Preisbremse abgeschafft werden sollte, antwortete der Konzernchef im Gespr\u00e4ch mit WELT AM SONNTAG: \u201eNein, das w\u00fcrde ich nicht sagen. Ich bin fest davon \u00fcberzeugt, dass wir eine Regulierung des Mietmarktes brauchen.\u201c<\/p>\n<p>Politik und Markt k\u00f6nnten \u201eganz offensichtlich nicht so schnell wie es n\u00f6tig w\u00e4re den Mangel beheben\u201c. Eine neue Regulierung m\u00fcsse aber \u201eintelligent\u201c sein. \u201eMan k\u00f6nnte \u00fcberlegen, eine Preisbremse auch ans Einkommen zu koppeln.\u201c Mit digitalen Datenbanken w\u00e4re das machbar, so Buch weiter. Beim derzeitigen Modell w\u00fcrden hingegen immer h\u00e4ufiger auch Gutverdiener von regulierten Mieten profitieren. \u201eDas heutige System verteilt Wohnungen falsch\u201c, so Buch.<\/p>\n<p>Allerdings sollten St\u00e4dte und Gemeinden mit Mietpreisbremse den Neubau st\u00e4rker ankurbeln. \u201eDer Bauturbo ist ein wichtiger Schritt\u201c, sagte Buch zu dem aktuellen Gesetzvorhaben der Bundesregierung. \u201eEine Gemeinde, die die Preisbremse anwendet, sollte aber eine Bauverpflichtung bekommen. Wenn der Bauturbo kommt, z\u00e4hlt jedenfalls die Ausrede nicht mehr, dass man zu wenig Personal f\u00fcr neue Bebauungspl\u00e4ne hat\u201c, so Buch gegen\u00fcber der Zeitung.<\/p>\n<p>Buch verl\u00e4sst Ende dieses Jahres das Unternehmen und gibt den Vorstandsposten weiter an Luka Mucic, den bisherigen Finanzvorstand von Vodafone. Den b\u00f6rsennotierten Wohnungskonzern sieht er f\u00fcr die Zukunft gut aufgestellt. \u201eWir treiben Wachstumsinitiativen voran\u201c, sagte Buch. Dienstleistungen wie Mieterstrom aus Photovoltaik b\u00f6ten neue Erl\u00f6smodelle. \u201eZudem sanieren wir seriell, bauen wieder mehr neue Wohnungen und werden unser Gesch\u00e4ftsmodell einer digitalen und effizienten Bewirtschaftung sowie unsere Modernisierungs- und Portfoliostrategie dem Drittmarkt anbieten.\u201c Zuk\u00e4ufe \u201eim gro\u00dfen Stil\u201c plane Vonovia dagegen nicht.<\/p>\n<p><b><em>Dieser Artikel wurde f\u00fcr das Wirtschaftskompetenzzentrum von WELT und <\/em><\/b><a class=\"is-link c-block-items__link c-link--rich-text-renderer\" data-internal-tracking='{\"action\":\"click\",\"label\":\"link\",\"name\":\"Inline Element\",\"data\":{\"source\":\"\",\"target\":\"https:\/\/www.businessinsider.de\/\",\"trackingName\":\"\",\"trackingLabel\":\"\"}}' data-internal-tracking-enabled=\"true\" href=\"https:\/\/www.businessinsider.de\/\"><b><em>Business Insider<\/em><\/b><\/a><b><em> erstellt.<\/em><\/b><\/p>\n<p><a class=\"is-link c-block-items__link c-link--rich-text-renderer\" data-internal-tracking='{\"action\":\"click\",\"label\":\"link\",\"name\":\"Inline Element\",\"data\":{\"source\":\"\",\"target\":\"https:\/\/www.welt.de\/autor\/michael-fabricius\/\",\"trackingName\":\"\",\"trackingLabel\":\"\"}}' data-internal-tracking-enabled=\"true\" href=\"https:\/\/www.welt.de\/autor\/michael-fabricius\/\"><b><em>Michael Fabricius<\/em><\/b><\/a><b><em> besch\u00e4ftigt sich mit <\/em><\/b><a class=\"is-link c-block-items__link c-link--rich-text-renderer\" data-internal-tracking='{\"action\":\"click\",\"label\":\"link\",\"name\":\"Inline Element\",\"data\":{\"source\":\"\",\"target\":\"https:\/\/www.welt.de\/finanzen\/immobilien\/\",\"trackingName\":\"\",\"trackingLabel\":\"\"}}' data-internal-tracking-enabled=\"true\" href=\"https:\/\/www.welt.de\/finanzen\/immobilien\/\"><b><em>Immobilienthemen<\/em><\/b><\/a><b><em> und schreibt f\u00fcr WELT \u00fcber alles, was Eigent\u00fcmer, Mieter und Investoren betrifft. Gemeinsam mit <\/em><\/b><a class=\"is-link c-block-items__link c-link--rich-text-renderer\" data-internal-tracking='{\"action\":\"click\",\"label\":\"link\",\"name\":\"Inline Element\",\"data\":{\"source\":\"\",\"target\":\"https:\/\/www.welt.de\/autor\/michael-hoefling\/\",\"trackingName\":\"\",\"trackingLabel\":\"\"}}' data-internal-tracking-enabled=\"true\" href=\"https:\/\/www.welt.de\/autor\/michael-hoefling\/\"><b><em>Michael H\u00f6fling<\/em><\/b><\/a><b><em> ist er f\u00fcr den Immobilien-Newsletter \u201eFrage der Lage\u201c verantwortlich. Sie k\u00f6nnen ihn <\/em><\/b><a class=\"is-link c-block-items__link c-link--rich-text-renderer\" data-internal-tracking='{\"action\":\"click\",\"label\":\"link\",\"name\":\"Inline Element\",\"data\":{\"source\":\"\",\"target\":\"https:\/\/www.welt.de\/newsletter\/article241105337\/Frage-der-Lage-Der-Immobilien-Newsletter-fuer-alle-die-sanieren-und-kaufen.html\",\"trackingName\":\"\",\"trackingLabel\":\"\"}}' data-internal-tracking-enabled=\"true\" href=\"https:\/\/www.welt.de\/newsletter\/article241105337\/Frage-der-Lage-Der-Immobilien-Newsletter-fuer-alle-die-sanieren-und-kaufen.html\"><b><em>hier<\/em><\/b><\/a><b><em> abonnieren.<\/em><\/b><\/p>\n","protected":false},"excerpt":{"rendered":"<p>Der Vorstandsvorsitzende des Wohnungskonzerns Vonovia, Rolf Buch, pl\u00e4diert f\u00fcr eine Weiterentwicklung der Mietpreisbremse und Bauverpflichtungen f\u00fcr Gemeinden mit Wohnungsknappheit. Auf die Frage, ob die Preisbremse abgeschafft werden sollte, antwortete der Konzernchef im Gespr\u00e4ch mit WELT AM SONNTAG: \u201eNein, das w\u00fcrde ich nicht sagen. Ich bin fest davon \u00fcberzeugt, dass wir eine Regulierung des Mietmarktes brauchen.\u201c<\/p>\n","protected":false},"author":1,"featured_media":276842,"comment_status":"open","ping_status":"open","sticky":false,"template":"","format":"standard","meta":{"footnotes":""},"categories":[59],"tags":[],"class_list":["post-276841","post","type-post","status-publish","format-standard","has-post-thumbnail","hentry","category-business-de"],"acf":[],"yoast_head":"<!-- This site is optimized with the Yoast SEO plugin v22.9 - https:\/\/yoast.com\/wordpress\/plugins\/seo\/ -->\n<title>Vonovia-Chef Buch pl\u00e4diert f\u00fcr neue Mietpreisbremse - vof-news.eu<\/title>\n<meta name=\"description\" content=\"Der Vorstandsvorsitzende des Wohnungskonzerns Vonovia, Rolf Buch, pl\u00e4diert f\u00fcr eine Weiterentwicklung der Mietpreisbremse und Bauverpflichtungen f\u00fcr Gemeinden mit Wohnungsknappheit. Auf die Frage, ob die Preisbremse abgeschafft werden sollte, antwortete der Konzernchef im Gespr\u00e4ch mit WELT AM SONNTAG: \u201eNein, das w\u00fcrde ich nicht sagen. Ich bin fest davon \u00fcberzeugt, dass wir eine Regulierung des Mietmarktes brauchen.\u201cPolitik und Markt k\u00f6nnten \u201eganz offensichtlich nicht so schnell wie es n\u00f6tig w\u00e4re den Mangel beheben\u201c. Eine neue Regulierung m\u00fcsse aber \u201eintelligent\u201c sein. \u201eMan k\u00f6nnte \u00fcberlegen, eine Preisbremse auch ans Einkommen zu koppeln.\u201c Mit digitalen Datenbanken w\u00e4re das machbar, so Buch weiter. Beim derzeitigen Modell w\u00fcrden hingegen immer h\u00e4ufiger auch Gutverdiener von regulierten Mieten profitieren. \u201eDas heutige System verteilt Wohnungen falsch\u201c, so Buch.Allerdings sollten St\u00e4dte und Gemeinden mit Mietpreisbremse den Neubau st\u00e4rker ankurbeln. \u201eDer Bauturbo ist ein wichtiger Schritt\u201c, sagte Buch zu dem aktuellen Gesetzvorhaben der Bundesregierung. \u201eEine Gemeinde, die die Preisbremse anwendet, sollte aber eine Bauverpflichtung bekommen. Wenn der Bauturbo kommt, z\u00e4hlt jedenfalls die Ausrede nicht mehr, dass man zu wenig Personal f\u00fcr neue Bebauungspl\u00e4ne hat\u201c, so Buch gegen\u00fcber der Zeitung.Buch verl\u00e4sst Ende dieses Jahres das Unternehmen und gibt den Vorstandsposten weiter an Luka Mucic, den bisherigen Finanzvorstand von Vodafone. Den b\u00f6rsennotierten Wohnungskonzern sieht er f\u00fcr die Zukunft gut aufgestellt. \u201eWir treiben Wachstumsinitiativen voran\u201c, sagte Buch. Dienstleistungen wie Mieterstrom aus Photovoltaik b\u00f6ten neue Erl\u00f6smodelle. \u201eZudem sanieren wir seriell, bauen wieder mehr neue Wohnungen und werden unser Gesch\u00e4ftsmodell einer digitalen und effizienten Bewirtschaftung sowie unsere Modernisierungs- und Portfoliostrategie dem Drittmarkt anbieten.\u201c Zuk\u00e4ufe \u201eim gro\u00dfen Stil\u201c plane Vonovia dagegen nicht.Dieser Artikel wurde f\u00fcr das Wirtschaftskompetenzzentrum von WELT und Business Insider erstellt.Michael Fabricius besch\u00e4ftigt sich mit Immobilienthemen und schreibt f\u00fcr WELT \u00fcber alles, was Eigent\u00fcmer, Mieter und Investoren betrifft. Gemeinsam mit Michael H\u00f6fling ist er f\u00fcr den Immobilien-Newsletter \u201eFrage der Lage\u201c verantwortlich. Sie k\u00f6nnen ihn hier abonnieren.\" \/>\n<meta name=\"robots\" content=\"noindex, follow, max-snippet:-1, max-image-preview:large, max-video-preview:-1\" \/>\n<meta property=\"og:locale\" content=\"de_DE\" \/>\n<meta property=\"og:type\" content=\"article\" \/>\n<meta property=\"og:title\" content=\"Vonovia-Chef Buch pl\u00e4diert f\u00fcr neue Mietpreisbremse - vof-news.eu\" \/>\n<meta property=\"og:description\" content=\"Der Vorstandsvorsitzende des Wohnungskonzerns Vonovia, Rolf Buch, pl\u00e4diert f\u00fcr eine Weiterentwicklung der Mietpreisbremse und Bauverpflichtungen f\u00fcr Gemeinden mit Wohnungsknappheit. Auf die Frage, ob die Preisbremse abgeschafft werden sollte, antwortete der Konzernchef im Gespr\u00e4ch mit WELT AM SONNTAG: \u201eNein, das w\u00fcrde ich nicht sagen. Ich bin fest davon \u00fcberzeugt, dass wir eine Regulierung des Mietmarktes brauchen.\u201cPolitik und Markt k\u00f6nnten \u201eganz offensichtlich nicht so schnell wie es n\u00f6tig w\u00e4re den Mangel beheben\u201c. Eine neue Regulierung m\u00fcsse aber \u201eintelligent\u201c sein. \u201eMan k\u00f6nnte \u00fcberlegen, eine Preisbremse auch ans Einkommen zu koppeln.\u201c Mit digitalen Datenbanken w\u00e4re das machbar, so Buch weiter. Beim derzeitigen Modell w\u00fcrden hingegen immer h\u00e4ufiger auch Gutverdiener von regulierten Mieten profitieren. \u201eDas heutige System verteilt Wohnungen falsch\u201c, so Buch.Allerdings sollten St\u00e4dte und Gemeinden mit Mietpreisbremse den Neubau st\u00e4rker ankurbeln. \u201eDer Bauturbo ist ein wichtiger Schritt\u201c, sagte Buch zu dem aktuellen Gesetzvorhaben der Bundesregierung. \u201eEine Gemeinde, die die Preisbremse anwendet, sollte aber eine Bauverpflichtung bekommen. Wenn der Bauturbo kommt, z\u00e4hlt jedenfalls die Ausrede nicht mehr, dass man zu wenig Personal f\u00fcr neue Bebauungspl\u00e4ne hat\u201c, so Buch gegen\u00fcber der Zeitung.Buch verl\u00e4sst Ende dieses Jahres das Unternehmen und gibt den Vorstandsposten weiter an Luka Mucic, den bisherigen Finanzvorstand von Vodafone. Den b\u00f6rsennotierten Wohnungskonzern sieht er f\u00fcr die Zukunft gut aufgestellt. \u201eWir treiben Wachstumsinitiativen voran\u201c, sagte Buch. Dienstleistungen wie Mieterstrom aus Photovoltaik b\u00f6ten neue Erl\u00f6smodelle. \u201eZudem sanieren wir seriell, bauen wieder mehr neue Wohnungen und werden unser Gesch\u00e4ftsmodell einer digitalen und effizienten Bewirtschaftung sowie unsere Modernisierungs- und Portfoliostrategie dem Drittmarkt anbieten.\u201c Zuk\u00e4ufe \u201eim gro\u00dfen Stil\u201c plane Vonovia dagegen nicht.Dieser Artikel wurde f\u00fcr das Wirtschaftskompetenzzentrum von WELT und Business Insider erstellt.Michael Fabricius besch\u00e4ftigt sich mit Immobilienthemen und schreibt f\u00fcr WELT \u00fcber alles, was Eigent\u00fcmer, Mieter und Investoren betrifft. Gemeinsam mit Michael H\u00f6fling ist er f\u00fcr den Immobilien-Newsletter \u201eFrage der Lage\u201c verantwortlich. Sie k\u00f6nnen ihn hier abonnieren.\" \/>\n<meta property=\"og:url\" content=\"https:\/\/vof-news.eu\/de\/vonovia-chef-buch-pladiert-fur-neue-mietpreisbremse\/\" \/>\n<meta property=\"og:site_name\" content=\"vof-news.eu\" \/>\n<meta property=\"article:published_time\" content=\"2025-09-20T00:26:05+00:00\" \/>\n<meta property=\"article:modified_time\" content=\"2025-09-20T00:26:32+00:00\" \/>\n<meta property=\"og:image\" content=\"https:\/\/vof-news.eu\/wp-content\/uploads\/2025\/09\/rolf-buch-vonovia.webp\" \/>\n\t<meta property=\"og:image:width\" content=\"1200\" \/>\n\t<meta property=\"og:image:height\" content=\"574\" \/>\n\t<meta property=\"og:image:type\" content=\"image\/webp\" \/>\n<meta name=\"author\" content=\"Author\" \/>\n<meta name=\"twitter:card\" content=\"summary_large_image\" \/>\n<meta name=\"twitter:label1\" content=\"Verfasst von\" \/>\n\t<meta name=\"twitter:data1\" content=\"Author\" \/>\n\t<meta name=\"twitter:label2\" content=\"Gesch\u00e4tzte Lesezeit\" \/>\n\t<meta name=\"twitter:data2\" content=\"2\u00a0Minuten\" \/>\n<script type=\"application\/ld+json\" class=\"yoast-schema-graph\">{\"@context\":\"https:\/\/schema.org\",\"@graph\":[{\"@type\":\"WebPage\",\"@id\":\"https:\/\/vof-news.eu\/de\/vonovia-chef-buch-pladiert-fur-neue-mietpreisbremse\/\",\"url\":\"https:\/\/vof-news.eu\/de\/vonovia-chef-buch-pladiert-fur-neue-mietpreisbremse\/\",\"name\":\"Vonovia-Chef Buch pl\u00e4diert f\u00fcr neue Mietpreisbremse - vof-news.eu\",\"isPartOf\":{\"@id\":\"https:\/\/vof-news.eu\/de\/#website\"},\"primaryImageOfPage\":{\"@id\":\"https:\/\/vof-news.eu\/de\/vonovia-chef-buch-pladiert-fur-neue-mietpreisbremse\/#primaryimage\"},\"image\":{\"@id\":\"https:\/\/vof-news.eu\/de\/vonovia-chef-buch-pladiert-fur-neue-mietpreisbremse\/#primaryimage\"},\"thumbnailUrl\":\"https:\/\/vof-news.eu\/wp-content\/uploads\/2025\/09\/rolf-buch-vonovia.webp\",\"datePublished\":\"2025-09-20T00:26:05+00:00\",\"dateModified\":\"2025-09-20T00:26:32+00:00\",\"author\":{\"@id\":\"https:\/\/vof-news.eu\/de\/#\/schema\/person\/f6a2a4309f0561835797fd8c19b333ed\"},\"description\":\"Der Vorstandsvorsitzende des Wohnungskonzerns Vonovia, Rolf Buch, pl\u00e4diert f\u00fcr eine Weiterentwicklung der Mietpreisbremse und Bauverpflichtungen f\u00fcr Gemeinden mit Wohnungsknappheit. Auf die Frage, ob die Preisbremse abgeschafft werden sollte, antwortete der Konzernchef im Gespr\u00e4ch mit WELT AM SONNTAG: \u201eNein, das w\u00fcrde ich nicht sagen. Ich bin fest davon \u00fcberzeugt, dass wir eine Regulierung des Mietmarktes brauchen.\u201cPolitik und Markt k\u00f6nnten \u201eganz offensichtlich nicht so schnell wie es n\u00f6tig w\u00e4re den Mangel beheben\u201c. Eine neue Regulierung m\u00fcsse aber \u201eintelligent\u201c sein. \u201eMan k\u00f6nnte \u00fcberlegen, eine Preisbremse auch ans Einkommen zu koppeln.\u201c Mit digitalen Datenbanken w\u00e4re das machbar, so Buch weiter. Beim derzeitigen Modell w\u00fcrden hingegen immer h\u00e4ufiger auch Gutverdiener von regulierten Mieten profitieren. \u201eDas heutige System verteilt Wohnungen falsch\u201c, so Buch.Allerdings sollten St\u00e4dte und Gemeinden mit Mietpreisbremse den Neubau st\u00e4rker ankurbeln. \u201eDer Bauturbo ist ein wichtiger Schritt\u201c, sagte Buch zu dem aktuellen Gesetzvorhaben der Bundesregierung. \u201eEine Gemeinde, die die Preisbremse anwendet, sollte aber eine Bauverpflichtung bekommen. Wenn der Bauturbo kommt, z\u00e4hlt jedenfalls die Ausrede nicht mehr, dass man zu wenig Personal f\u00fcr neue Bebauungspl\u00e4ne hat\u201c, so Buch gegen\u00fcber der Zeitung.Buch verl\u00e4sst Ende dieses Jahres das Unternehmen und gibt den Vorstandsposten weiter an Luka Mucic, den bisherigen Finanzvorstand von Vodafone. Den b\u00f6rsennotierten Wohnungskonzern sieht er f\u00fcr die Zukunft gut aufgestellt. \u201eWir treiben Wachstumsinitiativen voran\u201c, sagte Buch. Dienstleistungen wie Mieterstrom aus Photovoltaik b\u00f6ten neue Erl\u00f6smodelle. \u201eZudem sanieren wir seriell, bauen wieder mehr neue Wohnungen und werden unser Gesch\u00e4ftsmodell einer digitalen und effizienten Bewirtschaftung sowie unsere Modernisierungs- und Portfoliostrategie dem Drittmarkt anbieten.\u201c Zuk\u00e4ufe \u201eim gro\u00dfen Stil\u201c plane Vonovia dagegen nicht.Dieser Artikel wurde f\u00fcr das Wirtschaftskompetenzzentrum von WELT und Business Insider erstellt.Michael Fabricius besch\u00e4ftigt sich mit Immobilienthemen und schreibt f\u00fcr WELT \u00fcber alles, was Eigent\u00fcmer, Mieter und Investoren betrifft. Gemeinsam mit Michael H\u00f6fling ist er f\u00fcr den Immobilien-Newsletter \u201eFrage der Lage\u201c verantwortlich. Sie k\u00f6nnen ihn hier abonnieren.\",\"breadcrumb\":{\"@id\":\"https:\/\/vof-news.eu\/de\/vonovia-chef-buch-pladiert-fur-neue-mietpreisbremse\/#breadcrumb\"},\"inLanguage\":\"de\",\"potentialAction\":[{\"@type\":\"ReadAction\",\"target\":[\"https:\/\/vof-news.eu\/de\/vonovia-chef-buch-pladiert-fur-neue-mietpreisbremse\/\"]}]},{\"@type\":\"ImageObject\",\"inLanguage\":\"de\",\"@id\":\"https:\/\/vof-news.eu\/de\/vonovia-chef-buch-pladiert-fur-neue-mietpreisbremse\/#primaryimage\",\"url\":\"https:\/\/vof-news.eu\/wp-content\/uploads\/2025\/09\/rolf-buch-vonovia.webp\",\"contentUrl\":\"https:\/\/vof-news.eu\/wp-content\/uploads\/2025\/09\/rolf-buch-vonovia.webp\",\"width\":1200,\"height\":574},{\"@type\":\"BreadcrumbList\",\"@id\":\"https:\/\/vof-news.eu\/de\/vonovia-chef-buch-pladiert-fur-neue-mietpreisbremse\/#breadcrumb\",\"itemListElement\":[{\"@type\":\"ListItem\",\"position\":1,\"name\":\"Home\",\"item\":\"https:\/\/vof-news.eu\/de\/\"},{\"@type\":\"ListItem\",\"position\":2,\"name\":\"Vonovia-Chef Buch pl\u00e4diert f\u00fcr neue Mietpreisbremse\"}]},{\"@type\":\"WebSite\",\"@id\":\"https:\/\/vof-news.eu\/de\/#website\",\"url\":\"https:\/\/vof-news.eu\/de\/\",\"name\":\"vof-news.eu\",\"description\":\"\",\"potentialAction\":[{\"@type\":\"SearchAction\",\"target\":{\"@type\":\"EntryPoint\",\"urlTemplate\":\"https:\/\/vof-news.eu\/de\/?s={search_term_string}\"},\"query-input\":\"required name=search_term_string\"}],\"inLanguage\":\"de\"},{\"@type\":\"Person\",\"@id\":\"https:\/\/vof-news.eu\/de\/#\/schema\/person\/f6a2a4309f0561835797fd8c19b333ed\",\"name\":\"Author\",\"image\":{\"@type\":\"ImageObject\",\"inLanguage\":\"de\",\"@id\":\"https:\/\/vof-news.eu\/de\/#\/schema\/person\/image\/\",\"url\":\"https:\/\/secure.gravatar.com\/avatar\/b67e614b1b25b3e9c0c239efdd2fde5ab015b5affd6f1c3c85911ca4b384e790?s=96&d=mm&r=g\",\"contentUrl\":\"https:\/\/secure.gravatar.com\/avatar\/b67e614b1b25b3e9c0c239efdd2fde5ab015b5affd6f1c3c85911ca4b384e790?s=96&d=mm&r=g\",\"caption\":\"Author\"},\"sameAs\":[\"http:\/\/vof-news.eu\"],\"url\":\"https:\/\/vof-news.eu\/de\/author\/zwt6qxnjulxbnyg\/\"}]}<\/script>\n<!-- \/ Yoast SEO plugin. -->","yoast_head_json":{"title":"Vonovia-Chef Buch pl\u00e4diert f\u00fcr neue Mietpreisbremse - vof-news.eu","description":"Der Vorstandsvorsitzende des Wohnungskonzerns Vonovia, Rolf Buch, pl\u00e4diert f\u00fcr eine Weiterentwicklung der Mietpreisbremse und Bauverpflichtungen f\u00fcr Gemeinden mit Wohnungsknappheit. Auf die Frage, ob die Preisbremse abgeschafft werden sollte, antwortete der Konzernchef im Gespr\u00e4ch mit WELT AM SONNTAG: \u201eNein, das w\u00fcrde ich nicht sagen. Ich bin fest davon \u00fcberzeugt, dass wir eine Regulierung des Mietmarktes brauchen.\u201cPolitik und Markt k\u00f6nnten \u201eganz offensichtlich nicht so schnell wie es n\u00f6tig w\u00e4re den Mangel beheben\u201c. Eine neue Regulierung m\u00fcsse aber \u201eintelligent\u201c sein. \u201eMan k\u00f6nnte \u00fcberlegen, eine Preisbremse auch ans Einkommen zu koppeln.\u201c Mit digitalen Datenbanken w\u00e4re das machbar, so Buch weiter. Beim derzeitigen Modell w\u00fcrden hingegen immer h\u00e4ufiger auch Gutverdiener von regulierten Mieten profitieren. \u201eDas heutige System verteilt Wohnungen falsch\u201c, so Buch.Allerdings sollten St\u00e4dte und Gemeinden mit Mietpreisbremse den Neubau st\u00e4rker ankurbeln. \u201eDer Bauturbo ist ein wichtiger Schritt\u201c, sagte Buch zu dem aktuellen Gesetzvorhaben der Bundesregierung. \u201eEine Gemeinde, die die Preisbremse anwendet, sollte aber eine Bauverpflichtung bekommen. Wenn der Bauturbo kommt, z\u00e4hlt jedenfalls die Ausrede nicht mehr, dass man zu wenig Personal f\u00fcr neue Bebauungspl\u00e4ne hat\u201c, so Buch gegen\u00fcber der Zeitung.Buch verl\u00e4sst Ende dieses Jahres das Unternehmen und gibt den Vorstandsposten weiter an Luka Mucic, den bisherigen Finanzvorstand von Vodafone. Den b\u00f6rsennotierten Wohnungskonzern sieht er f\u00fcr die Zukunft gut aufgestellt. \u201eWir treiben Wachstumsinitiativen voran\u201c, sagte Buch. Dienstleistungen wie Mieterstrom aus Photovoltaik b\u00f6ten neue Erl\u00f6smodelle. \u201eZudem sanieren wir seriell, bauen wieder mehr neue Wohnungen und werden unser Gesch\u00e4ftsmodell einer digitalen und effizienten Bewirtschaftung sowie unsere Modernisierungs- und Portfoliostrategie dem Drittmarkt anbieten.\u201c Zuk\u00e4ufe \u201eim gro\u00dfen Stil\u201c plane Vonovia dagegen nicht.Dieser Artikel wurde f\u00fcr das Wirtschaftskompetenzzentrum von WELT und Business Insider erstellt.Michael Fabricius besch\u00e4ftigt sich mit Immobilienthemen und schreibt f\u00fcr WELT \u00fcber alles, was Eigent\u00fcmer, Mieter und Investoren betrifft. Gemeinsam mit Michael H\u00f6fling ist er f\u00fcr den Immobilien-Newsletter \u201eFrage der Lage\u201c verantwortlich. Sie k\u00f6nnen ihn hier abonnieren.","robots":{"index":"noindex","follow":"follow","max-snippet":"max-snippet:-1","max-image-preview":"max-image-preview:large","max-video-preview":"max-video-preview:-1"},"og_locale":"de_DE","og_type":"article","og_title":"Vonovia-Chef Buch pl\u00e4diert f\u00fcr neue Mietpreisbremse - vof-news.eu","og_description":"Der Vorstandsvorsitzende des Wohnungskonzerns Vonovia, Rolf Buch, pl\u00e4diert f\u00fcr eine Weiterentwicklung der Mietpreisbremse und Bauverpflichtungen f\u00fcr Gemeinden mit Wohnungsknappheit. Auf die Frage, ob die Preisbremse abgeschafft werden sollte, antwortete der Konzernchef im Gespr\u00e4ch mit WELT AM SONNTAG: \u201eNein, das w\u00fcrde ich nicht sagen. Ich bin fest davon \u00fcberzeugt, dass wir eine Regulierung des Mietmarktes brauchen.\u201cPolitik und Markt k\u00f6nnten \u201eganz offensichtlich nicht so schnell wie es n\u00f6tig w\u00e4re den Mangel beheben\u201c. Eine neue Regulierung m\u00fcsse aber \u201eintelligent\u201c sein. \u201eMan k\u00f6nnte \u00fcberlegen, eine Preisbremse auch ans Einkommen zu koppeln.\u201c Mit digitalen Datenbanken w\u00e4re das machbar, so Buch weiter. Beim derzeitigen Modell w\u00fcrden hingegen immer h\u00e4ufiger auch Gutverdiener von regulierten Mieten profitieren. \u201eDas heutige System verteilt Wohnungen falsch\u201c, so Buch.Allerdings sollten St\u00e4dte und Gemeinden mit Mietpreisbremse den Neubau st\u00e4rker ankurbeln. \u201eDer Bauturbo ist ein wichtiger Schritt\u201c, sagte Buch zu dem aktuellen Gesetzvorhaben der Bundesregierung. \u201eEine Gemeinde, die die Preisbremse anwendet, sollte aber eine Bauverpflichtung bekommen. Wenn der Bauturbo kommt, z\u00e4hlt jedenfalls die Ausrede nicht mehr, dass man zu wenig Personal f\u00fcr neue Bebauungspl\u00e4ne hat\u201c, so Buch gegen\u00fcber der Zeitung.Buch verl\u00e4sst Ende dieses Jahres das Unternehmen und gibt den Vorstandsposten weiter an Luka Mucic, den bisherigen Finanzvorstand von Vodafone. Den b\u00f6rsennotierten Wohnungskonzern sieht er f\u00fcr die Zukunft gut aufgestellt. \u201eWir treiben Wachstumsinitiativen voran\u201c, sagte Buch. Dienstleistungen wie Mieterstrom aus Photovoltaik b\u00f6ten neue Erl\u00f6smodelle. \u201eZudem sanieren wir seriell, bauen wieder mehr neue Wohnungen und werden unser Gesch\u00e4ftsmodell einer digitalen und effizienten Bewirtschaftung sowie unsere Modernisierungs- und Portfoliostrategie dem Drittmarkt anbieten.\u201c Zuk\u00e4ufe \u201eim gro\u00dfen Stil\u201c plane Vonovia dagegen nicht.Dieser Artikel wurde f\u00fcr das Wirtschaftskompetenzzentrum von WELT und Business Insider erstellt.Michael Fabricius besch\u00e4ftigt sich mit Immobilienthemen und schreibt f\u00fcr WELT \u00fcber alles, was Eigent\u00fcmer, Mieter und Investoren betrifft. Gemeinsam mit Michael H\u00f6fling ist er f\u00fcr den Immobilien-Newsletter \u201eFrage der Lage\u201c verantwortlich. Sie k\u00f6nnen ihn hier abonnieren.","og_url":"https:\/\/vof-news.eu\/de\/vonovia-chef-buch-pladiert-fur-neue-mietpreisbremse\/","og_site_name":"vof-news.eu","article_published_time":"2025-09-20T00:26:05+00:00","article_modified_time":"2025-09-20T00:26:32+00:00","og_image":[{"width":1200,"height":574,"url":"https:\/\/vof-news.eu\/wp-content\/uploads\/2025\/09\/rolf-buch-vonovia.webp","type":"image\/webp"}],"author":"Author","twitter_card":"summary_large_image","twitter_misc":{"Verfasst von":"Author","Gesch\u00e4tzte Lesezeit":"2\u00a0Minuten"},"schema":{"@context":"https:\/\/schema.org","@graph":[{"@type":"WebPage","@id":"https:\/\/vof-news.eu\/de\/vonovia-chef-buch-pladiert-fur-neue-mietpreisbremse\/","url":"https:\/\/vof-news.eu\/de\/vonovia-chef-buch-pladiert-fur-neue-mietpreisbremse\/","name":"Vonovia-Chef Buch pl\u00e4diert f\u00fcr neue Mietpreisbremse - vof-news.eu","isPartOf":{"@id":"https:\/\/vof-news.eu\/de\/#website"},"primaryImageOfPage":{"@id":"https:\/\/vof-news.eu\/de\/vonovia-chef-buch-pladiert-fur-neue-mietpreisbremse\/#primaryimage"},"image":{"@id":"https:\/\/vof-news.eu\/de\/vonovia-chef-buch-pladiert-fur-neue-mietpreisbremse\/#primaryimage"},"thumbnailUrl":"https:\/\/vof-news.eu\/wp-content\/uploads\/2025\/09\/rolf-buch-vonovia.webp","datePublished":"2025-09-20T00:26:05+00:00","dateModified":"2025-09-20T00:26:32+00:00","author":{"@id":"https:\/\/vof-news.eu\/de\/#\/schema\/person\/f6a2a4309f0561835797fd8c19b333ed"},"description":"Der Vorstandsvorsitzende des Wohnungskonzerns Vonovia, Rolf Buch, pl\u00e4diert f\u00fcr eine Weiterentwicklung der Mietpreisbremse und Bauverpflichtungen f\u00fcr Gemeinden mit Wohnungsknappheit. Auf die Frage, ob die Preisbremse abgeschafft werden sollte, antwortete der Konzernchef im Gespr\u00e4ch mit WELT AM SONNTAG: \u201eNein, das w\u00fcrde ich nicht sagen. Ich bin fest davon \u00fcberzeugt, dass wir eine Regulierung des Mietmarktes brauchen.\u201cPolitik und Markt k\u00f6nnten \u201eganz offensichtlich nicht so schnell wie es n\u00f6tig w\u00e4re den Mangel beheben\u201c. Eine neue Regulierung m\u00fcsse aber \u201eintelligent\u201c sein. \u201eMan k\u00f6nnte \u00fcberlegen, eine Preisbremse auch ans Einkommen zu koppeln.\u201c Mit digitalen Datenbanken w\u00e4re das machbar, so Buch weiter. Beim derzeitigen Modell w\u00fcrden hingegen immer h\u00e4ufiger auch Gutverdiener von regulierten Mieten profitieren. \u201eDas heutige System verteilt Wohnungen falsch\u201c, so Buch.Allerdings sollten St\u00e4dte und Gemeinden mit Mietpreisbremse den Neubau st\u00e4rker ankurbeln. \u201eDer Bauturbo ist ein wichtiger Schritt\u201c, sagte Buch zu dem aktuellen Gesetzvorhaben der Bundesregierung. \u201eEine Gemeinde, die die Preisbremse anwendet, sollte aber eine Bauverpflichtung bekommen. Wenn der Bauturbo kommt, z\u00e4hlt jedenfalls die Ausrede nicht mehr, dass man zu wenig Personal f\u00fcr neue Bebauungspl\u00e4ne hat\u201c, so Buch gegen\u00fcber der Zeitung.Buch verl\u00e4sst Ende dieses Jahres das Unternehmen und gibt den Vorstandsposten weiter an Luka Mucic, den bisherigen Finanzvorstand von Vodafone. Den b\u00f6rsennotierten Wohnungskonzern sieht er f\u00fcr die Zukunft gut aufgestellt. \u201eWir treiben Wachstumsinitiativen voran\u201c, sagte Buch. Dienstleistungen wie Mieterstrom aus Photovoltaik b\u00f6ten neue Erl\u00f6smodelle. \u201eZudem sanieren wir seriell, bauen wieder mehr neue Wohnungen und werden unser Gesch\u00e4ftsmodell einer digitalen und effizienten Bewirtschaftung sowie unsere Modernisierungs- und Portfoliostrategie dem Drittmarkt anbieten.\u201c Zuk\u00e4ufe \u201eim gro\u00dfen Stil\u201c plane Vonovia dagegen nicht.Dieser Artikel wurde f\u00fcr das Wirtschaftskompetenzzentrum von WELT und Business Insider erstellt.Michael Fabricius besch\u00e4ftigt sich mit Immobilienthemen und schreibt f\u00fcr WELT \u00fcber alles, was Eigent\u00fcmer, Mieter und Investoren betrifft. Gemeinsam mit Michael H\u00f6fling ist er f\u00fcr den Immobilien-Newsletter \u201eFrage der Lage\u201c verantwortlich. Sie k\u00f6nnen ihn hier abonnieren.","breadcrumb":{"@id":"https:\/\/vof-news.eu\/de\/vonovia-chef-buch-pladiert-fur-neue-mietpreisbremse\/#breadcrumb"},"inLanguage":"de","potentialAction":[{"@type":"ReadAction","target":["https:\/\/vof-news.eu\/de\/vonovia-chef-buch-pladiert-fur-neue-mietpreisbremse\/"]}]},{"@type":"ImageObject","inLanguage":"de","@id":"https:\/\/vof-news.eu\/de\/vonovia-chef-buch-pladiert-fur-neue-mietpreisbremse\/#primaryimage","url":"https:\/\/vof-news.eu\/wp-content\/uploads\/2025\/09\/rolf-buch-vonovia.webp","contentUrl":"https:\/\/vof-news.eu\/wp-content\/uploads\/2025\/09\/rolf-buch-vonovia.webp","width":1200,"height":574},{"@type":"BreadcrumbList","@id":"https:\/\/vof-news.eu\/de\/vonovia-chef-buch-pladiert-fur-neue-mietpreisbremse\/#breadcrumb","itemListElement":[{"@type":"ListItem","position":1,"name":"Home","item":"https:\/\/vof-news.eu\/de\/"},{"@type":"ListItem","position":2,"name":"Vonovia-Chef Buch pl\u00e4diert f\u00fcr neue Mietpreisbremse"}]},{"@type":"WebSite","@id":"https:\/\/vof-news.eu\/de\/#website","url":"https:\/\/vof-news.eu\/de\/","name":"vof-news.eu","description":"","potentialAction":[{"@type":"SearchAction","target":{"@type":"EntryPoint","urlTemplate":"https:\/\/vof-news.eu\/de\/?s={search_term_string}"},"query-input":"required name=search_term_string"}],"inLanguage":"de"},{"@type":"Person","@id":"https:\/\/vof-news.eu\/de\/#\/schema\/person\/f6a2a4309f0561835797fd8c19b333ed","name":"Author","image":{"@type":"ImageObject","inLanguage":"de","@id":"https:\/\/vof-news.eu\/de\/#\/schema\/person\/image\/","url":"https:\/\/secure.gravatar.com\/avatar\/b67e614b1b25b3e9c0c239efdd2fde5ab015b5affd6f1c3c85911ca4b384e790?s=96&d=mm&r=g","contentUrl":"https:\/\/secure.gravatar.com\/avatar\/b67e614b1b25b3e9c0c239efdd2fde5ab015b5affd6f1c3c85911ca4b384e790?s=96&d=mm&r=g","caption":"Author"},"sameAs":["http:\/\/vof-news.eu"],"url":"https:\/\/vof-news.eu\/de\/author\/zwt6qxnjulxbnyg\/"}]}},"yoast_meta":{"yoast_wpseo_title":"","yoast_wpseo_metadesc":"","yoast_wpseo_canonical":""},"_links":{"self":[{"href":"https:\/\/vof-news.eu\/de\/wp-json\/wp\/v2\/posts\/276841","targetHints":{"allow":["GET"]}}],"collection":[{"href":"https:\/\/vof-news.eu\/de\/wp-json\/wp\/v2\/posts"}],"about":[{"href":"https:\/\/vof-news.eu\/de\/wp-json\/wp\/v2\/types\/post"}],"author":[{"embeddable":true,"href":"https:\/\/vof-news.eu\/de\/wp-json\/wp\/v2\/users\/1"}],"replies":[{"embeddable":true,"href":"https:\/\/vof-news.eu\/de\/wp-json\/wp\/v2\/comments?post=276841"}],"version-history":[{"count":1,"href":"https:\/\/vof-news.eu\/de\/wp-json\/wp\/v2\/posts\/276841\/revisions"}],"predecessor-version":[{"id":276848,"href":"https:\/\/vof-news.eu\/de\/wp-json\/wp\/v2\/posts\/276841\/revisions\/276848"}],"wp:featuredmedia":[{"embeddable":true,"href":"https:\/\/vof-news.eu\/de\/wp-json\/wp\/v2\/media\/276842"}],"wp:attachment":[{"href":"https:\/\/vof-news.eu\/de\/wp-json\/wp\/v2\/media?parent=276841"}],"wp:term":[{"taxonomy":"category","embeddable":true,"href":"https:\/\/vof-news.eu\/de\/wp-json\/wp\/v2\/categories?post=276841"},{"taxonomy":"post_tag","embeddable":true,"href":"https:\/\/vof-news.eu\/de\/wp-json\/wp\/v2\/tags?post=276841"}],"curies":[{"name":"wp","href":"https:\/\/api.w.org\/{rel}","templated":true}]}}