{"id":276635,"date":"2025-09-19T15:26:10","date_gmt":"2025-09-19T12:26:10","guid":{"rendered":"https:\/\/vof-news.eu\/zweiter-ai-summit-bei-axel-springer\/"},"modified":"2025-09-19T15:26:28","modified_gmt":"2025-09-19T12:26:28","slug":"zweiter-ai-summit-bei-axel-springer","status":"publish","type":"post","link":"https:\/\/vof-news.eu\/de\/zweiter-ai-summit-bei-axel-springer\/","title":{"rendered":"Zweiter AI Summit bei Axel Springer"},"content":{"rendered":"<p>CEOs, Minister, Top-Experten: Am 25. September findet in Berlin der WELT AI Summit 2025 statt. In vertraulicher Runde diskutieren unter anderem Bundestagspr\u00e4sidentin Julia Kl\u00f6ckner, die Bundesminister Dorothee B\u00e4r und Karsten Wildberger sowie Bayerns Ministerpr\u00e4sident Markus S\u00f6der mit 50 Wirtschaftsf\u00fchrern \u00fcber die Chancen, die die revolution\u00e4re Entwicklung der k\u00fcnstlichen Intelligenz bieten.<\/p>\n<p>Zu den Sprechern z\u00e4hlt auch OpenAI-Chef Sam Altman, der am Vorabend mit dem Axel Springer Award ausgezeichnet wird.<\/p>\n<p>Altman und Axel-Springer-CEO Mathias D\u00f6pfner werden den KI-Gipfel mit einem Fireside-Chat er\u00f6ffnen. Mehrere Paneldiskussionen und Powertalks werden das Thema k\u00fcnstliche Intelligenz von verschiedenen Seiten beleuchten.<\/p>\n<p>Diskutanten sind unter anderem die Spitzenmanager Philip Herzig (SAP), Rajat Taneja (Visa), Samer Abu-Ltaif (Microsoft), Julia Reuss (Meta), Nicole B\u00fcttner-Thiel (Mercantix), Matthias Metz (BSH) und Christoph Werner (dm).<\/p>\n","protected":false},"excerpt":{"rendered":"<p>CEOs, Minister, Top-Experten: Am 25. September findet in Berlin der WELT AI Summit 2025 statt. In vertraulicher Runde diskutieren unter anderem Bundestagspr\u00e4sidentin Julia Kl\u00f6ckner, die Bundesminister Dorothee B\u00e4r und Karsten Wildberger sowie Bayerns Ministerpr\u00e4sident Markus S\u00f6der mit 50 Wirtschaftsf\u00fchrern \u00fcber die Chancen, die die revolution\u00e4re Entwicklung der k\u00fcnstlichen Intelligenz bieten. Zu den Sprechern z\u00e4hlt auch<\/p>\n","protected":false},"author":1,"featured_media":276636,"comment_status":"open","ping_status":"open","sticky":false,"template":"","format":"standard","meta":{"footnotes":""},"categories":[59],"tags":[],"class_list":["post-276635","post","type-post","status-publish","format-standard","has-post-thumbnail","hentry","category-business-de"],"acf":[],"yoast_head":"<!-- This site is optimized with the Yoast SEO plugin v22.9 - https:\/\/yoast.com\/wordpress\/plugins\/seo\/ -->\n<title>Zweiter AI Summit bei Axel Springer - vof-news.eu<\/title>\n<meta name=\"description\" content=\"CEOs, Minister, Top-Experten: Am 25. September findet in Berlin der WELT AI Summit 2025 statt. In vertraulicher Runde diskutieren unter anderem Bundestagspr\u00e4sidentin Julia Kl\u00f6ckner, die Bundesminister Dorothee B\u00e4r und Karsten Wildberger sowie Bayerns Ministerpr\u00e4sident Markus S\u00f6der mit 50 Wirtschaftsf\u00fchrern \u00fcber die Chancen, die die revolution\u00e4re Entwicklung der k\u00fcnstlichen Intelligenz bieten.Zu den Sprechern z\u00e4hlt auch OpenAI-Chef Sam Altman, der am Vorabend mit dem Axel Springer Award ausgezeichnet wird.Altman und Axel-Springer-CEO Mathias D\u00f6pfner werden den KI-Gipfel mit einem Fireside-Chat er\u00f6ffnen. Mehrere Paneldiskussionen und Powertalks werden das Thema k\u00fcnstliche Intelligenz von verschiedenen Seiten beleuchten.Diskutanten sind unter anderem die Spitzenmanager Philip Herzig (SAP), Rajat Taneja (Visa), Samer Abu-Ltaif (Microsoft), Julia Reuss (Meta), Nicole B\u00fcttner-Thiel (Mercantix), Matthias Metz (BSH) und Christoph Werner (dm).\" \/>\n<meta name=\"robots\" content=\"noindex, follow, max-snippet:-1, max-image-preview:large, max-video-preview:-1\" \/>\n<meta property=\"og:locale\" content=\"de_DE\" \/>\n<meta property=\"og:type\" content=\"article\" \/>\n<meta property=\"og:title\" content=\"Zweiter AI Summit bei Axel Springer - vof-news.eu\" \/>\n<meta property=\"og:description\" content=\"CEOs, Minister, Top-Experten: Am 25. September findet in Berlin der WELT AI Summit 2025 statt. In vertraulicher Runde diskutieren unter anderem Bundestagspr\u00e4sidentin Julia Kl\u00f6ckner, die Bundesminister Dorothee B\u00e4r und Karsten Wildberger sowie Bayerns Ministerpr\u00e4sident Markus S\u00f6der mit 50 Wirtschaftsf\u00fchrern \u00fcber die Chancen, die die revolution\u00e4re Entwicklung der k\u00fcnstlichen Intelligenz bieten.Zu den Sprechern z\u00e4hlt auch OpenAI-Chef Sam Altman, der am Vorabend mit dem Axel Springer Award ausgezeichnet wird.Altman und Axel-Springer-CEO Mathias D\u00f6pfner werden den KI-Gipfel mit einem Fireside-Chat er\u00f6ffnen. Mehrere Paneldiskussionen und Powertalks werden das Thema k\u00fcnstliche Intelligenz von verschiedenen Seiten beleuchten.Diskutanten sind unter anderem die Spitzenmanager Philip Herzig (SAP), Rajat Taneja (Visa), Samer Abu-Ltaif (Microsoft), Julia Reuss (Meta), Nicole B\u00fcttner-Thiel (Mercantix), Matthias Metz (BSH) und Christoph Werner (dm).\" \/>\n<meta property=\"og:url\" content=\"https:\/\/vof-news.eu\/de\/zweiter-ai-summit-bei-axel-springer\/\" \/>\n<meta property=\"og:site_name\" content=\"vof-news.eu\" \/>\n<meta property=\"article:published_time\" content=\"2025-09-19T12:26:10+00:00\" \/>\n<meta property=\"article:modified_time\" content=\"2025-09-19T12:26:28+00:00\" \/>\n<meta property=\"og:image\" content=\"https:\/\/vof-news.eu\/wp-content\/uploads\/2025\/09\/2025-welt-ai-summit.webp\" \/>\n\t<meta property=\"og:image:width\" content=\"1200\" \/>\n\t<meta property=\"og:image:height\" content=\"574\" \/>\n\t<meta property=\"og:image:type\" content=\"image\/webp\" \/>\n<meta name=\"author\" content=\"Author\" \/>\n<meta name=\"twitter:card\" content=\"summary_large_image\" \/>\n<meta name=\"twitter:label1\" content=\"Verfasst von\" \/>\n\t<meta name=\"twitter:data1\" content=\"Author\" \/>\n\t<meta name=\"twitter:label2\" content=\"Gesch\u00e4tzte Lesezeit\" \/>\n\t<meta name=\"twitter:data2\" content=\"1\u00a0Minute\" \/>\n<script type=\"application\/ld+json\" class=\"yoast-schema-graph\">{\"@context\":\"https:\/\/schema.org\",\"@graph\":[{\"@type\":\"WebPage\",\"@id\":\"https:\/\/vof-news.eu\/de\/zweiter-ai-summit-bei-axel-springer\/\",\"url\":\"https:\/\/vof-news.eu\/de\/zweiter-ai-summit-bei-axel-springer\/\",\"name\":\"Zweiter AI Summit bei Axel Springer - vof-news.eu\",\"isPartOf\":{\"@id\":\"https:\/\/vof-news.eu\/de\/#website\"},\"primaryImageOfPage\":{\"@id\":\"https:\/\/vof-news.eu\/de\/zweiter-ai-summit-bei-axel-springer\/#primaryimage\"},\"image\":{\"@id\":\"https:\/\/vof-news.eu\/de\/zweiter-ai-summit-bei-axel-springer\/#primaryimage\"},\"thumbnailUrl\":\"https:\/\/vof-news.eu\/wp-content\/uploads\/2025\/09\/2025-welt-ai-summit.webp\",\"datePublished\":\"2025-09-19T12:26:10+00:00\",\"dateModified\":\"2025-09-19T12:26:28+00:00\",\"author\":{\"@id\":\"https:\/\/vof-news.eu\/de\/#\/schema\/person\/f6a2a4309f0561835797fd8c19b333ed\"},\"description\":\"CEOs, Minister, Top-Experten: Am 25. September findet in Berlin der WELT AI Summit 2025 statt. In vertraulicher Runde diskutieren unter anderem Bundestagspr\u00e4sidentin Julia Kl\u00f6ckner, die Bundesminister Dorothee B\u00e4r und Karsten Wildberger sowie Bayerns Ministerpr\u00e4sident Markus S\u00f6der mit 50 Wirtschaftsf\u00fchrern \u00fcber die Chancen, die die revolution\u00e4re Entwicklung der k\u00fcnstlichen Intelligenz bieten.Zu den Sprechern z\u00e4hlt auch OpenAI-Chef Sam Altman, der am Vorabend mit dem Axel Springer Award ausgezeichnet wird.Altman und Axel-Springer-CEO Mathias D\u00f6pfner werden den KI-Gipfel mit einem Fireside-Chat er\u00f6ffnen. Mehrere Paneldiskussionen und Powertalks werden das Thema k\u00fcnstliche Intelligenz von verschiedenen Seiten beleuchten.Diskutanten sind unter anderem die Spitzenmanager Philip Herzig (SAP), Rajat Taneja (Visa), Samer Abu-Ltaif (Microsoft), Julia Reuss (Meta), Nicole B\u00fcttner-Thiel (Mercantix), Matthias Metz (BSH) und Christoph Werner (dm).\",\"breadcrumb\":{\"@id\":\"https:\/\/vof-news.eu\/de\/zweiter-ai-summit-bei-axel-springer\/#breadcrumb\"},\"inLanguage\":\"de\",\"potentialAction\":[{\"@type\":\"ReadAction\",\"target\":[\"https:\/\/vof-news.eu\/de\/zweiter-ai-summit-bei-axel-springer\/\"]}]},{\"@type\":\"ImageObject\",\"inLanguage\":\"de\",\"@id\":\"https:\/\/vof-news.eu\/de\/zweiter-ai-summit-bei-axel-springer\/#primaryimage\",\"url\":\"https:\/\/vof-news.eu\/wp-content\/uploads\/2025\/09\/2025-welt-ai-summit.webp\",\"contentUrl\":\"https:\/\/vof-news.eu\/wp-content\/uploads\/2025\/09\/2025-welt-ai-summit.webp\",\"width\":1200,\"height\":574},{\"@type\":\"BreadcrumbList\",\"@id\":\"https:\/\/vof-news.eu\/de\/zweiter-ai-summit-bei-axel-springer\/#breadcrumb\",\"itemListElement\":[{\"@type\":\"ListItem\",\"position\":1,\"name\":\"Home\",\"item\":\"https:\/\/vof-news.eu\/de\/\"},{\"@type\":\"ListItem\",\"position\":2,\"name\":\"Zweiter AI Summit bei Axel Springer\"}]},{\"@type\":\"WebSite\",\"@id\":\"https:\/\/vof-news.eu\/de\/#website\",\"url\":\"https:\/\/vof-news.eu\/de\/\",\"name\":\"vof-news.eu\",\"description\":\"\",\"potentialAction\":[{\"@type\":\"SearchAction\",\"target\":{\"@type\":\"EntryPoint\",\"urlTemplate\":\"https:\/\/vof-news.eu\/de\/?s={search_term_string}\"},\"query-input\":\"required name=search_term_string\"}],\"inLanguage\":\"de\"},{\"@type\":\"Person\",\"@id\":\"https:\/\/vof-news.eu\/de\/#\/schema\/person\/f6a2a4309f0561835797fd8c19b333ed\",\"name\":\"Author\",\"image\":{\"@type\":\"ImageObject\",\"inLanguage\":\"de\",\"@id\":\"https:\/\/vof-news.eu\/de\/#\/schema\/person\/image\/\",\"url\":\"https:\/\/secure.gravatar.com\/avatar\/b67e614b1b25b3e9c0c239efdd2fde5ab015b5affd6f1c3c85911ca4b384e790?s=96&d=mm&r=g\",\"contentUrl\":\"https:\/\/secure.gravatar.com\/avatar\/b67e614b1b25b3e9c0c239efdd2fde5ab015b5affd6f1c3c85911ca4b384e790?s=96&d=mm&r=g\",\"caption\":\"Author\"},\"sameAs\":[\"http:\/\/vof-news.eu\"],\"url\":\"https:\/\/vof-news.eu\/de\/author\/zwt6qxnjulxbnyg\/\"}]}<\/script>\n<!-- \/ Yoast SEO plugin. -->","yoast_head_json":{"title":"Zweiter AI Summit bei Axel Springer - vof-news.eu","description":"CEOs, Minister, Top-Experten: Am 25. September findet in Berlin der WELT AI Summit 2025 statt. In vertraulicher Runde diskutieren unter anderem Bundestagspr\u00e4sidentin Julia Kl\u00f6ckner, die Bundesminister Dorothee B\u00e4r und Karsten Wildberger sowie Bayerns Ministerpr\u00e4sident Markus S\u00f6der mit 50 Wirtschaftsf\u00fchrern \u00fcber die Chancen, die die revolution\u00e4re Entwicklung der k\u00fcnstlichen Intelligenz bieten.Zu den Sprechern z\u00e4hlt auch OpenAI-Chef Sam Altman, der am Vorabend mit dem Axel Springer Award ausgezeichnet wird.Altman und Axel-Springer-CEO Mathias D\u00f6pfner werden den KI-Gipfel mit einem Fireside-Chat er\u00f6ffnen. Mehrere Paneldiskussionen und Powertalks werden das Thema k\u00fcnstliche Intelligenz von verschiedenen Seiten beleuchten.Diskutanten sind unter anderem die Spitzenmanager Philip Herzig (SAP), Rajat Taneja (Visa), Samer Abu-Ltaif (Microsoft), Julia Reuss (Meta), Nicole B\u00fcttner-Thiel (Mercantix), Matthias Metz (BSH) und Christoph Werner (dm).","robots":{"index":"noindex","follow":"follow","max-snippet":"max-snippet:-1","max-image-preview":"max-image-preview:large","max-video-preview":"max-video-preview:-1"},"og_locale":"de_DE","og_type":"article","og_title":"Zweiter AI Summit bei Axel Springer - vof-news.eu","og_description":"CEOs, Minister, Top-Experten: Am 25. September findet in Berlin der WELT AI Summit 2025 statt. In vertraulicher Runde diskutieren unter anderem Bundestagspr\u00e4sidentin Julia Kl\u00f6ckner, die Bundesminister Dorothee B\u00e4r und Karsten Wildberger sowie Bayerns Ministerpr\u00e4sident Markus S\u00f6der mit 50 Wirtschaftsf\u00fchrern \u00fcber die Chancen, die die revolution\u00e4re Entwicklung der k\u00fcnstlichen Intelligenz bieten.Zu den Sprechern z\u00e4hlt auch OpenAI-Chef Sam Altman, der am Vorabend mit dem Axel Springer Award ausgezeichnet wird.Altman und Axel-Springer-CEO Mathias D\u00f6pfner werden den KI-Gipfel mit einem Fireside-Chat er\u00f6ffnen. Mehrere Paneldiskussionen und Powertalks werden das Thema k\u00fcnstliche Intelligenz von verschiedenen Seiten beleuchten.Diskutanten sind unter anderem die Spitzenmanager Philip Herzig (SAP), Rajat Taneja (Visa), Samer Abu-Ltaif (Microsoft), Julia Reuss (Meta), Nicole B\u00fcttner-Thiel (Mercantix), Matthias Metz (BSH) und Christoph Werner (dm).","og_url":"https:\/\/vof-news.eu\/de\/zweiter-ai-summit-bei-axel-springer\/","og_site_name":"vof-news.eu","article_published_time":"2025-09-19T12:26:10+00:00","article_modified_time":"2025-09-19T12:26:28+00:00","og_image":[{"width":1200,"height":574,"url":"https:\/\/vof-news.eu\/wp-content\/uploads\/2025\/09\/2025-welt-ai-summit.webp","type":"image\/webp"}],"author":"Author","twitter_card":"summary_large_image","twitter_misc":{"Verfasst von":"Author","Gesch\u00e4tzte Lesezeit":"1\u00a0Minute"},"schema":{"@context":"https:\/\/schema.org","@graph":[{"@type":"WebPage","@id":"https:\/\/vof-news.eu\/de\/zweiter-ai-summit-bei-axel-springer\/","url":"https:\/\/vof-news.eu\/de\/zweiter-ai-summit-bei-axel-springer\/","name":"Zweiter AI Summit bei Axel Springer - vof-news.eu","isPartOf":{"@id":"https:\/\/vof-news.eu\/de\/#website"},"primaryImageOfPage":{"@id":"https:\/\/vof-news.eu\/de\/zweiter-ai-summit-bei-axel-springer\/#primaryimage"},"image":{"@id":"https:\/\/vof-news.eu\/de\/zweiter-ai-summit-bei-axel-springer\/#primaryimage"},"thumbnailUrl":"https:\/\/vof-news.eu\/wp-content\/uploads\/2025\/09\/2025-welt-ai-summit.webp","datePublished":"2025-09-19T12:26:10+00:00","dateModified":"2025-09-19T12:26:28+00:00","author":{"@id":"https:\/\/vof-news.eu\/de\/#\/schema\/person\/f6a2a4309f0561835797fd8c19b333ed"},"description":"CEOs, Minister, Top-Experten: Am 25. September findet in Berlin der WELT AI Summit 2025 statt. In vertraulicher Runde diskutieren unter anderem Bundestagspr\u00e4sidentin Julia Kl\u00f6ckner, die Bundesminister Dorothee B\u00e4r und Karsten Wildberger sowie Bayerns Ministerpr\u00e4sident Markus S\u00f6der mit 50 Wirtschaftsf\u00fchrern \u00fcber die Chancen, die die revolution\u00e4re Entwicklung der k\u00fcnstlichen Intelligenz bieten.Zu den Sprechern z\u00e4hlt auch OpenAI-Chef Sam Altman, der am Vorabend mit dem Axel Springer Award ausgezeichnet wird.Altman und Axel-Springer-CEO Mathias D\u00f6pfner werden den KI-Gipfel mit einem Fireside-Chat er\u00f6ffnen. Mehrere Paneldiskussionen und Powertalks werden das Thema k\u00fcnstliche Intelligenz von verschiedenen Seiten beleuchten.Diskutanten sind unter anderem die Spitzenmanager Philip Herzig (SAP), Rajat Taneja (Visa), Samer Abu-Ltaif (Microsoft), Julia Reuss (Meta), Nicole B\u00fcttner-Thiel (Mercantix), Matthias Metz (BSH) und Christoph Werner (dm).","breadcrumb":{"@id":"https:\/\/vof-news.eu\/de\/zweiter-ai-summit-bei-axel-springer\/#breadcrumb"},"inLanguage":"de","potentialAction":[{"@type":"ReadAction","target":["https:\/\/vof-news.eu\/de\/zweiter-ai-summit-bei-axel-springer\/"]}]},{"@type":"ImageObject","inLanguage":"de","@id":"https:\/\/vof-news.eu\/de\/zweiter-ai-summit-bei-axel-springer\/#primaryimage","url":"https:\/\/vof-news.eu\/wp-content\/uploads\/2025\/09\/2025-welt-ai-summit.webp","contentUrl":"https:\/\/vof-news.eu\/wp-content\/uploads\/2025\/09\/2025-welt-ai-summit.webp","width":1200,"height":574},{"@type":"BreadcrumbList","@id":"https:\/\/vof-news.eu\/de\/zweiter-ai-summit-bei-axel-springer\/#breadcrumb","itemListElement":[{"@type":"ListItem","position":1,"name":"Home","item":"https:\/\/vof-news.eu\/de\/"},{"@type":"ListItem","position":2,"name":"Zweiter AI Summit bei Axel Springer"}]},{"@type":"WebSite","@id":"https:\/\/vof-news.eu\/de\/#website","url":"https:\/\/vof-news.eu\/de\/","name":"vof-news.eu","description":"","potentialAction":[{"@type":"SearchAction","target":{"@type":"EntryPoint","urlTemplate":"https:\/\/vof-news.eu\/de\/?s={search_term_string}"},"query-input":"required name=search_term_string"}],"inLanguage":"de"},{"@type":"Person","@id":"https:\/\/vof-news.eu\/de\/#\/schema\/person\/f6a2a4309f0561835797fd8c19b333ed","name":"Author","image":{"@type":"ImageObject","inLanguage":"de","@id":"https:\/\/vof-news.eu\/de\/#\/schema\/person\/image\/","url":"https:\/\/secure.gravatar.com\/avatar\/b67e614b1b25b3e9c0c239efdd2fde5ab015b5affd6f1c3c85911ca4b384e790?s=96&d=mm&r=g","contentUrl":"https:\/\/secure.gravatar.com\/avatar\/b67e614b1b25b3e9c0c239efdd2fde5ab015b5affd6f1c3c85911ca4b384e790?s=96&d=mm&r=g","caption":"Author"},"sameAs":["http:\/\/vof-news.eu"],"url":"https:\/\/vof-news.eu\/de\/author\/zwt6qxnjulxbnyg\/"}]}},"yoast_meta":{"yoast_wpseo_title":"","yoast_wpseo_metadesc":"","yoast_wpseo_canonical":""},"_links":{"self":[{"href":"https:\/\/vof-news.eu\/de\/wp-json\/wp\/v2\/posts\/276635","targetHints":{"allow":["GET"]}}],"collection":[{"href":"https:\/\/vof-news.eu\/de\/wp-json\/wp\/v2\/posts"}],"about":[{"href":"https:\/\/vof-news.eu\/de\/wp-json\/wp\/v2\/types\/post"}],"author":[{"embeddable":true,"href":"https:\/\/vof-news.eu\/de\/wp-json\/wp\/v2\/users\/1"}],"replies":[{"embeddable":true,"href":"https:\/\/vof-news.eu\/de\/wp-json\/wp\/v2\/comments?post=276635"}],"version-history":[{"count":1,"href":"https:\/\/vof-news.eu\/de\/wp-json\/wp\/v2\/posts\/276635\/revisions"}],"predecessor-version":[{"id":276642,"href":"https:\/\/vof-news.eu\/de\/wp-json\/wp\/v2\/posts\/276635\/revisions\/276642"}],"wp:featuredmedia":[{"embeddable":true,"href":"https:\/\/vof-news.eu\/de\/wp-json\/wp\/v2\/media\/276636"}],"wp:attachment":[{"href":"https:\/\/vof-news.eu\/de\/wp-json\/wp\/v2\/media?parent=276635"}],"wp:term":[{"taxonomy":"category","embeddable":true,"href":"https:\/\/vof-news.eu\/de\/wp-json\/wp\/v2\/categories?post=276635"},{"taxonomy":"post_tag","embeddable":true,"href":"https:\/\/vof-news.eu\/de\/wp-json\/wp\/v2\/tags?post=276635"}],"curies":[{"name":"wp","href":"https:\/\/api.w.org\/{rel}","templated":true}]}}