{"id":276454,"date":"2025-09-19T07:28:11","date_gmt":"2025-09-19T04:28:11","guid":{"rendered":"https:\/\/vof-news.eu\/norbert-rottgen-setzt-auf-nato-drohnenwall-gegen-russland\/"},"modified":"2025-09-19T07:29:40","modified_gmt":"2025-09-19T04:29:40","slug":"norbert-rottgen-setzt-auf-nato-drohnenwall-gegen-russland","status":"publish","type":"post","link":"https:\/\/vof-news.eu\/de\/norbert-rottgen-setzt-auf-nato-drohnenwall-gegen-russland\/","title":{"rendered":"Norbert R\u00f6ttgen setzt auf Nato-Drohnenwall gegen Russland"},"content":{"rendered":"<div>\n<p>CDU-Au\u00dfenpolitiker<br \/>\n Norbert R\u00f6ttgen hat nach dem Eindringen russischer <span><a href=\"https:\/\/www.zeit.de\/thema\/drohne\" rel=\"nofollow\">Drohnen<\/a><\/span> ins Gebiet der Nato die Einrichtung eines Drohnenwalls in Aussicht<br \/>\ngestellt. &#8222;Wir brauchen Drohnenabwehr an der Nato-Ostflanke, und zwar an<br \/>\n der gesamten Nato-Ostgrenze&#8220;, sagte R\u00f6ttgen am Abend in der<br \/>\nZDF-Sendung  und k\u00fcndigte an: &#8222;Dieser Wall<br \/>\nkommt.&#8220;\u00a0Vergangene Woche waren <a href=\"https:\/\/www.zeit.de\/politik\/ausland\/2025-09\/nato-luftraum-polen-russland-drohnen-abwehr-ukraine\" rel=\"nofollow\">19 russische Kampfdrohnen in Polens Luftraum und damit auch in Nato-B\u00fcndnisgebiet eingedrungen<\/a>. Sie flogen \u00fcber Belarus und die Ukraine auf polnisches Territorium.\n<\/p>\n<p><span><a href=\"https:\/\/www.zeit.de\/thema\/russland\" rel=\"nofollow\">Russlands<\/a><\/span> Krieg in der Ukraine sei an der Front &#8222;praktisch ein reiner<br \/>\nDrohnenkrieg geworden&#8220;, sagte R\u00f6ttgen. &#8222;Das hat<br \/>\nKriegsf\u00fchrung ver\u00e4ndert, und auch k\u00fcnftige Kriegsf\u00fchrung.&#8220; Daraus h\u00e4tte<br \/>\nman schon fr\u00fcher den Schluss ziehen m\u00fcssen, diese Drohnen anzuschaffen, und das werde auch geschehen, sagte der\u00a0stellvertretende Vorsitzende der Unionsfraktion im Bundestag.\n<\/p>\n<p>&#8222;Die<br \/>\n Armee der Zukunft ist nicht die alte&#8220;, sagte R\u00f6ttgen. Gebraucht w\u00fcrden Drohnen mit ganz unterschiedlichen F\u00e4higkeiten, darunter &#8222;\u00dcberwachungsdrohnen,<br \/>\nAbwehrdrohnen, Attrappendrohnen, Angriffsdrohnen&#8220;, erl\u00e4uterte der CDU-Politiker. Drohnen w\u00fcrden in Zukunft ein wesentlicher Teil der Verteidigungsf\u00e4higkeit sein.\n<\/p>\n<h2>&#8222;Rennen gegen die Zeit&#8220;<\/h2>\n<p>Bei<br \/>\n der Aufr\u00fcstung der <span><a href=\"https:\/\/www.zeit.de\/thema\/nato\" rel=\"nofollow\">Nato<\/a><\/span> zur Abschreckung Russlands mahnte R\u00f6ttgen zu Eile. Die Geheimdienste seien sich einig dar\u00fcber, dass Russland bis etwa 2029 &#8222;die F\u00e4higkeit zu einem gro\u00dfr\u00e4umigen<br \/>\nKrieg in Europa&#8220; haben werde. Er sei zudem \u00fcberzeugt, dass Russlands<br \/>\nPr\u00e4sident Wladimir Putin die Amtszeit von US-Pr\u00e4sident Donald Trump<br \/>\nausnutzen und &#8222;etwas jenseits der Ukraine tun&#8220; werde. Daher gebe es &#8222;ein hartes Rennen gegen die Zeit. Wir verlieren immer noch zu<br \/>\nviel Zeit&#8220;, sagte R\u00f6ttgen.\n<\/p>\n<p>Eine<br \/>\n Absage erteilte R\u00f6ttgen einem Vorschlag seines Parteikollegen Thomas R\u00f6wekamp, dem Vorsitzenden des<br \/>\nVerteidigungsausschusses im <span><a href=\"https:\/\/www.zeit.de\/thema\/bundestag\" rel=\"nofollow\">Bundestag<\/a><\/span>. Der CDU-Politiker hatte vergangene Woche unter anderem im  gesagt,\u00a0man d\u00fcrfe bei der Bek\u00e4mpfung unbemannter Flugobjekte nicht warten, bis sie den Luftraum eines Nato-Landes erreichten. Sobald eine Bedrohung entstehe, m\u00fcsse es m\u00f6glich sein, mit <a href=\"https:\/\/www.deutschlandfunk.de\/cdu-politiker-roewekamp-fordert-drohnenabschuss-ueber-ukrainischem-boden-100.html\" rel=\"nofollow\">Zustimmung der Ukraine Drohnen auch schon in deren Luftraum unsch\u00e4dlich<\/a> zu machen.\n<\/p>\n<p>R\u00f6ttgen jedoch sagte nun im ZDF, R\u00f6wekamps Vorschlag bedeute, dass Nato-Waffen au\u00dferhalb des Nato-Gebiets gegen Russland<br \/>\neingesetzt w\u00fcrden. &#8222;Ich bin dagegen, dass wir das tun.&#8220; Die Nato<br \/>\n m\u00fcsse alles tun, um die <span><a href=\"https:\/\/www.zeit.de\/politik\/ausland\/ukraine-krieg-news-liveblog\" rel=\"nofollow\">Ukraine<\/a><\/span> zu unterst\u00fctzen, aber &#8222;unterhalb der<br \/>\nSchwelle einer eigenen Kriegsbeteiligung&#8220; bleiben.\n<\/p>\n<\/div>\n","protected":false},"excerpt":{"rendered":"<p>CDU-Au\u00dfenpolitiker Norbert R\u00f6ttgen hat nach dem Eindringen russischer Drohnen ins Gebiet der Nato die Einrichtung eines Drohnenwalls in Aussicht gestellt. &#8222;Wir brauchen Drohnenabwehr an der Nato-Ostflanke, und zwar an der gesamten Nato-Ostgrenze&#8220;, sagte R\u00f6ttgen am Abend in der ZDF-Sendung und k\u00fcndigte an: &#8222;Dieser Wall kommt.&#8220;\u00a0Vergangene Woche waren 19 russische Kampfdrohnen in Polens Luftraum und damit<\/p>\n","protected":false},"author":1,"featured_media":276455,"comment_status":"open","ping_status":"open","sticky":false,"template":"","format":"standard","meta":{"footnotes":""},"categories":[116],"tags":[],"class_list":["post-276454","post","type-post","status-publish","format-standard","has-post-thumbnail","hentry","category-war-chronicles-de"],"acf":[],"yoast_head":"<!-- This site is optimized with the Yoast SEO plugin v22.9 - https:\/\/yoast.com\/wordpress\/plugins\/seo\/ -->\n<title>Norbert R\u00f6ttgen setzt auf Nato-Drohnenwall gegen Russland - vof-news.eu<\/title>\n<meta name=\"description\" content=\"CDU-Au\u00dfenpolitiker\" \/>\n<meta name=\"robots\" content=\"noindex, follow, max-snippet:-1, max-image-preview:large, max-video-preview:-1\" \/>\n<meta property=\"og:locale\" content=\"de_DE\" \/>\n<meta property=\"og:type\" content=\"article\" \/>\n<meta property=\"og:title\" content=\"Norbert R\u00f6ttgen setzt auf Nato-Drohnenwall gegen Russland - vof-news.eu\" \/>\n<meta property=\"og:description\" content=\"CDU-Au\u00dfenpolitiker\" \/>\n<meta property=\"og:url\" content=\"https:\/\/vof-news.eu\/de\/norbert-rottgen-setzt-auf-nato-drohnenwall-gegen-russland\/\" \/>\n<meta property=\"og:site_name\" content=\"vof-news.eu\" \/>\n<meta property=\"article:published_time\" content=\"2025-09-19T04:28:11+00:00\" \/>\n<meta property=\"article:modified_time\" content=\"2025-09-19T04:29:40+00:00\" \/>\n<meta property=\"og:image\" content=\"https:\/\/vof-news.eu\/wp-content\/uploads\/2025\/09\/wide__1000x562-70.jpg\" \/>\n\t<meta property=\"og:image:width\" content=\"1000\" \/>\n\t<meta property=\"og:image:height\" content=\"562\" \/>\n\t<meta property=\"og:image:type\" content=\"image\/jpeg\" \/>\n<meta name=\"author\" content=\"Author\" \/>\n<meta name=\"twitter:card\" content=\"summary_large_image\" \/>\n<meta name=\"twitter:label1\" content=\"Verfasst von\" \/>\n\t<meta name=\"twitter:data1\" content=\"Author\" \/>\n\t<meta name=\"twitter:label2\" content=\"Gesch\u00e4tzte Lesezeit\" \/>\n\t<meta name=\"twitter:data2\" content=\"2\u00a0Minuten\" \/>\n<script type=\"application\/ld+json\" class=\"yoast-schema-graph\">{\"@context\":\"https:\/\/schema.org\",\"@graph\":[{\"@type\":\"WebPage\",\"@id\":\"https:\/\/vof-news.eu\/de\/norbert-rottgen-setzt-auf-nato-drohnenwall-gegen-russland\/\",\"url\":\"https:\/\/vof-news.eu\/de\/norbert-rottgen-setzt-auf-nato-drohnenwall-gegen-russland\/\",\"name\":\"Norbert R\u00f6ttgen setzt auf Nato-Drohnenwall gegen Russland - vof-news.eu\",\"isPartOf\":{\"@id\":\"https:\/\/vof-news.eu\/de\/#website\"},\"primaryImageOfPage\":{\"@id\":\"https:\/\/vof-news.eu\/de\/norbert-rottgen-setzt-auf-nato-drohnenwall-gegen-russland\/#primaryimage\"},\"image\":{\"@id\":\"https:\/\/vof-news.eu\/de\/norbert-rottgen-setzt-auf-nato-drohnenwall-gegen-russland\/#primaryimage\"},\"thumbnailUrl\":\"https:\/\/vof-news.eu\/wp-content\/uploads\/2025\/09\/wide__1000x562-70.jpg\",\"datePublished\":\"2025-09-19T04:28:11+00:00\",\"dateModified\":\"2025-09-19T04:29:40+00:00\",\"author\":{\"@id\":\"https:\/\/vof-news.eu\/de\/#\/schema\/person\/f6a2a4309f0561835797fd8c19b333ed\"},\"description\":\"CDU-Au\u00dfenpolitiker\",\"breadcrumb\":{\"@id\":\"https:\/\/vof-news.eu\/de\/norbert-rottgen-setzt-auf-nato-drohnenwall-gegen-russland\/#breadcrumb\"},\"inLanguage\":\"de\",\"potentialAction\":[{\"@type\":\"ReadAction\",\"target\":[\"https:\/\/vof-news.eu\/de\/norbert-rottgen-setzt-auf-nato-drohnenwall-gegen-russland\/\"]}]},{\"@type\":\"ImageObject\",\"inLanguage\":\"de\",\"@id\":\"https:\/\/vof-news.eu\/de\/norbert-rottgen-setzt-auf-nato-drohnenwall-gegen-russland\/#primaryimage\",\"url\":\"https:\/\/vof-news.eu\/wp-content\/uploads\/2025\/09\/wide__1000x562-70.jpg\",\"contentUrl\":\"https:\/\/vof-news.eu\/wp-content\/uploads\/2025\/09\/wide__1000x562-70.jpg\",\"width\":1000,\"height\":562},{\"@type\":\"BreadcrumbList\",\"@id\":\"https:\/\/vof-news.eu\/de\/norbert-rottgen-setzt-auf-nato-drohnenwall-gegen-russland\/#breadcrumb\",\"itemListElement\":[{\"@type\":\"ListItem\",\"position\":1,\"name\":\"Home\",\"item\":\"https:\/\/vof-news.eu\/de\/\"},{\"@type\":\"ListItem\",\"position\":2,\"name\":\"Norbert R\u00f6ttgen setzt auf Nato-Drohnenwall gegen Russland\"}]},{\"@type\":\"WebSite\",\"@id\":\"https:\/\/vof-news.eu\/de\/#website\",\"url\":\"https:\/\/vof-news.eu\/de\/\",\"name\":\"vof-news.eu\",\"description\":\"\",\"potentialAction\":[{\"@type\":\"SearchAction\",\"target\":{\"@type\":\"EntryPoint\",\"urlTemplate\":\"https:\/\/vof-news.eu\/de\/?s={search_term_string}\"},\"query-input\":\"required name=search_term_string\"}],\"inLanguage\":\"de\"},{\"@type\":\"Person\",\"@id\":\"https:\/\/vof-news.eu\/de\/#\/schema\/person\/f6a2a4309f0561835797fd8c19b333ed\",\"name\":\"Author\",\"image\":{\"@type\":\"ImageObject\",\"inLanguage\":\"de\",\"@id\":\"https:\/\/vof-news.eu\/de\/#\/schema\/person\/image\/\",\"url\":\"https:\/\/secure.gravatar.com\/avatar\/b67e614b1b25b3e9c0c239efdd2fde5ab015b5affd6f1c3c85911ca4b384e790?s=96&d=mm&r=g\",\"contentUrl\":\"https:\/\/secure.gravatar.com\/avatar\/b67e614b1b25b3e9c0c239efdd2fde5ab015b5affd6f1c3c85911ca4b384e790?s=96&d=mm&r=g\",\"caption\":\"Author\"},\"sameAs\":[\"http:\/\/vof-news.eu\"],\"url\":\"https:\/\/vof-news.eu\/de\/author\/zwt6qxnjulxbnyg\/\"}]}<\/script>\n<!-- \/ Yoast SEO plugin. -->","yoast_head_json":{"title":"Norbert R\u00f6ttgen setzt auf Nato-Drohnenwall gegen Russland - vof-news.eu","description":"CDU-Au\u00dfenpolitiker","robots":{"index":"noindex","follow":"follow","max-snippet":"max-snippet:-1","max-image-preview":"max-image-preview:large","max-video-preview":"max-video-preview:-1"},"og_locale":"de_DE","og_type":"article","og_title":"Norbert R\u00f6ttgen setzt auf Nato-Drohnenwall gegen Russland - vof-news.eu","og_description":"CDU-Au\u00dfenpolitiker","og_url":"https:\/\/vof-news.eu\/de\/norbert-rottgen-setzt-auf-nato-drohnenwall-gegen-russland\/","og_site_name":"vof-news.eu","article_published_time":"2025-09-19T04:28:11+00:00","article_modified_time":"2025-09-19T04:29:40+00:00","og_image":[{"width":1000,"height":562,"url":"https:\/\/vof-news.eu\/wp-content\/uploads\/2025\/09\/wide__1000x562-70.jpg","type":"image\/jpeg"}],"author":"Author","twitter_card":"summary_large_image","twitter_misc":{"Verfasst von":"Author","Gesch\u00e4tzte Lesezeit":"2\u00a0Minuten"},"schema":{"@context":"https:\/\/schema.org","@graph":[{"@type":"WebPage","@id":"https:\/\/vof-news.eu\/de\/norbert-rottgen-setzt-auf-nato-drohnenwall-gegen-russland\/","url":"https:\/\/vof-news.eu\/de\/norbert-rottgen-setzt-auf-nato-drohnenwall-gegen-russland\/","name":"Norbert R\u00f6ttgen setzt auf Nato-Drohnenwall gegen Russland - vof-news.eu","isPartOf":{"@id":"https:\/\/vof-news.eu\/de\/#website"},"primaryImageOfPage":{"@id":"https:\/\/vof-news.eu\/de\/norbert-rottgen-setzt-auf-nato-drohnenwall-gegen-russland\/#primaryimage"},"image":{"@id":"https:\/\/vof-news.eu\/de\/norbert-rottgen-setzt-auf-nato-drohnenwall-gegen-russland\/#primaryimage"},"thumbnailUrl":"https:\/\/vof-news.eu\/wp-content\/uploads\/2025\/09\/wide__1000x562-70.jpg","datePublished":"2025-09-19T04:28:11+00:00","dateModified":"2025-09-19T04:29:40+00:00","author":{"@id":"https:\/\/vof-news.eu\/de\/#\/schema\/person\/f6a2a4309f0561835797fd8c19b333ed"},"description":"CDU-Au\u00dfenpolitiker","breadcrumb":{"@id":"https:\/\/vof-news.eu\/de\/norbert-rottgen-setzt-auf-nato-drohnenwall-gegen-russland\/#breadcrumb"},"inLanguage":"de","potentialAction":[{"@type":"ReadAction","target":["https:\/\/vof-news.eu\/de\/norbert-rottgen-setzt-auf-nato-drohnenwall-gegen-russland\/"]}]},{"@type":"ImageObject","inLanguage":"de","@id":"https:\/\/vof-news.eu\/de\/norbert-rottgen-setzt-auf-nato-drohnenwall-gegen-russland\/#primaryimage","url":"https:\/\/vof-news.eu\/wp-content\/uploads\/2025\/09\/wide__1000x562-70.jpg","contentUrl":"https:\/\/vof-news.eu\/wp-content\/uploads\/2025\/09\/wide__1000x562-70.jpg","width":1000,"height":562},{"@type":"BreadcrumbList","@id":"https:\/\/vof-news.eu\/de\/norbert-rottgen-setzt-auf-nato-drohnenwall-gegen-russland\/#breadcrumb","itemListElement":[{"@type":"ListItem","position":1,"name":"Home","item":"https:\/\/vof-news.eu\/de\/"},{"@type":"ListItem","position":2,"name":"Norbert R\u00f6ttgen setzt auf Nato-Drohnenwall gegen Russland"}]},{"@type":"WebSite","@id":"https:\/\/vof-news.eu\/de\/#website","url":"https:\/\/vof-news.eu\/de\/","name":"vof-news.eu","description":"","potentialAction":[{"@type":"SearchAction","target":{"@type":"EntryPoint","urlTemplate":"https:\/\/vof-news.eu\/de\/?s={search_term_string}"},"query-input":"required name=search_term_string"}],"inLanguage":"de"},{"@type":"Person","@id":"https:\/\/vof-news.eu\/de\/#\/schema\/person\/f6a2a4309f0561835797fd8c19b333ed","name":"Author","image":{"@type":"ImageObject","inLanguage":"de","@id":"https:\/\/vof-news.eu\/de\/#\/schema\/person\/image\/","url":"https:\/\/secure.gravatar.com\/avatar\/b67e614b1b25b3e9c0c239efdd2fde5ab015b5affd6f1c3c85911ca4b384e790?s=96&d=mm&r=g","contentUrl":"https:\/\/secure.gravatar.com\/avatar\/b67e614b1b25b3e9c0c239efdd2fde5ab015b5affd6f1c3c85911ca4b384e790?s=96&d=mm&r=g","caption":"Author"},"sameAs":["http:\/\/vof-news.eu"],"url":"https:\/\/vof-news.eu\/de\/author\/zwt6qxnjulxbnyg\/"}]}},"yoast_meta":{"yoast_wpseo_title":"","yoast_wpseo_metadesc":"","yoast_wpseo_canonical":""},"_links":{"self":[{"href":"https:\/\/vof-news.eu\/de\/wp-json\/wp\/v2\/posts\/276454","targetHints":{"allow":["GET"]}}],"collection":[{"href":"https:\/\/vof-news.eu\/de\/wp-json\/wp\/v2\/posts"}],"about":[{"href":"https:\/\/vof-news.eu\/de\/wp-json\/wp\/v2\/types\/post"}],"author":[{"embeddable":true,"href":"https:\/\/vof-news.eu\/de\/wp-json\/wp\/v2\/users\/1"}],"replies":[{"embeddable":true,"href":"https:\/\/vof-news.eu\/de\/wp-json\/wp\/v2\/comments?post=276454"}],"version-history":[{"count":1,"href":"https:\/\/vof-news.eu\/de\/wp-json\/wp\/v2\/posts\/276454\/revisions"}],"predecessor-version":[{"id":276461,"href":"https:\/\/vof-news.eu\/de\/wp-json\/wp\/v2\/posts\/276454\/revisions\/276461"}],"wp:featuredmedia":[{"embeddable":true,"href":"https:\/\/vof-news.eu\/de\/wp-json\/wp\/v2\/media\/276455"}],"wp:attachment":[{"href":"https:\/\/vof-news.eu\/de\/wp-json\/wp\/v2\/media?parent=276454"}],"wp:term":[{"taxonomy":"category","embeddable":true,"href":"https:\/\/vof-news.eu\/de\/wp-json\/wp\/v2\/categories?post=276454"},{"taxonomy":"post_tag","embeddable":true,"href":"https:\/\/vof-news.eu\/de\/wp-json\/wp\/v2\/tags?post=276454"}],"curies":[{"name":"wp","href":"https:\/\/api.w.org\/{rel}","templated":true}]}}