{"id":275692,"date":"2025-09-17T13:28:08","date_gmt":"2025-09-17T10:28:08","guid":{"rendered":"https:\/\/vof-news.eu\/russland-will-unsere-gesellschaften-destabilisieren\/"},"modified":"2025-09-17T13:29:13","modified_gmt":"2025-09-17T10:29:13","slug":"russland-will-unsere-gesellschaften-destabilisieren","status":"publish","type":"post","link":"https:\/\/vof-news.eu\/de\/russland-will-unsere-gesellschaften-destabilisieren\/","title":{"rendered":"&#8222;Russland will unsere Gesellschaften destabilisieren&#8220;"},"content":{"rendered":"<div>\n<p><a href=\"https:\/\/www.zeit.de\/wirtschaft\/bundesregierung-tracker-performance-wirtschaft-bip-arbeitslosigkeit\" rel=\"nofollow\">Bundeskanzler Friedrich Merz<\/a> (CDU) hat sich angesichts der milit\u00e4rischen Bedrohung durch Russland f\u00fcr mehr Abschreckung ausgesprochen. Der russische Pr\u00e4sident Wladimir Putin &#8222;testet l\u00e4ngst die Grenzen, er sabotiert, er spioniert, er mordet, versucht zu verunsichern&#8220;, sagte Merz in der Generaldebatte des Bundestags. &#8222;Russland will unsere Gesellschaften destabilisieren.&#8220;\n<\/p>\n<p>In dieser Lage gelte es, &#8222;unsere Resilienz und unsere Verteidigungsf\u00e4higkeit zu st\u00e4rken&#8220;, sagte Merz. Dazu geh\u00f6re eine starke Bundeswehr zur Abschreckung und Verteidigung, ein neu aufgestelltes Beschaffungswesen, der politische Wille zur Abschreckung sowie eine enge Abstimmung innerhalb der Nato.\u00a0\n<\/p>\n<p>Der letzte Nato-Gipfel hat laut Merz zur Kr\u00e4ftigung des Milit\u00e4rb\u00fcndnisses beigetragen, sie sei st\u00e4rker denn je. &#8222;Heute k\u00f6nnen wir von einer neuen Nato sprechen&#8220;, sagte Merz.\n<\/p>\n<h2>&#8222;Wir werden unsere Freiheit bewahren&#8220;<\/h2>\n<p>Die Freiheit sei bedroht, sagte Merz weiter. B\u00fcrgerinnen und B\u00fcrger sp\u00fcrten eine wachsende Unsicherheit, das deutsche Wirtschaftsmodell sei durch &#8222;einen neuen Protektionismus, der sich gegen Freihandel und offene M\u00e4rkte richtet&#8220;, unter Druck. Zudem werde der Zusammenhalt durch politische Kr\u00e4fte im In- und Ausland infrage gestellt, die die Demokratie ver\u00e4chtlich machten und Zwietracht s\u00e4ten.\n<\/p>\n<p>Die Koalition aus CDU und SPD habe &#8222;den festen und den gemeinsamen Willen, sich diesen Realit\u00e4ten zu stellen&#8220;, sagte Merz. &#8222;Wir werden unsere Freiheit bewahren, den Wohlstand sichern und neuen Zusammenhalt in unserer Gesellschaft erm\u00f6glichen.&#8220;\n<\/p>\n<h2>Merz h\u00e4lt Umbau des Sozialsystems f\u00fcr &#8222;unumg\u00e4nglich&#8220;<\/h2>\n<p>In seiner Rede sprach sich Merz unter anderem f\u00fcr eine weitgehende Reform im Rentensystem aus. Konkrete Ma\u00dfnahmen nannte er daf\u00fcr allerdings nicht. Er verwies lediglich auf die bereits auf den Weg gebrachten Neuregelungen, insbesondere die Aktivrente, die freiwilliges l\u00e4ngeres Arbeiten attraktiver machen soll, sowie die Fr\u00fchstartrente, die jungen Menschen den Aufbau einer Zusatzvorsorge im Alter erleichtern soll.\n<\/p>\n<p>Merz stellte die von ihm geforderten Reformen bei der Rente in den Zusammenhang eines nach seinen Worten erforderlichen <a href=\"https:\/\/www.zeit.de\/politik\/deutschland\/2025-09\/frank-walter-steinmeier-bundespraesident-erfurt-rede-sozialstaat-reform-gxe\" rel=\"nofollow\">Umbaus des Sozialsystems<\/a> insgesamt. &#8222;Es geht darum, dass wir die Lasten so verteilen, dass unser Sozialstaat auch k\u00fcnftig funktioniert&#8220;, sagte Merz. Die daf\u00fcr erforderlichen Ma\u00dfnahmen bezeichnete er als <a href=\"https:\/\/www.zeit.de\/politik\/deutschland\/2025-08\/merz-sozialreformen-sozialverband\" rel=\"nofollow\">&#8222;unumg\u00e4nglich&#8220;<\/a>. Es gehe nicht darum, denjenigen, die nicht arbeiten k\u00f6nnten, das Leben schwerer zu machen. &#8222;Aber wir wollen, dass alle, die arbeiten k\u00f6nnen, auch tats\u00e4chlich arbeiten&#8220;, sagte Merz. Das sei &#8222;eine Frage der Gerechtigkeit&#8220;.\n<\/p>\n<\/p>\n<\/div>\n","protected":false},"excerpt":{"rendered":"<p>Bundeskanzler Friedrich Merz (CDU) hat sich angesichts der milit\u00e4rischen Bedrohung durch Russland f\u00fcr mehr Abschreckung ausgesprochen. Der russische Pr\u00e4sident Wladimir Putin &#8222;testet l\u00e4ngst die Grenzen, er sabotiert, er spioniert, er mordet, versucht zu verunsichern&#8220;, sagte Merz in der Generaldebatte des Bundestags. &#8222;Russland will unsere Gesellschaften destabilisieren.&#8220; In dieser Lage gelte es, &#8222;unsere Resilienz und unsere<\/p>\n","protected":false},"author":1,"featured_media":275693,"comment_status":"open","ping_status":"open","sticky":false,"template":"","format":"standard","meta":{"footnotes":""},"categories":[116],"tags":[],"class_list":["post-275692","post","type-post","status-publish","format-standard","has-post-thumbnail","hentry","category-war-chronicles-de"],"acf":[],"yoast_head":"<!-- This site is optimized with the Yoast SEO plugin v22.9 - https:\/\/yoast.com\/wordpress\/plugins\/seo\/ -->\n<title>&quot;Russland will unsere Gesellschaften destabilisieren&quot; - vof-news.eu<\/title>\n<meta name=\"description\" content=\"Bundeskanzler Friedrich Merz (CDU) hat sich angesichts der milit\u00e4rischen Bedrohung durch Russland f\u00fcr mehr Abschreckung ausgesprochen. Der russische Pr\u00e4sident Wladimir Putin &quot;testet l\u00e4ngst die Grenzen, er sabotiert, er spioniert, er mordet, versucht zu verunsichern&quot;, sagte Merz in der Generaldebatte des Bundestags. &quot;Russland will unsere Gesellschaften destabilisieren.&quot;\" \/>\n<meta name=\"robots\" content=\"noindex, follow, max-snippet:-1, max-image-preview:large, max-video-preview:-1\" \/>\n<meta property=\"og:locale\" content=\"de_DE\" \/>\n<meta property=\"og:type\" content=\"article\" \/>\n<meta property=\"og:title\" content=\"&quot;Russland will unsere Gesellschaften destabilisieren&quot; - vof-news.eu\" \/>\n<meta property=\"og:description\" content=\"Bundeskanzler Friedrich Merz (CDU) hat sich angesichts der milit\u00e4rischen Bedrohung durch Russland f\u00fcr mehr Abschreckung ausgesprochen. Der russische Pr\u00e4sident Wladimir Putin &quot;testet l\u00e4ngst die Grenzen, er sabotiert, er spioniert, er mordet, versucht zu verunsichern&quot;, sagte Merz in der Generaldebatte des Bundestags. &quot;Russland will unsere Gesellschaften destabilisieren.&quot;\" \/>\n<meta property=\"og:url\" content=\"https:\/\/vof-news.eu\/de\/russland-will-unsere-gesellschaften-destabilisieren\/\" \/>\n<meta property=\"og:site_name\" content=\"vof-news.eu\" \/>\n<meta property=\"article:published_time\" content=\"2025-09-17T10:28:08+00:00\" \/>\n<meta property=\"article:modified_time\" content=\"2025-09-17T10:29:13+00:00\" \/>\n<meta property=\"og:image\" content=\"https:\/\/vof-news.eu\/wp-content\/uploads\/2025\/09\/wide__1000x562-63.jpg\" \/>\n\t<meta property=\"og:image:width\" content=\"1000\" \/>\n\t<meta property=\"og:image:height\" content=\"562\" \/>\n\t<meta property=\"og:image:type\" content=\"image\/jpeg\" \/>\n<meta name=\"author\" content=\"Author\" \/>\n<meta name=\"twitter:card\" content=\"summary_large_image\" \/>\n<meta name=\"twitter:label1\" content=\"Verfasst von\" \/>\n\t<meta name=\"twitter:data1\" content=\"Author\" \/>\n\t<meta name=\"twitter:label2\" content=\"Gesch\u00e4tzte Lesezeit\" \/>\n\t<meta name=\"twitter:data2\" content=\"2\u00a0Minuten\" \/>\n<script type=\"application\/ld+json\" class=\"yoast-schema-graph\">{\"@context\":\"https:\/\/schema.org\",\"@graph\":[{\"@type\":\"WebPage\",\"@id\":\"https:\/\/vof-news.eu\/de\/russland-will-unsere-gesellschaften-destabilisieren\/\",\"url\":\"https:\/\/vof-news.eu\/de\/russland-will-unsere-gesellschaften-destabilisieren\/\",\"name\":\"\\\"Russland will unsere Gesellschaften destabilisieren\\\" - vof-news.eu\",\"isPartOf\":{\"@id\":\"https:\/\/vof-news.eu\/de\/#website\"},\"primaryImageOfPage\":{\"@id\":\"https:\/\/vof-news.eu\/de\/russland-will-unsere-gesellschaften-destabilisieren\/#primaryimage\"},\"image\":{\"@id\":\"https:\/\/vof-news.eu\/de\/russland-will-unsere-gesellschaften-destabilisieren\/#primaryimage\"},\"thumbnailUrl\":\"https:\/\/vof-news.eu\/wp-content\/uploads\/2025\/09\/wide__1000x562-63.jpg\",\"datePublished\":\"2025-09-17T10:28:08+00:00\",\"dateModified\":\"2025-09-17T10:29:13+00:00\",\"author\":{\"@id\":\"https:\/\/vof-news.eu\/de\/#\/schema\/person\/f6a2a4309f0561835797fd8c19b333ed\"},\"description\":\"Bundeskanzler Friedrich Merz (CDU) hat sich angesichts der milit\u00e4rischen Bedrohung durch Russland f\u00fcr mehr Abschreckung ausgesprochen. Der russische Pr\u00e4sident Wladimir Putin \\\"testet l\u00e4ngst die Grenzen, er sabotiert, er spioniert, er mordet, versucht zu verunsichern\\\", sagte Merz in der Generaldebatte des Bundestags. \\\"Russland will unsere Gesellschaften destabilisieren.\\\"\",\"breadcrumb\":{\"@id\":\"https:\/\/vof-news.eu\/de\/russland-will-unsere-gesellschaften-destabilisieren\/#breadcrumb\"},\"inLanguage\":\"de\",\"potentialAction\":[{\"@type\":\"ReadAction\",\"target\":[\"https:\/\/vof-news.eu\/de\/russland-will-unsere-gesellschaften-destabilisieren\/\"]}]},{\"@type\":\"ImageObject\",\"inLanguage\":\"de\",\"@id\":\"https:\/\/vof-news.eu\/de\/russland-will-unsere-gesellschaften-destabilisieren\/#primaryimage\",\"url\":\"https:\/\/vof-news.eu\/wp-content\/uploads\/2025\/09\/wide__1000x562-63.jpg\",\"contentUrl\":\"https:\/\/vof-news.eu\/wp-content\/uploads\/2025\/09\/wide__1000x562-63.jpg\",\"width\":1000,\"height\":562},{\"@type\":\"BreadcrumbList\",\"@id\":\"https:\/\/vof-news.eu\/de\/russland-will-unsere-gesellschaften-destabilisieren\/#breadcrumb\",\"itemListElement\":[{\"@type\":\"ListItem\",\"position\":1,\"name\":\"Home\",\"item\":\"https:\/\/vof-news.eu\/de\/\"},{\"@type\":\"ListItem\",\"position\":2,\"name\":\"&#8220;Russland will unsere Gesellschaften destabilisieren&#8221;\"}]},{\"@type\":\"WebSite\",\"@id\":\"https:\/\/vof-news.eu\/de\/#website\",\"url\":\"https:\/\/vof-news.eu\/de\/\",\"name\":\"vof-news.eu\",\"description\":\"\",\"potentialAction\":[{\"@type\":\"SearchAction\",\"target\":{\"@type\":\"EntryPoint\",\"urlTemplate\":\"https:\/\/vof-news.eu\/de\/?s={search_term_string}\"},\"query-input\":\"required name=search_term_string\"}],\"inLanguage\":\"de\"},{\"@type\":\"Person\",\"@id\":\"https:\/\/vof-news.eu\/de\/#\/schema\/person\/f6a2a4309f0561835797fd8c19b333ed\",\"name\":\"Author\",\"image\":{\"@type\":\"ImageObject\",\"inLanguage\":\"de\",\"@id\":\"https:\/\/vof-news.eu\/de\/#\/schema\/person\/image\/\",\"url\":\"https:\/\/secure.gravatar.com\/avatar\/b67e614b1b25b3e9c0c239efdd2fde5ab015b5affd6f1c3c85911ca4b384e790?s=96&d=mm&r=g\",\"contentUrl\":\"https:\/\/secure.gravatar.com\/avatar\/b67e614b1b25b3e9c0c239efdd2fde5ab015b5affd6f1c3c85911ca4b384e790?s=96&d=mm&r=g\",\"caption\":\"Author\"},\"sameAs\":[\"http:\/\/vof-news.eu\"],\"url\":\"https:\/\/vof-news.eu\/de\/author\/zwt6qxnjulxbnyg\/\"}]}<\/script>\n<!-- \/ Yoast SEO plugin. -->","yoast_head_json":{"title":"\"Russland will unsere Gesellschaften destabilisieren\" - vof-news.eu","description":"Bundeskanzler Friedrich Merz (CDU) hat sich angesichts der milit\u00e4rischen Bedrohung durch Russland f\u00fcr mehr Abschreckung ausgesprochen. Der russische Pr\u00e4sident Wladimir Putin \"testet l\u00e4ngst die Grenzen, er sabotiert, er spioniert, er mordet, versucht zu verunsichern\", sagte Merz in der Generaldebatte des Bundestags. \"Russland will unsere Gesellschaften destabilisieren.\"","robots":{"index":"noindex","follow":"follow","max-snippet":"max-snippet:-1","max-image-preview":"max-image-preview:large","max-video-preview":"max-video-preview:-1"},"og_locale":"de_DE","og_type":"article","og_title":"\"Russland will unsere Gesellschaften destabilisieren\" - vof-news.eu","og_description":"Bundeskanzler Friedrich Merz (CDU) hat sich angesichts der milit\u00e4rischen Bedrohung durch Russland f\u00fcr mehr Abschreckung ausgesprochen. Der russische Pr\u00e4sident Wladimir Putin \"testet l\u00e4ngst die Grenzen, er sabotiert, er spioniert, er mordet, versucht zu verunsichern\", sagte Merz in der Generaldebatte des Bundestags. \"Russland will unsere Gesellschaften destabilisieren.\"","og_url":"https:\/\/vof-news.eu\/de\/russland-will-unsere-gesellschaften-destabilisieren\/","og_site_name":"vof-news.eu","article_published_time":"2025-09-17T10:28:08+00:00","article_modified_time":"2025-09-17T10:29:13+00:00","og_image":[{"width":1000,"height":562,"url":"https:\/\/vof-news.eu\/wp-content\/uploads\/2025\/09\/wide__1000x562-63.jpg","type":"image\/jpeg"}],"author":"Author","twitter_card":"summary_large_image","twitter_misc":{"Verfasst von":"Author","Gesch\u00e4tzte Lesezeit":"2\u00a0Minuten"},"schema":{"@context":"https:\/\/schema.org","@graph":[{"@type":"WebPage","@id":"https:\/\/vof-news.eu\/de\/russland-will-unsere-gesellschaften-destabilisieren\/","url":"https:\/\/vof-news.eu\/de\/russland-will-unsere-gesellschaften-destabilisieren\/","name":"\"Russland will unsere Gesellschaften destabilisieren\" - vof-news.eu","isPartOf":{"@id":"https:\/\/vof-news.eu\/de\/#website"},"primaryImageOfPage":{"@id":"https:\/\/vof-news.eu\/de\/russland-will-unsere-gesellschaften-destabilisieren\/#primaryimage"},"image":{"@id":"https:\/\/vof-news.eu\/de\/russland-will-unsere-gesellschaften-destabilisieren\/#primaryimage"},"thumbnailUrl":"https:\/\/vof-news.eu\/wp-content\/uploads\/2025\/09\/wide__1000x562-63.jpg","datePublished":"2025-09-17T10:28:08+00:00","dateModified":"2025-09-17T10:29:13+00:00","author":{"@id":"https:\/\/vof-news.eu\/de\/#\/schema\/person\/f6a2a4309f0561835797fd8c19b333ed"},"description":"Bundeskanzler Friedrich Merz (CDU) hat sich angesichts der milit\u00e4rischen Bedrohung durch Russland f\u00fcr mehr Abschreckung ausgesprochen. Der russische Pr\u00e4sident Wladimir Putin \"testet l\u00e4ngst die Grenzen, er sabotiert, er spioniert, er mordet, versucht zu verunsichern\", sagte Merz in der Generaldebatte des Bundestags. \"Russland will unsere Gesellschaften destabilisieren.\"","breadcrumb":{"@id":"https:\/\/vof-news.eu\/de\/russland-will-unsere-gesellschaften-destabilisieren\/#breadcrumb"},"inLanguage":"de","potentialAction":[{"@type":"ReadAction","target":["https:\/\/vof-news.eu\/de\/russland-will-unsere-gesellschaften-destabilisieren\/"]}]},{"@type":"ImageObject","inLanguage":"de","@id":"https:\/\/vof-news.eu\/de\/russland-will-unsere-gesellschaften-destabilisieren\/#primaryimage","url":"https:\/\/vof-news.eu\/wp-content\/uploads\/2025\/09\/wide__1000x562-63.jpg","contentUrl":"https:\/\/vof-news.eu\/wp-content\/uploads\/2025\/09\/wide__1000x562-63.jpg","width":1000,"height":562},{"@type":"BreadcrumbList","@id":"https:\/\/vof-news.eu\/de\/russland-will-unsere-gesellschaften-destabilisieren\/#breadcrumb","itemListElement":[{"@type":"ListItem","position":1,"name":"Home","item":"https:\/\/vof-news.eu\/de\/"},{"@type":"ListItem","position":2,"name":"&#8220;Russland will unsere Gesellschaften destabilisieren&#8221;"}]},{"@type":"WebSite","@id":"https:\/\/vof-news.eu\/de\/#website","url":"https:\/\/vof-news.eu\/de\/","name":"vof-news.eu","description":"","potentialAction":[{"@type":"SearchAction","target":{"@type":"EntryPoint","urlTemplate":"https:\/\/vof-news.eu\/de\/?s={search_term_string}"},"query-input":"required name=search_term_string"}],"inLanguage":"de"},{"@type":"Person","@id":"https:\/\/vof-news.eu\/de\/#\/schema\/person\/f6a2a4309f0561835797fd8c19b333ed","name":"Author","image":{"@type":"ImageObject","inLanguage":"de","@id":"https:\/\/vof-news.eu\/de\/#\/schema\/person\/image\/","url":"https:\/\/secure.gravatar.com\/avatar\/b67e614b1b25b3e9c0c239efdd2fde5ab015b5affd6f1c3c85911ca4b384e790?s=96&d=mm&r=g","contentUrl":"https:\/\/secure.gravatar.com\/avatar\/b67e614b1b25b3e9c0c239efdd2fde5ab015b5affd6f1c3c85911ca4b384e790?s=96&d=mm&r=g","caption":"Author"},"sameAs":["http:\/\/vof-news.eu"],"url":"https:\/\/vof-news.eu\/de\/author\/zwt6qxnjulxbnyg\/"}]}},"yoast_meta":{"yoast_wpseo_title":"","yoast_wpseo_metadesc":"","yoast_wpseo_canonical":""},"_links":{"self":[{"href":"https:\/\/vof-news.eu\/de\/wp-json\/wp\/v2\/posts\/275692","targetHints":{"allow":["GET"]}}],"collection":[{"href":"https:\/\/vof-news.eu\/de\/wp-json\/wp\/v2\/posts"}],"about":[{"href":"https:\/\/vof-news.eu\/de\/wp-json\/wp\/v2\/types\/post"}],"author":[{"embeddable":true,"href":"https:\/\/vof-news.eu\/de\/wp-json\/wp\/v2\/users\/1"}],"replies":[{"embeddable":true,"href":"https:\/\/vof-news.eu\/de\/wp-json\/wp\/v2\/comments?post=275692"}],"version-history":[{"count":1,"href":"https:\/\/vof-news.eu\/de\/wp-json\/wp\/v2\/posts\/275692\/revisions"}],"predecessor-version":[{"id":275699,"href":"https:\/\/vof-news.eu\/de\/wp-json\/wp\/v2\/posts\/275692\/revisions\/275699"}],"wp:featuredmedia":[{"embeddable":true,"href":"https:\/\/vof-news.eu\/de\/wp-json\/wp\/v2\/media\/275693"}],"wp:attachment":[{"href":"https:\/\/vof-news.eu\/de\/wp-json\/wp\/v2\/media?parent=275692"}],"wp:term":[{"taxonomy":"category","embeddable":true,"href":"https:\/\/vof-news.eu\/de\/wp-json\/wp\/v2\/categories?post=275692"},{"taxonomy":"post_tag","embeddable":true,"href":"https:\/\/vof-news.eu\/de\/wp-json\/wp\/v2\/tags?post=275692"}],"curies":[{"name":"wp","href":"https:\/\/api.w.org\/{rel}","templated":true}]}}