{"id":275513,"date":"2025-09-17T03:28:09","date_gmt":"2025-09-17T00:28:09","guid":{"rendered":"https:\/\/vof-news.eu\/tausende-protestieren-erneut-gegen-regierungschef-robert-fico\/"},"modified":"2025-09-17T03:29:15","modified_gmt":"2025-09-17T00:29:15","slug":"tausende-protestieren-erneut-gegen-regierungschef-robert-fico","status":"publish","type":"post","link":"https:\/\/vof-news.eu\/de\/tausende-protestieren-erneut-gegen-regierungschef-robert-fico\/","title":{"rendered":"Tausende protestieren erneut gegen Regierungschef Robert Fico"},"content":{"rendered":"<div>\n<p>Tausende Menschen haben erneut in 16 St\u00e4dten der <a href=\"https:\/\/www.zeit.de\/thema\/slowake\" rel=\"nofollow\">Slowakei<\/a> gegen die Politik von Ministerpr\u00e4sident <span><a href=\"https:\/\/www.zeit.de\/thema\/robert-fico\" rel=\"nofollow\">Robert Fico<\/a><\/span> demonstriert. Sie kritisierten geplante Sparma\u00dfnahmen der Regierung und\u00a0die prorussische Haltung des 61-J\u00e4hrigen. Befeuert wurden die<br \/>\nProteste vom \u00c4rger \u00fcber eine Reise Ficos nach China, bei der er zum<br \/>\ndritten Mal seit der russischen Invasion der Ukraine <a href=\"https:\/\/www.zeit.de\/thema\/wladimir-putin\" rel=\"nofollow\">Wladimir Putin<\/a> traf.\n<\/p>\n<p>Ein<br \/>\n Sparprogramm der Regierung sieht unter anderem h\u00f6here Beitr\u00e4ge f\u00fcr<br \/>\nKranken- und Sozialversicherung, Steuererh\u00f6hungen f\u00fcr Besserverdienende<br \/>\nsowie eine Anhebung der Mehrwertsteuer auf bestimmte Lebensmittel vor.<br \/>\nAuch eine Reduzierung der landesweiten Feiertage ist im Gespr\u00e4ch.\u00a0\n<\/p>\n<h2>Zweith\u00f6chstes Haushaltsdefizit in Eurozone<\/h2>\n<p>Gewerkschaften und andere Kritiker warnen, dass vor allem gering verdienende B\u00fcrgerinnen und B\u00fcrger belastet w\u00fcrden, w\u00e4hrend die Wirtschaft keine<br \/>\nImpulse erhalte. &#8222;Die<br \/>\n Slowaken haben genug davon&#8220;, sagte der liberale Oppositionsf\u00fchrer<br \/>\nMichal\u00a0\u0160ime\u010dka bei einer Kundgebung auf dem Freiheitsplatz in<br \/>\nBratislava. Seine Partei f\u00fchrte die Proteste zusammen mit drei weiteren<br \/>\npolitischen Parteien an. &#8222;Wir unterscheiden uns, aber ich kann<br \/>\ngarantieren, dass wir zusammenarbeiten werden&#8220;, sagte\u00a0\u0160ime\u010dka. &#8222;Wir<br \/>\nhaben genug von Fico&#8220;, skandierte die Menge.\n<\/p>\n<p>Die <span><a href=\"https:\/\/www.zeit.de\/thema\/slowakei\" rel=\"nofollow\">Slowakei<\/a><\/span> wies im vergangenen Jahr ein Haushaltsdefizit in H\u00f6he von 5,3 Prozent des Bruttoinlandsprodukts aus\u00a0\u2013 das zweith\u00f6chste unter den Staaten der Eurozone. Auch 2025 d\u00fcrfte der Wert mit mehr als f\u00fcnf Prozent \u00fcber der von der EU vorgeschriebenen Obergrenze von drei Prozent liegen.\n<\/p>\n<h2>Drittes Treffen mit Putin seit Beginn des russischen Angriffskriegs<\/h2>\n<p>Ausl\u00f6ser der Proteste war zus\u00e4tzlich, dass Fico vorvergangene Woche als einziger Regierungschef eines EU-Landes nach <span><a href=\"https:\/\/www.zeit.de\/thema\/china\" rel=\"nofollow\">China<\/a><\/span> gereist ist, um <a href=\"https:\/\/www.zeit.de\/politik\/ausland\/2025-09\/xi-jinping-wladimir-putin-kim-jong-un-china-nordkorea-russland-parade-peking\" rel=\"nofollow\">bei einer Milit\u00e4rparade zum 80. Jahrestag des Endes des Zweiten Weltkriegs<\/a> teilzunehmen. Er hatte dort den russischen Pr\u00e4sidenten <a href=\"https:\/\/www.zeit.de\/thema\/wladimir-putin\" rel=\"nofollow\">Wladimir Putin<\/a><br \/>\n getroffen \u2013 zum dritten Mal seit Beginn des russischen Angriffskriegs<br \/>\nin der Ukraine \u2013 und mit ihm \u00fcber die Beziehungen zwischen Russland und<br \/>\nder Slowakei gesprochen.\u00a0\n<\/p>\n<p>Der slowakische Ministerpr\u00e4sident hat wiederholt eine<br \/>\nNormalisierung der Beziehungen zu <a href=\"https:\/\/www.zeit.de\/thema\/russland\" rel=\"nofollow\">Russland<\/a> gefordert. Hinsichtlich der Russlandsanktionen der Europ\u00e4ischen Union\u00a0sagte Fico, er werde ein neues Sanktionspaket der Europ\u00e4ischen Union gegen Russland erst unterst\u00fctzen, wenn die Slowakei\u00a0Garantien<br \/>\n f\u00fcr ihre Energieversorgung erhalte. Nach einem Treffen mit dem<br \/>\nPr\u00e4sidenten des Europ\u00e4ischen Rates, Ant\u00f3nio Costa, sagte er: &#8222;Als<br \/>\nRegierungschef unterst\u00fctze ich ein weiteres Sanktionspaket so lange<br \/>\nnicht, bis die EU-Kommission realistische Vorschl\u00e4ge auf den Tisch<br \/>\nlegt&#8220;, um ihre Klimaziele mit den Bed\u00fcrfnissen der slowakischen Auto-<br \/>\nund Schwerindustrie zu vereinbaren. Zudem forderte er Ma\u00dfnahmen gegen<br \/>\ndie gestiegenen Energiepreise.<\/p>\n<p>Fico erinnerte daran, dass die Slowakei<br \/>\n schon im Juli vor\u00fcbergehend das damalige 18. EU-Sanktionspaket gegen<br \/>\nRussland blockiert habe, um Garantien f\u00fcr ihre Energieversorgung zu<br \/>\nerhalten. Die Slowakei gab letztlich aber ihren Widerstand dagegen <a href=\"https:\/\/www.zeit.de\/politik\/ausland\/2025-07\/slowakei-sanktionen-eu-russland-ukraine-blockade\" rel=\"nofollow\">trotz vager Zusagen der EU-Kommission auf<\/a>.\n<\/p>\n<\/div>\n","protected":false},"excerpt":{"rendered":"<p>Tausende Menschen haben erneut in 16 St\u00e4dten der Slowakei gegen die Politik von Ministerpr\u00e4sident Robert Fico demonstriert. Sie kritisierten geplante Sparma\u00dfnahmen der Regierung und\u00a0die prorussische Haltung des 61-J\u00e4hrigen. Befeuert wurden die Proteste vom \u00c4rger \u00fcber eine Reise Ficos nach China, bei der er zum dritten Mal seit der russischen Invasion der Ukraine Wladimir Putin traf.<\/p>\n","protected":false},"author":1,"featured_media":275514,"comment_status":"open","ping_status":"open","sticky":false,"template":"","format":"standard","meta":{"footnotes":""},"categories":[116],"tags":[],"class_list":["post-275513","post","type-post","status-publish","format-standard","has-post-thumbnail","hentry","category-war-chronicles-de"],"acf":[],"yoast_head":"<!-- This site is optimized with the Yoast SEO plugin v22.9 - https:\/\/yoast.com\/wordpress\/plugins\/seo\/ -->\n<title>Tausende protestieren erneut gegen Regierungschef Robert Fico - vof-news.eu<\/title>\n<meta name=\"description\" content=\"Tausende Menschen haben erneut in 16 St\u00e4dten der Slowakei gegen die Politik von Ministerpr\u00e4sident Robert Fico demonstriert. Sie kritisierten geplante Sparma\u00dfnahmen der Regierung und\u00a0die prorussische Haltung des 61-J\u00e4hrigen. Befeuert wurden die\" \/>\n<meta name=\"robots\" content=\"noindex, follow, max-snippet:-1, max-image-preview:large, max-video-preview:-1\" \/>\n<meta property=\"og:locale\" content=\"de_DE\" \/>\n<meta property=\"og:type\" content=\"article\" \/>\n<meta property=\"og:title\" content=\"Tausende protestieren erneut gegen Regierungschef Robert Fico - vof-news.eu\" \/>\n<meta property=\"og:description\" content=\"Tausende Menschen haben erneut in 16 St\u00e4dten der Slowakei gegen die Politik von Ministerpr\u00e4sident Robert Fico demonstriert. Sie kritisierten geplante Sparma\u00dfnahmen der Regierung und\u00a0die prorussische Haltung des 61-J\u00e4hrigen. Befeuert wurden die\" \/>\n<meta property=\"og:url\" content=\"https:\/\/vof-news.eu\/de\/tausende-protestieren-erneut-gegen-regierungschef-robert-fico\/\" \/>\n<meta property=\"og:site_name\" content=\"vof-news.eu\" \/>\n<meta property=\"article:published_time\" content=\"2025-09-17T00:28:09+00:00\" \/>\n<meta property=\"article:modified_time\" content=\"2025-09-17T00:29:15+00:00\" \/>\n<meta property=\"og:image\" content=\"https:\/\/vof-news.eu\/wp-content\/uploads\/2025\/09\/wide__1000x562-59.jpg\" \/>\n\t<meta property=\"og:image:width\" content=\"1000\" \/>\n\t<meta property=\"og:image:height\" content=\"562\" \/>\n\t<meta property=\"og:image:type\" content=\"image\/jpeg\" \/>\n<meta name=\"author\" content=\"Author\" \/>\n<meta name=\"twitter:card\" content=\"summary_large_image\" \/>\n<meta name=\"twitter:label1\" content=\"Verfasst von\" \/>\n\t<meta name=\"twitter:data1\" content=\"Author\" \/>\n\t<meta name=\"twitter:label2\" content=\"Gesch\u00e4tzte Lesezeit\" \/>\n\t<meta name=\"twitter:data2\" content=\"2\u00a0Minuten\" \/>\n<script type=\"application\/ld+json\" class=\"yoast-schema-graph\">{\"@context\":\"https:\/\/schema.org\",\"@graph\":[{\"@type\":\"WebPage\",\"@id\":\"https:\/\/vof-news.eu\/de\/tausende-protestieren-erneut-gegen-regierungschef-robert-fico\/\",\"url\":\"https:\/\/vof-news.eu\/de\/tausende-protestieren-erneut-gegen-regierungschef-robert-fico\/\",\"name\":\"Tausende protestieren erneut gegen Regierungschef Robert Fico - vof-news.eu\",\"isPartOf\":{\"@id\":\"https:\/\/vof-news.eu\/de\/#website\"},\"primaryImageOfPage\":{\"@id\":\"https:\/\/vof-news.eu\/de\/tausende-protestieren-erneut-gegen-regierungschef-robert-fico\/#primaryimage\"},\"image\":{\"@id\":\"https:\/\/vof-news.eu\/de\/tausende-protestieren-erneut-gegen-regierungschef-robert-fico\/#primaryimage\"},\"thumbnailUrl\":\"https:\/\/vof-news.eu\/wp-content\/uploads\/2025\/09\/wide__1000x562-59.jpg\",\"datePublished\":\"2025-09-17T00:28:09+00:00\",\"dateModified\":\"2025-09-17T00:29:15+00:00\",\"author\":{\"@id\":\"https:\/\/vof-news.eu\/de\/#\/schema\/person\/f6a2a4309f0561835797fd8c19b333ed\"},\"description\":\"Tausende Menschen haben erneut in 16 St\u00e4dten der Slowakei gegen die Politik von Ministerpr\u00e4sident Robert Fico demonstriert. Sie kritisierten geplante Sparma\u00dfnahmen der Regierung und\u00a0die prorussische Haltung des 61-J\u00e4hrigen. Befeuert wurden die\",\"breadcrumb\":{\"@id\":\"https:\/\/vof-news.eu\/de\/tausende-protestieren-erneut-gegen-regierungschef-robert-fico\/#breadcrumb\"},\"inLanguage\":\"de\",\"potentialAction\":[{\"@type\":\"ReadAction\",\"target\":[\"https:\/\/vof-news.eu\/de\/tausende-protestieren-erneut-gegen-regierungschef-robert-fico\/\"]}]},{\"@type\":\"ImageObject\",\"inLanguage\":\"de\",\"@id\":\"https:\/\/vof-news.eu\/de\/tausende-protestieren-erneut-gegen-regierungschef-robert-fico\/#primaryimage\",\"url\":\"https:\/\/vof-news.eu\/wp-content\/uploads\/2025\/09\/wide__1000x562-59.jpg\",\"contentUrl\":\"https:\/\/vof-news.eu\/wp-content\/uploads\/2025\/09\/wide__1000x562-59.jpg\",\"width\":1000,\"height\":562},{\"@type\":\"BreadcrumbList\",\"@id\":\"https:\/\/vof-news.eu\/de\/tausende-protestieren-erneut-gegen-regierungschef-robert-fico\/#breadcrumb\",\"itemListElement\":[{\"@type\":\"ListItem\",\"position\":1,\"name\":\"Home\",\"item\":\"https:\/\/vof-news.eu\/de\/\"},{\"@type\":\"ListItem\",\"position\":2,\"name\":\"Tausende protestieren erneut gegen Regierungschef Robert Fico\"}]},{\"@type\":\"WebSite\",\"@id\":\"https:\/\/vof-news.eu\/de\/#website\",\"url\":\"https:\/\/vof-news.eu\/de\/\",\"name\":\"vof-news.eu\",\"description\":\"\",\"potentialAction\":[{\"@type\":\"SearchAction\",\"target\":{\"@type\":\"EntryPoint\",\"urlTemplate\":\"https:\/\/vof-news.eu\/de\/?s={search_term_string}\"},\"query-input\":\"required name=search_term_string\"}],\"inLanguage\":\"de\"},{\"@type\":\"Person\",\"@id\":\"https:\/\/vof-news.eu\/de\/#\/schema\/person\/f6a2a4309f0561835797fd8c19b333ed\",\"name\":\"Author\",\"image\":{\"@type\":\"ImageObject\",\"inLanguage\":\"de\",\"@id\":\"https:\/\/vof-news.eu\/de\/#\/schema\/person\/image\/\",\"url\":\"https:\/\/secure.gravatar.com\/avatar\/b67e614b1b25b3e9c0c239efdd2fde5ab015b5affd6f1c3c85911ca4b384e790?s=96&d=mm&r=g\",\"contentUrl\":\"https:\/\/secure.gravatar.com\/avatar\/b67e614b1b25b3e9c0c239efdd2fde5ab015b5affd6f1c3c85911ca4b384e790?s=96&d=mm&r=g\",\"caption\":\"Author\"},\"sameAs\":[\"http:\/\/vof-news.eu\"],\"url\":\"https:\/\/vof-news.eu\/de\/author\/zwt6qxnjulxbnyg\/\"}]}<\/script>\n<!-- \/ Yoast SEO plugin. -->","yoast_head_json":{"title":"Tausende protestieren erneut gegen Regierungschef Robert Fico - vof-news.eu","description":"Tausende Menschen haben erneut in 16 St\u00e4dten der Slowakei gegen die Politik von Ministerpr\u00e4sident Robert Fico demonstriert. Sie kritisierten geplante Sparma\u00dfnahmen der Regierung und\u00a0die prorussische Haltung des 61-J\u00e4hrigen. Befeuert wurden die","robots":{"index":"noindex","follow":"follow","max-snippet":"max-snippet:-1","max-image-preview":"max-image-preview:large","max-video-preview":"max-video-preview:-1"},"og_locale":"de_DE","og_type":"article","og_title":"Tausende protestieren erneut gegen Regierungschef Robert Fico - vof-news.eu","og_description":"Tausende Menschen haben erneut in 16 St\u00e4dten der Slowakei gegen die Politik von Ministerpr\u00e4sident Robert Fico demonstriert. Sie kritisierten geplante Sparma\u00dfnahmen der Regierung und\u00a0die prorussische Haltung des 61-J\u00e4hrigen. Befeuert wurden die","og_url":"https:\/\/vof-news.eu\/de\/tausende-protestieren-erneut-gegen-regierungschef-robert-fico\/","og_site_name":"vof-news.eu","article_published_time":"2025-09-17T00:28:09+00:00","article_modified_time":"2025-09-17T00:29:15+00:00","og_image":[{"width":1000,"height":562,"url":"https:\/\/vof-news.eu\/wp-content\/uploads\/2025\/09\/wide__1000x562-59.jpg","type":"image\/jpeg"}],"author":"Author","twitter_card":"summary_large_image","twitter_misc":{"Verfasst von":"Author","Gesch\u00e4tzte Lesezeit":"2\u00a0Minuten"},"schema":{"@context":"https:\/\/schema.org","@graph":[{"@type":"WebPage","@id":"https:\/\/vof-news.eu\/de\/tausende-protestieren-erneut-gegen-regierungschef-robert-fico\/","url":"https:\/\/vof-news.eu\/de\/tausende-protestieren-erneut-gegen-regierungschef-robert-fico\/","name":"Tausende protestieren erneut gegen Regierungschef Robert Fico - vof-news.eu","isPartOf":{"@id":"https:\/\/vof-news.eu\/de\/#website"},"primaryImageOfPage":{"@id":"https:\/\/vof-news.eu\/de\/tausende-protestieren-erneut-gegen-regierungschef-robert-fico\/#primaryimage"},"image":{"@id":"https:\/\/vof-news.eu\/de\/tausende-protestieren-erneut-gegen-regierungschef-robert-fico\/#primaryimage"},"thumbnailUrl":"https:\/\/vof-news.eu\/wp-content\/uploads\/2025\/09\/wide__1000x562-59.jpg","datePublished":"2025-09-17T00:28:09+00:00","dateModified":"2025-09-17T00:29:15+00:00","author":{"@id":"https:\/\/vof-news.eu\/de\/#\/schema\/person\/f6a2a4309f0561835797fd8c19b333ed"},"description":"Tausende Menschen haben erneut in 16 St\u00e4dten der Slowakei gegen die Politik von Ministerpr\u00e4sident Robert Fico demonstriert. Sie kritisierten geplante Sparma\u00dfnahmen der Regierung und\u00a0die prorussische Haltung des 61-J\u00e4hrigen. Befeuert wurden die","breadcrumb":{"@id":"https:\/\/vof-news.eu\/de\/tausende-protestieren-erneut-gegen-regierungschef-robert-fico\/#breadcrumb"},"inLanguage":"de","potentialAction":[{"@type":"ReadAction","target":["https:\/\/vof-news.eu\/de\/tausende-protestieren-erneut-gegen-regierungschef-robert-fico\/"]}]},{"@type":"ImageObject","inLanguage":"de","@id":"https:\/\/vof-news.eu\/de\/tausende-protestieren-erneut-gegen-regierungschef-robert-fico\/#primaryimage","url":"https:\/\/vof-news.eu\/wp-content\/uploads\/2025\/09\/wide__1000x562-59.jpg","contentUrl":"https:\/\/vof-news.eu\/wp-content\/uploads\/2025\/09\/wide__1000x562-59.jpg","width":1000,"height":562},{"@type":"BreadcrumbList","@id":"https:\/\/vof-news.eu\/de\/tausende-protestieren-erneut-gegen-regierungschef-robert-fico\/#breadcrumb","itemListElement":[{"@type":"ListItem","position":1,"name":"Home","item":"https:\/\/vof-news.eu\/de\/"},{"@type":"ListItem","position":2,"name":"Tausende protestieren erneut gegen Regierungschef Robert Fico"}]},{"@type":"WebSite","@id":"https:\/\/vof-news.eu\/de\/#website","url":"https:\/\/vof-news.eu\/de\/","name":"vof-news.eu","description":"","potentialAction":[{"@type":"SearchAction","target":{"@type":"EntryPoint","urlTemplate":"https:\/\/vof-news.eu\/de\/?s={search_term_string}"},"query-input":"required name=search_term_string"}],"inLanguage":"de"},{"@type":"Person","@id":"https:\/\/vof-news.eu\/de\/#\/schema\/person\/f6a2a4309f0561835797fd8c19b333ed","name":"Author","image":{"@type":"ImageObject","inLanguage":"de","@id":"https:\/\/vof-news.eu\/de\/#\/schema\/person\/image\/","url":"https:\/\/secure.gravatar.com\/avatar\/b67e614b1b25b3e9c0c239efdd2fde5ab015b5affd6f1c3c85911ca4b384e790?s=96&d=mm&r=g","contentUrl":"https:\/\/secure.gravatar.com\/avatar\/b67e614b1b25b3e9c0c239efdd2fde5ab015b5affd6f1c3c85911ca4b384e790?s=96&d=mm&r=g","caption":"Author"},"sameAs":["http:\/\/vof-news.eu"],"url":"https:\/\/vof-news.eu\/de\/author\/zwt6qxnjulxbnyg\/"}]}},"yoast_meta":{"yoast_wpseo_title":"","yoast_wpseo_metadesc":"","yoast_wpseo_canonical":""},"_links":{"self":[{"href":"https:\/\/vof-news.eu\/de\/wp-json\/wp\/v2\/posts\/275513","targetHints":{"allow":["GET"]}}],"collection":[{"href":"https:\/\/vof-news.eu\/de\/wp-json\/wp\/v2\/posts"}],"about":[{"href":"https:\/\/vof-news.eu\/de\/wp-json\/wp\/v2\/types\/post"}],"author":[{"embeddable":true,"href":"https:\/\/vof-news.eu\/de\/wp-json\/wp\/v2\/users\/1"}],"replies":[{"embeddable":true,"href":"https:\/\/vof-news.eu\/de\/wp-json\/wp\/v2\/comments?post=275513"}],"version-history":[{"count":1,"href":"https:\/\/vof-news.eu\/de\/wp-json\/wp\/v2\/posts\/275513\/revisions"}],"predecessor-version":[{"id":275520,"href":"https:\/\/vof-news.eu\/de\/wp-json\/wp\/v2\/posts\/275513\/revisions\/275520"}],"wp:featuredmedia":[{"embeddable":true,"href":"https:\/\/vof-news.eu\/de\/wp-json\/wp\/v2\/media\/275514"}],"wp:attachment":[{"href":"https:\/\/vof-news.eu\/de\/wp-json\/wp\/v2\/media?parent=275513"}],"wp:term":[{"taxonomy":"category","embeddable":true,"href":"https:\/\/vof-news.eu\/de\/wp-json\/wp\/v2\/categories?post=275513"},{"taxonomy":"post_tag","embeddable":true,"href":"https:\/\/vof-news.eu\/de\/wp-json\/wp\/v2\/tags?post=275513"}],"curies":[{"name":"wp","href":"https:\/\/api.w.org\/{rel}","templated":true}]}}