{"id":275195,"date":"2025-09-16T11:26:17","date_gmt":"2025-09-16T08:26:17","guid":{"rendered":"https:\/\/vof-news.eu\/es-muss-nennenswert-wachsen-deutsche-post-pocht-auf-deutliche-erhohung-des-briefportos\/"},"modified":"2025-09-16T11:26:42","modified_gmt":"2025-09-16T08:26:42","slug":"es-muss-nennenswert-wachsen-deutsche-post-pocht-auf-deutliche-erhohung-des-briefportos","status":"publish","type":"post","link":"https:\/\/vof-news.eu\/de\/es-muss-nennenswert-wachsen-deutsche-post-pocht-auf-deutliche-erhohung-des-briefportos\/","title":{"rendered":"\u201eEs muss nennenswert wachsen\u201c \u2013\u00a0Deutsche Post pocht auf deutliche Erh\u00f6hung des Briefportos"},"content":{"rendered":"<p>Die Deutsche Post DHL pocht auf eine deutliche Erh\u00f6hung des Briefportos ab 2027. \u201eIch setze darauf, dass die Bundesnetzagentur beim n\u00e4chsten Mal die reale Kostenentwicklung und den beschleunigten Briefr\u00fcckgang noch st\u00e4rker ber\u00fccksichtigt \u2013 und dann muss das Standard-Porto nennenswert wachsen\u201c, sagte die im Unternehmen f\u00fcr das Post- und Paketgesch\u00e4ft zust\u00e4ndige Vorst\u00e4ndin Nikola Hagleitner der Funke-Mediengruppe. <\/p>\n<p>Die Bundesnetzagentur muss Portopreiserh\u00f6hungen der <a class=\"is-link c-block-items__link c-link--rich-text-renderer\" data-internal-tracking='{\"action\":\"click\",\"label\":\"link\",\"name\":\"Inline Element\",\"data\":{\"source\":\"\",\"target\":\"https:\/\/www.welt.de\/themen\/deutsche-post\/\",\"trackingName\":\"\",\"trackingLabel\":\"\"}}' data-internal-tracking-enabled=\"true\" href=\"https:\/\/www.welt.de\/themen\/deutsche-post\/\">Deutschen Post <\/a>genehmigen. Anfang dieses Jahres waren die Preise f\u00fcr Briefe und Postkarten gestiegen \u2013 f\u00fcr einen Standardbrief werden 95 statt 85 Cent f\u00e4llig, f\u00fcr eine Postkarte ebenfalls 95 Cent statt vorher 70 Cent. Diese Erh\u00f6hung gilt f\u00fcr 2025 und 2026.<\/p>\n<p>Hagleitner sagte, dies reiche nicht aus. \u201eAus meiner Sicht ist die Portoerh\u00f6hung beim letzten Mal zu gering ausgefallen \u2013 nicht weil wir gierig sind, sondern weil wir die Erl\u00f6se ben\u00f6tigen, um die Modernisierung der Post zu stemmen\u201c, sagte sie der Funke-Mediengruppe. \u201eJeder Cent, den meine Konzerndivision mit Leistungen und Produkten erwirtschaftet, wird in den Standort Deutschland reinvestiert.\u201c <\/p>\n<p>Die Bundesnetzagentur beginnt laut Hagleitner im Januar mit der Pr\u00fcfung weiterer Erh\u00f6hungen. Die Entscheidung falle dann voraussichtlich Ende des kommenden Jahres. \u201eWo man da genau landet, mag ich nicht vorempfinden. Aber ich erwarte eine signifikante Erh\u00f6hung.\u201c<\/p>\n","protected":false},"excerpt":{"rendered":"<p>Die Deutsche Post DHL pocht auf eine deutliche Erh\u00f6hung des Briefportos ab 2027. \u201eIch setze darauf, dass die Bundesnetzagentur beim n\u00e4chsten Mal die reale Kostenentwicklung und den beschleunigten Briefr\u00fcckgang noch st\u00e4rker ber\u00fccksichtigt \u2013 und dann muss das Standard-Porto nennenswert wachsen\u201c, sagte die im Unternehmen f\u00fcr das Post- und Paketgesch\u00e4ft zust\u00e4ndige Vorst\u00e4ndin Nikola Hagleitner der Funke-Mediengruppe.<\/p>\n","protected":false},"author":1,"featured_media":275196,"comment_status":"open","ping_status":"open","sticky":false,"template":"","format":"standard","meta":{"footnotes":""},"categories":[59],"tags":[],"class_list":["post-275195","post","type-post","status-publish","format-standard","has-post-thumbnail","hentry","category-business-de"],"acf":[],"yoast_head":"<!-- This site is optimized with the Yoast SEO plugin v22.9 - https:\/\/yoast.com\/wordpress\/plugins\/seo\/ -->\n<title>\u201eEs muss nennenswert wachsen\u201c \u2013\u00a0Deutsche Post pocht auf deutliche Erh\u00f6hung des Briefportos - vof-news.eu<\/title>\n<meta name=\"description\" content=\"Die Deutsche Post DHL pocht auf eine deutliche Erh\u00f6hung des Briefportos ab 2027. \u201eIch setze darauf, dass die Bundesnetzagentur beim n\u00e4chsten Mal die reale Kostenentwicklung und den beschleunigten Briefr\u00fcckgang noch st\u00e4rker ber\u00fccksichtigt \u2013 und dann muss das Standard-Porto nennenswert wachsen\u201c, sagte die im Unternehmen f\u00fcr das Post- und Paketgesch\u00e4ft zust\u00e4ndige Vorst\u00e4ndin Nikola Hagleitner der Funke-Mediengruppe. Die Bundesnetzagentur muss Portopreiserh\u00f6hungen der Deutschen Post genehmigen. Anfang dieses Jahres waren die Preise f\u00fcr Briefe und Postkarten gestiegen \u2013 f\u00fcr einen Standardbrief werden 95 statt 85 Cent f\u00e4llig, f\u00fcr eine Postkarte ebenfalls 95 Cent statt vorher 70 Cent. Diese Erh\u00f6hung gilt f\u00fcr 2025 und 2026.Hagleitner sagte, dies reiche nicht aus. \u201eAus meiner Sicht ist die Portoerh\u00f6hung beim letzten Mal zu gering ausgefallen \u2013 nicht weil wir gierig sind, sondern weil wir die Erl\u00f6se ben\u00f6tigen, um die Modernisierung der Post zu stemmen\u201c, sagte sie der Funke-Mediengruppe. \u201eJeder Cent, den meine Konzerndivision mit Leistungen und Produkten erwirtschaftet, wird in den Standort Deutschland reinvestiert.\u201c Die Bundesnetzagentur beginnt laut Hagleitner im Januar mit der Pr\u00fcfung weiterer Erh\u00f6hungen. Die Entscheidung falle dann voraussichtlich Ende des kommenden Jahres. \u201eWo man da genau landet, mag ich nicht vorempfinden. Aber ich erwarte eine signifikante Erh\u00f6hung.\u201c\" \/>\n<meta name=\"robots\" content=\"noindex, follow, max-snippet:-1, max-image-preview:large, max-video-preview:-1\" \/>\n<meta property=\"og:locale\" content=\"de_DE\" \/>\n<meta property=\"og:type\" content=\"article\" \/>\n<meta property=\"og:title\" content=\"\u201eEs muss nennenswert wachsen\u201c \u2013\u00a0Deutsche Post pocht auf deutliche Erh\u00f6hung des Briefportos - vof-news.eu\" \/>\n<meta property=\"og:description\" content=\"Die Deutsche Post DHL pocht auf eine deutliche Erh\u00f6hung des Briefportos ab 2027. \u201eIch setze darauf, dass die Bundesnetzagentur beim n\u00e4chsten Mal die reale Kostenentwicklung und den beschleunigten Briefr\u00fcckgang noch st\u00e4rker ber\u00fccksichtigt \u2013 und dann muss das Standard-Porto nennenswert wachsen\u201c, sagte die im Unternehmen f\u00fcr das Post- und Paketgesch\u00e4ft zust\u00e4ndige Vorst\u00e4ndin Nikola Hagleitner der Funke-Mediengruppe. Die Bundesnetzagentur muss Portopreiserh\u00f6hungen der Deutschen Post genehmigen. Anfang dieses Jahres waren die Preise f\u00fcr Briefe und Postkarten gestiegen \u2013 f\u00fcr einen Standardbrief werden 95 statt 85 Cent f\u00e4llig, f\u00fcr eine Postkarte ebenfalls 95 Cent statt vorher 70 Cent. Diese Erh\u00f6hung gilt f\u00fcr 2025 und 2026.Hagleitner sagte, dies reiche nicht aus. \u201eAus meiner Sicht ist die Portoerh\u00f6hung beim letzten Mal zu gering ausgefallen \u2013 nicht weil wir gierig sind, sondern weil wir die Erl\u00f6se ben\u00f6tigen, um die Modernisierung der Post zu stemmen\u201c, sagte sie der Funke-Mediengruppe. \u201eJeder Cent, den meine Konzerndivision mit Leistungen und Produkten erwirtschaftet, wird in den Standort Deutschland reinvestiert.\u201c Die Bundesnetzagentur beginnt laut Hagleitner im Januar mit der Pr\u00fcfung weiterer Erh\u00f6hungen. Die Entscheidung falle dann voraussichtlich Ende des kommenden Jahres. \u201eWo man da genau landet, mag ich nicht vorempfinden. Aber ich erwarte eine signifikante Erh\u00f6hung.\u201c\" \/>\n<meta property=\"og:url\" content=\"https:\/\/vof-news.eu\/de\/es-muss-nennenswert-wachsen-deutsche-post-pocht-auf-deutliche-erhohung-des-briefportos\/\" \/>\n<meta property=\"og:site_name\" content=\"vof-news.eu\" \/>\n<meta property=\"article:published_time\" content=\"2025-09-16T08:26:17+00:00\" \/>\n<meta property=\"article:modified_time\" content=\"2025-09-16T08:26:42+00:00\" \/>\n<meta property=\"og:image\" content=\"https:\/\/vof-news.eu\/wp-content\/uploads\/2025\/09\/haarchiv.webp\" \/>\n\t<meta property=\"og:image:width\" content=\"1200\" \/>\n\t<meta property=\"og:image:height\" content=\"574\" \/>\n\t<meta property=\"og:image:type\" content=\"image\/webp\" \/>\n<meta name=\"author\" content=\"Author\" \/>\n<meta name=\"twitter:card\" content=\"summary_large_image\" \/>\n<meta name=\"twitter:label1\" content=\"Verfasst von\" \/>\n\t<meta name=\"twitter:data1\" content=\"Author\" \/>\n\t<meta name=\"twitter:label2\" content=\"Gesch\u00e4tzte Lesezeit\" \/>\n\t<meta name=\"twitter:data2\" content=\"1\u00a0Minute\" \/>\n<script type=\"application\/ld+json\" class=\"yoast-schema-graph\">{\"@context\":\"https:\/\/schema.org\",\"@graph\":[{\"@type\":\"WebPage\",\"@id\":\"https:\/\/vof-news.eu\/de\/es-muss-nennenswert-wachsen-deutsche-post-pocht-auf-deutliche-erhohung-des-briefportos\/\",\"url\":\"https:\/\/vof-news.eu\/de\/es-muss-nennenswert-wachsen-deutsche-post-pocht-auf-deutliche-erhohung-des-briefportos\/\",\"name\":\"\u201eEs muss nennenswert wachsen\u201c \u2013\u00a0Deutsche Post pocht auf deutliche Erh\u00f6hung des Briefportos - vof-news.eu\",\"isPartOf\":{\"@id\":\"https:\/\/vof-news.eu\/de\/#website\"},\"primaryImageOfPage\":{\"@id\":\"https:\/\/vof-news.eu\/de\/es-muss-nennenswert-wachsen-deutsche-post-pocht-auf-deutliche-erhohung-des-briefportos\/#primaryimage\"},\"image\":{\"@id\":\"https:\/\/vof-news.eu\/de\/es-muss-nennenswert-wachsen-deutsche-post-pocht-auf-deutliche-erhohung-des-briefportos\/#primaryimage\"},\"thumbnailUrl\":\"https:\/\/vof-news.eu\/wp-content\/uploads\/2025\/09\/haarchiv.webp\",\"datePublished\":\"2025-09-16T08:26:17+00:00\",\"dateModified\":\"2025-09-16T08:26:42+00:00\",\"author\":{\"@id\":\"https:\/\/vof-news.eu\/de\/#\/schema\/person\/f6a2a4309f0561835797fd8c19b333ed\"},\"description\":\"Die Deutsche Post DHL pocht auf eine deutliche Erh\u00f6hung des Briefportos ab 2027. \u201eIch setze darauf, dass die Bundesnetzagentur beim n\u00e4chsten Mal die reale Kostenentwicklung und den beschleunigten Briefr\u00fcckgang noch st\u00e4rker ber\u00fccksichtigt \u2013 und dann muss das Standard-Porto nennenswert wachsen\u201c, sagte die im Unternehmen f\u00fcr das Post- und Paketgesch\u00e4ft zust\u00e4ndige Vorst\u00e4ndin Nikola Hagleitner der Funke-Mediengruppe. Die Bundesnetzagentur muss Portopreiserh\u00f6hungen der Deutschen Post genehmigen. Anfang dieses Jahres waren die Preise f\u00fcr Briefe und Postkarten gestiegen \u2013 f\u00fcr einen Standardbrief werden 95 statt 85 Cent f\u00e4llig, f\u00fcr eine Postkarte ebenfalls 95 Cent statt vorher 70 Cent. Diese Erh\u00f6hung gilt f\u00fcr 2025 und 2026.Hagleitner sagte, dies reiche nicht aus. \u201eAus meiner Sicht ist die Portoerh\u00f6hung beim letzten Mal zu gering ausgefallen \u2013 nicht weil wir gierig sind, sondern weil wir die Erl\u00f6se ben\u00f6tigen, um die Modernisierung der Post zu stemmen\u201c, sagte sie der Funke-Mediengruppe. \u201eJeder Cent, den meine Konzerndivision mit Leistungen und Produkten erwirtschaftet, wird in den Standort Deutschland reinvestiert.\u201c Die Bundesnetzagentur beginnt laut Hagleitner im Januar mit der Pr\u00fcfung weiterer Erh\u00f6hungen. Die Entscheidung falle dann voraussichtlich Ende des kommenden Jahres. \u201eWo man da genau landet, mag ich nicht vorempfinden. Aber ich erwarte eine signifikante Erh\u00f6hung.\u201c\",\"breadcrumb\":{\"@id\":\"https:\/\/vof-news.eu\/de\/es-muss-nennenswert-wachsen-deutsche-post-pocht-auf-deutliche-erhohung-des-briefportos\/#breadcrumb\"},\"inLanguage\":\"de\",\"potentialAction\":[{\"@type\":\"ReadAction\",\"target\":[\"https:\/\/vof-news.eu\/de\/es-muss-nennenswert-wachsen-deutsche-post-pocht-auf-deutliche-erhohung-des-briefportos\/\"]}]},{\"@type\":\"ImageObject\",\"inLanguage\":\"de\",\"@id\":\"https:\/\/vof-news.eu\/de\/es-muss-nennenswert-wachsen-deutsche-post-pocht-auf-deutliche-erhohung-des-briefportos\/#primaryimage\",\"url\":\"https:\/\/vof-news.eu\/wp-content\/uploads\/2025\/09\/haarchiv.webp\",\"contentUrl\":\"https:\/\/vof-news.eu\/wp-content\/uploads\/2025\/09\/haarchiv.webp\",\"width\":1200,\"height\":574},{\"@type\":\"BreadcrumbList\",\"@id\":\"https:\/\/vof-news.eu\/de\/es-muss-nennenswert-wachsen-deutsche-post-pocht-auf-deutliche-erhohung-des-briefportos\/#breadcrumb\",\"itemListElement\":[{\"@type\":\"ListItem\",\"position\":1,\"name\":\"Home\",\"item\":\"https:\/\/vof-news.eu\/de\/\"},{\"@type\":\"ListItem\",\"position\":2,\"name\":\"\u201eEs muss nennenswert wachsen\u201c \u2013\u00a0Deutsche Post pocht auf deutliche Erh\u00f6hung des Briefportos\"}]},{\"@type\":\"WebSite\",\"@id\":\"https:\/\/vof-news.eu\/de\/#website\",\"url\":\"https:\/\/vof-news.eu\/de\/\",\"name\":\"vof-news.eu\",\"description\":\"\",\"potentialAction\":[{\"@type\":\"SearchAction\",\"target\":{\"@type\":\"EntryPoint\",\"urlTemplate\":\"https:\/\/vof-news.eu\/de\/?s={search_term_string}\"},\"query-input\":\"required name=search_term_string\"}],\"inLanguage\":\"de\"},{\"@type\":\"Person\",\"@id\":\"https:\/\/vof-news.eu\/de\/#\/schema\/person\/f6a2a4309f0561835797fd8c19b333ed\",\"name\":\"Author\",\"image\":{\"@type\":\"ImageObject\",\"inLanguage\":\"de\",\"@id\":\"https:\/\/vof-news.eu\/de\/#\/schema\/person\/image\/\",\"url\":\"https:\/\/secure.gravatar.com\/avatar\/b67e614b1b25b3e9c0c239efdd2fde5ab015b5affd6f1c3c85911ca4b384e790?s=96&d=mm&r=g\",\"contentUrl\":\"https:\/\/secure.gravatar.com\/avatar\/b67e614b1b25b3e9c0c239efdd2fde5ab015b5affd6f1c3c85911ca4b384e790?s=96&d=mm&r=g\",\"caption\":\"Author\"},\"sameAs\":[\"http:\/\/vof-news.eu\"],\"url\":\"https:\/\/vof-news.eu\/de\/author\/zwt6qxnjulxbnyg\/\"}]}<\/script>\n<!-- \/ Yoast SEO plugin. -->","yoast_head_json":{"title":"\u201eEs muss nennenswert wachsen\u201c \u2013\u00a0Deutsche Post pocht auf deutliche Erh\u00f6hung des Briefportos - vof-news.eu","description":"Die Deutsche Post DHL pocht auf eine deutliche Erh\u00f6hung des Briefportos ab 2027. \u201eIch setze darauf, dass die Bundesnetzagentur beim n\u00e4chsten Mal die reale Kostenentwicklung und den beschleunigten Briefr\u00fcckgang noch st\u00e4rker ber\u00fccksichtigt \u2013 und dann muss das Standard-Porto nennenswert wachsen\u201c, sagte die im Unternehmen f\u00fcr das Post- und Paketgesch\u00e4ft zust\u00e4ndige Vorst\u00e4ndin Nikola Hagleitner der Funke-Mediengruppe. Die Bundesnetzagentur muss Portopreiserh\u00f6hungen der Deutschen Post genehmigen. Anfang dieses Jahres waren die Preise f\u00fcr Briefe und Postkarten gestiegen \u2013 f\u00fcr einen Standardbrief werden 95 statt 85 Cent f\u00e4llig, f\u00fcr eine Postkarte ebenfalls 95 Cent statt vorher 70 Cent. Diese Erh\u00f6hung gilt f\u00fcr 2025 und 2026.Hagleitner sagte, dies reiche nicht aus. \u201eAus meiner Sicht ist die Portoerh\u00f6hung beim letzten Mal zu gering ausgefallen \u2013 nicht weil wir gierig sind, sondern weil wir die Erl\u00f6se ben\u00f6tigen, um die Modernisierung der Post zu stemmen\u201c, sagte sie der Funke-Mediengruppe. \u201eJeder Cent, den meine Konzerndivision mit Leistungen und Produkten erwirtschaftet, wird in den Standort Deutschland reinvestiert.\u201c Die Bundesnetzagentur beginnt laut Hagleitner im Januar mit der Pr\u00fcfung weiterer Erh\u00f6hungen. Die Entscheidung falle dann voraussichtlich Ende des kommenden Jahres. \u201eWo man da genau landet, mag ich nicht vorempfinden. Aber ich erwarte eine signifikante Erh\u00f6hung.\u201c","robots":{"index":"noindex","follow":"follow","max-snippet":"max-snippet:-1","max-image-preview":"max-image-preview:large","max-video-preview":"max-video-preview:-1"},"og_locale":"de_DE","og_type":"article","og_title":"\u201eEs muss nennenswert wachsen\u201c \u2013\u00a0Deutsche Post pocht auf deutliche Erh\u00f6hung des Briefportos - vof-news.eu","og_description":"Die Deutsche Post DHL pocht auf eine deutliche Erh\u00f6hung des Briefportos ab 2027. \u201eIch setze darauf, dass die Bundesnetzagentur beim n\u00e4chsten Mal die reale Kostenentwicklung und den beschleunigten Briefr\u00fcckgang noch st\u00e4rker ber\u00fccksichtigt \u2013 und dann muss das Standard-Porto nennenswert wachsen\u201c, sagte die im Unternehmen f\u00fcr das Post- und Paketgesch\u00e4ft zust\u00e4ndige Vorst\u00e4ndin Nikola Hagleitner der Funke-Mediengruppe. Die Bundesnetzagentur muss Portopreiserh\u00f6hungen der Deutschen Post genehmigen. Anfang dieses Jahres waren die Preise f\u00fcr Briefe und Postkarten gestiegen \u2013 f\u00fcr einen Standardbrief werden 95 statt 85 Cent f\u00e4llig, f\u00fcr eine Postkarte ebenfalls 95 Cent statt vorher 70 Cent. Diese Erh\u00f6hung gilt f\u00fcr 2025 und 2026.Hagleitner sagte, dies reiche nicht aus. \u201eAus meiner Sicht ist die Portoerh\u00f6hung beim letzten Mal zu gering ausgefallen \u2013 nicht weil wir gierig sind, sondern weil wir die Erl\u00f6se ben\u00f6tigen, um die Modernisierung der Post zu stemmen\u201c, sagte sie der Funke-Mediengruppe. \u201eJeder Cent, den meine Konzerndivision mit Leistungen und Produkten erwirtschaftet, wird in den Standort Deutschland reinvestiert.\u201c Die Bundesnetzagentur beginnt laut Hagleitner im Januar mit der Pr\u00fcfung weiterer Erh\u00f6hungen. Die Entscheidung falle dann voraussichtlich Ende des kommenden Jahres. \u201eWo man da genau landet, mag ich nicht vorempfinden. Aber ich erwarte eine signifikante Erh\u00f6hung.\u201c","og_url":"https:\/\/vof-news.eu\/de\/es-muss-nennenswert-wachsen-deutsche-post-pocht-auf-deutliche-erhohung-des-briefportos\/","og_site_name":"vof-news.eu","article_published_time":"2025-09-16T08:26:17+00:00","article_modified_time":"2025-09-16T08:26:42+00:00","og_image":[{"width":1200,"height":574,"url":"https:\/\/vof-news.eu\/wp-content\/uploads\/2025\/09\/haarchiv.webp","type":"image\/webp"}],"author":"Author","twitter_card":"summary_large_image","twitter_misc":{"Verfasst von":"Author","Gesch\u00e4tzte Lesezeit":"1\u00a0Minute"},"schema":{"@context":"https:\/\/schema.org","@graph":[{"@type":"WebPage","@id":"https:\/\/vof-news.eu\/de\/es-muss-nennenswert-wachsen-deutsche-post-pocht-auf-deutliche-erhohung-des-briefportos\/","url":"https:\/\/vof-news.eu\/de\/es-muss-nennenswert-wachsen-deutsche-post-pocht-auf-deutliche-erhohung-des-briefportos\/","name":"\u201eEs muss nennenswert wachsen\u201c \u2013\u00a0Deutsche Post pocht auf deutliche Erh\u00f6hung des Briefportos - vof-news.eu","isPartOf":{"@id":"https:\/\/vof-news.eu\/de\/#website"},"primaryImageOfPage":{"@id":"https:\/\/vof-news.eu\/de\/es-muss-nennenswert-wachsen-deutsche-post-pocht-auf-deutliche-erhohung-des-briefportos\/#primaryimage"},"image":{"@id":"https:\/\/vof-news.eu\/de\/es-muss-nennenswert-wachsen-deutsche-post-pocht-auf-deutliche-erhohung-des-briefportos\/#primaryimage"},"thumbnailUrl":"https:\/\/vof-news.eu\/wp-content\/uploads\/2025\/09\/haarchiv.webp","datePublished":"2025-09-16T08:26:17+00:00","dateModified":"2025-09-16T08:26:42+00:00","author":{"@id":"https:\/\/vof-news.eu\/de\/#\/schema\/person\/f6a2a4309f0561835797fd8c19b333ed"},"description":"Die Deutsche Post DHL pocht auf eine deutliche Erh\u00f6hung des Briefportos ab 2027. \u201eIch setze darauf, dass die Bundesnetzagentur beim n\u00e4chsten Mal die reale Kostenentwicklung und den beschleunigten Briefr\u00fcckgang noch st\u00e4rker ber\u00fccksichtigt \u2013 und dann muss das Standard-Porto nennenswert wachsen\u201c, sagte die im Unternehmen f\u00fcr das Post- und Paketgesch\u00e4ft zust\u00e4ndige Vorst\u00e4ndin Nikola Hagleitner der Funke-Mediengruppe. Die Bundesnetzagentur muss Portopreiserh\u00f6hungen der Deutschen Post genehmigen. Anfang dieses Jahres waren die Preise f\u00fcr Briefe und Postkarten gestiegen \u2013 f\u00fcr einen Standardbrief werden 95 statt 85 Cent f\u00e4llig, f\u00fcr eine Postkarte ebenfalls 95 Cent statt vorher 70 Cent. Diese Erh\u00f6hung gilt f\u00fcr 2025 und 2026.Hagleitner sagte, dies reiche nicht aus. \u201eAus meiner Sicht ist die Portoerh\u00f6hung beim letzten Mal zu gering ausgefallen \u2013 nicht weil wir gierig sind, sondern weil wir die Erl\u00f6se ben\u00f6tigen, um die Modernisierung der Post zu stemmen\u201c, sagte sie der Funke-Mediengruppe. \u201eJeder Cent, den meine Konzerndivision mit Leistungen und Produkten erwirtschaftet, wird in den Standort Deutschland reinvestiert.\u201c Die Bundesnetzagentur beginnt laut Hagleitner im Januar mit der Pr\u00fcfung weiterer Erh\u00f6hungen. Die Entscheidung falle dann voraussichtlich Ende des kommenden Jahres. \u201eWo man da genau landet, mag ich nicht vorempfinden. Aber ich erwarte eine signifikante Erh\u00f6hung.\u201c","breadcrumb":{"@id":"https:\/\/vof-news.eu\/de\/es-muss-nennenswert-wachsen-deutsche-post-pocht-auf-deutliche-erhohung-des-briefportos\/#breadcrumb"},"inLanguage":"de","potentialAction":[{"@type":"ReadAction","target":["https:\/\/vof-news.eu\/de\/es-muss-nennenswert-wachsen-deutsche-post-pocht-auf-deutliche-erhohung-des-briefportos\/"]}]},{"@type":"ImageObject","inLanguage":"de","@id":"https:\/\/vof-news.eu\/de\/es-muss-nennenswert-wachsen-deutsche-post-pocht-auf-deutliche-erhohung-des-briefportos\/#primaryimage","url":"https:\/\/vof-news.eu\/wp-content\/uploads\/2025\/09\/haarchiv.webp","contentUrl":"https:\/\/vof-news.eu\/wp-content\/uploads\/2025\/09\/haarchiv.webp","width":1200,"height":574},{"@type":"BreadcrumbList","@id":"https:\/\/vof-news.eu\/de\/es-muss-nennenswert-wachsen-deutsche-post-pocht-auf-deutliche-erhohung-des-briefportos\/#breadcrumb","itemListElement":[{"@type":"ListItem","position":1,"name":"Home","item":"https:\/\/vof-news.eu\/de\/"},{"@type":"ListItem","position":2,"name":"\u201eEs muss nennenswert wachsen\u201c \u2013\u00a0Deutsche Post pocht auf deutliche Erh\u00f6hung des Briefportos"}]},{"@type":"WebSite","@id":"https:\/\/vof-news.eu\/de\/#website","url":"https:\/\/vof-news.eu\/de\/","name":"vof-news.eu","description":"","potentialAction":[{"@type":"SearchAction","target":{"@type":"EntryPoint","urlTemplate":"https:\/\/vof-news.eu\/de\/?s={search_term_string}"},"query-input":"required name=search_term_string"}],"inLanguage":"de"},{"@type":"Person","@id":"https:\/\/vof-news.eu\/de\/#\/schema\/person\/f6a2a4309f0561835797fd8c19b333ed","name":"Author","image":{"@type":"ImageObject","inLanguage":"de","@id":"https:\/\/vof-news.eu\/de\/#\/schema\/person\/image\/","url":"https:\/\/secure.gravatar.com\/avatar\/b67e614b1b25b3e9c0c239efdd2fde5ab015b5affd6f1c3c85911ca4b384e790?s=96&d=mm&r=g","contentUrl":"https:\/\/secure.gravatar.com\/avatar\/b67e614b1b25b3e9c0c239efdd2fde5ab015b5affd6f1c3c85911ca4b384e790?s=96&d=mm&r=g","caption":"Author"},"sameAs":["http:\/\/vof-news.eu"],"url":"https:\/\/vof-news.eu\/de\/author\/zwt6qxnjulxbnyg\/"}]}},"yoast_meta":{"yoast_wpseo_title":"","yoast_wpseo_metadesc":"","yoast_wpseo_canonical":""},"_links":{"self":[{"href":"https:\/\/vof-news.eu\/de\/wp-json\/wp\/v2\/posts\/275195","targetHints":{"allow":["GET"]}}],"collection":[{"href":"https:\/\/vof-news.eu\/de\/wp-json\/wp\/v2\/posts"}],"about":[{"href":"https:\/\/vof-news.eu\/de\/wp-json\/wp\/v2\/types\/post"}],"author":[{"embeddable":true,"href":"https:\/\/vof-news.eu\/de\/wp-json\/wp\/v2\/users\/1"}],"replies":[{"embeddable":true,"href":"https:\/\/vof-news.eu\/de\/wp-json\/wp\/v2\/comments?post=275195"}],"version-history":[{"count":1,"href":"https:\/\/vof-news.eu\/de\/wp-json\/wp\/v2\/posts\/275195\/revisions"}],"predecessor-version":[{"id":275202,"href":"https:\/\/vof-news.eu\/de\/wp-json\/wp\/v2\/posts\/275195\/revisions\/275202"}],"wp:featuredmedia":[{"embeddable":true,"href":"https:\/\/vof-news.eu\/de\/wp-json\/wp\/v2\/media\/275196"}],"wp:attachment":[{"href":"https:\/\/vof-news.eu\/de\/wp-json\/wp\/v2\/media?parent=275195"}],"wp:term":[{"taxonomy":"category","embeddable":true,"href":"https:\/\/vof-news.eu\/de\/wp-json\/wp\/v2\/categories?post=275195"},{"taxonomy":"post_tag","embeddable":true,"href":"https:\/\/vof-news.eu\/de\/wp-json\/wp\/v2\/tags?post=275195"}],"curies":[{"name":"wp","href":"https:\/\/api.w.org\/{rel}","templated":true}]}}