{"id":274455,"date":"2025-09-13T23:28:15","date_gmt":"2025-09-13T20:28:15","guid":{"rendered":"https:\/\/vof-news.eu\/rumanien-meldet-eindringen-russischer-drohne-in-seinen-luftraum\/"},"modified":"2025-09-13T23:29:18","modified_gmt":"2025-09-13T20:29:18","slug":"rumanien-meldet-eindringen-russischer-drohne-in-seinen-luftraum","status":"publish","type":"post","link":"https:\/\/vof-news.eu\/de\/rumanien-meldet-eindringen-russischer-drohne-in-seinen-luftraum\/","title":{"rendered":"Rum\u00e4nien meldet Eindringen russischer Drohne in seinen Luftraum"},"content":{"rendered":"<div>\n<p>Dem rum\u00e4nischen Verteidigungsministerium in Bukarest zufolge ist eine russische Drohne in den rum\u00e4nischen Luftraum eingedrungen. Die Drohne soll w\u00e4hrend eines russischen Angriffs auf die Infrastruktur in der benachbarten <span><a href=\"https:\/\/www.zeit.de\/politik\/ausland\/ukraine-krieg-news-liveblog\" rel=\"nofollow\">Ukraine<\/a><\/span> durch den Luftraum des NATO-Mitglieds geflogen sein. Daraufhin sind zwei F-16-Kampfflugzeuge entsandt worden, um die Situation zu \u00fcberwachen.\n<\/p>\n<p>Die Flugzeuge h\u00e4tten die Drohne verfolgt, bis sie in der N\u00e4he des Dorfes Chilia Veche &#8222;vom Radar verschwand&#8220;, hie\u00df es in einer Erkl\u00e4rung des Verteidigungsministeriums. Die Drohne sei jedoch &#8222;nicht \u00fcber bewohnte Gebiete geflogen und habe so keine unmittelbare Bedrohung f\u00fcr die Sicherheit der Bev\u00f6lkerung dargestellt&#8220;, hie\u00df es weiter. Dennoch hatte der Katastrophenschutz die Bev\u00f6lkerung vor der Gefahr m\u00f6glicherweise herabfallender Gegenst\u00e4nde aus der Luft gewarnt.\n<\/p>\n<p>Seit Beginn des russischen Angriffskriegs gegen die Ukraine sind im Donaudelta mehrmals Tr\u00fcmmer russischer <span><a href=\"https:\/\/www.zeit.de\/thema\/drohne\" rel=\"nofollow\">Drohnen<\/a><\/span> auf rum\u00e4nisches Territorium gefallen \u2013 meistens nach russischen Angriffen auf die dort in Sichtweite befindlichen H\u00e4fen am ukrainischen Donau-Ufer.\u00a0\n<\/p>\n<p>Jedes Mal hatten Rum\u00e4niens Beh\u00f6rden sowie die <span><a href=\"https:\/\/www.zeit.de\/thema\/nato\" rel=\"nofollow\">NATO<\/a><\/span> erkl\u00e4rt, dass es sich um von Russland unbeabsichtigte Vorf\u00e4lle gehandelt habe. Im Februar hatte das rum\u00e4nische Oberhaus trotzdem ein Gesetz verabschiedet, das es dem Land erm\u00f6glicht, Drohnen abzuschie\u00dfen, die seinen Luftraum verletzen.\n<\/p>\n<h2>Polnische Kampfjets im Einsatz<\/h2>\n<p>Auch in <a href=\"https:\/\/www.zeit.de\/thema\/polen\" rel=\"nofollow\">Polen<\/a> kam es zuletzt zu Verletzungen des Luftraums durch das Eindringen russischer Drohnen. So war in der Nacht auf Mittwoch bei einem russischen Luftangriff auf die Ukraine eine gro\u00dfe Zahl an Drohnen auch in den Luftraum <span><a href=\"https:\/\/www.zeit.de\/thema\/polen\" rel=\"nofollow\">Polens<\/a><\/span> \u2013 und damit der NATO \u2013 geflogen. Die polnische Luftwaffe und andere <a href=\"https:\/\/www.zeit.de\/politik\/2025-09\/nato-ostflanke-verstaerkung\" rel=\"nofollow\">NATO<\/a>-Verb\u00fcndete schossen <a href=\"https:\/\/www.zeit.de\/politik\/ausland\/2025-09\/polen-nato-ukraine-drohnen-russland-warnung-luftabwehr-alarmbereitschaft\" rel=\"nofollow\">erstmals einige russische Drohnen ab<\/a>.\n<\/p>\n<p>Aufgrund der Gefahr eines russischen Drohnenangriffs sind auch am heutigen Samstag wieder Kampfjets in Polen in die Luft gestiegen. Wie das F\u00fchrungskommando der polnischen Armee in Warschau mitteilte, wurden zudem die bodengest\u00fctzten Luftabwehrsysteme am Nachmittag in h\u00f6chste Bereitschaft versetzt. Laut dem polnischen Vizeverteidigungsminister Cezary Tomczyk waren zus\u00e4tzlich Hubschrauber im Einsatz.\u00a0Der Flughafen Lublin wurde laut der Nachrichtenagentur PAP wegen der milit\u00e4rischen Aktivit\u00e4ten vor\u00fcbergehend f\u00fcr den zivilen Luftverkehr geschlossen. Nach rund zwei Stunden gab die polnische Armee bekannt, dass die Operation der Luftstreitkr\u00e4fte beendet sei und die erh\u00f6hte Alarmbereitschaft aufgehoben werde.\n<\/p>\n<p>Seit dem Vorfall am vergangenen Mittwoch erh\u00e4lt Polen zus\u00e4tzlich Unterst\u00fctzung von NATO-Verb\u00fcndeten. Mehrere europ\u00e4ische L\u00e4nder \u2013 darunter Frankreich, Deutschland und Schweden \u2013 haben eine Verst\u00e4rkung ihres Beitrags zur Luftverteidigung Polens entlang seiner \u00f6stlichen Grenze zur Ukraine und Belarus angek\u00fcndigt.\n<\/p>\n<h2>Selenskyj wirft Russland Kriegs-Ausweitung vor<\/h2>\n<p>Der <a href=\"https:\/\/www.zeit.de\/thema\/wolodymyr-selenskyj\" rel=\"nofollow\">ukrainische Pr\u00e4sident Wolodymyr Selenskyj\u00a0<\/a>sieht aufgrund der Luftalarme in Polen und Rum\u00e4nien die Gefahr, dass Russland den Krieg ausweiten k\u00f6nnte.\u00a0Die russischen Milit\u00e4rs w\u00fcssten genau, wohin ihre Drohnen fliegen, das sei keine Eigenm\u00e4chtigkeit irgendwelcher untergeordneter Kommandeure, schrieb Selenskyj auf Telegram: &#8222;Das ist eine offensichtliche Ausweitung des Kriegs durch Russland.&#8220;\n<\/p>\n<p>Dieses Vorgehen mache pr\u00e4ventive Handlungen des Westens erforderlich, teilte er weiter mit. Russland m\u00fcsse die Folgen zu sp\u00fcren bekommen, forderte Selenskyj. Einmal mehr dr\u00e4ngte er auf Sanktionen und auch auf die von <a href=\"https:\/\/www.zeit.de\/politik\/ausland\/2025-09\/donald-trump-russland-sanktionen-bedingungen-nato\" rel=\"nofollow\">US-Pr\u00e4sident Donald Trump ins Spiel gebrachten Z\u00f6lle<\/a> gegen Russlands Handel. Es sei zudem n\u00f6tig, ein gemeinsames Sicherheitssystem aufzubauen: &#8222;Wartet nicht erst auf Dutzende Drohnen und ballistische Raketen, um endlich Entscheidungen zu treffen.&#8220;\n<\/p>\n<p>Auch der <a href=\"https:\/\/www.zeit.de\/thema\/marco-rubio\" rel=\"nofollow\">US-Au\u00dfenminister Marco Rubio<\/a> bezeichnete das Eindringen russischer Drohnen in den polnischen Luftraum als inakzeptabel. Ihm zufolge sei jedoch unklar, ob <span><a href=\"https:\/\/www.zeit.de\/thema\/russland\" rel=\"nofollow\">Russland<\/a><\/span> die Drohnen absichtlich in polnisches Gebiet gesteuert habe.\n<\/p>\n<p>\n<\/p>\n<\/div>\n","protected":false},"excerpt":{"rendered":"<p>Dem rum\u00e4nischen Verteidigungsministerium in Bukarest zufolge ist eine russische Drohne in den rum\u00e4nischen Luftraum eingedrungen. Die Drohne soll w\u00e4hrend eines russischen Angriffs auf die Infrastruktur in der benachbarten Ukraine durch den Luftraum des NATO-Mitglieds geflogen sein. Daraufhin sind zwei F-16-Kampfflugzeuge entsandt worden, um die Situation zu \u00fcberwachen. Die Flugzeuge h\u00e4tten die Drohne verfolgt, bis sie<\/p>\n","protected":false},"author":1,"featured_media":274456,"comment_status":"open","ping_status":"open","sticky":false,"template":"","format":"standard","meta":{"footnotes":""},"categories":[116],"tags":[],"class_list":["post-274455","post","type-post","status-publish","format-standard","has-post-thumbnail","hentry","category-war-chronicles-de"],"acf":[],"yoast_head":"<!-- This site is optimized with the Yoast SEO plugin v22.9 - https:\/\/yoast.com\/wordpress\/plugins\/seo\/ -->\n<title>Rum\u00e4nien meldet Eindringen russischer Drohne in seinen Luftraum - vof-news.eu<\/title>\n<meta name=\"description\" content=\"Dem rum\u00e4nischen Verteidigungsministerium in Bukarest zufolge ist eine russische Drohne in den rum\u00e4nischen Luftraum eingedrungen. Die Drohne soll w\u00e4hrend eines russischen Angriffs auf die Infrastruktur in der benachbarten Ukraine durch den Luftraum des NATO-Mitglieds geflogen sein. Daraufhin sind zwei F-16-Kampfflugzeuge entsandt worden, um die Situation zu \u00fcberwachen.\" \/>\n<meta name=\"robots\" content=\"noindex, follow, max-snippet:-1, max-image-preview:large, max-video-preview:-1\" \/>\n<meta property=\"og:locale\" content=\"de_DE\" \/>\n<meta property=\"og:type\" content=\"article\" \/>\n<meta property=\"og:title\" content=\"Rum\u00e4nien meldet Eindringen russischer Drohne in seinen Luftraum - vof-news.eu\" \/>\n<meta property=\"og:description\" content=\"Dem rum\u00e4nischen Verteidigungsministerium in Bukarest zufolge ist eine russische Drohne in den rum\u00e4nischen Luftraum eingedrungen. Die Drohne soll w\u00e4hrend eines russischen Angriffs auf die Infrastruktur in der benachbarten Ukraine durch den Luftraum des NATO-Mitglieds geflogen sein. Daraufhin sind zwei F-16-Kampfflugzeuge entsandt worden, um die Situation zu \u00fcberwachen.\" \/>\n<meta property=\"og:url\" content=\"https:\/\/vof-news.eu\/de\/rumanien-meldet-eindringen-russischer-drohne-in-seinen-luftraum\/\" \/>\n<meta property=\"og:site_name\" content=\"vof-news.eu\" \/>\n<meta property=\"article:published_time\" content=\"2025-09-13T20:28:15+00:00\" \/>\n<meta property=\"article:modified_time\" content=\"2025-09-13T20:29:18+00:00\" \/>\n<meta property=\"og:image\" content=\"https:\/\/vof-news.eu\/wp-content\/uploads\/2025\/09\/wide__1000x562-50.jpg\" \/>\n\t<meta property=\"og:image:width\" content=\"1000\" \/>\n\t<meta property=\"og:image:height\" content=\"562\" \/>\n\t<meta property=\"og:image:type\" content=\"image\/jpeg\" \/>\n<meta name=\"author\" content=\"Author\" \/>\n<meta name=\"twitter:card\" content=\"summary_large_image\" \/>\n<meta name=\"twitter:label1\" content=\"Verfasst von\" \/>\n\t<meta name=\"twitter:data1\" content=\"Author\" \/>\n\t<meta name=\"twitter:label2\" content=\"Gesch\u00e4tzte Lesezeit\" \/>\n\t<meta name=\"twitter:data2\" content=\"3\u00a0Minuten\" \/>\n<script type=\"application\/ld+json\" class=\"yoast-schema-graph\">{\"@context\":\"https:\/\/schema.org\",\"@graph\":[{\"@type\":\"WebPage\",\"@id\":\"https:\/\/vof-news.eu\/de\/rumanien-meldet-eindringen-russischer-drohne-in-seinen-luftraum\/\",\"url\":\"https:\/\/vof-news.eu\/de\/rumanien-meldet-eindringen-russischer-drohne-in-seinen-luftraum\/\",\"name\":\"Rum\u00e4nien meldet Eindringen russischer Drohne in seinen Luftraum - vof-news.eu\",\"isPartOf\":{\"@id\":\"https:\/\/vof-news.eu\/de\/#website\"},\"primaryImageOfPage\":{\"@id\":\"https:\/\/vof-news.eu\/de\/rumanien-meldet-eindringen-russischer-drohne-in-seinen-luftraum\/#primaryimage\"},\"image\":{\"@id\":\"https:\/\/vof-news.eu\/de\/rumanien-meldet-eindringen-russischer-drohne-in-seinen-luftraum\/#primaryimage\"},\"thumbnailUrl\":\"https:\/\/vof-news.eu\/wp-content\/uploads\/2025\/09\/wide__1000x562-50.jpg\",\"datePublished\":\"2025-09-13T20:28:15+00:00\",\"dateModified\":\"2025-09-13T20:29:18+00:00\",\"author\":{\"@id\":\"https:\/\/vof-news.eu\/de\/#\/schema\/person\/f6a2a4309f0561835797fd8c19b333ed\"},\"description\":\"Dem rum\u00e4nischen Verteidigungsministerium in Bukarest zufolge ist eine russische Drohne in den rum\u00e4nischen Luftraum eingedrungen. Die Drohne soll w\u00e4hrend eines russischen Angriffs auf die Infrastruktur in der benachbarten Ukraine durch den Luftraum des NATO-Mitglieds geflogen sein. Daraufhin sind zwei F-16-Kampfflugzeuge entsandt worden, um die Situation zu \u00fcberwachen.\",\"breadcrumb\":{\"@id\":\"https:\/\/vof-news.eu\/de\/rumanien-meldet-eindringen-russischer-drohne-in-seinen-luftraum\/#breadcrumb\"},\"inLanguage\":\"de\",\"potentialAction\":[{\"@type\":\"ReadAction\",\"target\":[\"https:\/\/vof-news.eu\/de\/rumanien-meldet-eindringen-russischer-drohne-in-seinen-luftraum\/\"]}]},{\"@type\":\"ImageObject\",\"inLanguage\":\"de\",\"@id\":\"https:\/\/vof-news.eu\/de\/rumanien-meldet-eindringen-russischer-drohne-in-seinen-luftraum\/#primaryimage\",\"url\":\"https:\/\/vof-news.eu\/wp-content\/uploads\/2025\/09\/wide__1000x562-50.jpg\",\"contentUrl\":\"https:\/\/vof-news.eu\/wp-content\/uploads\/2025\/09\/wide__1000x562-50.jpg\",\"width\":1000,\"height\":562},{\"@type\":\"BreadcrumbList\",\"@id\":\"https:\/\/vof-news.eu\/de\/rumanien-meldet-eindringen-russischer-drohne-in-seinen-luftraum\/#breadcrumb\",\"itemListElement\":[{\"@type\":\"ListItem\",\"position\":1,\"name\":\"Home\",\"item\":\"https:\/\/vof-news.eu\/de\/\"},{\"@type\":\"ListItem\",\"position\":2,\"name\":\"Rum\u00e4nien meldet Eindringen russischer Drohne in seinen Luftraum\"}]},{\"@type\":\"WebSite\",\"@id\":\"https:\/\/vof-news.eu\/de\/#website\",\"url\":\"https:\/\/vof-news.eu\/de\/\",\"name\":\"vof-news.eu\",\"description\":\"\",\"potentialAction\":[{\"@type\":\"SearchAction\",\"target\":{\"@type\":\"EntryPoint\",\"urlTemplate\":\"https:\/\/vof-news.eu\/de\/?s={search_term_string}\"},\"query-input\":\"required name=search_term_string\"}],\"inLanguage\":\"de\"},{\"@type\":\"Person\",\"@id\":\"https:\/\/vof-news.eu\/de\/#\/schema\/person\/f6a2a4309f0561835797fd8c19b333ed\",\"name\":\"Author\",\"image\":{\"@type\":\"ImageObject\",\"inLanguage\":\"de\",\"@id\":\"https:\/\/vof-news.eu\/de\/#\/schema\/person\/image\/\",\"url\":\"https:\/\/secure.gravatar.com\/avatar\/b67e614b1b25b3e9c0c239efdd2fde5ab015b5affd6f1c3c85911ca4b384e790?s=96&d=mm&r=g\",\"contentUrl\":\"https:\/\/secure.gravatar.com\/avatar\/b67e614b1b25b3e9c0c239efdd2fde5ab015b5affd6f1c3c85911ca4b384e790?s=96&d=mm&r=g\",\"caption\":\"Author\"},\"sameAs\":[\"http:\/\/vof-news.eu\"],\"url\":\"https:\/\/vof-news.eu\/de\/author\/zwt6qxnjulxbnyg\/\"}]}<\/script>\n<!-- \/ Yoast SEO plugin. -->","yoast_head_json":{"title":"Rum\u00e4nien meldet Eindringen russischer Drohne in seinen Luftraum - vof-news.eu","description":"Dem rum\u00e4nischen Verteidigungsministerium in Bukarest zufolge ist eine russische Drohne in den rum\u00e4nischen Luftraum eingedrungen. Die Drohne soll w\u00e4hrend eines russischen Angriffs auf die Infrastruktur in der benachbarten Ukraine durch den Luftraum des NATO-Mitglieds geflogen sein. Daraufhin sind zwei F-16-Kampfflugzeuge entsandt worden, um die Situation zu \u00fcberwachen.","robots":{"index":"noindex","follow":"follow","max-snippet":"max-snippet:-1","max-image-preview":"max-image-preview:large","max-video-preview":"max-video-preview:-1"},"og_locale":"de_DE","og_type":"article","og_title":"Rum\u00e4nien meldet Eindringen russischer Drohne in seinen Luftraum - vof-news.eu","og_description":"Dem rum\u00e4nischen Verteidigungsministerium in Bukarest zufolge ist eine russische Drohne in den rum\u00e4nischen Luftraum eingedrungen. Die Drohne soll w\u00e4hrend eines russischen Angriffs auf die Infrastruktur in der benachbarten Ukraine durch den Luftraum des NATO-Mitglieds geflogen sein. Daraufhin sind zwei F-16-Kampfflugzeuge entsandt worden, um die Situation zu \u00fcberwachen.","og_url":"https:\/\/vof-news.eu\/de\/rumanien-meldet-eindringen-russischer-drohne-in-seinen-luftraum\/","og_site_name":"vof-news.eu","article_published_time":"2025-09-13T20:28:15+00:00","article_modified_time":"2025-09-13T20:29:18+00:00","og_image":[{"width":1000,"height":562,"url":"https:\/\/vof-news.eu\/wp-content\/uploads\/2025\/09\/wide__1000x562-50.jpg","type":"image\/jpeg"}],"author":"Author","twitter_card":"summary_large_image","twitter_misc":{"Verfasst von":"Author","Gesch\u00e4tzte Lesezeit":"3\u00a0Minuten"},"schema":{"@context":"https:\/\/schema.org","@graph":[{"@type":"WebPage","@id":"https:\/\/vof-news.eu\/de\/rumanien-meldet-eindringen-russischer-drohne-in-seinen-luftraum\/","url":"https:\/\/vof-news.eu\/de\/rumanien-meldet-eindringen-russischer-drohne-in-seinen-luftraum\/","name":"Rum\u00e4nien meldet Eindringen russischer Drohne in seinen Luftraum - vof-news.eu","isPartOf":{"@id":"https:\/\/vof-news.eu\/de\/#website"},"primaryImageOfPage":{"@id":"https:\/\/vof-news.eu\/de\/rumanien-meldet-eindringen-russischer-drohne-in-seinen-luftraum\/#primaryimage"},"image":{"@id":"https:\/\/vof-news.eu\/de\/rumanien-meldet-eindringen-russischer-drohne-in-seinen-luftraum\/#primaryimage"},"thumbnailUrl":"https:\/\/vof-news.eu\/wp-content\/uploads\/2025\/09\/wide__1000x562-50.jpg","datePublished":"2025-09-13T20:28:15+00:00","dateModified":"2025-09-13T20:29:18+00:00","author":{"@id":"https:\/\/vof-news.eu\/de\/#\/schema\/person\/f6a2a4309f0561835797fd8c19b333ed"},"description":"Dem rum\u00e4nischen Verteidigungsministerium in Bukarest zufolge ist eine russische Drohne in den rum\u00e4nischen Luftraum eingedrungen. Die Drohne soll w\u00e4hrend eines russischen Angriffs auf die Infrastruktur in der benachbarten Ukraine durch den Luftraum des NATO-Mitglieds geflogen sein. Daraufhin sind zwei F-16-Kampfflugzeuge entsandt worden, um die Situation zu \u00fcberwachen.","breadcrumb":{"@id":"https:\/\/vof-news.eu\/de\/rumanien-meldet-eindringen-russischer-drohne-in-seinen-luftraum\/#breadcrumb"},"inLanguage":"de","potentialAction":[{"@type":"ReadAction","target":["https:\/\/vof-news.eu\/de\/rumanien-meldet-eindringen-russischer-drohne-in-seinen-luftraum\/"]}]},{"@type":"ImageObject","inLanguage":"de","@id":"https:\/\/vof-news.eu\/de\/rumanien-meldet-eindringen-russischer-drohne-in-seinen-luftraum\/#primaryimage","url":"https:\/\/vof-news.eu\/wp-content\/uploads\/2025\/09\/wide__1000x562-50.jpg","contentUrl":"https:\/\/vof-news.eu\/wp-content\/uploads\/2025\/09\/wide__1000x562-50.jpg","width":1000,"height":562},{"@type":"BreadcrumbList","@id":"https:\/\/vof-news.eu\/de\/rumanien-meldet-eindringen-russischer-drohne-in-seinen-luftraum\/#breadcrumb","itemListElement":[{"@type":"ListItem","position":1,"name":"Home","item":"https:\/\/vof-news.eu\/de\/"},{"@type":"ListItem","position":2,"name":"Rum\u00e4nien meldet Eindringen russischer Drohne in seinen Luftraum"}]},{"@type":"WebSite","@id":"https:\/\/vof-news.eu\/de\/#website","url":"https:\/\/vof-news.eu\/de\/","name":"vof-news.eu","description":"","potentialAction":[{"@type":"SearchAction","target":{"@type":"EntryPoint","urlTemplate":"https:\/\/vof-news.eu\/de\/?s={search_term_string}"},"query-input":"required name=search_term_string"}],"inLanguage":"de"},{"@type":"Person","@id":"https:\/\/vof-news.eu\/de\/#\/schema\/person\/f6a2a4309f0561835797fd8c19b333ed","name":"Author","image":{"@type":"ImageObject","inLanguage":"de","@id":"https:\/\/vof-news.eu\/de\/#\/schema\/person\/image\/","url":"https:\/\/secure.gravatar.com\/avatar\/b67e614b1b25b3e9c0c239efdd2fde5ab015b5affd6f1c3c85911ca4b384e790?s=96&d=mm&r=g","contentUrl":"https:\/\/secure.gravatar.com\/avatar\/b67e614b1b25b3e9c0c239efdd2fde5ab015b5affd6f1c3c85911ca4b384e790?s=96&d=mm&r=g","caption":"Author"},"sameAs":["http:\/\/vof-news.eu"],"url":"https:\/\/vof-news.eu\/de\/author\/zwt6qxnjulxbnyg\/"}]}},"yoast_meta":{"yoast_wpseo_title":"","yoast_wpseo_metadesc":"","yoast_wpseo_canonical":""},"_links":{"self":[{"href":"https:\/\/vof-news.eu\/de\/wp-json\/wp\/v2\/posts\/274455","targetHints":{"allow":["GET"]}}],"collection":[{"href":"https:\/\/vof-news.eu\/de\/wp-json\/wp\/v2\/posts"}],"about":[{"href":"https:\/\/vof-news.eu\/de\/wp-json\/wp\/v2\/types\/post"}],"author":[{"embeddable":true,"href":"https:\/\/vof-news.eu\/de\/wp-json\/wp\/v2\/users\/1"}],"replies":[{"embeddable":true,"href":"https:\/\/vof-news.eu\/de\/wp-json\/wp\/v2\/comments?post=274455"}],"version-history":[{"count":1,"href":"https:\/\/vof-news.eu\/de\/wp-json\/wp\/v2\/posts\/274455\/revisions"}],"predecessor-version":[{"id":274462,"href":"https:\/\/vof-news.eu\/de\/wp-json\/wp\/v2\/posts\/274455\/revisions\/274462"}],"wp:featuredmedia":[{"embeddable":true,"href":"https:\/\/vof-news.eu\/de\/wp-json\/wp\/v2\/media\/274456"}],"wp:attachment":[{"href":"https:\/\/vof-news.eu\/de\/wp-json\/wp\/v2\/media?parent=274455"}],"wp:term":[{"taxonomy":"category","embeddable":true,"href":"https:\/\/vof-news.eu\/de\/wp-json\/wp\/v2\/categories?post=274455"},{"taxonomy":"post_tag","embeddable":true,"href":"https:\/\/vof-news.eu\/de\/wp-json\/wp\/v2\/tags?post=274455"}],"curies":[{"name":"wp","href":"https:\/\/api.w.org\/{rel}","templated":true}]}}