{"id":274365,"date":"2025-09-13T17:28:20","date_gmt":"2025-09-13T14:28:20","guid":{"rendered":"https:\/\/vof-news.eu\/tausende-menschen-bei-kundgebung-von-sahra-wagenknecht-in-berlin\/"},"modified":"2025-09-13T17:29:34","modified_gmt":"2025-09-13T14:29:34","slug":"tausende-menschen-bei-kundgebung-von-sahra-wagenknecht-in-berlin","status":"publish","type":"post","link":"https:\/\/vof-news.eu\/de\/tausende-menschen-bei-kundgebung-von-sahra-wagenknecht-in-berlin\/","title":{"rendered":"Tausende Menschen bei Kundgebung von Sahra Wagenknecht in Berlin"},"content":{"rendered":"<div>\n<p>In <span><a href=\"https:\/\/www.zeit.de\/thema\/berlin\" rel=\"nofollow\">Berlin<\/a><\/span> hat eine unter anderem von der BSW-Parteichefin <a href=\"https:\/\/www.zeit.de\/thema\/sahra-wagenknecht\" rel=\"nofollow\">Sahra Wagenknecht<\/a> angemeldete Demonstration gegen die Kriege im <a href=\"https:\/\/www.zeit.de\/thema\/gazastreifen\" rel=\"nofollow\">Gazastreifen<\/a> und der <a href=\"https:\/\/www.zeit.de\/thema\/krieg-in-ukraine\" rel=\"nofollow\">Ukraine<\/a> begonnen. Zu der Kundgebung am Brandenburger Tor hatten au\u00dfer Wagenknecht unter anderem <a href=\"https:\/\/www.zeit.de\/kultur\/2025-08\/hallervorden-interview-90-geburtstag\" rel=\"nofollow\">der Kabarettist Dieter Hallervorden<\/a> sowie die Rapper Massiv und Bausa aufgerufen. Nach Angaben einer Polizeisprecherin nahmen zu Beginn rund 8.000 Menschen teil, es gebe zudem noch &#8222;deutlichen Zustrom&#8220;. Im Vorfeld war mit bis zu 15.000 Teilnehmenden gerechnet worden.\n<\/p>\n<p>Die Veranstaltung steht unter dem Motto &#8222;Stoppt den V\u00f6lkermord in Gaza&#8220;. Neben dem <a href=\"https:\/\/www.zeit.de\/thema\/nahost\" rel=\"nofollow\">Krieg im Nahen Osten<\/a> thematisieren die Initiatoren auch den russischen Angriffskrieg gegen die <span><a href=\"https:\/\/www.zeit.de\/politik\/ausland\/ukraine-krieg-news-liveblog\" rel=\"nofollow\">Ukraine<\/a><\/span>. Sie fordern die Bundesregierung auf, sich &#8222;aktiv und glaubw\u00fcrdig&#8220; f\u00fcr Friedensverhandlungen in beiden Konflikten einzusetzen. Zudem verlangen sie ein Ende von <a href=\"https:\/\/www.zeit.de\/thema\/waffenlieferung\" rel=\"nofollow\">Waffenlieferungen <\/a>in Kriegsgebiete.\n<\/p>\n<p>Ausl\u00f6ser des aktuellen Krieges im <span><a href=\"https:\/\/www.zeit.de\/thema\/gazastreifen\" rel=\"nofollow\">Gazastreifen<\/a><\/span> war der <a href=\"https:\/\/www.zeit.de\/thema\/hamas\" rel=\"nofollow\">Gro\u00dfangriff der Hamas<\/a> und anderer islamistischer Gruppen auf Israel am 7. Oktober 2023, bei dem mehr als 1.200 Menschen get\u00f6tet und 251 Personen als <a href=\"https:\/\/www.zeit.de\/thema\/geiselnahme\" rel=\"nofollow\">Geiseln in den Gazastreifen<\/a> verschleppt wurden. Seitdem f\u00fchrt Israel eine gro\u00dfangelegte milit\u00e4rische Offensive in dem Pal\u00e4stinensergebiet. Nach Angaben der Hamas-Beh\u00f6rden vor Ort, die nicht unabh\u00e4ngig \u00fcberpr\u00fcft werden k\u00f6nnen, kamen bislang mehr als 64.700 Menschen ums Leben.\n<\/p>\n<\/p>\n<\/div>\n","protected":false},"excerpt":{"rendered":"<p>In Berlin hat eine unter anderem von der BSW-Parteichefin Sahra Wagenknecht angemeldete Demonstration gegen die Kriege im Gazastreifen und der Ukraine begonnen. Zu der Kundgebung am Brandenburger Tor hatten au\u00dfer Wagenknecht unter anderem der Kabarettist Dieter Hallervorden sowie die Rapper Massiv und Bausa aufgerufen. Nach Angaben einer Polizeisprecherin nahmen zu Beginn rund 8.000 Menschen teil,<\/p>\n","protected":false},"author":1,"featured_media":274366,"comment_status":"open","ping_status":"open","sticky":false,"template":"","format":"standard","meta":{"footnotes":""},"categories":[116],"tags":[],"class_list":["post-274365","post","type-post","status-publish","format-standard","has-post-thumbnail","hentry","category-war-chronicles-de"],"acf":[],"yoast_head":"<!-- This site is optimized with the Yoast SEO plugin v22.9 - https:\/\/yoast.com\/wordpress\/plugins\/seo\/ -->\n<title>Tausende Menschen bei Kundgebung von Sahra Wagenknecht in Berlin - vof-news.eu<\/title>\n<meta name=\"description\" content=\"In Berlin hat eine unter anderem von der BSW-Parteichefin Sahra Wagenknecht angemeldete Demonstration gegen die Kriege im Gazastreifen und der Ukraine begonnen. Zu der Kundgebung am Brandenburger Tor hatten au\u00dfer Wagenknecht unter anderem der Kabarettist Dieter Hallervorden sowie die Rapper Massiv und Bausa aufgerufen. Nach Angaben einer Polizeisprecherin nahmen zu Beginn rund 8.000 Menschen teil, es gebe zudem noch &quot;deutlichen Zustrom&quot;. Im Vorfeld war mit bis zu 15.000 Teilnehmenden gerechnet worden.\" \/>\n<meta name=\"robots\" content=\"noindex, follow, max-snippet:-1, max-image-preview:large, max-video-preview:-1\" \/>\n<meta property=\"og:locale\" content=\"de_DE\" \/>\n<meta property=\"og:type\" content=\"article\" \/>\n<meta property=\"og:title\" content=\"Tausende Menschen bei Kundgebung von Sahra Wagenknecht in Berlin - vof-news.eu\" \/>\n<meta property=\"og:description\" content=\"In Berlin hat eine unter anderem von der BSW-Parteichefin Sahra Wagenknecht angemeldete Demonstration gegen die Kriege im Gazastreifen und der Ukraine begonnen. Zu der Kundgebung am Brandenburger Tor hatten au\u00dfer Wagenknecht unter anderem der Kabarettist Dieter Hallervorden sowie die Rapper Massiv und Bausa aufgerufen. Nach Angaben einer Polizeisprecherin nahmen zu Beginn rund 8.000 Menschen teil, es gebe zudem noch &quot;deutlichen Zustrom&quot;. Im Vorfeld war mit bis zu 15.000 Teilnehmenden gerechnet worden.\" \/>\n<meta property=\"og:url\" content=\"https:\/\/vof-news.eu\/de\/tausende-menschen-bei-kundgebung-von-sahra-wagenknecht-in-berlin\/\" \/>\n<meta property=\"og:site_name\" content=\"vof-news.eu\" \/>\n<meta property=\"article:published_time\" content=\"2025-09-13T14:28:20+00:00\" \/>\n<meta property=\"article:modified_time\" content=\"2025-09-13T14:29:34+00:00\" \/>\n<meta property=\"og:image\" content=\"https:\/\/vof-news.eu\/wp-content\/uploads\/2025\/09\/wide__1000x562-47.jpg\" \/>\n\t<meta property=\"og:image:width\" content=\"1000\" \/>\n\t<meta property=\"og:image:height\" content=\"562\" \/>\n\t<meta property=\"og:image:type\" content=\"image\/jpeg\" \/>\n<meta name=\"author\" content=\"Author\" \/>\n<meta name=\"twitter:card\" content=\"summary_large_image\" \/>\n<meta name=\"twitter:label1\" content=\"Verfasst von\" \/>\n\t<meta name=\"twitter:data1\" content=\"Author\" \/>\n\t<meta name=\"twitter:label2\" content=\"Gesch\u00e4tzte Lesezeit\" \/>\n\t<meta name=\"twitter:data2\" content=\"1\u00a0Minute\" \/>\n<script type=\"application\/ld+json\" class=\"yoast-schema-graph\">{\"@context\":\"https:\/\/schema.org\",\"@graph\":[{\"@type\":\"WebPage\",\"@id\":\"https:\/\/vof-news.eu\/de\/tausende-menschen-bei-kundgebung-von-sahra-wagenknecht-in-berlin\/\",\"url\":\"https:\/\/vof-news.eu\/de\/tausende-menschen-bei-kundgebung-von-sahra-wagenknecht-in-berlin\/\",\"name\":\"Tausende Menschen bei Kundgebung von Sahra Wagenknecht in Berlin - vof-news.eu\",\"isPartOf\":{\"@id\":\"https:\/\/vof-news.eu\/de\/#website\"},\"primaryImageOfPage\":{\"@id\":\"https:\/\/vof-news.eu\/de\/tausende-menschen-bei-kundgebung-von-sahra-wagenknecht-in-berlin\/#primaryimage\"},\"image\":{\"@id\":\"https:\/\/vof-news.eu\/de\/tausende-menschen-bei-kundgebung-von-sahra-wagenknecht-in-berlin\/#primaryimage\"},\"thumbnailUrl\":\"https:\/\/vof-news.eu\/wp-content\/uploads\/2025\/09\/wide__1000x562-47.jpg\",\"datePublished\":\"2025-09-13T14:28:20+00:00\",\"dateModified\":\"2025-09-13T14:29:34+00:00\",\"author\":{\"@id\":\"https:\/\/vof-news.eu\/de\/#\/schema\/person\/f6a2a4309f0561835797fd8c19b333ed\"},\"description\":\"In Berlin hat eine unter anderem von der BSW-Parteichefin Sahra Wagenknecht angemeldete Demonstration gegen die Kriege im Gazastreifen und der Ukraine begonnen. Zu der Kundgebung am Brandenburger Tor hatten au\u00dfer Wagenknecht unter anderem der Kabarettist Dieter Hallervorden sowie die Rapper Massiv und Bausa aufgerufen. Nach Angaben einer Polizeisprecherin nahmen zu Beginn rund 8.000 Menschen teil, es gebe zudem noch \\\"deutlichen Zustrom\\\". Im Vorfeld war mit bis zu 15.000 Teilnehmenden gerechnet worden.\",\"breadcrumb\":{\"@id\":\"https:\/\/vof-news.eu\/de\/tausende-menschen-bei-kundgebung-von-sahra-wagenknecht-in-berlin\/#breadcrumb\"},\"inLanguage\":\"de\",\"potentialAction\":[{\"@type\":\"ReadAction\",\"target\":[\"https:\/\/vof-news.eu\/de\/tausende-menschen-bei-kundgebung-von-sahra-wagenknecht-in-berlin\/\"]}]},{\"@type\":\"ImageObject\",\"inLanguage\":\"de\",\"@id\":\"https:\/\/vof-news.eu\/de\/tausende-menschen-bei-kundgebung-von-sahra-wagenknecht-in-berlin\/#primaryimage\",\"url\":\"https:\/\/vof-news.eu\/wp-content\/uploads\/2025\/09\/wide__1000x562-47.jpg\",\"contentUrl\":\"https:\/\/vof-news.eu\/wp-content\/uploads\/2025\/09\/wide__1000x562-47.jpg\",\"width\":1000,\"height\":562},{\"@type\":\"BreadcrumbList\",\"@id\":\"https:\/\/vof-news.eu\/de\/tausende-menschen-bei-kundgebung-von-sahra-wagenknecht-in-berlin\/#breadcrumb\",\"itemListElement\":[{\"@type\":\"ListItem\",\"position\":1,\"name\":\"Home\",\"item\":\"https:\/\/vof-news.eu\/de\/\"},{\"@type\":\"ListItem\",\"position\":2,\"name\":\"Tausende Menschen bei Kundgebung von Sahra Wagenknecht in Berlin\"}]},{\"@type\":\"WebSite\",\"@id\":\"https:\/\/vof-news.eu\/de\/#website\",\"url\":\"https:\/\/vof-news.eu\/de\/\",\"name\":\"vof-news.eu\",\"description\":\"\",\"potentialAction\":[{\"@type\":\"SearchAction\",\"target\":{\"@type\":\"EntryPoint\",\"urlTemplate\":\"https:\/\/vof-news.eu\/de\/?s={search_term_string}\"},\"query-input\":\"required name=search_term_string\"}],\"inLanguage\":\"de\"},{\"@type\":\"Person\",\"@id\":\"https:\/\/vof-news.eu\/de\/#\/schema\/person\/f6a2a4309f0561835797fd8c19b333ed\",\"name\":\"Author\",\"image\":{\"@type\":\"ImageObject\",\"inLanguage\":\"de\",\"@id\":\"https:\/\/vof-news.eu\/de\/#\/schema\/person\/image\/\",\"url\":\"https:\/\/secure.gravatar.com\/avatar\/b67e614b1b25b3e9c0c239efdd2fde5ab015b5affd6f1c3c85911ca4b384e790?s=96&d=mm&r=g\",\"contentUrl\":\"https:\/\/secure.gravatar.com\/avatar\/b67e614b1b25b3e9c0c239efdd2fde5ab015b5affd6f1c3c85911ca4b384e790?s=96&d=mm&r=g\",\"caption\":\"Author\"},\"sameAs\":[\"http:\/\/vof-news.eu\"],\"url\":\"https:\/\/vof-news.eu\/de\/author\/zwt6qxnjulxbnyg\/\"}]}<\/script>\n<!-- \/ Yoast SEO plugin. -->","yoast_head_json":{"title":"Tausende Menschen bei Kundgebung von Sahra Wagenknecht in Berlin - vof-news.eu","description":"In Berlin hat eine unter anderem von der BSW-Parteichefin Sahra Wagenknecht angemeldete Demonstration gegen die Kriege im Gazastreifen und der Ukraine begonnen. Zu der Kundgebung am Brandenburger Tor hatten au\u00dfer Wagenknecht unter anderem der Kabarettist Dieter Hallervorden sowie die Rapper Massiv und Bausa aufgerufen. Nach Angaben einer Polizeisprecherin nahmen zu Beginn rund 8.000 Menschen teil, es gebe zudem noch \"deutlichen Zustrom\". Im Vorfeld war mit bis zu 15.000 Teilnehmenden gerechnet worden.","robots":{"index":"noindex","follow":"follow","max-snippet":"max-snippet:-1","max-image-preview":"max-image-preview:large","max-video-preview":"max-video-preview:-1"},"og_locale":"de_DE","og_type":"article","og_title":"Tausende Menschen bei Kundgebung von Sahra Wagenknecht in Berlin - vof-news.eu","og_description":"In Berlin hat eine unter anderem von der BSW-Parteichefin Sahra Wagenknecht angemeldete Demonstration gegen die Kriege im Gazastreifen und der Ukraine begonnen. Zu der Kundgebung am Brandenburger Tor hatten au\u00dfer Wagenknecht unter anderem der Kabarettist Dieter Hallervorden sowie die Rapper Massiv und Bausa aufgerufen. Nach Angaben einer Polizeisprecherin nahmen zu Beginn rund 8.000 Menschen teil, es gebe zudem noch \"deutlichen Zustrom\". Im Vorfeld war mit bis zu 15.000 Teilnehmenden gerechnet worden.","og_url":"https:\/\/vof-news.eu\/de\/tausende-menschen-bei-kundgebung-von-sahra-wagenknecht-in-berlin\/","og_site_name":"vof-news.eu","article_published_time":"2025-09-13T14:28:20+00:00","article_modified_time":"2025-09-13T14:29:34+00:00","og_image":[{"width":1000,"height":562,"url":"https:\/\/vof-news.eu\/wp-content\/uploads\/2025\/09\/wide__1000x562-47.jpg","type":"image\/jpeg"}],"author":"Author","twitter_card":"summary_large_image","twitter_misc":{"Verfasst von":"Author","Gesch\u00e4tzte Lesezeit":"1\u00a0Minute"},"schema":{"@context":"https:\/\/schema.org","@graph":[{"@type":"WebPage","@id":"https:\/\/vof-news.eu\/de\/tausende-menschen-bei-kundgebung-von-sahra-wagenknecht-in-berlin\/","url":"https:\/\/vof-news.eu\/de\/tausende-menschen-bei-kundgebung-von-sahra-wagenknecht-in-berlin\/","name":"Tausende Menschen bei Kundgebung von Sahra Wagenknecht in Berlin - vof-news.eu","isPartOf":{"@id":"https:\/\/vof-news.eu\/de\/#website"},"primaryImageOfPage":{"@id":"https:\/\/vof-news.eu\/de\/tausende-menschen-bei-kundgebung-von-sahra-wagenknecht-in-berlin\/#primaryimage"},"image":{"@id":"https:\/\/vof-news.eu\/de\/tausende-menschen-bei-kundgebung-von-sahra-wagenknecht-in-berlin\/#primaryimage"},"thumbnailUrl":"https:\/\/vof-news.eu\/wp-content\/uploads\/2025\/09\/wide__1000x562-47.jpg","datePublished":"2025-09-13T14:28:20+00:00","dateModified":"2025-09-13T14:29:34+00:00","author":{"@id":"https:\/\/vof-news.eu\/de\/#\/schema\/person\/f6a2a4309f0561835797fd8c19b333ed"},"description":"In Berlin hat eine unter anderem von der BSW-Parteichefin Sahra Wagenknecht angemeldete Demonstration gegen die Kriege im Gazastreifen und der Ukraine begonnen. Zu der Kundgebung am Brandenburger Tor hatten au\u00dfer Wagenknecht unter anderem der Kabarettist Dieter Hallervorden sowie die Rapper Massiv und Bausa aufgerufen. Nach Angaben einer Polizeisprecherin nahmen zu Beginn rund 8.000 Menschen teil, es gebe zudem noch \"deutlichen Zustrom\". Im Vorfeld war mit bis zu 15.000 Teilnehmenden gerechnet worden.","breadcrumb":{"@id":"https:\/\/vof-news.eu\/de\/tausende-menschen-bei-kundgebung-von-sahra-wagenknecht-in-berlin\/#breadcrumb"},"inLanguage":"de","potentialAction":[{"@type":"ReadAction","target":["https:\/\/vof-news.eu\/de\/tausende-menschen-bei-kundgebung-von-sahra-wagenknecht-in-berlin\/"]}]},{"@type":"ImageObject","inLanguage":"de","@id":"https:\/\/vof-news.eu\/de\/tausende-menschen-bei-kundgebung-von-sahra-wagenknecht-in-berlin\/#primaryimage","url":"https:\/\/vof-news.eu\/wp-content\/uploads\/2025\/09\/wide__1000x562-47.jpg","contentUrl":"https:\/\/vof-news.eu\/wp-content\/uploads\/2025\/09\/wide__1000x562-47.jpg","width":1000,"height":562},{"@type":"BreadcrumbList","@id":"https:\/\/vof-news.eu\/de\/tausende-menschen-bei-kundgebung-von-sahra-wagenknecht-in-berlin\/#breadcrumb","itemListElement":[{"@type":"ListItem","position":1,"name":"Home","item":"https:\/\/vof-news.eu\/de\/"},{"@type":"ListItem","position":2,"name":"Tausende Menschen bei Kundgebung von Sahra Wagenknecht in Berlin"}]},{"@type":"WebSite","@id":"https:\/\/vof-news.eu\/de\/#website","url":"https:\/\/vof-news.eu\/de\/","name":"vof-news.eu","description":"","potentialAction":[{"@type":"SearchAction","target":{"@type":"EntryPoint","urlTemplate":"https:\/\/vof-news.eu\/de\/?s={search_term_string}"},"query-input":"required name=search_term_string"}],"inLanguage":"de"},{"@type":"Person","@id":"https:\/\/vof-news.eu\/de\/#\/schema\/person\/f6a2a4309f0561835797fd8c19b333ed","name":"Author","image":{"@type":"ImageObject","inLanguage":"de","@id":"https:\/\/vof-news.eu\/de\/#\/schema\/person\/image\/","url":"https:\/\/secure.gravatar.com\/avatar\/b67e614b1b25b3e9c0c239efdd2fde5ab015b5affd6f1c3c85911ca4b384e790?s=96&d=mm&r=g","contentUrl":"https:\/\/secure.gravatar.com\/avatar\/b67e614b1b25b3e9c0c239efdd2fde5ab015b5affd6f1c3c85911ca4b384e790?s=96&d=mm&r=g","caption":"Author"},"sameAs":["http:\/\/vof-news.eu"],"url":"https:\/\/vof-news.eu\/de\/author\/zwt6qxnjulxbnyg\/"}]}},"yoast_meta":{"yoast_wpseo_title":"","yoast_wpseo_metadesc":"","yoast_wpseo_canonical":""},"_links":{"self":[{"href":"https:\/\/vof-news.eu\/de\/wp-json\/wp\/v2\/posts\/274365","targetHints":{"allow":["GET"]}}],"collection":[{"href":"https:\/\/vof-news.eu\/de\/wp-json\/wp\/v2\/posts"}],"about":[{"href":"https:\/\/vof-news.eu\/de\/wp-json\/wp\/v2\/types\/post"}],"author":[{"embeddable":true,"href":"https:\/\/vof-news.eu\/de\/wp-json\/wp\/v2\/users\/1"}],"replies":[{"embeddable":true,"href":"https:\/\/vof-news.eu\/de\/wp-json\/wp\/v2\/comments?post=274365"}],"version-history":[{"count":1,"href":"https:\/\/vof-news.eu\/de\/wp-json\/wp\/v2\/posts\/274365\/revisions"}],"predecessor-version":[{"id":274372,"href":"https:\/\/vof-news.eu\/de\/wp-json\/wp\/v2\/posts\/274365\/revisions\/274372"}],"wp:featuredmedia":[{"embeddable":true,"href":"https:\/\/vof-news.eu\/de\/wp-json\/wp\/v2\/media\/274366"}],"wp:attachment":[{"href":"https:\/\/vof-news.eu\/de\/wp-json\/wp\/v2\/media?parent=274365"}],"wp:term":[{"taxonomy":"category","embeddable":true,"href":"https:\/\/vof-news.eu\/de\/wp-json\/wp\/v2\/categories?post=274365"},{"taxonomy":"post_tag","embeddable":true,"href":"https:\/\/vof-news.eu\/de\/wp-json\/wp\/v2\/tags?post=274365"}],"curies":[{"name":"wp","href":"https:\/\/api.w.org\/{rel}","templated":true}]}}