{"id":274127,"date":"2025-09-12T19:28:11","date_gmt":"2025-09-12T16:28:11","guid":{"rendered":"https:\/\/vof-news.eu\/nato-setzt-neue-militaroperation-zur-starkung-der-ostflanke-auf\/"},"modified":"2025-09-12T19:29:23","modified_gmt":"2025-09-12T16:29:23","slug":"nato-setzt-neue-militaroperation-zur-starkung-der-ostflanke-auf","status":"publish","type":"post","link":"https:\/\/vof-news.eu\/de\/nato-setzt-neue-militaroperation-zur-starkung-der-ostflanke-auf\/","title":{"rendered":"Nato setzt neue Milit\u00e4roperation zur St\u00e4rkung der Ostflanke auf"},"content":{"rendered":"<div>\n<p>Nach den mutma\u00dflich vors\u00e4tzlichen Luftraumverletzungen durch Russland startet die <span><a href=\"https:\/\/www.zeit.de\/thema\/nato\" rel=\"nofollow\">Nato<\/a><\/span> eine neue Milit\u00e4roperation zum Schutz ihrer Ostflanke. Das teilte Generalsekret\u00e4r Mark Rutte in einer Pressekonferenz mit dem Oberbefehlshaber der alliierten Streitkr\u00e4fte in Europa, Alexus Grynkewich, mit. Demnach sollen bei der Operation mit dem Namen Eastern Sentry (deutsch etwa: W\u00e4chter des Ostens) unter anderem zus\u00e4tzliche \u00dcberwachungs- und Flugabwehrkapazit\u00e4ten zum Einsatz kommen.\n<\/p>\n<p>Mehrere B\u00fcndnisstaaten hatten zuvor bereits zus\u00e4tzliche Mittel zugesagt, darunter auch Deutschland. Die <span><a href=\"https:\/\/www.zeit.de\/thema\/bundeswehr\" rel=\"nofollow\">Bundeswehr<\/a><\/span> stellt k\u00fcnftig vier statt nur zwei Kampfjets vom Typ Eurofighter bereit, um sich an bewaffneten Schutzfl\u00fcgen \u00fcber Polen zu beteiligen. Sie sind auf dem Fliegerhorst in Rostock-Laage stationiert und sollen mindestens bis Jahresende f\u00fcr Luftverteidigungseins\u00e4tze im polnischen Luftraum bereitstehen. Frankreich will drei Rafale-Kampfjets f\u00fcr die \u00dcberwachung des Luftraums an der Ostflanke zur Verf\u00fcgung stellen, D\u00e4nemark zwei F-16 und eine Fregatte.\n<\/p>\n<p>Zu der Nato-Luftraumverletzung war es am Mittwoch zeitgleich mit einem russischen Angriff auf die <span><a href=\"https:\/\/www.zeit.de\/politik\/ausland\/ukraine-krieg-news-liveblog\" rel=\"nofollow\">Ukraine<\/a><\/span> gekommen. Nach offiziellen Angaben drangen 19 mutma\u00dflich russische Drohnen vom Bautyp Shahed in den Luftraum Polens ein, wovon <a href=\"https:\/\/www.zeit.de\/politik\/ausland\/2025-09\/polen-nato-ukraine-drohnen-russland-warnung-luftabwehr-alarmbereitschaft\" rel=\"nofollow\">mehrere abgeschossen wurden<\/a>.\n<\/p>\n<h2>Westliche Politiker gehen von vors\u00e4tzlicher Luftraumverletzung aus<\/h2>\n<p>Danach sagten einige westliche Politiker, es gebe Hinweise, denen zufolge die Luftraumverletzung kein Versehen war. Unklar ist bislang allerdings, ob die <span><a href=\"https:\/\/www.zeit.de\/thema\/drohne\" rel=\"nofollow\">Drohnen<\/a><\/span> auf die Zerst\u00f6rung von Zielen auf Nato-Territorium programmiert waren oder m\u00f6glicherweise nur als Provokation oder <a href=\"https:\/\/www.zeit.de\/politik\/ausland\/2025-09\/russland-drohen-polen-test-krieg-ukraine\" rel=\"nofollow\">Test der Nato-Flugabwehr<\/a> gedacht waren.\n<\/p>\n<p>Der Einsch\u00e4tzung von US-Pr\u00e4sident Donald Trump, wonach es sich um einen Fehler handeln k\u00f6nnte, hatte <span><a href=\"https:\/\/www.zeit.de\/thema\/polen\" rel=\"nofollow\">Polens<\/a><\/span>\u00a0Regierungschef Donald Tusk zuletzt vehement widersprochen. &#8222;Wir w\u00fcrden uns auch w\u00fcnschen, dass der Drohnenangriff auf Polen ein Fehler war&#8220;, schrieb Tusk auf X. &#8222;War er aber nicht. Und wir wissen das.&#8220; Bei einer Pressekonferenz f\u00fcgte er hinzu, Polens Geheimdienste und Milit\u00e4r h\u00e4tten ausreichend Informationen dazu, wer verantwortlich sei. Man kenne die Urheber, den Startort der Drohnen und die Absicht hinter der Aktion.\n<\/p>\n<p>An dem Abwehreinsatz gegen die Luftraumverletzung am Mittwoch waren nach Nato-Angaben neben polnischen F-16-Kampfjets auch niederl\u00e4ndische F-35, italienische Flugzeuge sowie deutsche Patriot-Flugabwehrsysteme beteiligt. Zudem wurden auch ein Awacs-Spezialflugzeug der Nato zur Luftraum\u00fcberwachung sowie milit\u00e4rische Tank- und Transportflugzeuge.\n<\/p>\n<\/p>\n<\/div>\n","protected":false},"excerpt":{"rendered":"<p>Nach den mutma\u00dflich vors\u00e4tzlichen Luftraumverletzungen durch Russland startet die Nato eine neue Milit\u00e4roperation zum Schutz ihrer Ostflanke. Das teilte Generalsekret\u00e4r Mark Rutte in einer Pressekonferenz mit dem Oberbefehlshaber der alliierten Streitkr\u00e4fte in Europa, Alexus Grynkewich, mit. Demnach sollen bei der Operation mit dem Namen Eastern Sentry (deutsch etwa: W\u00e4chter des Ostens) unter anderem zus\u00e4tzliche \u00dcberwachungs-<\/p>\n","protected":false},"author":1,"featured_media":274128,"comment_status":"open","ping_status":"open","sticky":false,"template":"","format":"standard","meta":{"footnotes":""},"categories":[116],"tags":[],"class_list":["post-274127","post","type-post","status-publish","format-standard","has-post-thumbnail","hentry","category-war-chronicles-de"],"acf":[],"yoast_head":"<!-- This site is optimized with the Yoast SEO plugin v22.9 - https:\/\/yoast.com\/wordpress\/plugins\/seo\/ -->\n<title>Nato setzt neue Milit\u00e4roperation zur St\u00e4rkung der Ostflanke auf - vof-news.eu<\/title>\n<meta name=\"description\" content=\"Nach den mutma\u00dflich vors\u00e4tzlichen Luftraumverletzungen durch Russland startet die Nato eine neue Milit\u00e4roperation zum Schutz ihrer Ostflanke. Das teilte Generalsekret\u00e4r Mark Rutte in einer Pressekonferenz mit dem Oberbefehlshaber der alliierten Streitkr\u00e4fte in Europa, Alexus Grynkewich, mit. Demnach sollen bei der Operation mit dem Namen Eastern Sentry (deutsch etwa: W\u00e4chter des Ostens) unter anderem zus\u00e4tzliche \u00dcberwachungs- und Flugabwehrkapazit\u00e4ten zum Einsatz kommen.\" \/>\n<meta name=\"robots\" content=\"noindex, follow, max-snippet:-1, max-image-preview:large, max-video-preview:-1\" \/>\n<meta property=\"og:locale\" content=\"de_DE\" \/>\n<meta property=\"og:type\" content=\"article\" \/>\n<meta property=\"og:title\" content=\"Nato setzt neue Milit\u00e4roperation zur St\u00e4rkung der Ostflanke auf - vof-news.eu\" \/>\n<meta property=\"og:description\" content=\"Nach den mutma\u00dflich vors\u00e4tzlichen Luftraumverletzungen durch Russland startet die Nato eine neue Milit\u00e4roperation zum Schutz ihrer Ostflanke. Das teilte Generalsekret\u00e4r Mark Rutte in einer Pressekonferenz mit dem Oberbefehlshaber der alliierten Streitkr\u00e4fte in Europa, Alexus Grynkewich, mit. Demnach sollen bei der Operation mit dem Namen Eastern Sentry (deutsch etwa: W\u00e4chter des Ostens) unter anderem zus\u00e4tzliche \u00dcberwachungs- und Flugabwehrkapazit\u00e4ten zum Einsatz kommen.\" \/>\n<meta property=\"og:url\" content=\"https:\/\/vof-news.eu\/de\/nato-setzt-neue-militaroperation-zur-starkung-der-ostflanke-auf\/\" \/>\n<meta property=\"og:site_name\" content=\"vof-news.eu\" \/>\n<meta property=\"article:published_time\" content=\"2025-09-12T16:28:11+00:00\" \/>\n<meta property=\"article:modified_time\" content=\"2025-09-12T16:29:23+00:00\" \/>\n<meta property=\"og:image\" content=\"https:\/\/vof-news.eu\/wp-content\/uploads\/2025\/09\/wide__1000x562-44.jpg\" \/>\n\t<meta property=\"og:image:width\" content=\"1000\" \/>\n\t<meta property=\"og:image:height\" content=\"562\" \/>\n\t<meta property=\"og:image:type\" content=\"image\/jpeg\" \/>\n<meta name=\"author\" content=\"Author\" \/>\n<meta name=\"twitter:card\" content=\"summary_large_image\" \/>\n<meta name=\"twitter:label1\" content=\"Verfasst von\" \/>\n\t<meta name=\"twitter:data1\" content=\"Author\" \/>\n\t<meta name=\"twitter:label2\" content=\"Gesch\u00e4tzte Lesezeit\" \/>\n\t<meta name=\"twitter:data2\" content=\"2\u00a0Minuten\" \/>\n<script type=\"application\/ld+json\" class=\"yoast-schema-graph\">{\"@context\":\"https:\/\/schema.org\",\"@graph\":[{\"@type\":\"WebPage\",\"@id\":\"https:\/\/vof-news.eu\/de\/nato-setzt-neue-militaroperation-zur-starkung-der-ostflanke-auf\/\",\"url\":\"https:\/\/vof-news.eu\/de\/nato-setzt-neue-militaroperation-zur-starkung-der-ostflanke-auf\/\",\"name\":\"Nato setzt neue Milit\u00e4roperation zur St\u00e4rkung der Ostflanke auf - vof-news.eu\",\"isPartOf\":{\"@id\":\"https:\/\/vof-news.eu\/de\/#website\"},\"primaryImageOfPage\":{\"@id\":\"https:\/\/vof-news.eu\/de\/nato-setzt-neue-militaroperation-zur-starkung-der-ostflanke-auf\/#primaryimage\"},\"image\":{\"@id\":\"https:\/\/vof-news.eu\/de\/nato-setzt-neue-militaroperation-zur-starkung-der-ostflanke-auf\/#primaryimage\"},\"thumbnailUrl\":\"https:\/\/vof-news.eu\/wp-content\/uploads\/2025\/09\/wide__1000x562-44.jpg\",\"datePublished\":\"2025-09-12T16:28:11+00:00\",\"dateModified\":\"2025-09-12T16:29:23+00:00\",\"author\":{\"@id\":\"https:\/\/vof-news.eu\/de\/#\/schema\/person\/f6a2a4309f0561835797fd8c19b333ed\"},\"description\":\"Nach den mutma\u00dflich vors\u00e4tzlichen Luftraumverletzungen durch Russland startet die Nato eine neue Milit\u00e4roperation zum Schutz ihrer Ostflanke. Das teilte Generalsekret\u00e4r Mark Rutte in einer Pressekonferenz mit dem Oberbefehlshaber der alliierten Streitkr\u00e4fte in Europa, Alexus Grynkewich, mit. Demnach sollen bei der Operation mit dem Namen Eastern Sentry (deutsch etwa: W\u00e4chter des Ostens) unter anderem zus\u00e4tzliche \u00dcberwachungs- und Flugabwehrkapazit\u00e4ten zum Einsatz kommen.\",\"breadcrumb\":{\"@id\":\"https:\/\/vof-news.eu\/de\/nato-setzt-neue-militaroperation-zur-starkung-der-ostflanke-auf\/#breadcrumb\"},\"inLanguage\":\"de\",\"potentialAction\":[{\"@type\":\"ReadAction\",\"target\":[\"https:\/\/vof-news.eu\/de\/nato-setzt-neue-militaroperation-zur-starkung-der-ostflanke-auf\/\"]}]},{\"@type\":\"ImageObject\",\"inLanguage\":\"de\",\"@id\":\"https:\/\/vof-news.eu\/de\/nato-setzt-neue-militaroperation-zur-starkung-der-ostflanke-auf\/#primaryimage\",\"url\":\"https:\/\/vof-news.eu\/wp-content\/uploads\/2025\/09\/wide__1000x562-44.jpg\",\"contentUrl\":\"https:\/\/vof-news.eu\/wp-content\/uploads\/2025\/09\/wide__1000x562-44.jpg\",\"width\":1000,\"height\":562},{\"@type\":\"BreadcrumbList\",\"@id\":\"https:\/\/vof-news.eu\/de\/nato-setzt-neue-militaroperation-zur-starkung-der-ostflanke-auf\/#breadcrumb\",\"itemListElement\":[{\"@type\":\"ListItem\",\"position\":1,\"name\":\"Home\",\"item\":\"https:\/\/vof-news.eu\/de\/\"},{\"@type\":\"ListItem\",\"position\":2,\"name\":\"Nato setzt neue Milit\u00e4roperation zur St\u00e4rkung der Ostflanke auf\"}]},{\"@type\":\"WebSite\",\"@id\":\"https:\/\/vof-news.eu\/de\/#website\",\"url\":\"https:\/\/vof-news.eu\/de\/\",\"name\":\"vof-news.eu\",\"description\":\"\",\"potentialAction\":[{\"@type\":\"SearchAction\",\"target\":{\"@type\":\"EntryPoint\",\"urlTemplate\":\"https:\/\/vof-news.eu\/de\/?s={search_term_string}\"},\"query-input\":\"required name=search_term_string\"}],\"inLanguage\":\"de\"},{\"@type\":\"Person\",\"@id\":\"https:\/\/vof-news.eu\/de\/#\/schema\/person\/f6a2a4309f0561835797fd8c19b333ed\",\"name\":\"Author\",\"image\":{\"@type\":\"ImageObject\",\"inLanguage\":\"de\",\"@id\":\"https:\/\/vof-news.eu\/de\/#\/schema\/person\/image\/\",\"url\":\"https:\/\/secure.gravatar.com\/avatar\/b67e614b1b25b3e9c0c239efdd2fde5ab015b5affd6f1c3c85911ca4b384e790?s=96&d=mm&r=g\",\"contentUrl\":\"https:\/\/secure.gravatar.com\/avatar\/b67e614b1b25b3e9c0c239efdd2fde5ab015b5affd6f1c3c85911ca4b384e790?s=96&d=mm&r=g\",\"caption\":\"Author\"},\"sameAs\":[\"http:\/\/vof-news.eu\"],\"url\":\"https:\/\/vof-news.eu\/de\/author\/zwt6qxnjulxbnyg\/\"}]}<\/script>\n<!-- \/ Yoast SEO plugin. -->","yoast_head_json":{"title":"Nato setzt neue Milit\u00e4roperation zur St\u00e4rkung der Ostflanke auf - vof-news.eu","description":"Nach den mutma\u00dflich vors\u00e4tzlichen Luftraumverletzungen durch Russland startet die Nato eine neue Milit\u00e4roperation zum Schutz ihrer Ostflanke. Das teilte Generalsekret\u00e4r Mark Rutte in einer Pressekonferenz mit dem Oberbefehlshaber der alliierten Streitkr\u00e4fte in Europa, Alexus Grynkewich, mit. Demnach sollen bei der Operation mit dem Namen Eastern Sentry (deutsch etwa: W\u00e4chter des Ostens) unter anderem zus\u00e4tzliche \u00dcberwachungs- und Flugabwehrkapazit\u00e4ten zum Einsatz kommen.","robots":{"index":"noindex","follow":"follow","max-snippet":"max-snippet:-1","max-image-preview":"max-image-preview:large","max-video-preview":"max-video-preview:-1"},"og_locale":"de_DE","og_type":"article","og_title":"Nato setzt neue Milit\u00e4roperation zur St\u00e4rkung der Ostflanke auf - vof-news.eu","og_description":"Nach den mutma\u00dflich vors\u00e4tzlichen Luftraumverletzungen durch Russland startet die Nato eine neue Milit\u00e4roperation zum Schutz ihrer Ostflanke. Das teilte Generalsekret\u00e4r Mark Rutte in einer Pressekonferenz mit dem Oberbefehlshaber der alliierten Streitkr\u00e4fte in Europa, Alexus Grynkewich, mit. Demnach sollen bei der Operation mit dem Namen Eastern Sentry (deutsch etwa: W\u00e4chter des Ostens) unter anderem zus\u00e4tzliche \u00dcberwachungs- und Flugabwehrkapazit\u00e4ten zum Einsatz kommen.","og_url":"https:\/\/vof-news.eu\/de\/nato-setzt-neue-militaroperation-zur-starkung-der-ostflanke-auf\/","og_site_name":"vof-news.eu","article_published_time":"2025-09-12T16:28:11+00:00","article_modified_time":"2025-09-12T16:29:23+00:00","og_image":[{"width":1000,"height":562,"url":"https:\/\/vof-news.eu\/wp-content\/uploads\/2025\/09\/wide__1000x562-44.jpg","type":"image\/jpeg"}],"author":"Author","twitter_card":"summary_large_image","twitter_misc":{"Verfasst von":"Author","Gesch\u00e4tzte Lesezeit":"2\u00a0Minuten"},"schema":{"@context":"https:\/\/schema.org","@graph":[{"@type":"WebPage","@id":"https:\/\/vof-news.eu\/de\/nato-setzt-neue-militaroperation-zur-starkung-der-ostflanke-auf\/","url":"https:\/\/vof-news.eu\/de\/nato-setzt-neue-militaroperation-zur-starkung-der-ostflanke-auf\/","name":"Nato setzt neue Milit\u00e4roperation zur St\u00e4rkung der Ostflanke auf - vof-news.eu","isPartOf":{"@id":"https:\/\/vof-news.eu\/de\/#website"},"primaryImageOfPage":{"@id":"https:\/\/vof-news.eu\/de\/nato-setzt-neue-militaroperation-zur-starkung-der-ostflanke-auf\/#primaryimage"},"image":{"@id":"https:\/\/vof-news.eu\/de\/nato-setzt-neue-militaroperation-zur-starkung-der-ostflanke-auf\/#primaryimage"},"thumbnailUrl":"https:\/\/vof-news.eu\/wp-content\/uploads\/2025\/09\/wide__1000x562-44.jpg","datePublished":"2025-09-12T16:28:11+00:00","dateModified":"2025-09-12T16:29:23+00:00","author":{"@id":"https:\/\/vof-news.eu\/de\/#\/schema\/person\/f6a2a4309f0561835797fd8c19b333ed"},"description":"Nach den mutma\u00dflich vors\u00e4tzlichen Luftraumverletzungen durch Russland startet die Nato eine neue Milit\u00e4roperation zum Schutz ihrer Ostflanke. Das teilte Generalsekret\u00e4r Mark Rutte in einer Pressekonferenz mit dem Oberbefehlshaber der alliierten Streitkr\u00e4fte in Europa, Alexus Grynkewich, mit. Demnach sollen bei der Operation mit dem Namen Eastern Sentry (deutsch etwa: W\u00e4chter des Ostens) unter anderem zus\u00e4tzliche \u00dcberwachungs- und Flugabwehrkapazit\u00e4ten zum Einsatz kommen.","breadcrumb":{"@id":"https:\/\/vof-news.eu\/de\/nato-setzt-neue-militaroperation-zur-starkung-der-ostflanke-auf\/#breadcrumb"},"inLanguage":"de","potentialAction":[{"@type":"ReadAction","target":["https:\/\/vof-news.eu\/de\/nato-setzt-neue-militaroperation-zur-starkung-der-ostflanke-auf\/"]}]},{"@type":"ImageObject","inLanguage":"de","@id":"https:\/\/vof-news.eu\/de\/nato-setzt-neue-militaroperation-zur-starkung-der-ostflanke-auf\/#primaryimage","url":"https:\/\/vof-news.eu\/wp-content\/uploads\/2025\/09\/wide__1000x562-44.jpg","contentUrl":"https:\/\/vof-news.eu\/wp-content\/uploads\/2025\/09\/wide__1000x562-44.jpg","width":1000,"height":562},{"@type":"BreadcrumbList","@id":"https:\/\/vof-news.eu\/de\/nato-setzt-neue-militaroperation-zur-starkung-der-ostflanke-auf\/#breadcrumb","itemListElement":[{"@type":"ListItem","position":1,"name":"Home","item":"https:\/\/vof-news.eu\/de\/"},{"@type":"ListItem","position":2,"name":"Nato setzt neue Milit\u00e4roperation zur St\u00e4rkung der Ostflanke auf"}]},{"@type":"WebSite","@id":"https:\/\/vof-news.eu\/de\/#website","url":"https:\/\/vof-news.eu\/de\/","name":"vof-news.eu","description":"","potentialAction":[{"@type":"SearchAction","target":{"@type":"EntryPoint","urlTemplate":"https:\/\/vof-news.eu\/de\/?s={search_term_string}"},"query-input":"required name=search_term_string"}],"inLanguage":"de"},{"@type":"Person","@id":"https:\/\/vof-news.eu\/de\/#\/schema\/person\/f6a2a4309f0561835797fd8c19b333ed","name":"Author","image":{"@type":"ImageObject","inLanguage":"de","@id":"https:\/\/vof-news.eu\/de\/#\/schema\/person\/image\/","url":"https:\/\/secure.gravatar.com\/avatar\/b67e614b1b25b3e9c0c239efdd2fde5ab015b5affd6f1c3c85911ca4b384e790?s=96&d=mm&r=g","contentUrl":"https:\/\/secure.gravatar.com\/avatar\/b67e614b1b25b3e9c0c239efdd2fde5ab015b5affd6f1c3c85911ca4b384e790?s=96&d=mm&r=g","caption":"Author"},"sameAs":["http:\/\/vof-news.eu"],"url":"https:\/\/vof-news.eu\/de\/author\/zwt6qxnjulxbnyg\/"}]}},"yoast_meta":{"yoast_wpseo_title":"","yoast_wpseo_metadesc":"","yoast_wpseo_canonical":""},"_links":{"self":[{"href":"https:\/\/vof-news.eu\/de\/wp-json\/wp\/v2\/posts\/274127","targetHints":{"allow":["GET"]}}],"collection":[{"href":"https:\/\/vof-news.eu\/de\/wp-json\/wp\/v2\/posts"}],"about":[{"href":"https:\/\/vof-news.eu\/de\/wp-json\/wp\/v2\/types\/post"}],"author":[{"embeddable":true,"href":"https:\/\/vof-news.eu\/de\/wp-json\/wp\/v2\/users\/1"}],"replies":[{"embeddable":true,"href":"https:\/\/vof-news.eu\/de\/wp-json\/wp\/v2\/comments?post=274127"}],"version-history":[{"count":1,"href":"https:\/\/vof-news.eu\/de\/wp-json\/wp\/v2\/posts\/274127\/revisions"}],"predecessor-version":[{"id":274134,"href":"https:\/\/vof-news.eu\/de\/wp-json\/wp\/v2\/posts\/274127\/revisions\/274134"}],"wp:featuredmedia":[{"embeddable":true,"href":"https:\/\/vof-news.eu\/de\/wp-json\/wp\/v2\/media\/274128"}],"wp:attachment":[{"href":"https:\/\/vof-news.eu\/de\/wp-json\/wp\/v2\/media?parent=274127"}],"wp:term":[{"taxonomy":"category","embeddable":true,"href":"https:\/\/vof-news.eu\/de\/wp-json\/wp\/v2\/categories?post=274127"},{"taxonomy":"post_tag","embeddable":true,"href":"https:\/\/vof-news.eu\/de\/wp-json\/wp\/v2\/tags?post=274127"}],"curies":[{"name":"wp","href":"https:\/\/api.w.org\/{rel}","templated":true}]}}