{"id":274087,"date":"2025-09-12T17:28:15","date_gmt":"2025-09-12T14:28:15","guid":{"rendered":"https:\/\/vof-news.eu\/auswartiges-amt-bestellt-russischen-botschafter-ein\/"},"modified":"2025-09-12T17:29:23","modified_gmt":"2025-09-12T14:29:23","slug":"auswartiges-amt-bestellt-russischen-botschafter-ein","status":"publish","type":"post","link":"https:\/\/vof-news.eu\/de\/auswartiges-amt-bestellt-russischen-botschafter-ein\/","title":{"rendered":"Ausw\u00e4rtiges Amt bestellt russischen Botschafter ein"},"content":{"rendered":"<div>\n<p>Als Reaktion auf die <a href=\"https:\/\/www.zeit.de\/politik\/ausland\/2025-09\/nato-luftraum-polen-russland-drohnen-abwehr-ukraine\" rel=\"nofollow\">Verletzungen des<br \/>\npolnischen Luftraums durch russische Drohnen<\/a> hat das <span><a href=\"https:\/\/www.zeit.de\/thema\/auswaertiges-amt\" rel=\"nofollow\">Ausw\u00e4rtige Amt<\/a><\/span> den<br \/>\nrussischen Botschafter einbestellt. Das Agieren des russischen<br \/>\nPr\u00e4sidenten Wladimir Putin sei &#8222;gef\u00e4hrlich&#8220; und &#8222;inakzeptabel&#8220;, schrieb das Ministerium auf X zur Begr\u00fcndung. Die Nato stehe fest zusammen, &#8222;um unser B\u00fcndnisgebiet und unsere Sicherheit zu verteidigen&#8220;.\n<\/p>\n<p>Die Einbestellung eines Botschafters gilt als<br \/>\ndeutliche Form des diplomatischen Protests.\u00a0Als Reaktion hat die Bundesregierung zudem die<br \/>\nBeteiligung der Bundeswehr am Schutz der Nato-Ostgrenze verst\u00e4rkt. F\u00fcr<br \/>\ndie \u00dcberwachung des Luftraums \u00fcber Polen stehen in Rostock-Laage<br \/>\nzun\u00e4chst bis Ende des Jahres vier statt bisher zwei<br \/>\nEurofighter-Kampfjets zur Verf\u00fcgung.\n<\/p>\n<p>Bundeskanzler Friedrich Merz<br \/>\n (CDU) hatte bereits am Mittwoch mitgeteilt, dass er die Verletzung des<br \/>\npolnischen Luftraums nicht f\u00fcr ein Versehen halte. Er sehe darin &#8222;eine<br \/>\nganz ernsthafte Gef\u00e4hrdung des Friedens in ganz Europa&#8220;, sagte der Kanzler und sprach von einer &#8222;neuen Qualit\u00e4t von Angriffen, die wir aus Russland<br \/>\nsehen&#8220;.\u00a0\n<\/p>\n<p>Auch Frankreich bestellt nach dem <a href=\"https:\/\/www.zeit.de\/politik\/ausland\/2025-09\/russische-drohnen-desinformation-propaganda-vorwurf-polen\" rel=\"nofollow\">Eindringen russischer Drohnen in den<br \/>\npolnischen Luftraum<\/a> den russischen Botschafter in Paris ein. Man werde<br \/>\nihm sagen, dass man sich nicht einsch\u00fcchtern lasse, sagte der<br \/>\ngesch\u00e4ftsf\u00fchrende Au\u00dfenminister Jean-No\u00ebl Barrot im Sender France Inter.<br \/>\n Au\u00dferdem m\u00fcsse Russland aufh\u00f6ren, die Nato und seine Verb\u00fcndeten zu<br \/>\ntesten.\n<\/p>\n<p>Seit Kriegsbeginn haben <a href=\"https:\/\/www.zeit.de\/politik\/ausland\/2025-09\/nato-polen-russland-usa-drohnen-absicht-gxe\" rel=\"nofollow\">Polen<\/a> und die Nato-Staaten im Baltikum wiederholt Verletzungen ihres Luftraums durch russische <span><a href=\"https:\/\/www.zeit.de\/thema\/drohne\" rel=\"nofollow\">Drohnen<\/a><\/span> gemeldet.<br \/>\nBislang waren aber nie derart viele Drohnen in den Luftraum eines<br \/>\nNato-Mitglieds eingedrungen, zum ersten Mal wurden zudem russische<br \/>\nDrohnen abgeschossen.\n<\/p>\n<\/div>\n","protected":false},"excerpt":{"rendered":"<p>Als Reaktion auf die Verletzungen des polnischen Luftraums durch russische Drohnen hat das Ausw\u00e4rtige Amt den russischen Botschafter einbestellt. Das Agieren des russischen Pr\u00e4sidenten Wladimir Putin sei &#8222;gef\u00e4hrlich&#8220; und &#8222;inakzeptabel&#8220;, schrieb das Ministerium auf X zur Begr\u00fcndung. Die Nato stehe fest zusammen, &#8222;um unser B\u00fcndnisgebiet und unsere Sicherheit zu verteidigen&#8220;. Die Einbestellung eines Botschafters gilt<\/p>\n","protected":false},"author":1,"featured_media":274088,"comment_status":"open","ping_status":"open","sticky":false,"template":"","format":"standard","meta":{"footnotes":""},"categories":[116],"tags":[],"class_list":["post-274087","post","type-post","status-publish","format-standard","has-post-thumbnail","hentry","category-war-chronicles-de"],"acf":[],"yoast_head":"<!-- This site is optimized with the Yoast SEO plugin v22.9 - https:\/\/yoast.com\/wordpress\/plugins\/seo\/ -->\n<title>Ausw\u00e4rtiges Amt bestellt russischen Botschafter ein - vof-news.eu<\/title>\n<meta name=\"description\" content=\"Als Reaktion auf die Verletzungen des\" \/>\n<meta name=\"robots\" content=\"noindex, follow, max-snippet:-1, max-image-preview:large, max-video-preview:-1\" \/>\n<meta property=\"og:locale\" content=\"de_DE\" \/>\n<meta property=\"og:type\" content=\"article\" \/>\n<meta property=\"og:title\" content=\"Ausw\u00e4rtiges Amt bestellt russischen Botschafter ein - vof-news.eu\" \/>\n<meta property=\"og:description\" content=\"Als Reaktion auf die Verletzungen des\" \/>\n<meta property=\"og:url\" content=\"https:\/\/vof-news.eu\/de\/auswartiges-amt-bestellt-russischen-botschafter-ein\/\" \/>\n<meta property=\"og:site_name\" content=\"vof-news.eu\" \/>\n<meta property=\"article:published_time\" content=\"2025-09-12T14:28:15+00:00\" \/>\n<meta property=\"article:modified_time\" content=\"2025-09-12T14:29:23+00:00\" \/>\n<meta property=\"og:image\" content=\"https:\/\/vof-news.eu\/wp-content\/uploads\/2025\/09\/wide__1000x562-43.jpg\" \/>\n\t<meta property=\"og:image:width\" content=\"1000\" \/>\n\t<meta property=\"og:image:height\" content=\"562\" \/>\n\t<meta property=\"og:image:type\" content=\"image\/jpeg\" \/>\n<meta name=\"author\" content=\"Author\" \/>\n<meta name=\"twitter:card\" content=\"summary_large_image\" \/>\n<meta name=\"twitter:label1\" content=\"Verfasst von\" \/>\n\t<meta name=\"twitter:data1\" content=\"Author\" \/>\n\t<meta name=\"twitter:label2\" content=\"Gesch\u00e4tzte Lesezeit\" \/>\n\t<meta name=\"twitter:data2\" content=\"1\u00a0Minute\" \/>\n<script type=\"application\/ld+json\" class=\"yoast-schema-graph\">{\"@context\":\"https:\/\/schema.org\",\"@graph\":[{\"@type\":\"WebPage\",\"@id\":\"https:\/\/vof-news.eu\/de\/auswartiges-amt-bestellt-russischen-botschafter-ein\/\",\"url\":\"https:\/\/vof-news.eu\/de\/auswartiges-amt-bestellt-russischen-botschafter-ein\/\",\"name\":\"Ausw\u00e4rtiges Amt bestellt russischen Botschafter ein - vof-news.eu\",\"isPartOf\":{\"@id\":\"https:\/\/vof-news.eu\/de\/#website\"},\"primaryImageOfPage\":{\"@id\":\"https:\/\/vof-news.eu\/de\/auswartiges-amt-bestellt-russischen-botschafter-ein\/#primaryimage\"},\"image\":{\"@id\":\"https:\/\/vof-news.eu\/de\/auswartiges-amt-bestellt-russischen-botschafter-ein\/#primaryimage\"},\"thumbnailUrl\":\"https:\/\/vof-news.eu\/wp-content\/uploads\/2025\/09\/wide__1000x562-43.jpg\",\"datePublished\":\"2025-09-12T14:28:15+00:00\",\"dateModified\":\"2025-09-12T14:29:23+00:00\",\"author\":{\"@id\":\"https:\/\/vof-news.eu\/de\/#\/schema\/person\/f6a2a4309f0561835797fd8c19b333ed\"},\"description\":\"Als Reaktion auf die Verletzungen des\",\"breadcrumb\":{\"@id\":\"https:\/\/vof-news.eu\/de\/auswartiges-amt-bestellt-russischen-botschafter-ein\/#breadcrumb\"},\"inLanguage\":\"de\",\"potentialAction\":[{\"@type\":\"ReadAction\",\"target\":[\"https:\/\/vof-news.eu\/de\/auswartiges-amt-bestellt-russischen-botschafter-ein\/\"]}]},{\"@type\":\"ImageObject\",\"inLanguage\":\"de\",\"@id\":\"https:\/\/vof-news.eu\/de\/auswartiges-amt-bestellt-russischen-botschafter-ein\/#primaryimage\",\"url\":\"https:\/\/vof-news.eu\/wp-content\/uploads\/2025\/09\/wide__1000x562-43.jpg\",\"contentUrl\":\"https:\/\/vof-news.eu\/wp-content\/uploads\/2025\/09\/wide__1000x562-43.jpg\",\"width\":1000,\"height\":562},{\"@type\":\"BreadcrumbList\",\"@id\":\"https:\/\/vof-news.eu\/de\/auswartiges-amt-bestellt-russischen-botschafter-ein\/#breadcrumb\",\"itemListElement\":[{\"@type\":\"ListItem\",\"position\":1,\"name\":\"Home\",\"item\":\"https:\/\/vof-news.eu\/de\/\"},{\"@type\":\"ListItem\",\"position\":2,\"name\":\"Ausw\u00e4rtiges Amt bestellt russischen Botschafter ein\"}]},{\"@type\":\"WebSite\",\"@id\":\"https:\/\/vof-news.eu\/de\/#website\",\"url\":\"https:\/\/vof-news.eu\/de\/\",\"name\":\"vof-news.eu\",\"description\":\"\",\"potentialAction\":[{\"@type\":\"SearchAction\",\"target\":{\"@type\":\"EntryPoint\",\"urlTemplate\":\"https:\/\/vof-news.eu\/de\/?s={search_term_string}\"},\"query-input\":\"required name=search_term_string\"}],\"inLanguage\":\"de\"},{\"@type\":\"Person\",\"@id\":\"https:\/\/vof-news.eu\/de\/#\/schema\/person\/f6a2a4309f0561835797fd8c19b333ed\",\"name\":\"Author\",\"image\":{\"@type\":\"ImageObject\",\"inLanguage\":\"de\",\"@id\":\"https:\/\/vof-news.eu\/de\/#\/schema\/person\/image\/\",\"url\":\"https:\/\/secure.gravatar.com\/avatar\/b67e614b1b25b3e9c0c239efdd2fde5ab015b5affd6f1c3c85911ca4b384e790?s=96&d=mm&r=g\",\"contentUrl\":\"https:\/\/secure.gravatar.com\/avatar\/b67e614b1b25b3e9c0c239efdd2fde5ab015b5affd6f1c3c85911ca4b384e790?s=96&d=mm&r=g\",\"caption\":\"Author\"},\"sameAs\":[\"http:\/\/vof-news.eu\"],\"url\":\"https:\/\/vof-news.eu\/de\/author\/zwt6qxnjulxbnyg\/\"}]}<\/script>\n<!-- \/ Yoast SEO plugin. -->","yoast_head_json":{"title":"Ausw\u00e4rtiges Amt bestellt russischen Botschafter ein - vof-news.eu","description":"Als Reaktion auf die Verletzungen des","robots":{"index":"noindex","follow":"follow","max-snippet":"max-snippet:-1","max-image-preview":"max-image-preview:large","max-video-preview":"max-video-preview:-1"},"og_locale":"de_DE","og_type":"article","og_title":"Ausw\u00e4rtiges Amt bestellt russischen Botschafter ein - vof-news.eu","og_description":"Als Reaktion auf die Verletzungen des","og_url":"https:\/\/vof-news.eu\/de\/auswartiges-amt-bestellt-russischen-botschafter-ein\/","og_site_name":"vof-news.eu","article_published_time":"2025-09-12T14:28:15+00:00","article_modified_time":"2025-09-12T14:29:23+00:00","og_image":[{"width":1000,"height":562,"url":"https:\/\/vof-news.eu\/wp-content\/uploads\/2025\/09\/wide__1000x562-43.jpg","type":"image\/jpeg"}],"author":"Author","twitter_card":"summary_large_image","twitter_misc":{"Verfasst von":"Author","Gesch\u00e4tzte Lesezeit":"1\u00a0Minute"},"schema":{"@context":"https:\/\/schema.org","@graph":[{"@type":"WebPage","@id":"https:\/\/vof-news.eu\/de\/auswartiges-amt-bestellt-russischen-botschafter-ein\/","url":"https:\/\/vof-news.eu\/de\/auswartiges-amt-bestellt-russischen-botschafter-ein\/","name":"Ausw\u00e4rtiges Amt bestellt russischen Botschafter ein - vof-news.eu","isPartOf":{"@id":"https:\/\/vof-news.eu\/de\/#website"},"primaryImageOfPage":{"@id":"https:\/\/vof-news.eu\/de\/auswartiges-amt-bestellt-russischen-botschafter-ein\/#primaryimage"},"image":{"@id":"https:\/\/vof-news.eu\/de\/auswartiges-amt-bestellt-russischen-botschafter-ein\/#primaryimage"},"thumbnailUrl":"https:\/\/vof-news.eu\/wp-content\/uploads\/2025\/09\/wide__1000x562-43.jpg","datePublished":"2025-09-12T14:28:15+00:00","dateModified":"2025-09-12T14:29:23+00:00","author":{"@id":"https:\/\/vof-news.eu\/de\/#\/schema\/person\/f6a2a4309f0561835797fd8c19b333ed"},"description":"Als Reaktion auf die Verletzungen des","breadcrumb":{"@id":"https:\/\/vof-news.eu\/de\/auswartiges-amt-bestellt-russischen-botschafter-ein\/#breadcrumb"},"inLanguage":"de","potentialAction":[{"@type":"ReadAction","target":["https:\/\/vof-news.eu\/de\/auswartiges-amt-bestellt-russischen-botschafter-ein\/"]}]},{"@type":"ImageObject","inLanguage":"de","@id":"https:\/\/vof-news.eu\/de\/auswartiges-amt-bestellt-russischen-botschafter-ein\/#primaryimage","url":"https:\/\/vof-news.eu\/wp-content\/uploads\/2025\/09\/wide__1000x562-43.jpg","contentUrl":"https:\/\/vof-news.eu\/wp-content\/uploads\/2025\/09\/wide__1000x562-43.jpg","width":1000,"height":562},{"@type":"BreadcrumbList","@id":"https:\/\/vof-news.eu\/de\/auswartiges-amt-bestellt-russischen-botschafter-ein\/#breadcrumb","itemListElement":[{"@type":"ListItem","position":1,"name":"Home","item":"https:\/\/vof-news.eu\/de\/"},{"@type":"ListItem","position":2,"name":"Ausw\u00e4rtiges Amt bestellt russischen Botschafter ein"}]},{"@type":"WebSite","@id":"https:\/\/vof-news.eu\/de\/#website","url":"https:\/\/vof-news.eu\/de\/","name":"vof-news.eu","description":"","potentialAction":[{"@type":"SearchAction","target":{"@type":"EntryPoint","urlTemplate":"https:\/\/vof-news.eu\/de\/?s={search_term_string}"},"query-input":"required name=search_term_string"}],"inLanguage":"de"},{"@type":"Person","@id":"https:\/\/vof-news.eu\/de\/#\/schema\/person\/f6a2a4309f0561835797fd8c19b333ed","name":"Author","image":{"@type":"ImageObject","inLanguage":"de","@id":"https:\/\/vof-news.eu\/de\/#\/schema\/person\/image\/","url":"https:\/\/secure.gravatar.com\/avatar\/b67e614b1b25b3e9c0c239efdd2fde5ab015b5affd6f1c3c85911ca4b384e790?s=96&d=mm&r=g","contentUrl":"https:\/\/secure.gravatar.com\/avatar\/b67e614b1b25b3e9c0c239efdd2fde5ab015b5affd6f1c3c85911ca4b384e790?s=96&d=mm&r=g","caption":"Author"},"sameAs":["http:\/\/vof-news.eu"],"url":"https:\/\/vof-news.eu\/de\/author\/zwt6qxnjulxbnyg\/"}]}},"yoast_meta":{"yoast_wpseo_title":"","yoast_wpseo_metadesc":"","yoast_wpseo_canonical":""},"_links":{"self":[{"href":"https:\/\/vof-news.eu\/de\/wp-json\/wp\/v2\/posts\/274087","targetHints":{"allow":["GET"]}}],"collection":[{"href":"https:\/\/vof-news.eu\/de\/wp-json\/wp\/v2\/posts"}],"about":[{"href":"https:\/\/vof-news.eu\/de\/wp-json\/wp\/v2\/types\/post"}],"author":[{"embeddable":true,"href":"https:\/\/vof-news.eu\/de\/wp-json\/wp\/v2\/users\/1"}],"replies":[{"embeddable":true,"href":"https:\/\/vof-news.eu\/de\/wp-json\/wp\/v2\/comments?post=274087"}],"version-history":[{"count":1,"href":"https:\/\/vof-news.eu\/de\/wp-json\/wp\/v2\/posts\/274087\/revisions"}],"predecessor-version":[{"id":274094,"href":"https:\/\/vof-news.eu\/de\/wp-json\/wp\/v2\/posts\/274087\/revisions\/274094"}],"wp:featuredmedia":[{"embeddable":true,"href":"https:\/\/vof-news.eu\/de\/wp-json\/wp\/v2\/media\/274088"}],"wp:attachment":[{"href":"https:\/\/vof-news.eu\/de\/wp-json\/wp\/v2\/media?parent=274087"}],"wp:term":[{"taxonomy":"category","embeddable":true,"href":"https:\/\/vof-news.eu\/de\/wp-json\/wp\/v2\/categories?post=274087"},{"taxonomy":"post_tag","embeddable":true,"href":"https:\/\/vof-news.eu\/de\/wp-json\/wp\/v2\/tags?post=274087"}],"curies":[{"name":"wp","href":"https:\/\/api.w.org\/{rel}","templated":true}]}}