{"id":273219,"date":"2025-09-10T13:28:28","date_gmt":"2025-09-10T10:28:28","guid":{"rendered":"https:\/\/vof-news.eu\/ehemaliger-botschafter-in-der-ukraine-tritt-amt-als-bnd-chef-an\/"},"modified":"2025-09-10T13:29:48","modified_gmt":"2025-09-10T10:29:48","slug":"ehemaliger-botschafter-in-der-ukraine-tritt-amt-als-bnd-chef-an","status":"publish","type":"post","link":"https:\/\/vof-news.eu\/de\/ehemaliger-botschafter-in-der-ukraine-tritt-amt-als-bnd-chef-an\/","title":{"rendered":"Ehemaliger Botschafter in der Ukraine tritt Amt als BND-Chef an"},"content":{"rendered":"<div>\n<p>Der bisherige deutsche Botschafter in der <a href=\"https:\/\/www.google.com\/url?sa=t&amp;source=web&amp;rct=j&amp;opi=89978449&amp;url=https:\/\/www.zeit.de\/thema\/krieg-in-ukraine&amp;ved=2ahUKEwiMvqSry_qNAxWcR_EDHW54M1sQFnoECA8QAQ&amp;usg=AOvVaw2LUuQGk5S0MXRCV7S4w7G1\" rel=\"nofollow\">Ukraine<\/a>, <a href=\"https:\/\/www.zeit.de\/thema\/martin-jaeger\" rel=\"nofollow\">Martin J\u00e4ger<\/a>, wird am Donnerstag sein Amt als neuer Pr\u00e4sident des <span><a href=\"https:\/\/www.zeit.de\/thema\/bnd\" rel=\"nofollow\">Bundesnachrichtendienstes<\/a><\/span> (BND) antreten.\u00a0Zwei Tage nach seinem 61. Geburtstag<br \/>\nl\u00f6st J\u00e4ger an der Spitze des<br \/>\n deutschen Auslandsgeheimdienstes <a href=\"https:\/\/www.google.com\/url?sa=t&amp;source=web&amp;rct=j&amp;opi=89978449&amp;url=https:\/\/www.zeit.de\/news\/2025-03\/08\/bnd-chef-kahl-russland-will-westen-auf-die-probe-stellen&amp;ved=2ahUKEwjS06Kzy_qNAxXrcfEDHe6OPUEQFnoECCAQAQ&amp;usg=AOvVaw2JBvehoTKVHffmiBwLDuNn\" rel=\"nofollow\">Bruno Kahl<\/a>\u00a0ab.\u00a0Kahl hat den <a href=\"https:\/\/www.zeit.de\/thema\/bnd\" rel=\"nofollow\">BND<\/a><br \/>\n seit 2016 gef\u00fchrt und wechselt nun als deutscher Botschafter in den Vatikan.\u00a0\n<\/p>\n<p>J\u00e4ger hat besondere Erfahrungen als Botschafter in<br \/>\nKrisengebieten wie Bagdad (2013 bis 2014) und Kabul (2021 bis 2023).<br \/>\nSeit 2023 ist er Botschafter in Kyjiw. J\u00e4ger arbeitete au\u00dferdem <a href=\"https:\/\/www.zeit.de\/politik\/deutschland\/2025-06\/martin-jaeger-neuer-bnd-chef\" rel=\"nofollow\">in<br \/>\nverschiedenen Ministerien<\/a> und war unter anderem Pressesprecher des<br \/>\ndamaligen Au\u00dfenministers Joschka Fischer (Gr\u00fcne).\n<\/p>\n<h2>BND &#8222;so wichtig wie nie zuvor&#8220;<\/h2>\n<p>Die Anforderungen an den BND\u00a0&#8222;sind heute h\u00f6her denn je&#8220;, teilte Kanzleramtschef <a href=\"https:\/\/www.zeit.de\/thema\/thorsten-frei\" rel=\"nofollow\">Thorsten<br \/>\nFrei<\/a> (CDU) zur Bekanntgabe des Zeitpunkts von J\u00e4gers Dienstantritt an der BND-Spitze mit. So geht etwa von Russland nach Einsch\u00e4tzung des BND eine wachsende Gefahr f\u00fcr Deutschland und Europa aus.\u00a0Auch die Entwicklungen im Nahen und<br \/>\n Mittleren Osten haben Auswirkungen auf die deutsche Sicherheitslage. Zugleich ist derzeit unklar, wie eng die Zusammenarbeit mit den wichtigen<br \/>\nUS-Diensten unter Pr\u00e4sident Donald Trump k\u00fcnftig sein wird.\n<\/p>\n<p>Die Arbeit des BND &#8222;als<br \/>\nInformationsdienstleister und Fr\u00fchwarnsystem ist f\u00fcr die Bundesregierung<br \/>\n so wichtig wie nie zuvor&#8220;, sagte Frei. Zu J\u00e4gers Aufgaben<br \/>\nz\u00e4hle, &#8222;die internationale Position des BND weiter zu st\u00e4rken und sicherzustellen, dass der BND als Partner auf Augenh\u00f6he mit anderen westlichen Diensten agiert&#8220;.\n<\/p>\n<p>Der BND ist der Auslandsnachrichtendienst<br \/>\n der Bundesrepublik. Er hat nach eigenen Angaben den Auftrag,<br \/>\nInformationen von au\u00dfen- und sicherheitspolitischer Bedeutung zu<br \/>\nsammeln, auszuwerten und der Bundesregierung in Form von Meldungen und<br \/>\nAnalysen zur Verf\u00fcgung zu stellen.\u00a0\n<\/p>\n<\/div>\n","protected":false},"excerpt":{"rendered":"<p>Der bisherige deutsche Botschafter in der Ukraine, Martin J\u00e4ger, wird am Donnerstag sein Amt als neuer Pr\u00e4sident des Bundesnachrichtendienstes (BND) antreten.\u00a0Zwei Tage nach seinem 61. Geburtstag l\u00f6st J\u00e4ger an der Spitze des deutschen Auslandsgeheimdienstes Bruno Kahl\u00a0ab.\u00a0Kahl hat den BND seit 2016 gef\u00fchrt und wechselt nun als deutscher Botschafter in den Vatikan.\u00a0 J\u00e4ger hat besondere Erfahrungen<\/p>\n","protected":false},"author":1,"featured_media":273220,"comment_status":"open","ping_status":"open","sticky":false,"template":"","format":"standard","meta":{"footnotes":""},"categories":[116],"tags":[],"class_list":["post-273219","post","type-post","status-publish","format-standard","has-post-thumbnail","hentry","category-war-chronicles-de"],"acf":[],"yoast_head":"<!-- This site is optimized with the Yoast SEO plugin v22.9 - https:\/\/yoast.com\/wordpress\/plugins\/seo\/ -->\n<title>Ehemaliger Botschafter in der Ukraine tritt Amt als BND-Chef an - vof-news.eu<\/title>\n<meta name=\"description\" content=\"Der bisherige deutsche Botschafter in der Ukraine, Martin J\u00e4ger, wird am Donnerstag sein Amt als neuer Pr\u00e4sident des Bundesnachrichtendienstes (BND) antreten.\u00a0Zwei Tage nach seinem 61. Geburtstag\" \/>\n<meta name=\"robots\" content=\"noindex, follow, max-snippet:-1, max-image-preview:large, max-video-preview:-1\" \/>\n<meta property=\"og:locale\" content=\"de_DE\" \/>\n<meta property=\"og:type\" content=\"article\" \/>\n<meta property=\"og:title\" content=\"Ehemaliger Botschafter in der Ukraine tritt Amt als BND-Chef an - vof-news.eu\" \/>\n<meta property=\"og:description\" content=\"Der bisherige deutsche Botschafter in der Ukraine, Martin J\u00e4ger, wird am Donnerstag sein Amt als neuer Pr\u00e4sident des Bundesnachrichtendienstes (BND) antreten.\u00a0Zwei Tage nach seinem 61. Geburtstag\" \/>\n<meta property=\"og:url\" content=\"https:\/\/vof-news.eu\/de\/ehemaliger-botschafter-in-der-ukraine-tritt-amt-als-bnd-chef-an\/\" \/>\n<meta property=\"og:site_name\" content=\"vof-news.eu\" \/>\n<meta property=\"article:published_time\" content=\"2025-09-10T10:28:28+00:00\" \/>\n<meta property=\"article:modified_time\" content=\"2025-09-10T10:29:48+00:00\" \/>\n<meta property=\"og:image\" content=\"https:\/\/vof-news.eu\/wp-content\/uploads\/2025\/09\/wide__1000x562-39.jpg\" \/>\n\t<meta property=\"og:image:width\" content=\"1000\" \/>\n\t<meta property=\"og:image:height\" content=\"562\" \/>\n\t<meta property=\"og:image:type\" content=\"image\/jpeg\" \/>\n<meta name=\"author\" content=\"Author\" \/>\n<meta name=\"twitter:card\" content=\"summary_large_image\" \/>\n<meta name=\"twitter:label1\" content=\"Verfasst von\" \/>\n\t<meta name=\"twitter:data1\" content=\"Author\" \/>\n\t<meta name=\"twitter:label2\" content=\"Gesch\u00e4tzte Lesezeit\" \/>\n\t<meta name=\"twitter:data2\" content=\"1\u00a0Minute\" \/>\n<script type=\"application\/ld+json\" class=\"yoast-schema-graph\">{\"@context\":\"https:\/\/schema.org\",\"@graph\":[{\"@type\":\"WebPage\",\"@id\":\"https:\/\/vof-news.eu\/de\/ehemaliger-botschafter-in-der-ukraine-tritt-amt-als-bnd-chef-an\/\",\"url\":\"https:\/\/vof-news.eu\/de\/ehemaliger-botschafter-in-der-ukraine-tritt-amt-als-bnd-chef-an\/\",\"name\":\"Ehemaliger Botschafter in der Ukraine tritt Amt als BND-Chef an - vof-news.eu\",\"isPartOf\":{\"@id\":\"https:\/\/vof-news.eu\/de\/#website\"},\"primaryImageOfPage\":{\"@id\":\"https:\/\/vof-news.eu\/de\/ehemaliger-botschafter-in-der-ukraine-tritt-amt-als-bnd-chef-an\/#primaryimage\"},\"image\":{\"@id\":\"https:\/\/vof-news.eu\/de\/ehemaliger-botschafter-in-der-ukraine-tritt-amt-als-bnd-chef-an\/#primaryimage\"},\"thumbnailUrl\":\"https:\/\/vof-news.eu\/wp-content\/uploads\/2025\/09\/wide__1000x562-39.jpg\",\"datePublished\":\"2025-09-10T10:28:28+00:00\",\"dateModified\":\"2025-09-10T10:29:48+00:00\",\"author\":{\"@id\":\"https:\/\/vof-news.eu\/de\/#\/schema\/person\/f6a2a4309f0561835797fd8c19b333ed\"},\"description\":\"Der bisherige deutsche Botschafter in der Ukraine, Martin J\u00e4ger, wird am Donnerstag sein Amt als neuer Pr\u00e4sident des Bundesnachrichtendienstes (BND) antreten.\u00a0Zwei Tage nach seinem 61. Geburtstag\",\"breadcrumb\":{\"@id\":\"https:\/\/vof-news.eu\/de\/ehemaliger-botschafter-in-der-ukraine-tritt-amt-als-bnd-chef-an\/#breadcrumb\"},\"inLanguage\":\"de\",\"potentialAction\":[{\"@type\":\"ReadAction\",\"target\":[\"https:\/\/vof-news.eu\/de\/ehemaliger-botschafter-in-der-ukraine-tritt-amt-als-bnd-chef-an\/\"]}]},{\"@type\":\"ImageObject\",\"inLanguage\":\"de\",\"@id\":\"https:\/\/vof-news.eu\/de\/ehemaliger-botschafter-in-der-ukraine-tritt-amt-als-bnd-chef-an\/#primaryimage\",\"url\":\"https:\/\/vof-news.eu\/wp-content\/uploads\/2025\/09\/wide__1000x562-39.jpg\",\"contentUrl\":\"https:\/\/vof-news.eu\/wp-content\/uploads\/2025\/09\/wide__1000x562-39.jpg\",\"width\":1000,\"height\":562},{\"@type\":\"BreadcrumbList\",\"@id\":\"https:\/\/vof-news.eu\/de\/ehemaliger-botschafter-in-der-ukraine-tritt-amt-als-bnd-chef-an\/#breadcrumb\",\"itemListElement\":[{\"@type\":\"ListItem\",\"position\":1,\"name\":\"Home\",\"item\":\"https:\/\/vof-news.eu\/de\/\"},{\"@type\":\"ListItem\",\"position\":2,\"name\":\"Ehemaliger Botschafter in der Ukraine tritt Amt als BND-Chef an\"}]},{\"@type\":\"WebSite\",\"@id\":\"https:\/\/vof-news.eu\/de\/#website\",\"url\":\"https:\/\/vof-news.eu\/de\/\",\"name\":\"vof-news.eu\",\"description\":\"\",\"potentialAction\":[{\"@type\":\"SearchAction\",\"target\":{\"@type\":\"EntryPoint\",\"urlTemplate\":\"https:\/\/vof-news.eu\/de\/?s={search_term_string}\"},\"query-input\":\"required name=search_term_string\"}],\"inLanguage\":\"de\"},{\"@type\":\"Person\",\"@id\":\"https:\/\/vof-news.eu\/de\/#\/schema\/person\/f6a2a4309f0561835797fd8c19b333ed\",\"name\":\"Author\",\"image\":{\"@type\":\"ImageObject\",\"inLanguage\":\"de\",\"@id\":\"https:\/\/vof-news.eu\/de\/#\/schema\/person\/image\/\",\"url\":\"https:\/\/secure.gravatar.com\/avatar\/b67e614b1b25b3e9c0c239efdd2fde5ab015b5affd6f1c3c85911ca4b384e790?s=96&d=mm&r=g\",\"contentUrl\":\"https:\/\/secure.gravatar.com\/avatar\/b67e614b1b25b3e9c0c239efdd2fde5ab015b5affd6f1c3c85911ca4b384e790?s=96&d=mm&r=g\",\"caption\":\"Author\"},\"sameAs\":[\"http:\/\/vof-news.eu\"],\"url\":\"https:\/\/vof-news.eu\/de\/author\/zwt6qxnjulxbnyg\/\"}]}<\/script>\n<!-- \/ Yoast SEO plugin. -->","yoast_head_json":{"title":"Ehemaliger Botschafter in der Ukraine tritt Amt als BND-Chef an - vof-news.eu","description":"Der bisherige deutsche Botschafter in der Ukraine, Martin J\u00e4ger, wird am Donnerstag sein Amt als neuer Pr\u00e4sident des Bundesnachrichtendienstes (BND) antreten.\u00a0Zwei Tage nach seinem 61. Geburtstag","robots":{"index":"noindex","follow":"follow","max-snippet":"max-snippet:-1","max-image-preview":"max-image-preview:large","max-video-preview":"max-video-preview:-1"},"og_locale":"de_DE","og_type":"article","og_title":"Ehemaliger Botschafter in der Ukraine tritt Amt als BND-Chef an - vof-news.eu","og_description":"Der bisherige deutsche Botschafter in der Ukraine, Martin J\u00e4ger, wird am Donnerstag sein Amt als neuer Pr\u00e4sident des Bundesnachrichtendienstes (BND) antreten.\u00a0Zwei Tage nach seinem 61. Geburtstag","og_url":"https:\/\/vof-news.eu\/de\/ehemaliger-botschafter-in-der-ukraine-tritt-amt-als-bnd-chef-an\/","og_site_name":"vof-news.eu","article_published_time":"2025-09-10T10:28:28+00:00","article_modified_time":"2025-09-10T10:29:48+00:00","og_image":[{"width":1000,"height":562,"url":"https:\/\/vof-news.eu\/wp-content\/uploads\/2025\/09\/wide__1000x562-39.jpg","type":"image\/jpeg"}],"author":"Author","twitter_card":"summary_large_image","twitter_misc":{"Verfasst von":"Author","Gesch\u00e4tzte Lesezeit":"1\u00a0Minute"},"schema":{"@context":"https:\/\/schema.org","@graph":[{"@type":"WebPage","@id":"https:\/\/vof-news.eu\/de\/ehemaliger-botschafter-in-der-ukraine-tritt-amt-als-bnd-chef-an\/","url":"https:\/\/vof-news.eu\/de\/ehemaliger-botschafter-in-der-ukraine-tritt-amt-als-bnd-chef-an\/","name":"Ehemaliger Botschafter in der Ukraine tritt Amt als BND-Chef an - vof-news.eu","isPartOf":{"@id":"https:\/\/vof-news.eu\/de\/#website"},"primaryImageOfPage":{"@id":"https:\/\/vof-news.eu\/de\/ehemaliger-botschafter-in-der-ukraine-tritt-amt-als-bnd-chef-an\/#primaryimage"},"image":{"@id":"https:\/\/vof-news.eu\/de\/ehemaliger-botschafter-in-der-ukraine-tritt-amt-als-bnd-chef-an\/#primaryimage"},"thumbnailUrl":"https:\/\/vof-news.eu\/wp-content\/uploads\/2025\/09\/wide__1000x562-39.jpg","datePublished":"2025-09-10T10:28:28+00:00","dateModified":"2025-09-10T10:29:48+00:00","author":{"@id":"https:\/\/vof-news.eu\/de\/#\/schema\/person\/f6a2a4309f0561835797fd8c19b333ed"},"description":"Der bisherige deutsche Botschafter in der Ukraine, Martin J\u00e4ger, wird am Donnerstag sein Amt als neuer Pr\u00e4sident des Bundesnachrichtendienstes (BND) antreten.\u00a0Zwei Tage nach seinem 61. Geburtstag","breadcrumb":{"@id":"https:\/\/vof-news.eu\/de\/ehemaliger-botschafter-in-der-ukraine-tritt-amt-als-bnd-chef-an\/#breadcrumb"},"inLanguage":"de","potentialAction":[{"@type":"ReadAction","target":["https:\/\/vof-news.eu\/de\/ehemaliger-botschafter-in-der-ukraine-tritt-amt-als-bnd-chef-an\/"]}]},{"@type":"ImageObject","inLanguage":"de","@id":"https:\/\/vof-news.eu\/de\/ehemaliger-botschafter-in-der-ukraine-tritt-amt-als-bnd-chef-an\/#primaryimage","url":"https:\/\/vof-news.eu\/wp-content\/uploads\/2025\/09\/wide__1000x562-39.jpg","contentUrl":"https:\/\/vof-news.eu\/wp-content\/uploads\/2025\/09\/wide__1000x562-39.jpg","width":1000,"height":562},{"@type":"BreadcrumbList","@id":"https:\/\/vof-news.eu\/de\/ehemaliger-botschafter-in-der-ukraine-tritt-amt-als-bnd-chef-an\/#breadcrumb","itemListElement":[{"@type":"ListItem","position":1,"name":"Home","item":"https:\/\/vof-news.eu\/de\/"},{"@type":"ListItem","position":2,"name":"Ehemaliger Botschafter in der Ukraine tritt Amt als BND-Chef an"}]},{"@type":"WebSite","@id":"https:\/\/vof-news.eu\/de\/#website","url":"https:\/\/vof-news.eu\/de\/","name":"vof-news.eu","description":"","potentialAction":[{"@type":"SearchAction","target":{"@type":"EntryPoint","urlTemplate":"https:\/\/vof-news.eu\/de\/?s={search_term_string}"},"query-input":"required name=search_term_string"}],"inLanguage":"de"},{"@type":"Person","@id":"https:\/\/vof-news.eu\/de\/#\/schema\/person\/f6a2a4309f0561835797fd8c19b333ed","name":"Author","image":{"@type":"ImageObject","inLanguage":"de","@id":"https:\/\/vof-news.eu\/de\/#\/schema\/person\/image\/","url":"https:\/\/secure.gravatar.com\/avatar\/b67e614b1b25b3e9c0c239efdd2fde5ab015b5affd6f1c3c85911ca4b384e790?s=96&d=mm&r=g","contentUrl":"https:\/\/secure.gravatar.com\/avatar\/b67e614b1b25b3e9c0c239efdd2fde5ab015b5affd6f1c3c85911ca4b384e790?s=96&d=mm&r=g","caption":"Author"},"sameAs":["http:\/\/vof-news.eu"],"url":"https:\/\/vof-news.eu\/de\/author\/zwt6qxnjulxbnyg\/"}]}},"yoast_meta":{"yoast_wpseo_title":"","yoast_wpseo_metadesc":"","yoast_wpseo_canonical":""},"_links":{"self":[{"href":"https:\/\/vof-news.eu\/de\/wp-json\/wp\/v2\/posts\/273219","targetHints":{"allow":["GET"]}}],"collection":[{"href":"https:\/\/vof-news.eu\/de\/wp-json\/wp\/v2\/posts"}],"about":[{"href":"https:\/\/vof-news.eu\/de\/wp-json\/wp\/v2\/types\/post"}],"author":[{"embeddable":true,"href":"https:\/\/vof-news.eu\/de\/wp-json\/wp\/v2\/users\/1"}],"replies":[{"embeddable":true,"href":"https:\/\/vof-news.eu\/de\/wp-json\/wp\/v2\/comments?post=273219"}],"version-history":[{"count":1,"href":"https:\/\/vof-news.eu\/de\/wp-json\/wp\/v2\/posts\/273219\/revisions"}],"predecessor-version":[{"id":273226,"href":"https:\/\/vof-news.eu\/de\/wp-json\/wp\/v2\/posts\/273219\/revisions\/273226"}],"wp:featuredmedia":[{"embeddable":true,"href":"https:\/\/vof-news.eu\/de\/wp-json\/wp\/v2\/media\/273220"}],"wp:attachment":[{"href":"https:\/\/vof-news.eu\/de\/wp-json\/wp\/v2\/media?parent=273219"}],"wp:term":[{"taxonomy":"category","embeddable":true,"href":"https:\/\/vof-news.eu\/de\/wp-json\/wp\/v2\/categories?post=273219"},{"taxonomy":"post_tag","embeddable":true,"href":"https:\/\/vof-news.eu\/de\/wp-json\/wp\/v2\/tags?post=273219"}],"curies":[{"name":"wp","href":"https:\/\/api.w.org\/{rel}","templated":true}]}}