{"id":273150,"date":"2025-09-10T09:29:25","date_gmt":"2025-09-10T06:29:25","guid":{"rendered":"https:\/\/vof-news.eu\/ursula-von-der-leyen-halt-rede-zur-lage-der-europaischen-union\/"},"modified":"2025-09-10T09:30:52","modified_gmt":"2025-09-10T06:30:52","slug":"ursula-von-der-leyen-halt-rede-zur-lage-der-europaischen-union","status":"publish","type":"post","link":"https:\/\/vof-news.eu\/de\/ursula-von-der-leyen-halt-rede-zur-lage-der-europaischen-union\/","title":{"rendered":"Ursula von der Leyen h\u00e4lt Rede zur Lage der Europ\u00e4ischen Union"},"content":{"rendered":"<div>\n<p>Zehn Monate nach ihrem Wiederantritt im Amt der EU-Kommissionspr\u00e4sidentin h\u00e4lt <span><a href=\"https:\/\/www.zeit.de\/thema\/ursula-von-der-leyen\" rel=\"nofollow\">Ursula von der Leyen<\/a><\/span> an diesem Mittwochvormittag die allj\u00e4hrliche Rede zur Lage der Europ\u00e4ischen Union. Es wird erwartet, dass sie Einblicke in neue Projekte und geplante Initiativen geben und ihre Politik f\u00fcr die kommenden Jahre skizzieren wird. Im Anschluss steht eine Fragerunde mit den Abgeordneten des Parlaments an.\n<\/p>\n<p>Weitere zentrale Themen der Rede d\u00fcrften in diesem Jahr zudem die Wettbewerbsf\u00e4higkeit der <span><a href=\"https:\/\/www.zeit.de\/thema\/europaeische-union\" rel=\"nofollow\">EU<\/a><\/span>, die internationalen Krisen \u2013 insbesondere in der Ukraine und in Gaza \u2013 sowie die Verteidigungsf\u00e4higkeit der EU sein. Zudem wird von der Leyen eine Bilanz der ersten Monate ihrer zweiten Amtszeit ziehen.\u00a0\n<\/p>\n<h2>Misstrauensantrag im Juli abgewendet<\/h2>\n<p>Es waren schwierige erste zehn Monate f\u00fcr von der Leyen im neuen Amt. Im <span><a href=\"https:\/\/www.zeit.de\/thema\/europaeisches-parlament\" rel=\"nofollow\">EU-Parlament<\/a><\/span> hat sie nicht den vollen R\u00fcckhalt der anderen Parteien au\u00dferhalb ihres Mitte-Rechts-B\u00fcndnisses EVP. Im Juli <a href=\"https:\/\/www.zeit.de\/politik\/ausland\/2025-07\/eu-kommission-von-ursula-von-der-leyen-uebersteht-misstrauensvotum\" rel=\"nofollow\">\u00fcberstand die CDU-Politikerin einen Misstrauensantrag aus dem rechten Lager<\/a>, welches sich vor allem noch mehr Ma\u00dfnahmen zur F\u00f6rderung der europ\u00e4ischen Wirtschaft sowie im Kampf gegen aus seiner Sicht unerw\u00fcnschte Migration fordert.\n<\/p>\n<p>Der Antrag scheiterte letztlich deutlich, auch <a href=\"https:\/\/www.europarl.europa.eu\/doceo\/document\/PV-10-2025-07-10-RCV_EN.pdf\" rel=\"nofollow\">dank einer Ablehnung aus den gr\u00fcnen und linken Lagern<\/a>\u00a0(PDF). Allerdings \u00e4u\u00dferten sich auch diese unzufrieden mit von der Leyen und kritisierten etwa ihren zentralistischen F\u00fchrungsstil und die zunehmende Machtkonzentration in der EU-Kommission. Im Anschluss an den Antrag machten etwa Gr\u00fcne und Sozialdemokraten deutlich, dass sie im Gegenzug nun Zugest\u00e4ndnisse von der Kommissionschefin erwarten.\n<\/p>\n<h2>Zollstreit mit Trump dominiert zweite Amtszeit<\/h2>\n<p>Vor allem standen die ersten Monate ihrer zweiten Amtszeit unter dem Eindruck des Zollstreits der EU mit den USA. F\u00fcr das letztlich Ende Juli ausgehandelte Zollabkommen erhielt die Kommissionspr\u00e4sidentin ebenfalls viel Kritik. So einigte sie sich mit US-Pr\u00e4sident Donald Trump auf einen <a href=\"https:\/\/www.zeit.de\/politik\/ausland\/2025-07\/zoll-deal-eu-usa-ok-america\" rel=\"nofollow\">Zollsatz von 15 Prozent auf die meisten europ\u00e4ischen Produkte<\/a> \u2013 vor Trumps Amtsantritt hatte der Zollsatz bei 2,5 Prozent gelegen. Von der Leyen <a href=\"https:\/\/www.zeit.de\/politik\/ausland\/2025-08\/zoelle-eu-usa-trump-handelskrieg\" rel=\"nofollow\">verteidigte den Deal<\/a> damit, dass ohne eine Einigung bis zu 30 Prozent Zoll und m\u00f6glicherweise ein Handelskrieg gedroht h\u00e4tten.\u00a0\n<\/p>\n<p>Kritikerinnen und Kritiker werfen ihr allerdings vor, Trump zu gro\u00dfe Zugest\u00e4ndnisse gemacht zu haben. &#8222;Wir m\u00fcssen uns schon fragen, wie es sein kann, dass die Europ\u00e4ische Union mit 27 Staaten und 450 Millionen B\u00fcrgerinnen und B\u00fcrgern am Ende so schwach dasteht&#8220;, sagte unter anderem Bundesfinanzminister Lars Klingbeil \u2013 nachdem er sich zun\u00e4chst erleichtert \u00fcber eine Einigung gezeigt hatte. Der Gro\u00dfverband Gro\u00dfhandel, Au\u00dfenhandel, Dienstleistungen (BGA) nannte die Vereinbarung eine <a href=\"https:\/\/www.zeit.de\/politik\/ausland\/2025-07\/reaktionen-usa-eu-zolldeal-handelsabkommen\" rel=\"nofollow\">&#8222;existenzielle Bedrohung&#8220; f\u00fcr viele H\u00e4ndler<\/a>.\u00a0\n<\/p>\n<p>Entsprechend erwarten einige Abgeordnete, dass von der Leyen in ihrer Rede zur Lage der EU erneut Stellung zu der Abmachung bezieht.\n<\/p>\n<\/div>\n","protected":false},"excerpt":{"rendered":"<p>Zehn Monate nach ihrem Wiederantritt im Amt der EU-Kommissionspr\u00e4sidentin h\u00e4lt Ursula von der Leyen an diesem Mittwochvormittag die allj\u00e4hrliche Rede zur Lage der Europ\u00e4ischen Union. Es wird erwartet, dass sie Einblicke in neue Projekte und geplante Initiativen geben und ihre Politik f\u00fcr die kommenden Jahre skizzieren wird. Im Anschluss steht eine Fragerunde mit den Abgeordneten<\/p>\n","protected":false},"author":1,"featured_media":273151,"comment_status":"open","ping_status":"open","sticky":false,"template":"","format":"standard","meta":{"footnotes":""},"categories":[116],"tags":[],"class_list":["post-273150","post","type-post","status-publish","format-standard","has-post-thumbnail","hentry","category-war-chronicles-de"],"acf":[],"yoast_head":"<!-- This site is optimized with the Yoast SEO plugin v22.9 - https:\/\/yoast.com\/wordpress\/plugins\/seo\/ -->\n<title>Ursula von der Leyen h\u00e4lt Rede zur Lage der Europ\u00e4ischen Union - vof-news.eu<\/title>\n<meta name=\"description\" content=\"Zehn Monate nach ihrem Wiederantritt im Amt der EU-Kommissionspr\u00e4sidentin h\u00e4lt Ursula von der Leyen an diesem Mittwochvormittag die allj\u00e4hrliche Rede zur Lage der Europ\u00e4ischen Union. Es wird erwartet, dass sie Einblicke in neue Projekte und geplante Initiativen geben und ihre Politik f\u00fcr die kommenden Jahre skizzieren wird. Im Anschluss steht eine Fragerunde mit den Abgeordneten des Parlaments an.\" \/>\n<meta name=\"robots\" content=\"noindex, follow, max-snippet:-1, max-image-preview:large, max-video-preview:-1\" \/>\n<meta property=\"og:locale\" content=\"de_DE\" \/>\n<meta property=\"og:type\" content=\"article\" \/>\n<meta property=\"og:title\" content=\"Ursula von der Leyen h\u00e4lt Rede zur Lage der Europ\u00e4ischen Union - vof-news.eu\" \/>\n<meta property=\"og:description\" content=\"Zehn Monate nach ihrem Wiederantritt im Amt der EU-Kommissionspr\u00e4sidentin h\u00e4lt Ursula von der Leyen an diesem Mittwochvormittag die allj\u00e4hrliche Rede zur Lage der Europ\u00e4ischen Union. Es wird erwartet, dass sie Einblicke in neue Projekte und geplante Initiativen geben und ihre Politik f\u00fcr die kommenden Jahre skizzieren wird. Im Anschluss steht eine Fragerunde mit den Abgeordneten des Parlaments an.\" \/>\n<meta property=\"og:url\" content=\"https:\/\/vof-news.eu\/de\/ursula-von-der-leyen-halt-rede-zur-lage-der-europaischen-union\/\" \/>\n<meta property=\"og:site_name\" content=\"vof-news.eu\" \/>\n<meta property=\"article:published_time\" content=\"2025-09-10T06:29:25+00:00\" \/>\n<meta property=\"article:modified_time\" content=\"2025-09-10T06:30:52+00:00\" \/>\n<meta property=\"og:image\" content=\"https:\/\/vof-news.eu\/wp-content\/uploads\/2025\/09\/wide__1000x562-38.jpg\" \/>\n\t<meta property=\"og:image:width\" content=\"1000\" \/>\n\t<meta property=\"og:image:height\" content=\"562\" \/>\n\t<meta property=\"og:image:type\" content=\"image\/jpeg\" \/>\n<meta name=\"author\" content=\"Author\" \/>\n<meta name=\"twitter:card\" content=\"summary_large_image\" \/>\n<meta name=\"twitter:label1\" content=\"Verfasst von\" \/>\n\t<meta name=\"twitter:data1\" content=\"Author\" \/>\n\t<meta name=\"twitter:label2\" content=\"Gesch\u00e4tzte Lesezeit\" \/>\n\t<meta name=\"twitter:data2\" content=\"2\u00a0Minuten\" \/>\n<script type=\"application\/ld+json\" class=\"yoast-schema-graph\">{\"@context\":\"https:\/\/schema.org\",\"@graph\":[{\"@type\":\"WebPage\",\"@id\":\"https:\/\/vof-news.eu\/de\/ursula-von-der-leyen-halt-rede-zur-lage-der-europaischen-union\/\",\"url\":\"https:\/\/vof-news.eu\/de\/ursula-von-der-leyen-halt-rede-zur-lage-der-europaischen-union\/\",\"name\":\"Ursula von der Leyen h\u00e4lt Rede zur Lage der Europ\u00e4ischen Union - vof-news.eu\",\"isPartOf\":{\"@id\":\"https:\/\/vof-news.eu\/de\/#website\"},\"primaryImageOfPage\":{\"@id\":\"https:\/\/vof-news.eu\/de\/ursula-von-der-leyen-halt-rede-zur-lage-der-europaischen-union\/#primaryimage\"},\"image\":{\"@id\":\"https:\/\/vof-news.eu\/de\/ursula-von-der-leyen-halt-rede-zur-lage-der-europaischen-union\/#primaryimage\"},\"thumbnailUrl\":\"https:\/\/vof-news.eu\/wp-content\/uploads\/2025\/09\/wide__1000x562-38.jpg\",\"datePublished\":\"2025-09-10T06:29:25+00:00\",\"dateModified\":\"2025-09-10T06:30:52+00:00\",\"author\":{\"@id\":\"https:\/\/vof-news.eu\/de\/#\/schema\/person\/f6a2a4309f0561835797fd8c19b333ed\"},\"description\":\"Zehn Monate nach ihrem Wiederantritt im Amt der EU-Kommissionspr\u00e4sidentin h\u00e4lt Ursula von der Leyen an diesem Mittwochvormittag die allj\u00e4hrliche Rede zur Lage der Europ\u00e4ischen Union. Es wird erwartet, dass sie Einblicke in neue Projekte und geplante Initiativen geben und ihre Politik f\u00fcr die kommenden Jahre skizzieren wird. Im Anschluss steht eine Fragerunde mit den Abgeordneten des Parlaments an.\",\"breadcrumb\":{\"@id\":\"https:\/\/vof-news.eu\/de\/ursula-von-der-leyen-halt-rede-zur-lage-der-europaischen-union\/#breadcrumb\"},\"inLanguage\":\"de\",\"potentialAction\":[{\"@type\":\"ReadAction\",\"target\":[\"https:\/\/vof-news.eu\/de\/ursula-von-der-leyen-halt-rede-zur-lage-der-europaischen-union\/\"]}]},{\"@type\":\"ImageObject\",\"inLanguage\":\"de\",\"@id\":\"https:\/\/vof-news.eu\/de\/ursula-von-der-leyen-halt-rede-zur-lage-der-europaischen-union\/#primaryimage\",\"url\":\"https:\/\/vof-news.eu\/wp-content\/uploads\/2025\/09\/wide__1000x562-38.jpg\",\"contentUrl\":\"https:\/\/vof-news.eu\/wp-content\/uploads\/2025\/09\/wide__1000x562-38.jpg\",\"width\":1000,\"height\":562},{\"@type\":\"BreadcrumbList\",\"@id\":\"https:\/\/vof-news.eu\/de\/ursula-von-der-leyen-halt-rede-zur-lage-der-europaischen-union\/#breadcrumb\",\"itemListElement\":[{\"@type\":\"ListItem\",\"position\":1,\"name\":\"Home\",\"item\":\"https:\/\/vof-news.eu\/de\/\"},{\"@type\":\"ListItem\",\"position\":2,\"name\":\"Ursula von der Leyen h\u00e4lt Rede zur Lage der Europ\u00e4ischen Union\"}]},{\"@type\":\"WebSite\",\"@id\":\"https:\/\/vof-news.eu\/de\/#website\",\"url\":\"https:\/\/vof-news.eu\/de\/\",\"name\":\"vof-news.eu\",\"description\":\"\",\"potentialAction\":[{\"@type\":\"SearchAction\",\"target\":{\"@type\":\"EntryPoint\",\"urlTemplate\":\"https:\/\/vof-news.eu\/de\/?s={search_term_string}\"},\"query-input\":\"required name=search_term_string\"}],\"inLanguage\":\"de\"},{\"@type\":\"Person\",\"@id\":\"https:\/\/vof-news.eu\/de\/#\/schema\/person\/f6a2a4309f0561835797fd8c19b333ed\",\"name\":\"Author\",\"image\":{\"@type\":\"ImageObject\",\"inLanguage\":\"de\",\"@id\":\"https:\/\/vof-news.eu\/de\/#\/schema\/person\/image\/\",\"url\":\"https:\/\/secure.gravatar.com\/avatar\/b67e614b1b25b3e9c0c239efdd2fde5ab015b5affd6f1c3c85911ca4b384e790?s=96&d=mm&r=g\",\"contentUrl\":\"https:\/\/secure.gravatar.com\/avatar\/b67e614b1b25b3e9c0c239efdd2fde5ab015b5affd6f1c3c85911ca4b384e790?s=96&d=mm&r=g\",\"caption\":\"Author\"},\"sameAs\":[\"http:\/\/vof-news.eu\"],\"url\":\"https:\/\/vof-news.eu\/de\/author\/zwt6qxnjulxbnyg\/\"}]}<\/script>\n<!-- \/ Yoast SEO plugin. -->","yoast_head_json":{"title":"Ursula von der Leyen h\u00e4lt Rede zur Lage der Europ\u00e4ischen Union - vof-news.eu","description":"Zehn Monate nach ihrem Wiederantritt im Amt der EU-Kommissionspr\u00e4sidentin h\u00e4lt Ursula von der Leyen an diesem Mittwochvormittag die allj\u00e4hrliche Rede zur Lage der Europ\u00e4ischen Union. Es wird erwartet, dass sie Einblicke in neue Projekte und geplante Initiativen geben und ihre Politik f\u00fcr die kommenden Jahre skizzieren wird. Im Anschluss steht eine Fragerunde mit den Abgeordneten des Parlaments an.","robots":{"index":"noindex","follow":"follow","max-snippet":"max-snippet:-1","max-image-preview":"max-image-preview:large","max-video-preview":"max-video-preview:-1"},"og_locale":"de_DE","og_type":"article","og_title":"Ursula von der Leyen h\u00e4lt Rede zur Lage der Europ\u00e4ischen Union - vof-news.eu","og_description":"Zehn Monate nach ihrem Wiederantritt im Amt der EU-Kommissionspr\u00e4sidentin h\u00e4lt Ursula von der Leyen an diesem Mittwochvormittag die allj\u00e4hrliche Rede zur Lage der Europ\u00e4ischen Union. Es wird erwartet, dass sie Einblicke in neue Projekte und geplante Initiativen geben und ihre Politik f\u00fcr die kommenden Jahre skizzieren wird. Im Anschluss steht eine Fragerunde mit den Abgeordneten des Parlaments an.","og_url":"https:\/\/vof-news.eu\/de\/ursula-von-der-leyen-halt-rede-zur-lage-der-europaischen-union\/","og_site_name":"vof-news.eu","article_published_time":"2025-09-10T06:29:25+00:00","article_modified_time":"2025-09-10T06:30:52+00:00","og_image":[{"width":1000,"height":562,"url":"https:\/\/vof-news.eu\/wp-content\/uploads\/2025\/09\/wide__1000x562-38.jpg","type":"image\/jpeg"}],"author":"Author","twitter_card":"summary_large_image","twitter_misc":{"Verfasst von":"Author","Gesch\u00e4tzte Lesezeit":"2\u00a0Minuten"},"schema":{"@context":"https:\/\/schema.org","@graph":[{"@type":"WebPage","@id":"https:\/\/vof-news.eu\/de\/ursula-von-der-leyen-halt-rede-zur-lage-der-europaischen-union\/","url":"https:\/\/vof-news.eu\/de\/ursula-von-der-leyen-halt-rede-zur-lage-der-europaischen-union\/","name":"Ursula von der Leyen h\u00e4lt Rede zur Lage der Europ\u00e4ischen Union - vof-news.eu","isPartOf":{"@id":"https:\/\/vof-news.eu\/de\/#website"},"primaryImageOfPage":{"@id":"https:\/\/vof-news.eu\/de\/ursula-von-der-leyen-halt-rede-zur-lage-der-europaischen-union\/#primaryimage"},"image":{"@id":"https:\/\/vof-news.eu\/de\/ursula-von-der-leyen-halt-rede-zur-lage-der-europaischen-union\/#primaryimage"},"thumbnailUrl":"https:\/\/vof-news.eu\/wp-content\/uploads\/2025\/09\/wide__1000x562-38.jpg","datePublished":"2025-09-10T06:29:25+00:00","dateModified":"2025-09-10T06:30:52+00:00","author":{"@id":"https:\/\/vof-news.eu\/de\/#\/schema\/person\/f6a2a4309f0561835797fd8c19b333ed"},"description":"Zehn Monate nach ihrem Wiederantritt im Amt der EU-Kommissionspr\u00e4sidentin h\u00e4lt Ursula von der Leyen an diesem Mittwochvormittag die allj\u00e4hrliche Rede zur Lage der Europ\u00e4ischen Union. Es wird erwartet, dass sie Einblicke in neue Projekte und geplante Initiativen geben und ihre Politik f\u00fcr die kommenden Jahre skizzieren wird. Im Anschluss steht eine Fragerunde mit den Abgeordneten des Parlaments an.","breadcrumb":{"@id":"https:\/\/vof-news.eu\/de\/ursula-von-der-leyen-halt-rede-zur-lage-der-europaischen-union\/#breadcrumb"},"inLanguage":"de","potentialAction":[{"@type":"ReadAction","target":["https:\/\/vof-news.eu\/de\/ursula-von-der-leyen-halt-rede-zur-lage-der-europaischen-union\/"]}]},{"@type":"ImageObject","inLanguage":"de","@id":"https:\/\/vof-news.eu\/de\/ursula-von-der-leyen-halt-rede-zur-lage-der-europaischen-union\/#primaryimage","url":"https:\/\/vof-news.eu\/wp-content\/uploads\/2025\/09\/wide__1000x562-38.jpg","contentUrl":"https:\/\/vof-news.eu\/wp-content\/uploads\/2025\/09\/wide__1000x562-38.jpg","width":1000,"height":562},{"@type":"BreadcrumbList","@id":"https:\/\/vof-news.eu\/de\/ursula-von-der-leyen-halt-rede-zur-lage-der-europaischen-union\/#breadcrumb","itemListElement":[{"@type":"ListItem","position":1,"name":"Home","item":"https:\/\/vof-news.eu\/de\/"},{"@type":"ListItem","position":2,"name":"Ursula von der Leyen h\u00e4lt Rede zur Lage der Europ\u00e4ischen Union"}]},{"@type":"WebSite","@id":"https:\/\/vof-news.eu\/de\/#website","url":"https:\/\/vof-news.eu\/de\/","name":"vof-news.eu","description":"","potentialAction":[{"@type":"SearchAction","target":{"@type":"EntryPoint","urlTemplate":"https:\/\/vof-news.eu\/de\/?s={search_term_string}"},"query-input":"required name=search_term_string"}],"inLanguage":"de"},{"@type":"Person","@id":"https:\/\/vof-news.eu\/de\/#\/schema\/person\/f6a2a4309f0561835797fd8c19b333ed","name":"Author","image":{"@type":"ImageObject","inLanguage":"de","@id":"https:\/\/vof-news.eu\/de\/#\/schema\/person\/image\/","url":"https:\/\/secure.gravatar.com\/avatar\/b67e614b1b25b3e9c0c239efdd2fde5ab015b5affd6f1c3c85911ca4b384e790?s=96&d=mm&r=g","contentUrl":"https:\/\/secure.gravatar.com\/avatar\/b67e614b1b25b3e9c0c239efdd2fde5ab015b5affd6f1c3c85911ca4b384e790?s=96&d=mm&r=g","caption":"Author"},"sameAs":["http:\/\/vof-news.eu"],"url":"https:\/\/vof-news.eu\/de\/author\/zwt6qxnjulxbnyg\/"}]}},"yoast_meta":{"yoast_wpseo_title":"","yoast_wpseo_metadesc":"","yoast_wpseo_canonical":""},"_links":{"self":[{"href":"https:\/\/vof-news.eu\/de\/wp-json\/wp\/v2\/posts\/273150","targetHints":{"allow":["GET"]}}],"collection":[{"href":"https:\/\/vof-news.eu\/de\/wp-json\/wp\/v2\/posts"}],"about":[{"href":"https:\/\/vof-news.eu\/de\/wp-json\/wp\/v2\/types\/post"}],"author":[{"embeddable":true,"href":"https:\/\/vof-news.eu\/de\/wp-json\/wp\/v2\/users\/1"}],"replies":[{"embeddable":true,"href":"https:\/\/vof-news.eu\/de\/wp-json\/wp\/v2\/comments?post=273150"}],"version-history":[{"count":1,"href":"https:\/\/vof-news.eu\/de\/wp-json\/wp\/v2\/posts\/273150\/revisions"}],"predecessor-version":[{"id":273157,"href":"https:\/\/vof-news.eu\/de\/wp-json\/wp\/v2\/posts\/273150\/revisions\/273157"}],"wp:featuredmedia":[{"embeddable":true,"href":"https:\/\/vof-news.eu\/de\/wp-json\/wp\/v2\/media\/273151"}],"wp:attachment":[{"href":"https:\/\/vof-news.eu\/de\/wp-json\/wp\/v2\/media?parent=273150"}],"wp:term":[{"taxonomy":"category","embeddable":true,"href":"https:\/\/vof-news.eu\/de\/wp-json\/wp\/v2\/categories?post=273150"},{"taxonomy":"post_tag","embeddable":true,"href":"https:\/\/vof-news.eu\/de\/wp-json\/wp\/v2\/tags?post=273150"}],"curies":[{"name":"wp","href":"https:\/\/api.w.org\/{rel}","templated":true}]}}