{"id":273114,"date":"2025-09-10T07:28:13","date_gmt":"2025-09-10T04:28:13","guid":{"rendered":"https:\/\/vof-news.eu\/polen-meldet-abschuss-mutmaslich-russischer-drohnen-uber-staatsgebiet\/"},"modified":"2025-09-10T07:29:15","modified_gmt":"2025-09-10T04:29:15","slug":"polen-meldet-abschuss-mutmaslich-russischer-drohnen-uber-staatsgebiet","status":"publish","type":"post","link":"https:\/\/vof-news.eu\/de\/polen-meldet-abschuss-mutmaslich-russischer-drohnen-uber-staatsgebiet\/","title":{"rendered":"Polen meldet Abschuss mutma\u00dflich russischer Drohnen \u00fcber Staatsgebiet"},"content":{"rendered":"<div>\n<p>Polen hat mutma\u00dflich russische <span><a href=\"https:\/\/www.zeit.de\/thema\/drohne\" rel=\"nofollow\">Drohnen<\/a><\/span> \u00fcber seinem Staatsgebiet abgeschossen. &#8222;Bei dem<br \/>\nheutigen Angriff der Russischen F\u00f6deration auf Ziele in der<br \/>\nUkraine wurde unser Luftraum wiederholt von Drohnen verletzt&#8220;,<br \/>\nteilte das polnische Milit\u00e4rkommando mit. Polens Verteidigungsminister\u00a0W\u0142adys\u0142aw Kosiniak-Kamysz sagte, es sei auf &#8222;feindliche Objekte&#8220; geschossen worden.\n<\/p>\n<p><span><a href=\"https:\/\/www.zeit.de\/thema\/polen\" rel=\"nofollow\">Polens<\/a><\/span> Regierungschef Donald Tusk schrieb auf X, es seien Waffen gegen<br \/>\ndie Flugobjekte eingesetzt worden. Er sei in st\u00e4ndigem Kontakt mit der<br \/>\nArmeef\u00fchrung, dem Verteidigungsminister und dem Pr\u00e4sidenten.\n<\/p>\n<h2>Menschen sollen zu Hause bleiben<\/h2>\n<p>Die Suche nach den abgeschossenen Drohnen l\u00e4uft, Angaben des <span><a href=\"https:\/\/www.zeit.de\/thema\/militaer\" rel=\"nofollow\">Milit\u00e4rs<\/a><\/span> zufolge, noch.\u00a0Die Bev\u00f6lkerung in Podlachien,<br \/>\nMasowien und Lublin wurde aufgerufen, zu Hause zu bleiben. Es<br \/>\nist das erste Mal seit Beginn des russischen Angriffskrieges,<br \/>\ndass Polen eigenen Angaben zufolge in seinem Luftraum gegen russische Flugk\u00f6rper<br \/>\neinschreitet.\n<\/p>\n<p>Der US-Luftfahrtbeh\u00f6rde FAA zufolge wurden vier Flugh\u00e4fen<br \/>\nvor\u00fcbergehend geschlossen, darunter der Chopin-Flughafen in<br \/>\nWarschau und der Flughafen\u00a0Rzesz\u00f3w-Jasionka. Letzterer gilt als<br \/>\nwichtiges Drehkreuz f\u00fcr Waffenlieferungen an die <span><a href=\"https:\/\/www.zeit.de\/politik\/ausland\/ukraine-krieg-news-liveblog\" rel=\"nofollow\">Ukraine<\/a><\/span>. Eine<br \/>\noffizielle Best\u00e4tigung der Schlie\u00dfungen durch die polnischen<br \/>\nBeh\u00f6rden lag zun\u00e4chst nicht vor. US-Au\u00dfenminister Marco Rubio<br \/>\nsei \u00fcber die Berichte informiert worden, meldete der Sender CNN.<br \/>\nEine Stellungnahme des russischen Verteidigungsministeriums lag<br \/>\nzun\u00e4chst nicht vor.\n<\/p>\n<h2>Zuletzt mehrere Drohnenabst\u00fcrze in Polen<\/h2>\n<p>Dem Eindringen der<br \/>\nDrohnen in den polnischen Luftraum gingen stundenlange russische<br \/>\nLuftangriffe auf den Westen der Ukraine voraus. Die ukrainische<br \/>\nLuftwaffe hatte zun\u00e4chst ebenfalls \u00fcber den Einflug russischer<br \/>\nDrohnen nach Polen berichtet, diese Meldung jedoch sp\u00e4ter wieder<br \/>\nzur\u00fcckgezogen.\n<\/p>\n<p>In den vergangenen Wochen waren mehrfach Drohnen<br \/>\nin den Luftraum \u00fcber Polen eingedrungen und abgest\u00fcrzt. Verletzt wurde<br \/>\ndabei niemand. Verteidigungsminister\u00a0W\u0142adys\u0142aw Kosiniak-Kamysz hatte<br \/>\nbereits am Dienstag gesagt, die Drohnen k\u00f6nnten zuk\u00fcnftig abgeschossen<br \/>\nwerden, wenn dies vertretbar sei.\u00a0\n<\/p>\n<p>Das EU- und Nato-Mitglied Polen ist ein<br \/>\nwichtiger politischer und milit\u00e4rischer Verb\u00fcndeter der von Russland<br \/>\nangegriffenen Ukraine. Das Land hat auch eine zentrale Funktion als<br \/>\nlogistische Drehscheibe f\u00fcr die Milit\u00e4rhilfe des Westens f\u00fcr die Ukraine. Polen<br \/>\n f\u00fchlt sich auch selbst von Russland bedroht und r\u00fcstet erheblich auf.\n<\/p>\n<\/p>\n<\/div>\n","protected":false},"excerpt":{"rendered":"<p>Polen hat mutma\u00dflich russische Drohnen \u00fcber seinem Staatsgebiet abgeschossen. &#8222;Bei dem heutigen Angriff der Russischen F\u00f6deration auf Ziele in der Ukraine wurde unser Luftraum wiederholt von Drohnen verletzt&#8220;, teilte das polnische Milit\u00e4rkommando mit. Polens Verteidigungsminister\u00a0W\u0142adys\u0142aw Kosiniak-Kamysz sagte, es sei auf &#8222;feindliche Objekte&#8220; geschossen worden. Polens Regierungschef Donald Tusk schrieb auf X, es seien Waffen gegen<\/p>\n","protected":false},"author":1,"featured_media":273115,"comment_status":"open","ping_status":"open","sticky":false,"template":"","format":"standard","meta":{"footnotes":""},"categories":[116],"tags":[],"class_list":["post-273114","post","type-post","status-publish","format-standard","has-post-thumbnail","hentry","category-war-chronicles-de"],"acf":[],"yoast_head":"<!-- This site is optimized with the Yoast SEO plugin v22.9 - https:\/\/yoast.com\/wordpress\/plugins\/seo\/ -->\n<title>Polen meldet Abschuss mutma\u00dflich russischer Drohnen \u00fcber Staatsgebiet - vof-news.eu<\/title>\n<meta name=\"description\" content=\"Polen hat mutma\u00dflich russische Drohnen \u00fcber seinem Staatsgebiet abgeschossen. &quot;Bei dem\" \/>\n<meta name=\"robots\" content=\"noindex, follow, max-snippet:-1, max-image-preview:large, max-video-preview:-1\" \/>\n<meta property=\"og:locale\" content=\"de_DE\" \/>\n<meta property=\"og:type\" content=\"article\" \/>\n<meta property=\"og:title\" content=\"Polen meldet Abschuss mutma\u00dflich russischer Drohnen \u00fcber Staatsgebiet - vof-news.eu\" \/>\n<meta property=\"og:description\" content=\"Polen hat mutma\u00dflich russische Drohnen \u00fcber seinem Staatsgebiet abgeschossen. &quot;Bei dem\" \/>\n<meta property=\"og:url\" content=\"https:\/\/vof-news.eu\/de\/polen-meldet-abschuss-mutmaslich-russischer-drohnen-uber-staatsgebiet\/\" \/>\n<meta property=\"og:site_name\" content=\"vof-news.eu\" \/>\n<meta property=\"article:published_time\" content=\"2025-09-10T04:28:13+00:00\" \/>\n<meta property=\"article:modified_time\" content=\"2025-09-10T04:29:15+00:00\" \/>\n<meta property=\"og:image\" content=\"https:\/\/vof-news.eu\/wp-content\/uploads\/2025\/09\/wide__1000x562-37.jpg\" \/>\n\t<meta property=\"og:image:width\" content=\"1000\" \/>\n\t<meta property=\"og:image:height\" content=\"562\" \/>\n\t<meta property=\"og:image:type\" content=\"image\/jpeg\" \/>\n<meta name=\"author\" content=\"Author\" \/>\n<meta name=\"twitter:card\" content=\"summary_large_image\" \/>\n<meta name=\"twitter:label1\" content=\"Verfasst von\" \/>\n\t<meta name=\"twitter:data1\" content=\"Author\" \/>\n\t<meta name=\"twitter:label2\" content=\"Gesch\u00e4tzte Lesezeit\" \/>\n\t<meta name=\"twitter:data2\" content=\"2\u00a0Minuten\" \/>\n<script type=\"application\/ld+json\" class=\"yoast-schema-graph\">{\"@context\":\"https:\/\/schema.org\",\"@graph\":[{\"@type\":\"WebPage\",\"@id\":\"https:\/\/vof-news.eu\/de\/polen-meldet-abschuss-mutmaslich-russischer-drohnen-uber-staatsgebiet\/\",\"url\":\"https:\/\/vof-news.eu\/de\/polen-meldet-abschuss-mutmaslich-russischer-drohnen-uber-staatsgebiet\/\",\"name\":\"Polen meldet Abschuss mutma\u00dflich russischer Drohnen \u00fcber Staatsgebiet - vof-news.eu\",\"isPartOf\":{\"@id\":\"https:\/\/vof-news.eu\/de\/#website\"},\"primaryImageOfPage\":{\"@id\":\"https:\/\/vof-news.eu\/de\/polen-meldet-abschuss-mutmaslich-russischer-drohnen-uber-staatsgebiet\/#primaryimage\"},\"image\":{\"@id\":\"https:\/\/vof-news.eu\/de\/polen-meldet-abschuss-mutmaslich-russischer-drohnen-uber-staatsgebiet\/#primaryimage\"},\"thumbnailUrl\":\"https:\/\/vof-news.eu\/wp-content\/uploads\/2025\/09\/wide__1000x562-37.jpg\",\"datePublished\":\"2025-09-10T04:28:13+00:00\",\"dateModified\":\"2025-09-10T04:29:15+00:00\",\"author\":{\"@id\":\"https:\/\/vof-news.eu\/de\/#\/schema\/person\/f6a2a4309f0561835797fd8c19b333ed\"},\"description\":\"Polen hat mutma\u00dflich russische Drohnen \u00fcber seinem Staatsgebiet abgeschossen. \\\"Bei dem\",\"breadcrumb\":{\"@id\":\"https:\/\/vof-news.eu\/de\/polen-meldet-abschuss-mutmaslich-russischer-drohnen-uber-staatsgebiet\/#breadcrumb\"},\"inLanguage\":\"de\",\"potentialAction\":[{\"@type\":\"ReadAction\",\"target\":[\"https:\/\/vof-news.eu\/de\/polen-meldet-abschuss-mutmaslich-russischer-drohnen-uber-staatsgebiet\/\"]}]},{\"@type\":\"ImageObject\",\"inLanguage\":\"de\",\"@id\":\"https:\/\/vof-news.eu\/de\/polen-meldet-abschuss-mutmaslich-russischer-drohnen-uber-staatsgebiet\/#primaryimage\",\"url\":\"https:\/\/vof-news.eu\/wp-content\/uploads\/2025\/09\/wide__1000x562-37.jpg\",\"contentUrl\":\"https:\/\/vof-news.eu\/wp-content\/uploads\/2025\/09\/wide__1000x562-37.jpg\",\"width\":1000,\"height\":562},{\"@type\":\"BreadcrumbList\",\"@id\":\"https:\/\/vof-news.eu\/de\/polen-meldet-abschuss-mutmaslich-russischer-drohnen-uber-staatsgebiet\/#breadcrumb\",\"itemListElement\":[{\"@type\":\"ListItem\",\"position\":1,\"name\":\"Home\",\"item\":\"https:\/\/vof-news.eu\/de\/\"},{\"@type\":\"ListItem\",\"position\":2,\"name\":\"Polen meldet Abschuss mutma\u00dflich russischer Drohnen \u00fcber Staatsgebiet\"}]},{\"@type\":\"WebSite\",\"@id\":\"https:\/\/vof-news.eu\/de\/#website\",\"url\":\"https:\/\/vof-news.eu\/de\/\",\"name\":\"vof-news.eu\",\"description\":\"\",\"potentialAction\":[{\"@type\":\"SearchAction\",\"target\":{\"@type\":\"EntryPoint\",\"urlTemplate\":\"https:\/\/vof-news.eu\/de\/?s={search_term_string}\"},\"query-input\":\"required name=search_term_string\"}],\"inLanguage\":\"de\"},{\"@type\":\"Person\",\"@id\":\"https:\/\/vof-news.eu\/de\/#\/schema\/person\/f6a2a4309f0561835797fd8c19b333ed\",\"name\":\"Author\",\"image\":{\"@type\":\"ImageObject\",\"inLanguage\":\"de\",\"@id\":\"https:\/\/vof-news.eu\/de\/#\/schema\/person\/image\/\",\"url\":\"https:\/\/secure.gravatar.com\/avatar\/b67e614b1b25b3e9c0c239efdd2fde5ab015b5affd6f1c3c85911ca4b384e790?s=96&d=mm&r=g\",\"contentUrl\":\"https:\/\/secure.gravatar.com\/avatar\/b67e614b1b25b3e9c0c239efdd2fde5ab015b5affd6f1c3c85911ca4b384e790?s=96&d=mm&r=g\",\"caption\":\"Author\"},\"sameAs\":[\"http:\/\/vof-news.eu\"],\"url\":\"https:\/\/vof-news.eu\/de\/author\/zwt6qxnjulxbnyg\/\"}]}<\/script>\n<!-- \/ Yoast SEO plugin. -->","yoast_head_json":{"title":"Polen meldet Abschuss mutma\u00dflich russischer Drohnen \u00fcber Staatsgebiet - vof-news.eu","description":"Polen hat mutma\u00dflich russische Drohnen \u00fcber seinem Staatsgebiet abgeschossen. \"Bei dem","robots":{"index":"noindex","follow":"follow","max-snippet":"max-snippet:-1","max-image-preview":"max-image-preview:large","max-video-preview":"max-video-preview:-1"},"og_locale":"de_DE","og_type":"article","og_title":"Polen meldet Abschuss mutma\u00dflich russischer Drohnen \u00fcber Staatsgebiet - vof-news.eu","og_description":"Polen hat mutma\u00dflich russische Drohnen \u00fcber seinem Staatsgebiet abgeschossen. \"Bei dem","og_url":"https:\/\/vof-news.eu\/de\/polen-meldet-abschuss-mutmaslich-russischer-drohnen-uber-staatsgebiet\/","og_site_name":"vof-news.eu","article_published_time":"2025-09-10T04:28:13+00:00","article_modified_time":"2025-09-10T04:29:15+00:00","og_image":[{"width":1000,"height":562,"url":"https:\/\/vof-news.eu\/wp-content\/uploads\/2025\/09\/wide__1000x562-37.jpg","type":"image\/jpeg"}],"author":"Author","twitter_card":"summary_large_image","twitter_misc":{"Verfasst von":"Author","Gesch\u00e4tzte Lesezeit":"2\u00a0Minuten"},"schema":{"@context":"https:\/\/schema.org","@graph":[{"@type":"WebPage","@id":"https:\/\/vof-news.eu\/de\/polen-meldet-abschuss-mutmaslich-russischer-drohnen-uber-staatsgebiet\/","url":"https:\/\/vof-news.eu\/de\/polen-meldet-abschuss-mutmaslich-russischer-drohnen-uber-staatsgebiet\/","name":"Polen meldet Abschuss mutma\u00dflich russischer Drohnen \u00fcber Staatsgebiet - vof-news.eu","isPartOf":{"@id":"https:\/\/vof-news.eu\/de\/#website"},"primaryImageOfPage":{"@id":"https:\/\/vof-news.eu\/de\/polen-meldet-abschuss-mutmaslich-russischer-drohnen-uber-staatsgebiet\/#primaryimage"},"image":{"@id":"https:\/\/vof-news.eu\/de\/polen-meldet-abschuss-mutmaslich-russischer-drohnen-uber-staatsgebiet\/#primaryimage"},"thumbnailUrl":"https:\/\/vof-news.eu\/wp-content\/uploads\/2025\/09\/wide__1000x562-37.jpg","datePublished":"2025-09-10T04:28:13+00:00","dateModified":"2025-09-10T04:29:15+00:00","author":{"@id":"https:\/\/vof-news.eu\/de\/#\/schema\/person\/f6a2a4309f0561835797fd8c19b333ed"},"description":"Polen hat mutma\u00dflich russische Drohnen \u00fcber seinem Staatsgebiet abgeschossen. \"Bei dem","breadcrumb":{"@id":"https:\/\/vof-news.eu\/de\/polen-meldet-abschuss-mutmaslich-russischer-drohnen-uber-staatsgebiet\/#breadcrumb"},"inLanguage":"de","potentialAction":[{"@type":"ReadAction","target":["https:\/\/vof-news.eu\/de\/polen-meldet-abschuss-mutmaslich-russischer-drohnen-uber-staatsgebiet\/"]}]},{"@type":"ImageObject","inLanguage":"de","@id":"https:\/\/vof-news.eu\/de\/polen-meldet-abschuss-mutmaslich-russischer-drohnen-uber-staatsgebiet\/#primaryimage","url":"https:\/\/vof-news.eu\/wp-content\/uploads\/2025\/09\/wide__1000x562-37.jpg","contentUrl":"https:\/\/vof-news.eu\/wp-content\/uploads\/2025\/09\/wide__1000x562-37.jpg","width":1000,"height":562},{"@type":"BreadcrumbList","@id":"https:\/\/vof-news.eu\/de\/polen-meldet-abschuss-mutmaslich-russischer-drohnen-uber-staatsgebiet\/#breadcrumb","itemListElement":[{"@type":"ListItem","position":1,"name":"Home","item":"https:\/\/vof-news.eu\/de\/"},{"@type":"ListItem","position":2,"name":"Polen meldet Abschuss mutma\u00dflich russischer Drohnen \u00fcber Staatsgebiet"}]},{"@type":"WebSite","@id":"https:\/\/vof-news.eu\/de\/#website","url":"https:\/\/vof-news.eu\/de\/","name":"vof-news.eu","description":"","potentialAction":[{"@type":"SearchAction","target":{"@type":"EntryPoint","urlTemplate":"https:\/\/vof-news.eu\/de\/?s={search_term_string}"},"query-input":"required name=search_term_string"}],"inLanguage":"de"},{"@type":"Person","@id":"https:\/\/vof-news.eu\/de\/#\/schema\/person\/f6a2a4309f0561835797fd8c19b333ed","name":"Author","image":{"@type":"ImageObject","inLanguage":"de","@id":"https:\/\/vof-news.eu\/de\/#\/schema\/person\/image\/","url":"https:\/\/secure.gravatar.com\/avatar\/b67e614b1b25b3e9c0c239efdd2fde5ab015b5affd6f1c3c85911ca4b384e790?s=96&d=mm&r=g","contentUrl":"https:\/\/secure.gravatar.com\/avatar\/b67e614b1b25b3e9c0c239efdd2fde5ab015b5affd6f1c3c85911ca4b384e790?s=96&d=mm&r=g","caption":"Author"},"sameAs":["http:\/\/vof-news.eu"],"url":"https:\/\/vof-news.eu\/de\/author\/zwt6qxnjulxbnyg\/"}]}},"yoast_meta":{"yoast_wpseo_title":"","yoast_wpseo_metadesc":"","yoast_wpseo_canonical":""},"_links":{"self":[{"href":"https:\/\/vof-news.eu\/de\/wp-json\/wp\/v2\/posts\/273114","targetHints":{"allow":["GET"]}}],"collection":[{"href":"https:\/\/vof-news.eu\/de\/wp-json\/wp\/v2\/posts"}],"about":[{"href":"https:\/\/vof-news.eu\/de\/wp-json\/wp\/v2\/types\/post"}],"author":[{"embeddable":true,"href":"https:\/\/vof-news.eu\/de\/wp-json\/wp\/v2\/users\/1"}],"replies":[{"embeddable":true,"href":"https:\/\/vof-news.eu\/de\/wp-json\/wp\/v2\/comments?post=273114"}],"version-history":[{"count":1,"href":"https:\/\/vof-news.eu\/de\/wp-json\/wp\/v2\/posts\/273114\/revisions"}],"predecessor-version":[{"id":273121,"href":"https:\/\/vof-news.eu\/de\/wp-json\/wp\/v2\/posts\/273114\/revisions\/273121"}],"wp:featuredmedia":[{"embeddable":true,"href":"https:\/\/vof-news.eu\/de\/wp-json\/wp\/v2\/media\/273115"}],"wp:attachment":[{"href":"https:\/\/vof-news.eu\/de\/wp-json\/wp\/v2\/media?parent=273114"}],"wp:term":[{"taxonomy":"category","embeddable":true,"href":"https:\/\/vof-news.eu\/de\/wp-json\/wp\/v2\/categories?post=273114"},{"taxonomy":"post_tag","embeddable":true,"href":"https:\/\/vof-news.eu\/de\/wp-json\/wp\/v2\/tags?post=273114"}],"curies":[{"name":"wp","href":"https:\/\/api.w.org\/{rel}","templated":true}]}}