{"id":273017,"date":"2025-09-09T21:28:20","date_gmt":"2025-09-09T18:28:20","guid":{"rendered":"https:\/\/vof-news.eu\/warum-die-nato-nach-belarus-blickt\/"},"modified":"2025-09-09T21:29:37","modified_gmt":"2025-09-09T18:29:37","slug":"warum-die-nato-nach-belarus-blickt","status":"publish","type":"post","link":"https:\/\/vof-news.eu\/de\/warum-die-nato-nach-belarus-blickt\/","title":{"rendered":"Warum die Nato nach Belarus blickt"},"content":{"rendered":"<div>\n<nav>\n<h2>Alle Fragen im \u00dcberblick:<\/h2>\n<ul>\n<li>\n<a href=\"https:\/\/www.zeit.de#was-ist-das-sapad-manoever\" rel=\"nofollow\"><br \/>\n<span>Was ist das Sapad-Man\u00f6ver?<\/span><\/p>\n<p><\/a>\n<\/li>\n<li>\n<a href=\"https:\/\/www.zeit.de#wie-viele-truppen-werden-an-der-sapad-2025-teilnehmen\" rel=\"nofollow\"><br \/>\n<span>Wie viele Truppen werden an der Sapad 2025 teilnehmen?<\/span><\/p>\n<p><\/a>\n<\/li>\n<li>\n<a href=\"https:\/\/www.zeit.de#was-wird-beim-manoever-sapad-2025-geuebt\" rel=\"nofollow\"><br \/>\n<span>Was wird beim Man\u00f6ver Sapad 2025 ge\u00fcbt?<\/span><\/p>\n<p><\/a>\n<\/li>\n<li>\n<a href=\"https:\/\/www.zeit.de#welche-rolle-spielt-belarus-bei-der-militaeruebung\" rel=\"nofollow\"><br \/>\n<span>Welche Rolle spielt Belarus bei der Milit\u00e4r\u00fcbung?<\/span><\/p>\n<p><\/a>\n<\/li>\n<li>\n<a href=\"https:\/\/www.zeit.de#was-will-russland-mit-der-uebung-erreichen\" rel=\"nofollow\"><br \/>\n<span>Was will Russland mit der \u00dcbung erreichen?<\/span><\/p>\n<p><\/a>\n<\/li>\n<li>\n<a href=\"https:\/\/www.zeit.de#wie-verlief-die-letzte-sapad\" rel=\"nofollow\"><br \/>\n<span>Wie verlief die letzte Sapad?<\/span><\/p>\n<p><\/a>\n<\/li>\n<li>\n<a href=\"https:\/\/www.zeit.de#wie-reagieren-nato-ukraine-und-die-nachbarstaaten\" rel=\"nofollow\"><br \/>\n<span>Wie reagieren Nato, Ukraine und die Nachbarstaaten?<\/span><\/p>\n<p><\/a>\n<\/li>\n<\/ul>\n<\/nav>\n<\/div>\n","protected":false},"excerpt":{"rendered":"<p>Alle Fragen im \u00dcberblick: Was ist das Sapad-Man\u00f6ver? Wie viele Truppen werden an der Sapad 2025 teilnehmen? Was wird beim Man\u00f6ver Sapad 2025 ge\u00fcbt? Welche Rolle spielt Belarus bei der Milit\u00e4r\u00fcbung? Was will Russland mit der \u00dcbung erreichen? Wie verlief die letzte Sapad? Wie reagieren Nato, Ukraine und die Nachbarstaaten?<\/p>\n","protected":false},"author":1,"featured_media":273018,"comment_status":"open","ping_status":"open","sticky":false,"template":"","format":"standard","meta":{"footnotes":""},"categories":[116],"tags":[],"class_list":["post-273017","post","type-post","status-publish","format-standard","has-post-thumbnail","hentry","category-war-chronicles-de"],"acf":[],"yoast_head":"<!-- This site is optimized with the Yoast SEO plugin v22.9 - https:\/\/yoast.com\/wordpress\/plugins\/seo\/ -->\n<title>Warum die Nato nach Belarus blickt - vof-news.eu<\/title>\n<meta name=\"description\" content=\"Alle Fragen im \u00dcberblick:\" \/>\n<meta name=\"robots\" content=\"noindex, follow, max-snippet:-1, max-image-preview:large, max-video-preview:-1\" \/>\n<meta property=\"og:locale\" content=\"de_DE\" \/>\n<meta property=\"og:type\" content=\"article\" \/>\n<meta property=\"og:title\" content=\"Warum die Nato nach Belarus blickt - vof-news.eu\" \/>\n<meta property=\"og:description\" content=\"Alle Fragen im \u00dcberblick:\" \/>\n<meta property=\"og:url\" content=\"https:\/\/vof-news.eu\/de\/warum-die-nato-nach-belarus-blickt\/\" \/>\n<meta property=\"og:site_name\" content=\"vof-news.eu\" \/>\n<meta property=\"article:published_time\" content=\"2025-09-09T18:28:20+00:00\" \/>\n<meta property=\"article:modified_time\" content=\"2025-09-09T18:29:37+00:00\" \/>\n<meta property=\"og:image\" content=\"https:\/\/vof-news.eu\/wp-content\/uploads\/2025\/09\/wide__1000x562-36.jpg\" \/>\n\t<meta property=\"og:image:width\" content=\"1000\" \/>\n\t<meta property=\"og:image:height\" content=\"562\" \/>\n\t<meta property=\"og:image:type\" content=\"image\/jpeg\" \/>\n<meta name=\"author\" content=\"Author\" \/>\n<meta name=\"twitter:card\" content=\"summary_large_image\" \/>\n<meta name=\"twitter:label1\" content=\"Verfasst von\" \/>\n\t<meta name=\"twitter:data1\" content=\"Author\" \/>\n<script type=\"application\/ld+json\" class=\"yoast-schema-graph\">{\"@context\":\"https:\/\/schema.org\",\"@graph\":[{\"@type\":\"WebPage\",\"@id\":\"https:\/\/vof-news.eu\/de\/warum-die-nato-nach-belarus-blickt\/\",\"url\":\"https:\/\/vof-news.eu\/de\/warum-die-nato-nach-belarus-blickt\/\",\"name\":\"Warum die Nato nach Belarus blickt - vof-news.eu\",\"isPartOf\":{\"@id\":\"https:\/\/vof-news.eu\/de\/#website\"},\"primaryImageOfPage\":{\"@id\":\"https:\/\/vof-news.eu\/de\/warum-die-nato-nach-belarus-blickt\/#primaryimage\"},\"image\":{\"@id\":\"https:\/\/vof-news.eu\/de\/warum-die-nato-nach-belarus-blickt\/#primaryimage\"},\"thumbnailUrl\":\"https:\/\/vof-news.eu\/wp-content\/uploads\/2025\/09\/wide__1000x562-36.jpg\",\"datePublished\":\"2025-09-09T18:28:20+00:00\",\"dateModified\":\"2025-09-09T18:29:37+00:00\",\"author\":{\"@id\":\"https:\/\/vof-news.eu\/de\/#\/schema\/person\/f6a2a4309f0561835797fd8c19b333ed\"},\"description\":\"Alle Fragen im \u00dcberblick:\",\"breadcrumb\":{\"@id\":\"https:\/\/vof-news.eu\/de\/warum-die-nato-nach-belarus-blickt\/#breadcrumb\"},\"inLanguage\":\"de\",\"potentialAction\":[{\"@type\":\"ReadAction\",\"target\":[\"https:\/\/vof-news.eu\/de\/warum-die-nato-nach-belarus-blickt\/\"]}]},{\"@type\":\"ImageObject\",\"inLanguage\":\"de\",\"@id\":\"https:\/\/vof-news.eu\/de\/warum-die-nato-nach-belarus-blickt\/#primaryimage\",\"url\":\"https:\/\/vof-news.eu\/wp-content\/uploads\/2025\/09\/wide__1000x562-36.jpg\",\"contentUrl\":\"https:\/\/vof-news.eu\/wp-content\/uploads\/2025\/09\/wide__1000x562-36.jpg\",\"width\":1000,\"height\":562},{\"@type\":\"BreadcrumbList\",\"@id\":\"https:\/\/vof-news.eu\/de\/warum-die-nato-nach-belarus-blickt\/#breadcrumb\",\"itemListElement\":[{\"@type\":\"ListItem\",\"position\":1,\"name\":\"Home\",\"item\":\"https:\/\/vof-news.eu\/de\/\"},{\"@type\":\"ListItem\",\"position\":2,\"name\":\"Warum die Nato nach Belarus blickt\"}]},{\"@type\":\"WebSite\",\"@id\":\"https:\/\/vof-news.eu\/de\/#website\",\"url\":\"https:\/\/vof-news.eu\/de\/\",\"name\":\"vof-news.eu\",\"description\":\"\",\"potentialAction\":[{\"@type\":\"SearchAction\",\"target\":{\"@type\":\"EntryPoint\",\"urlTemplate\":\"https:\/\/vof-news.eu\/de\/?s={search_term_string}\"},\"query-input\":\"required name=search_term_string\"}],\"inLanguage\":\"de\"},{\"@type\":\"Person\",\"@id\":\"https:\/\/vof-news.eu\/de\/#\/schema\/person\/f6a2a4309f0561835797fd8c19b333ed\",\"name\":\"Author\",\"image\":{\"@type\":\"ImageObject\",\"inLanguage\":\"de\",\"@id\":\"https:\/\/vof-news.eu\/de\/#\/schema\/person\/image\/\",\"url\":\"https:\/\/secure.gravatar.com\/avatar\/b67e614b1b25b3e9c0c239efdd2fde5ab015b5affd6f1c3c85911ca4b384e790?s=96&d=mm&r=g\",\"contentUrl\":\"https:\/\/secure.gravatar.com\/avatar\/b67e614b1b25b3e9c0c239efdd2fde5ab015b5affd6f1c3c85911ca4b384e790?s=96&d=mm&r=g\",\"caption\":\"Author\"},\"sameAs\":[\"http:\/\/vof-news.eu\"],\"url\":\"https:\/\/vof-news.eu\/de\/author\/zwt6qxnjulxbnyg\/\"}]}<\/script>\n<!-- \/ Yoast SEO plugin. -->","yoast_head_json":{"title":"Warum die Nato nach Belarus blickt - vof-news.eu","description":"Alle Fragen im \u00dcberblick:","robots":{"index":"noindex","follow":"follow","max-snippet":"max-snippet:-1","max-image-preview":"max-image-preview:large","max-video-preview":"max-video-preview:-1"},"og_locale":"de_DE","og_type":"article","og_title":"Warum die Nato nach Belarus blickt - vof-news.eu","og_description":"Alle Fragen im \u00dcberblick:","og_url":"https:\/\/vof-news.eu\/de\/warum-die-nato-nach-belarus-blickt\/","og_site_name":"vof-news.eu","article_published_time":"2025-09-09T18:28:20+00:00","article_modified_time":"2025-09-09T18:29:37+00:00","og_image":[{"width":1000,"height":562,"url":"https:\/\/vof-news.eu\/wp-content\/uploads\/2025\/09\/wide__1000x562-36.jpg","type":"image\/jpeg"}],"author":"Author","twitter_card":"summary_large_image","twitter_misc":{"Verfasst von":"Author"},"schema":{"@context":"https:\/\/schema.org","@graph":[{"@type":"WebPage","@id":"https:\/\/vof-news.eu\/de\/warum-die-nato-nach-belarus-blickt\/","url":"https:\/\/vof-news.eu\/de\/warum-die-nato-nach-belarus-blickt\/","name":"Warum die Nato nach Belarus blickt - vof-news.eu","isPartOf":{"@id":"https:\/\/vof-news.eu\/de\/#website"},"primaryImageOfPage":{"@id":"https:\/\/vof-news.eu\/de\/warum-die-nato-nach-belarus-blickt\/#primaryimage"},"image":{"@id":"https:\/\/vof-news.eu\/de\/warum-die-nato-nach-belarus-blickt\/#primaryimage"},"thumbnailUrl":"https:\/\/vof-news.eu\/wp-content\/uploads\/2025\/09\/wide__1000x562-36.jpg","datePublished":"2025-09-09T18:28:20+00:00","dateModified":"2025-09-09T18:29:37+00:00","author":{"@id":"https:\/\/vof-news.eu\/de\/#\/schema\/person\/f6a2a4309f0561835797fd8c19b333ed"},"description":"Alle Fragen im \u00dcberblick:","breadcrumb":{"@id":"https:\/\/vof-news.eu\/de\/warum-die-nato-nach-belarus-blickt\/#breadcrumb"},"inLanguage":"de","potentialAction":[{"@type":"ReadAction","target":["https:\/\/vof-news.eu\/de\/warum-die-nato-nach-belarus-blickt\/"]}]},{"@type":"ImageObject","inLanguage":"de","@id":"https:\/\/vof-news.eu\/de\/warum-die-nato-nach-belarus-blickt\/#primaryimage","url":"https:\/\/vof-news.eu\/wp-content\/uploads\/2025\/09\/wide__1000x562-36.jpg","contentUrl":"https:\/\/vof-news.eu\/wp-content\/uploads\/2025\/09\/wide__1000x562-36.jpg","width":1000,"height":562},{"@type":"BreadcrumbList","@id":"https:\/\/vof-news.eu\/de\/warum-die-nato-nach-belarus-blickt\/#breadcrumb","itemListElement":[{"@type":"ListItem","position":1,"name":"Home","item":"https:\/\/vof-news.eu\/de\/"},{"@type":"ListItem","position":2,"name":"Warum die Nato nach Belarus blickt"}]},{"@type":"WebSite","@id":"https:\/\/vof-news.eu\/de\/#website","url":"https:\/\/vof-news.eu\/de\/","name":"vof-news.eu","description":"","potentialAction":[{"@type":"SearchAction","target":{"@type":"EntryPoint","urlTemplate":"https:\/\/vof-news.eu\/de\/?s={search_term_string}"},"query-input":"required name=search_term_string"}],"inLanguage":"de"},{"@type":"Person","@id":"https:\/\/vof-news.eu\/de\/#\/schema\/person\/f6a2a4309f0561835797fd8c19b333ed","name":"Author","image":{"@type":"ImageObject","inLanguage":"de","@id":"https:\/\/vof-news.eu\/de\/#\/schema\/person\/image\/","url":"https:\/\/secure.gravatar.com\/avatar\/b67e614b1b25b3e9c0c239efdd2fde5ab015b5affd6f1c3c85911ca4b384e790?s=96&d=mm&r=g","contentUrl":"https:\/\/secure.gravatar.com\/avatar\/b67e614b1b25b3e9c0c239efdd2fde5ab015b5affd6f1c3c85911ca4b384e790?s=96&d=mm&r=g","caption":"Author"},"sameAs":["http:\/\/vof-news.eu"],"url":"https:\/\/vof-news.eu\/de\/author\/zwt6qxnjulxbnyg\/"}]}},"yoast_meta":{"yoast_wpseo_title":"","yoast_wpseo_metadesc":"","yoast_wpseo_canonical":""},"_links":{"self":[{"href":"https:\/\/vof-news.eu\/de\/wp-json\/wp\/v2\/posts\/273017","targetHints":{"allow":["GET"]}}],"collection":[{"href":"https:\/\/vof-news.eu\/de\/wp-json\/wp\/v2\/posts"}],"about":[{"href":"https:\/\/vof-news.eu\/de\/wp-json\/wp\/v2\/types\/post"}],"author":[{"embeddable":true,"href":"https:\/\/vof-news.eu\/de\/wp-json\/wp\/v2\/users\/1"}],"replies":[{"embeddable":true,"href":"https:\/\/vof-news.eu\/de\/wp-json\/wp\/v2\/comments?post=273017"}],"version-history":[{"count":1,"href":"https:\/\/vof-news.eu\/de\/wp-json\/wp\/v2\/posts\/273017\/revisions"}],"predecessor-version":[{"id":273024,"href":"https:\/\/vof-news.eu\/de\/wp-json\/wp\/v2\/posts\/273017\/revisions\/273024"}],"wp:featuredmedia":[{"embeddable":true,"href":"https:\/\/vof-news.eu\/de\/wp-json\/wp\/v2\/media\/273018"}],"wp:attachment":[{"href":"https:\/\/vof-news.eu\/de\/wp-json\/wp\/v2\/media?parent=273017"}],"wp:term":[{"taxonomy":"category","embeddable":true,"href":"https:\/\/vof-news.eu\/de\/wp-json\/wp\/v2\/categories?post=273017"},{"taxonomy":"post_tag","embeddable":true,"href":"https:\/\/vof-news.eu\/de\/wp-json\/wp\/v2\/tags?post=273017"}],"curies":[{"name":"wp","href":"https:\/\/api.w.org\/{rel}","templated":true}]}}