{"id":272768,"date":"2025-09-09T03:28:33","date_gmt":"2025-09-09T00:28:33","guid":{"rendered":"https:\/\/vof-news.eu\/sozialdemokraten-gewinnen-parlamentswahl-in-norwegen\/"},"modified":"2025-09-09T03:29:53","modified_gmt":"2025-09-09T00:29:53","slug":"sozialdemokraten-gewinnen-parlamentswahl-in-norwegen","status":"publish","type":"post","link":"https:\/\/vof-news.eu\/de\/sozialdemokraten-gewinnen-parlamentswahl-in-norwegen\/","title":{"rendered":"Sozialdemokraten gewinnen Parlamentswahl in Norwegen"},"content":{"rendered":"<div>\n<p>Die Parlamentswahlen in <span><a href=\"https:\/\/www.zeit.de\/thema\/norwegen\" rel=\"nofollow\">Norwegen<\/a><\/span> haben die Regierungspartei von Ministerpr\u00e4sident Jonas Gahr St\u00f8re als st\u00e4rkste Kraft best\u00e4tigt. Die<br \/>\nsozialdemokratische Arbeiterpartei (Ap) erzielte laut dem vorl\u00e4ufigen Endergebnis der Wahlbeh\u00f6rde\u00a028,2 Prozent der Stimmen. Die rechtspopulistische Fortschrittspartei (FrP) verzeichnete<br \/>\nmit einem Plus von 12,3 Prozent den gr\u00f6\u00dften Zuwachs und wurde mit 23,9 Prozent zweitst\u00e4rkste Partei, wie die norwegische Wahlbeh\u00f6rde mitteilte. Auf<br \/>\nPlatz drei landeten die Konservativen (H\u00f8yre) der ehemaligen<br \/>\nMinisterpr\u00e4sidentin Erna Solberg mit 14,6 Prozent.\n<\/p>\n<p>Der Wahlbeh\u00f6rde zufolge kommen die f\u00fcnf Parteien des rot-gr\u00fcnen<br \/>\nBlocks auf eine knappe Mehrheit im Parlament. Gemeinsam h\u00e4tten sie demnach<br \/>\n87 der 169 Sitze.\u00a0Das Mitte-rechts-B\u00fcndnis erreicht 82 Sitze. Ministerpr\u00e4sident St\u00f8re f\u00fchrt <a href=\"https:\/\/www.zeit.de\/politik\/ausland\/2021-10\/norwegen-neue-regierung-jonas-gahr-store-schueler-betreuung\" rel=\"nofollow\">seit 2021 eine<br \/>\nMinderheitsregierung<\/a>. Es wird erwartet, dass er im<br \/>\nAmt bleibt. Seine Regierung w\u00e4re allerdings bei wichtigen Entscheidungen wie<br \/>\nin der Haushaltspolitik stark von den kleineren Parteien abh\u00e4ngig.\n<\/p>\n<h2>Rechtspopulisten schneiden stark ab<\/h2>\n<p>&#8222;Wir wussten, dass es knapp werden w\u00fcrde, und das wurde es&#8220;, sagte\u00a0St\u00f8re vor seinen Anh\u00e4ngern. &#8222;Wir wussten, dass wir alles geben mussten, und<br \/>\nwir haben alles gegeben. Wir haben es geschafft.&#8220; Ende vergangenen Jahres hatte noch ein Sieg der rechtspopulistischen<br \/>\nFortschrittspartei als wahrscheinlich gegolten. Damals f\u00fchrte die FrP die<br \/>\nUmfragen deutlich an, w\u00e4hrend die Konservativen mit etwa 20 Prozent vor<br \/>\nSt\u00f8res Sozialdemokraten lagen.\u00a0\n<\/p>\n<p>Die\u00a0Fortschrittspartei erzielte dennoch das beste Ergebnis ihrer Geschichte.\u00a0&#8222;Heute Abend werden wir unser bestes Ergebnis aller Zeiten feiern&#8220;,<br \/>\nsagte Parteichefin Sylvi Listhaug. &#8222;Mein Ziel ist es, dass das nur der<br \/>\nAnfang ist.&#8220; Den Erhebungen am Wahlabend zufolge stimmten<br \/>\ninsbesondere Jungw\u00e4hler und M\u00e4nner f\u00fcr die Rechtspopulisten.\n<\/p>\n<h2>Regierungspartei kann Beliebtheit wieder steigern<\/h2>\n<p>Die Zustimmung f\u00fcr die Regierungspartei hatte im<br \/>\nFr\u00fchjahr sp\u00fcrbar zugenommen. Beobachtern zufolge profitierte Regierungschef St\u00f8re dabei<br \/>\nvon mehreren Faktoren. Einer davon sei der Amtsantritt von US-Pr\u00e4sident Donald<br \/>\nTrump Ende Januar gewesen. Die dadurch entstandene Unsicherheit im<br \/>\ntransatlantischen Verh\u00e4ltnis habe das Bed\u00fcrfnis nach einem erfahrenen<br \/>\nRegierungschef in Norwegen verst\u00e4rkt.\n<\/p>\n<p>St\u00f8re holte zudem im Februar <a href=\"https:\/\/www.zeit.de\/politik\/ausland\/2025-02\/jens-stoltenberg-nato-generalsekretaer-finanzminister-norwegen\" rel=\"nofollow\">Ex-Nato-Generalsekret\u00e4r Jens<br \/>\nStoltenberg als Finanzminister in sein Kabinett<\/a>. Stoltenberg, der selbst drei<br \/>\nAmtszeiten als norwegischer Ministerpr\u00e4sident absolviert hat, gilt als einer<br \/>\nder beliebtesten Politiker des Landes. Russlands Krieg in der Ukraine hat<br \/>\nau\u00dfenpolitische Themen bei der Wahl st\u00e4rker als sonst in den Vordergrund<br \/>\nger\u00fcckt.\n<\/p>\n<p>Stark gepr\u00e4gt war der Wahlkampf aber auch vom Unmut der<br \/>\nNorwegerinnen und Norweger \u00fcber die hohen Lebenshaltungskosten im Land. Die<br \/>\nLebensmittelpreise sind in den vergangenen zw\u00f6lf Monaten um 5,9 Prozent<br \/>\ngestiegen. W\u00e4hrend St\u00f8res Arbeiterpartei f\u00fcr stabile Steuern eintritt, fordern<br \/>\nihre linken Verb\u00fcndeten h\u00f6here Abgaben f\u00fcr Wohlhabende.\u00a0\n<\/p>\n<h2>Norwegen ist wichtiger Gaslieferant der EU<\/h2>\n<p>Norwegen ist Nato-, aber kein EU-Mitglied. Dennoch spielt<br \/>\ndas Land eine wichtige Rolle f\u00fcr andere europ\u00e4ische Staaten: Norwegen ist seit<br \/>\nder Abkehr von russischen Energietr\u00e4gern nach Russlands \u00dcberfall auf die<br \/>\nUkraine 2022 der wichtigste <a href=\"https:\/\/www.zeit.de\/thema\/gasversorgung\" rel=\"nofollow\">Gaslieferant der EU<\/a>, was die Haltung der k\u00fcnftigen<br \/>\nRegierung zur Gasf\u00f6rderung zu einem europ\u00e4ischen Thema macht. Die gr\u00fcne<br \/>\nPartei MDG etwa will keine neuen \u00d6l- und Gasbohrungen mehr zulassen, w\u00e4hrend die Ap diese<br \/>\nbef\u00fcrwortet. \u00a0\n<\/p>\n<p>Rund vier Millionen Norwegerinnen und Norweger waren zur Wahl<br \/>\naufgerufen. Nach Angaben der Wahlbeh\u00f6rde lag die Wahlbeteiligung bei 78,8 Prozent. Das endg\u00fcltige<br \/>\nWahlergebnis wird in den kommenden Tagen erwartet.\n<\/p>\n<\/div>\n","protected":false},"excerpt":{"rendered":"<p>Die Parlamentswahlen in Norwegen haben die Regierungspartei von Ministerpr\u00e4sident Jonas Gahr St\u00f8re als st\u00e4rkste Kraft best\u00e4tigt. Die sozialdemokratische Arbeiterpartei (Ap) erzielte laut dem vorl\u00e4ufigen Endergebnis der Wahlbeh\u00f6rde\u00a028,2 Prozent der Stimmen. Die rechtspopulistische Fortschrittspartei (FrP) verzeichnete mit einem Plus von 12,3 Prozent den gr\u00f6\u00dften Zuwachs und wurde mit 23,9 Prozent zweitst\u00e4rkste Partei, wie die norwegische Wahlbeh\u00f6rde<\/p>\n","protected":false},"author":1,"featured_media":272769,"comment_status":"open","ping_status":"open","sticky":false,"template":"","format":"standard","meta":{"footnotes":""},"categories":[116],"tags":[],"class_list":["post-272768","post","type-post","status-publish","format-standard","has-post-thumbnail","hentry","category-war-chronicles-de"],"acf":[],"yoast_head":"<!-- This site is optimized with the Yoast SEO plugin v22.9 - https:\/\/yoast.com\/wordpress\/plugins\/seo\/ -->\n<title>Sozialdemokraten gewinnen Parlamentswahl in Norwegen - vof-news.eu<\/title>\n<meta name=\"description\" content=\"Die Parlamentswahlen in Norwegen haben die Regierungspartei von Ministerpr\u00e4sident Jonas Gahr St\u00f8re als st\u00e4rkste Kraft best\u00e4tigt. Die\" \/>\n<meta name=\"robots\" content=\"noindex, follow, max-snippet:-1, max-image-preview:large, max-video-preview:-1\" \/>\n<meta property=\"og:locale\" content=\"de_DE\" \/>\n<meta property=\"og:type\" content=\"article\" \/>\n<meta property=\"og:title\" content=\"Sozialdemokraten gewinnen Parlamentswahl in Norwegen - vof-news.eu\" \/>\n<meta property=\"og:description\" content=\"Die Parlamentswahlen in Norwegen haben die Regierungspartei von Ministerpr\u00e4sident Jonas Gahr St\u00f8re als st\u00e4rkste Kraft best\u00e4tigt. Die\" \/>\n<meta property=\"og:url\" content=\"https:\/\/vof-news.eu\/de\/sozialdemokraten-gewinnen-parlamentswahl-in-norwegen\/\" \/>\n<meta property=\"og:site_name\" content=\"vof-news.eu\" \/>\n<meta property=\"article:published_time\" content=\"2025-09-09T00:28:33+00:00\" \/>\n<meta property=\"article:modified_time\" content=\"2025-09-09T00:29:53+00:00\" \/>\n<meta property=\"og:image\" content=\"https:\/\/vof-news.eu\/wp-content\/uploads\/2025\/09\/wide__1000x562-34.jpg\" \/>\n\t<meta property=\"og:image:width\" content=\"1000\" \/>\n\t<meta property=\"og:image:height\" content=\"562\" \/>\n\t<meta property=\"og:image:type\" content=\"image\/jpeg\" \/>\n<meta name=\"author\" content=\"Author\" \/>\n<meta name=\"twitter:card\" content=\"summary_large_image\" \/>\n<meta name=\"twitter:label1\" content=\"Verfasst von\" \/>\n\t<meta name=\"twitter:data1\" content=\"Author\" \/>\n\t<meta name=\"twitter:label2\" content=\"Gesch\u00e4tzte Lesezeit\" \/>\n\t<meta name=\"twitter:data2\" content=\"3\u00a0Minuten\" \/>\n<script type=\"application\/ld+json\" class=\"yoast-schema-graph\">{\"@context\":\"https:\/\/schema.org\",\"@graph\":[{\"@type\":\"WebPage\",\"@id\":\"https:\/\/vof-news.eu\/de\/sozialdemokraten-gewinnen-parlamentswahl-in-norwegen\/\",\"url\":\"https:\/\/vof-news.eu\/de\/sozialdemokraten-gewinnen-parlamentswahl-in-norwegen\/\",\"name\":\"Sozialdemokraten gewinnen Parlamentswahl in Norwegen - vof-news.eu\",\"isPartOf\":{\"@id\":\"https:\/\/vof-news.eu\/de\/#website\"},\"primaryImageOfPage\":{\"@id\":\"https:\/\/vof-news.eu\/de\/sozialdemokraten-gewinnen-parlamentswahl-in-norwegen\/#primaryimage\"},\"image\":{\"@id\":\"https:\/\/vof-news.eu\/de\/sozialdemokraten-gewinnen-parlamentswahl-in-norwegen\/#primaryimage\"},\"thumbnailUrl\":\"https:\/\/vof-news.eu\/wp-content\/uploads\/2025\/09\/wide__1000x562-34.jpg\",\"datePublished\":\"2025-09-09T00:28:33+00:00\",\"dateModified\":\"2025-09-09T00:29:53+00:00\",\"author\":{\"@id\":\"https:\/\/vof-news.eu\/de\/#\/schema\/person\/f6a2a4309f0561835797fd8c19b333ed\"},\"description\":\"Die Parlamentswahlen in Norwegen haben die Regierungspartei von Ministerpr\u00e4sident Jonas Gahr St\u00f8re als st\u00e4rkste Kraft best\u00e4tigt. Die\",\"breadcrumb\":{\"@id\":\"https:\/\/vof-news.eu\/de\/sozialdemokraten-gewinnen-parlamentswahl-in-norwegen\/#breadcrumb\"},\"inLanguage\":\"de\",\"potentialAction\":[{\"@type\":\"ReadAction\",\"target\":[\"https:\/\/vof-news.eu\/de\/sozialdemokraten-gewinnen-parlamentswahl-in-norwegen\/\"]}]},{\"@type\":\"ImageObject\",\"inLanguage\":\"de\",\"@id\":\"https:\/\/vof-news.eu\/de\/sozialdemokraten-gewinnen-parlamentswahl-in-norwegen\/#primaryimage\",\"url\":\"https:\/\/vof-news.eu\/wp-content\/uploads\/2025\/09\/wide__1000x562-34.jpg\",\"contentUrl\":\"https:\/\/vof-news.eu\/wp-content\/uploads\/2025\/09\/wide__1000x562-34.jpg\",\"width\":1000,\"height\":562},{\"@type\":\"BreadcrumbList\",\"@id\":\"https:\/\/vof-news.eu\/de\/sozialdemokraten-gewinnen-parlamentswahl-in-norwegen\/#breadcrumb\",\"itemListElement\":[{\"@type\":\"ListItem\",\"position\":1,\"name\":\"Home\",\"item\":\"https:\/\/vof-news.eu\/de\/\"},{\"@type\":\"ListItem\",\"position\":2,\"name\":\"Sozialdemokraten gewinnen Parlamentswahl in Norwegen\"}]},{\"@type\":\"WebSite\",\"@id\":\"https:\/\/vof-news.eu\/de\/#website\",\"url\":\"https:\/\/vof-news.eu\/de\/\",\"name\":\"vof-news.eu\",\"description\":\"\",\"potentialAction\":[{\"@type\":\"SearchAction\",\"target\":{\"@type\":\"EntryPoint\",\"urlTemplate\":\"https:\/\/vof-news.eu\/de\/?s={search_term_string}\"},\"query-input\":\"required name=search_term_string\"}],\"inLanguage\":\"de\"},{\"@type\":\"Person\",\"@id\":\"https:\/\/vof-news.eu\/de\/#\/schema\/person\/f6a2a4309f0561835797fd8c19b333ed\",\"name\":\"Author\",\"image\":{\"@type\":\"ImageObject\",\"inLanguage\":\"de\",\"@id\":\"https:\/\/vof-news.eu\/de\/#\/schema\/person\/image\/\",\"url\":\"https:\/\/secure.gravatar.com\/avatar\/b67e614b1b25b3e9c0c239efdd2fde5ab015b5affd6f1c3c85911ca4b384e790?s=96&d=mm&r=g\",\"contentUrl\":\"https:\/\/secure.gravatar.com\/avatar\/b67e614b1b25b3e9c0c239efdd2fde5ab015b5affd6f1c3c85911ca4b384e790?s=96&d=mm&r=g\",\"caption\":\"Author\"},\"sameAs\":[\"http:\/\/vof-news.eu\"],\"url\":\"https:\/\/vof-news.eu\/de\/author\/zwt6qxnjulxbnyg\/\"}]}<\/script>\n<!-- \/ Yoast SEO plugin. -->","yoast_head_json":{"title":"Sozialdemokraten gewinnen Parlamentswahl in Norwegen - vof-news.eu","description":"Die Parlamentswahlen in Norwegen haben die Regierungspartei von Ministerpr\u00e4sident Jonas Gahr St\u00f8re als st\u00e4rkste Kraft best\u00e4tigt. Die","robots":{"index":"noindex","follow":"follow","max-snippet":"max-snippet:-1","max-image-preview":"max-image-preview:large","max-video-preview":"max-video-preview:-1"},"og_locale":"de_DE","og_type":"article","og_title":"Sozialdemokraten gewinnen Parlamentswahl in Norwegen - vof-news.eu","og_description":"Die Parlamentswahlen in Norwegen haben die Regierungspartei von Ministerpr\u00e4sident Jonas Gahr St\u00f8re als st\u00e4rkste Kraft best\u00e4tigt. Die","og_url":"https:\/\/vof-news.eu\/de\/sozialdemokraten-gewinnen-parlamentswahl-in-norwegen\/","og_site_name":"vof-news.eu","article_published_time":"2025-09-09T00:28:33+00:00","article_modified_time":"2025-09-09T00:29:53+00:00","og_image":[{"width":1000,"height":562,"url":"https:\/\/vof-news.eu\/wp-content\/uploads\/2025\/09\/wide__1000x562-34.jpg","type":"image\/jpeg"}],"author":"Author","twitter_card":"summary_large_image","twitter_misc":{"Verfasst von":"Author","Gesch\u00e4tzte Lesezeit":"3\u00a0Minuten"},"schema":{"@context":"https:\/\/schema.org","@graph":[{"@type":"WebPage","@id":"https:\/\/vof-news.eu\/de\/sozialdemokraten-gewinnen-parlamentswahl-in-norwegen\/","url":"https:\/\/vof-news.eu\/de\/sozialdemokraten-gewinnen-parlamentswahl-in-norwegen\/","name":"Sozialdemokraten gewinnen Parlamentswahl in Norwegen - vof-news.eu","isPartOf":{"@id":"https:\/\/vof-news.eu\/de\/#website"},"primaryImageOfPage":{"@id":"https:\/\/vof-news.eu\/de\/sozialdemokraten-gewinnen-parlamentswahl-in-norwegen\/#primaryimage"},"image":{"@id":"https:\/\/vof-news.eu\/de\/sozialdemokraten-gewinnen-parlamentswahl-in-norwegen\/#primaryimage"},"thumbnailUrl":"https:\/\/vof-news.eu\/wp-content\/uploads\/2025\/09\/wide__1000x562-34.jpg","datePublished":"2025-09-09T00:28:33+00:00","dateModified":"2025-09-09T00:29:53+00:00","author":{"@id":"https:\/\/vof-news.eu\/de\/#\/schema\/person\/f6a2a4309f0561835797fd8c19b333ed"},"description":"Die Parlamentswahlen in Norwegen haben die Regierungspartei von Ministerpr\u00e4sident Jonas Gahr St\u00f8re als st\u00e4rkste Kraft best\u00e4tigt. Die","breadcrumb":{"@id":"https:\/\/vof-news.eu\/de\/sozialdemokraten-gewinnen-parlamentswahl-in-norwegen\/#breadcrumb"},"inLanguage":"de","potentialAction":[{"@type":"ReadAction","target":["https:\/\/vof-news.eu\/de\/sozialdemokraten-gewinnen-parlamentswahl-in-norwegen\/"]}]},{"@type":"ImageObject","inLanguage":"de","@id":"https:\/\/vof-news.eu\/de\/sozialdemokraten-gewinnen-parlamentswahl-in-norwegen\/#primaryimage","url":"https:\/\/vof-news.eu\/wp-content\/uploads\/2025\/09\/wide__1000x562-34.jpg","contentUrl":"https:\/\/vof-news.eu\/wp-content\/uploads\/2025\/09\/wide__1000x562-34.jpg","width":1000,"height":562},{"@type":"BreadcrumbList","@id":"https:\/\/vof-news.eu\/de\/sozialdemokraten-gewinnen-parlamentswahl-in-norwegen\/#breadcrumb","itemListElement":[{"@type":"ListItem","position":1,"name":"Home","item":"https:\/\/vof-news.eu\/de\/"},{"@type":"ListItem","position":2,"name":"Sozialdemokraten gewinnen Parlamentswahl in Norwegen"}]},{"@type":"WebSite","@id":"https:\/\/vof-news.eu\/de\/#website","url":"https:\/\/vof-news.eu\/de\/","name":"vof-news.eu","description":"","potentialAction":[{"@type":"SearchAction","target":{"@type":"EntryPoint","urlTemplate":"https:\/\/vof-news.eu\/de\/?s={search_term_string}"},"query-input":"required name=search_term_string"}],"inLanguage":"de"},{"@type":"Person","@id":"https:\/\/vof-news.eu\/de\/#\/schema\/person\/f6a2a4309f0561835797fd8c19b333ed","name":"Author","image":{"@type":"ImageObject","inLanguage":"de","@id":"https:\/\/vof-news.eu\/de\/#\/schema\/person\/image\/","url":"https:\/\/secure.gravatar.com\/avatar\/b67e614b1b25b3e9c0c239efdd2fde5ab015b5affd6f1c3c85911ca4b384e790?s=96&d=mm&r=g","contentUrl":"https:\/\/secure.gravatar.com\/avatar\/b67e614b1b25b3e9c0c239efdd2fde5ab015b5affd6f1c3c85911ca4b384e790?s=96&d=mm&r=g","caption":"Author"},"sameAs":["http:\/\/vof-news.eu"],"url":"https:\/\/vof-news.eu\/de\/author\/zwt6qxnjulxbnyg\/"}]}},"yoast_meta":{"yoast_wpseo_title":"","yoast_wpseo_metadesc":"","yoast_wpseo_canonical":""},"_links":{"self":[{"href":"https:\/\/vof-news.eu\/de\/wp-json\/wp\/v2\/posts\/272768","targetHints":{"allow":["GET"]}}],"collection":[{"href":"https:\/\/vof-news.eu\/de\/wp-json\/wp\/v2\/posts"}],"about":[{"href":"https:\/\/vof-news.eu\/de\/wp-json\/wp\/v2\/types\/post"}],"author":[{"embeddable":true,"href":"https:\/\/vof-news.eu\/de\/wp-json\/wp\/v2\/users\/1"}],"replies":[{"embeddable":true,"href":"https:\/\/vof-news.eu\/de\/wp-json\/wp\/v2\/comments?post=272768"}],"version-history":[{"count":1,"href":"https:\/\/vof-news.eu\/de\/wp-json\/wp\/v2\/posts\/272768\/revisions"}],"predecessor-version":[{"id":272775,"href":"https:\/\/vof-news.eu\/de\/wp-json\/wp\/v2\/posts\/272768\/revisions\/272775"}],"wp:featuredmedia":[{"embeddable":true,"href":"https:\/\/vof-news.eu\/de\/wp-json\/wp\/v2\/media\/272769"}],"wp:attachment":[{"href":"https:\/\/vof-news.eu\/de\/wp-json\/wp\/v2\/media?parent=272768"}],"wp:term":[{"taxonomy":"category","embeddable":true,"href":"https:\/\/vof-news.eu\/de\/wp-json\/wp\/v2\/categories?post=272768"},{"taxonomy":"post_tag","embeddable":true,"href":"https:\/\/vof-news.eu\/de\/wp-json\/wp\/v2\/tags?post=272768"}],"curies":[{"name":"wp","href":"https:\/\/api.w.org\/{rel}","templated":true}]}}