{"id":272008,"date":"2025-09-06T17:26:14","date_gmt":"2025-09-06T14:26:14","guid":{"rendered":"https:\/\/vof-news.eu\/ich-finde-die-wortwahl-von-fratzscher-ziemlich-unangemessen-sagt-kubicki\/"},"modified":"2025-09-06T17:26:29","modified_gmt":"2025-09-06T14:26:29","slug":"ich-finde-die-wortwahl-von-fratzscher-ziemlich-unangemessen-sagt-kubicki","status":"publish","type":"post","link":"https:\/\/vof-news.eu\/de\/ich-finde-die-wortwahl-von-fratzscher-ziemlich-unangemessen-sagt-kubicki\/","title":{"rendered":"\u201eIch finde die Wortwahl von Fratzscher ziemlich unangemessen\u201c, sagt Kubicki"},"content":{"rendered":"<p>FDP-Vizechef Wolfgang Kubicki lehnt die Vorschl\u00e4ge von DIW-Chef Marcel Fratzscher entschieden ab. Er kritisierte im Interview mit WELT TV sowohl die Idee eines \u201eBoomer-Soli\u201c sowie eines verpflichtenden sozialen Jahres f\u00fcr Rentner. \u201eDie Boomer haben dieses Land aufgebaut\u201c, betonte Kubicki. \u201eDas, was wir heute haben, verdanken wir den Boomern. Die meisten haben auch in ihrem Leben bereits unglaublich viel ehrenamtliche Arbeit geleistet und machen das auch weiter.\u201c Es brauche keine Verpflichtung von \u00c4lteren, sondern eher von J\u00fcngeren \u2013 \u201edie, obwohl sie mehr Zeit haben, auch keine Kinder produzieren\u201c.<\/p>\n<p>Fratzscher, Pr\u00e4sident des Deutschen Instituts f\u00fcr Wirtschaftsforschung (DIW), hatte zuletzt mit dem Vorschlag zur Einf\u00fchrung eines verpflichtenden sozialen Jahrs f\u00fcr Rentner eine Kontroverse ausgel\u00f6st. Die Aussage des \u00d6konomen erfuhr viel Widerspruch. Bundesfamilienministerin Karin Prien (CDU) lehnt ein verpflichtendes soziales Jahr f\u00fcr Rentner ab. \u201eDas ist ein v\u00f6llig falscher Ansatz\u201c, sagte sie.<\/p>\n<p>Zuletzt spitzte Fratzscher seine Aussagen weiter zu. Die Generation der Babyboomer trage die Schuld f\u00fcr die angestauten Probleme Deutschlands, auch die au\u00dfenpolitischen, sagte er dem \u201e<a class=\"is-link c-block-items__link is-external c-link--rich-text-renderer\" data-internal-tracking='{\"action\":\"click\",\"label\":\"link\",\"name\":\"Inline Element\",\"data\":{\"source\":\"\",\"target\":\"https:\/\/www.tagesspiegel.de\/politik\/marcel-fratzscher-im-streitgesprach-die-babyboomer-haben-die-friedensdividende-verfruhstuckt-14270318.html\",\"trackingName\":\"\",\"trackingLabel\":\"\"}}' data-internal-tracking-enabled=\"true\" href=\"https:\/\/www.tagesspiegel.de\/politik\/marcel-fratzscher-im-streitgesprach-die-babyboomer-haben-die-friedensdividende-verfruhstuckt-14270318.html\" rel=\"nofollow\" title=\"(Link wird in einem neuen Tab ge\u00f6ffnet)\">Tagesspiegel<\/a>\u201c. \u201eDie Kriegsgefahr durch Putin besteht, weil die \u00c4lteren sich die Friedensdividende genommen haben. Ich bezweifele gar nicht, dass die Bundeswehr mehr Soldaten braucht. Die Frage ist, ob das nur mit Pflicht geht oder \u00fcber Freiwilligkeit.\u201c<\/p>\n<p>Kubicki entgegnete: \u201eMan muss daran erinnern, dass auch das DIW unter Herrn Fratzscher darauf hingewiesen hat, als wir die deutsche Einheit und die europ\u00e4ische Einheit hergestellt haben, dass wir jetzt nicht mehr so viel f\u00fcr Verteidigung ausgeben m\u00fcssen.\u201c Er finde die Wortwahl Fratzschers \u201eziemlich unangemessen, gegen\u00fcber den Menschen, die ihr Leben lang wirklich gearbeitet haben\u201c. Menschen, die in Rente gehen, sollten nicht beschimpft, sondern unterst\u00fctzt werden.<\/p>\n<h3>Fratzscher ist f\u00fcr doppeltes Pflichtjahr<\/h3>\n<p>Im \u201eTagesspiegel\u201c hatte Fratzscher zu seinen Vorschl\u00e4gen erkl\u00e4rt: \u201eDie Boomer haben zu wenig Kinder bekommen. Darum m\u00fcssen sie im Alter ein soziales Pflichtjahr leisten, damit die Sozialsysteme finanzierbar bleiben.\u201c Gleichzeitig wandte er sich dagegen, dass die junge Generation ein soziales Jahr oder Wehrdienst leisten solle. \u201eJetzt brauchen wir sie erstmal im Arbeitsmarkt, damit sie Rente, Gesundheit und Pflege der \u00c4lteren finanzieren k\u00f6nnen.\u201c<\/p>\n<p><a class=\"is-link c-block-items__link c-link--rich-text-renderer\" data-internal-tracking='{\"action\":\"click\",\"label\":\"link\",\"name\":\"Inline Element\",\"data\":{\"source\":\"\",\"target\":\"https:\/\/www.welt.de\/politik\/deutschland\/article68b525488c33b226bcaee8cf\/marcel-fratzscher-die-babyboomer-muessen-endlich-verantwortung-fuer-ihr-handeln-uebernehmen-sagt-der-diw-chef.html\",\"trackingName\":\"\",\"trackingLabel\":\"\"}}' data-internal-tracking-enabled=\"true\" href=\"https:\/\/www.welt.de\/politik\/deutschland\/article68b525488c33b226bcaee8cf\/marcel-fratzscher-die-babyboomer-muessen-endlich-verantwortung-fuer-ihr-handeln-uebernehmen-sagt-der-diw-chef.html\">Fratzscher<\/a> selbst hat in seiner Jugend weder Wehr- noch Ersatzdienst geleistet, wie er im Interview erz\u00e4hlt. \u201eAuch ich hatte mich 1990 nach dem Abitur bei der Bundeswehr beworben. Aber dann hie\u00df es: Zwei \u00e4ltere Br\u00fcder haben bereits Wehrdienst geleistet. Da wird der dritte nicht auch noch gezogen.\u201c<\/p>\n<p>Auf die Nachfrage, ob er dennoch die Babyboomer, die bereits in ihrer Jugend Wehr- oder Ersatzdienst geleistet haben, ein zweites Mal in die Pflicht nehmen m\u00f6chte, best\u00e4tigte der DIW-Chef: Die Boomer sollen doppelt Dienst leisten, die Gen Z erstmal nicht. Die Vertreter dieser Generation k\u00f6nnten ihr Pflichtjahr in 45 Jahren absolvieren, wenn diese Menschen selbst im Seniorenalter seien. \u201eWenn man jetzt von den Jungen ein Pflichtjahr verlangt, dann fehlen die ein Jahr im Arbeitsmarkt.\u201c<\/p>\n","protected":false},"excerpt":{"rendered":"<p>FDP-Vizechef Wolfgang Kubicki lehnt die Vorschl\u00e4ge von DIW-Chef Marcel Fratzscher entschieden ab. Er kritisierte im Interview mit WELT TV sowohl die Idee eines \u201eBoomer-Soli\u201c sowie eines verpflichtenden sozialen Jahres f\u00fcr Rentner. \u201eDie Boomer haben dieses Land aufgebaut\u201c, betonte Kubicki. \u201eDas, was wir heute haben, verdanken wir den Boomern. Die meisten haben auch in ihrem Leben<\/p>\n","protected":false},"author":1,"featured_media":0,"comment_status":"open","ping_status":"open","sticky":false,"template":"","format":"standard","meta":{"footnotes":""},"categories":[59],"tags":[],"class_list":["post-272008","post","type-post","status-publish","format-standard","hentry","category-business-de"],"acf":[],"yoast_head":"<!-- This site is optimized with the Yoast SEO plugin v22.9 - https:\/\/yoast.com\/wordpress\/plugins\/seo\/ -->\n<title>\u201eIch finde die Wortwahl von Fratzscher ziemlich unangemessen\u201c, sagt Kubicki - vof-news.eu<\/title>\n<meta name=\"description\" content=\"FDP-Vizechef Wolfgang Kubicki lehnt die Vorschl\u00e4ge von DIW-Chef Marcel Fratzscher entschieden ab. Er kritisierte im Interview mit WELT TV sowohl die Idee eines \u201eBoomer-Soli\u201c sowie eines verpflichtenden sozialen Jahres f\u00fcr Rentner. \u201eDie Boomer haben dieses Land aufgebaut\u201c, betonte Kubicki. \u201eDas, was wir heute haben, verdanken wir den Boomern. Die meisten haben auch in ihrem Leben bereits unglaublich viel ehrenamtliche Arbeit geleistet und machen das auch weiter.\u201c Es brauche keine Verpflichtung von \u00c4lteren, sondern eher von J\u00fcngeren \u2013 \u201edie, obwohl sie mehr Zeit haben, auch keine Kinder produzieren\u201c.Fratzscher, Pr\u00e4sident des Deutschen Instituts f\u00fcr Wirtschaftsforschung (DIW), hatte zuletzt mit dem Vorschlag zur Einf\u00fchrung eines verpflichtenden sozialen Jahrs f\u00fcr Rentner eine Kontroverse ausgel\u00f6st. Die Aussage des \u00d6konomen erfuhr viel Widerspruch. Bundesfamilienministerin Karin Prien (CDU) lehnt ein verpflichtendes soziales Jahr f\u00fcr Rentner ab. \u201eDas ist ein v\u00f6llig falscher Ansatz\u201c, sagte sie.Zuletzt spitzte Fratzscher seine Aussagen weiter zu. Die Generation der Babyboomer trage die Schuld f\u00fcr die angestauten Probleme Deutschlands, auch die au\u00dfenpolitischen, sagte er dem \u201eTagesspiegel\u201c. \u201eDie Kriegsgefahr durch Putin besteht, weil die \u00c4lteren sich die Friedensdividende genommen haben. Ich bezweifele gar nicht, dass die Bundeswehr mehr Soldaten braucht. Die Frage ist, ob das nur mit Pflicht geht oder \u00fcber Freiwilligkeit.\u201cKubicki entgegnete: \u201eMan muss daran erinnern, dass auch das DIW unter Herrn Fratzscher darauf hingewiesen hat, als wir die deutsche Einheit und die europ\u00e4ische Einheit hergestellt haben, dass wir jetzt nicht mehr so viel f\u00fcr Verteidigung ausgeben m\u00fcssen.\u201c Er finde die Wortwahl Fratzschers \u201eziemlich unangemessen, gegen\u00fcber den Menschen, die ihr Leben lang wirklich gearbeitet haben\u201c. Menschen, die in Rente gehen, sollten nicht beschimpft, sondern unterst\u00fctzt werden.Fratzscher ist f\u00fcr doppeltes PflichtjahrIm \u201eTagesspiegel\u201c hatte Fratzscher zu seinen Vorschl\u00e4gen erkl\u00e4rt: \u201eDie Boomer haben zu wenig Kinder bekommen. Darum m\u00fcssen sie im Alter ein soziales Pflichtjahr leisten, damit die Sozialsysteme finanzierbar bleiben.\u201c Gleichzeitig wandte er sich dagegen, dass die junge Generation ein soziales Jahr oder Wehrdienst leisten solle. \u201eJetzt brauchen wir sie erstmal im Arbeitsmarkt, damit sie Rente, Gesundheit und Pflege der \u00c4lteren finanzieren k\u00f6nnen.\u201cFratzscher selbst hat in seiner Jugend weder Wehr- noch Ersatzdienst geleistet, wie er im Interview erz\u00e4hlt. \u201eAuch ich hatte mich 1990 nach dem Abitur bei der Bundeswehr beworben. Aber dann hie\u00df es: Zwei \u00e4ltere Br\u00fcder haben bereits Wehrdienst geleistet. Da wird der dritte nicht auch noch gezogen.\u201cAuf die Nachfrage, ob er dennoch die Babyboomer, die bereits in ihrer Jugend Wehr- oder Ersatzdienst geleistet haben, ein zweites Mal in die Pflicht nehmen m\u00f6chte, best\u00e4tigte der DIW-Chef: Die Boomer sollen doppelt Dienst leisten, die Gen Z erstmal nicht. Die Vertreter dieser Generation k\u00f6nnten ihr Pflichtjahr in 45 Jahren absolvieren, wenn diese Menschen selbst im Seniorenalter seien. \u201eWenn man jetzt von den Jungen ein Pflichtjahr verlangt, dann fehlen die ein Jahr im Arbeitsmarkt.\u201c\" \/>\n<meta name=\"robots\" content=\"noindex, follow, max-snippet:-1, max-image-preview:large, max-video-preview:-1\" \/>\n<meta property=\"og:locale\" content=\"de_DE\" \/>\n<meta property=\"og:type\" content=\"article\" \/>\n<meta property=\"og:title\" content=\"\u201eIch finde die Wortwahl von Fratzscher ziemlich unangemessen\u201c, sagt Kubicki - vof-news.eu\" \/>\n<meta property=\"og:description\" content=\"FDP-Vizechef Wolfgang Kubicki lehnt die Vorschl\u00e4ge von DIW-Chef Marcel Fratzscher entschieden ab. Er kritisierte im Interview mit WELT TV sowohl die Idee eines \u201eBoomer-Soli\u201c sowie eines verpflichtenden sozialen Jahres f\u00fcr Rentner. \u201eDie Boomer haben dieses Land aufgebaut\u201c, betonte Kubicki. \u201eDas, was wir heute haben, verdanken wir den Boomern. Die meisten haben auch in ihrem Leben bereits unglaublich viel ehrenamtliche Arbeit geleistet und machen das auch weiter.\u201c Es brauche keine Verpflichtung von \u00c4lteren, sondern eher von J\u00fcngeren \u2013 \u201edie, obwohl sie mehr Zeit haben, auch keine Kinder produzieren\u201c.Fratzscher, Pr\u00e4sident des Deutschen Instituts f\u00fcr Wirtschaftsforschung (DIW), hatte zuletzt mit dem Vorschlag zur Einf\u00fchrung eines verpflichtenden sozialen Jahrs f\u00fcr Rentner eine Kontroverse ausgel\u00f6st. Die Aussage des \u00d6konomen erfuhr viel Widerspruch. Bundesfamilienministerin Karin Prien (CDU) lehnt ein verpflichtendes soziales Jahr f\u00fcr Rentner ab. \u201eDas ist ein v\u00f6llig falscher Ansatz\u201c, sagte sie.Zuletzt spitzte Fratzscher seine Aussagen weiter zu. Die Generation der Babyboomer trage die Schuld f\u00fcr die angestauten Probleme Deutschlands, auch die au\u00dfenpolitischen, sagte er dem \u201eTagesspiegel\u201c. \u201eDie Kriegsgefahr durch Putin besteht, weil die \u00c4lteren sich die Friedensdividende genommen haben. Ich bezweifele gar nicht, dass die Bundeswehr mehr Soldaten braucht. Die Frage ist, ob das nur mit Pflicht geht oder \u00fcber Freiwilligkeit.\u201cKubicki entgegnete: \u201eMan muss daran erinnern, dass auch das DIW unter Herrn Fratzscher darauf hingewiesen hat, als wir die deutsche Einheit und die europ\u00e4ische Einheit hergestellt haben, dass wir jetzt nicht mehr so viel f\u00fcr Verteidigung ausgeben m\u00fcssen.\u201c Er finde die Wortwahl Fratzschers \u201eziemlich unangemessen, gegen\u00fcber den Menschen, die ihr Leben lang wirklich gearbeitet haben\u201c. Menschen, die in Rente gehen, sollten nicht beschimpft, sondern unterst\u00fctzt werden.Fratzscher ist f\u00fcr doppeltes PflichtjahrIm \u201eTagesspiegel\u201c hatte Fratzscher zu seinen Vorschl\u00e4gen erkl\u00e4rt: \u201eDie Boomer haben zu wenig Kinder bekommen. Darum m\u00fcssen sie im Alter ein soziales Pflichtjahr leisten, damit die Sozialsysteme finanzierbar bleiben.\u201c Gleichzeitig wandte er sich dagegen, dass die junge Generation ein soziales Jahr oder Wehrdienst leisten solle. \u201eJetzt brauchen wir sie erstmal im Arbeitsmarkt, damit sie Rente, Gesundheit und Pflege der \u00c4lteren finanzieren k\u00f6nnen.\u201cFratzscher selbst hat in seiner Jugend weder Wehr- noch Ersatzdienst geleistet, wie er im Interview erz\u00e4hlt. \u201eAuch ich hatte mich 1990 nach dem Abitur bei der Bundeswehr beworben. Aber dann hie\u00df es: Zwei \u00e4ltere Br\u00fcder haben bereits Wehrdienst geleistet. Da wird der dritte nicht auch noch gezogen.\u201cAuf die Nachfrage, ob er dennoch die Babyboomer, die bereits in ihrer Jugend Wehr- oder Ersatzdienst geleistet haben, ein zweites Mal in die Pflicht nehmen m\u00f6chte, best\u00e4tigte der DIW-Chef: Die Boomer sollen doppelt Dienst leisten, die Gen Z erstmal nicht. Die Vertreter dieser Generation k\u00f6nnten ihr Pflichtjahr in 45 Jahren absolvieren, wenn diese Menschen selbst im Seniorenalter seien. \u201eWenn man jetzt von den Jungen ein Pflichtjahr verlangt, dann fehlen die ein Jahr im Arbeitsmarkt.\u201c\" \/>\n<meta property=\"og:url\" content=\"https:\/\/vof-news.eu\/de\/ich-finde-die-wortwahl-von-fratzscher-ziemlich-unangemessen-sagt-kubicki\/\" \/>\n<meta property=\"og:site_name\" content=\"vof-news.eu\" \/>\n<meta property=\"article:published_time\" content=\"2025-09-06T14:26:14+00:00\" \/>\n<meta property=\"article:modified_time\" content=\"2025-09-06T14:26:29+00:00\" \/>\n<meta name=\"author\" content=\"Author\" \/>\n<meta name=\"twitter:card\" content=\"summary_large_image\" \/>\n<meta name=\"twitter:label1\" content=\"Verfasst von\" \/>\n\t<meta name=\"twitter:data1\" content=\"Author\" \/>\n\t<meta name=\"twitter:label2\" content=\"Gesch\u00e4tzte Lesezeit\" \/>\n\t<meta name=\"twitter:data2\" content=\"2\u00a0Minuten\" \/>\n<script type=\"application\/ld+json\" class=\"yoast-schema-graph\">{\"@context\":\"https:\/\/schema.org\",\"@graph\":[{\"@type\":\"WebPage\",\"@id\":\"https:\/\/vof-news.eu\/de\/ich-finde-die-wortwahl-von-fratzscher-ziemlich-unangemessen-sagt-kubicki\/\",\"url\":\"https:\/\/vof-news.eu\/de\/ich-finde-die-wortwahl-von-fratzscher-ziemlich-unangemessen-sagt-kubicki\/\",\"name\":\"\u201eIch finde die Wortwahl von Fratzscher ziemlich unangemessen\u201c, sagt Kubicki - vof-news.eu\",\"isPartOf\":{\"@id\":\"https:\/\/vof-news.eu\/de\/#website\"},\"datePublished\":\"2025-09-06T14:26:14+00:00\",\"dateModified\":\"2025-09-06T14:26:29+00:00\",\"author\":{\"@id\":\"https:\/\/vof-news.eu\/de\/#\/schema\/person\/f6a2a4309f0561835797fd8c19b333ed\"},\"description\":\"FDP-Vizechef Wolfgang Kubicki lehnt die Vorschl\u00e4ge von DIW-Chef Marcel Fratzscher entschieden ab. Er kritisierte im Interview mit WELT TV sowohl die Idee eines \u201eBoomer-Soli\u201c sowie eines verpflichtenden sozialen Jahres f\u00fcr Rentner. \u201eDie Boomer haben dieses Land aufgebaut\u201c, betonte Kubicki. \u201eDas, was wir heute haben, verdanken wir den Boomern. Die meisten haben auch in ihrem Leben bereits unglaublich viel ehrenamtliche Arbeit geleistet und machen das auch weiter.\u201c Es brauche keine Verpflichtung von \u00c4lteren, sondern eher von J\u00fcngeren \u2013 \u201edie, obwohl sie mehr Zeit haben, auch keine Kinder produzieren\u201c.Fratzscher, Pr\u00e4sident des Deutschen Instituts f\u00fcr Wirtschaftsforschung (DIW), hatte zuletzt mit dem Vorschlag zur Einf\u00fchrung eines verpflichtenden sozialen Jahrs f\u00fcr Rentner eine Kontroverse ausgel\u00f6st. Die Aussage des \u00d6konomen erfuhr viel Widerspruch. Bundesfamilienministerin Karin Prien (CDU) lehnt ein verpflichtendes soziales Jahr f\u00fcr Rentner ab. \u201eDas ist ein v\u00f6llig falscher Ansatz\u201c, sagte sie.Zuletzt spitzte Fratzscher seine Aussagen weiter zu. Die Generation der Babyboomer trage die Schuld f\u00fcr die angestauten Probleme Deutschlands, auch die au\u00dfenpolitischen, sagte er dem \u201eTagesspiegel\u201c. \u201eDie Kriegsgefahr durch Putin besteht, weil die \u00c4lteren sich die Friedensdividende genommen haben. Ich bezweifele gar nicht, dass die Bundeswehr mehr Soldaten braucht. Die Frage ist, ob das nur mit Pflicht geht oder \u00fcber Freiwilligkeit.\u201cKubicki entgegnete: \u201eMan muss daran erinnern, dass auch das DIW unter Herrn Fratzscher darauf hingewiesen hat, als wir die deutsche Einheit und die europ\u00e4ische Einheit hergestellt haben, dass wir jetzt nicht mehr so viel f\u00fcr Verteidigung ausgeben m\u00fcssen.\u201c Er finde die Wortwahl Fratzschers \u201eziemlich unangemessen, gegen\u00fcber den Menschen, die ihr Leben lang wirklich gearbeitet haben\u201c. Menschen, die in Rente gehen, sollten nicht beschimpft, sondern unterst\u00fctzt werden.Fratzscher ist f\u00fcr doppeltes PflichtjahrIm \u201eTagesspiegel\u201c hatte Fratzscher zu seinen Vorschl\u00e4gen erkl\u00e4rt: \u201eDie Boomer haben zu wenig Kinder bekommen. Darum m\u00fcssen sie im Alter ein soziales Pflichtjahr leisten, damit die Sozialsysteme finanzierbar bleiben.\u201c Gleichzeitig wandte er sich dagegen, dass die junge Generation ein soziales Jahr oder Wehrdienst leisten solle. \u201eJetzt brauchen wir sie erstmal im Arbeitsmarkt, damit sie Rente, Gesundheit und Pflege der \u00c4lteren finanzieren k\u00f6nnen.\u201cFratzscher selbst hat in seiner Jugend weder Wehr- noch Ersatzdienst geleistet, wie er im Interview erz\u00e4hlt. \u201eAuch ich hatte mich 1990 nach dem Abitur bei der Bundeswehr beworben. Aber dann hie\u00df es: Zwei \u00e4ltere Br\u00fcder haben bereits Wehrdienst geleistet. Da wird der dritte nicht auch noch gezogen.\u201cAuf die Nachfrage, ob er dennoch die Babyboomer, die bereits in ihrer Jugend Wehr- oder Ersatzdienst geleistet haben, ein zweites Mal in die Pflicht nehmen m\u00f6chte, best\u00e4tigte der DIW-Chef: Die Boomer sollen doppelt Dienst leisten, die Gen Z erstmal nicht. Die Vertreter dieser Generation k\u00f6nnten ihr Pflichtjahr in 45 Jahren absolvieren, wenn diese Menschen selbst im Seniorenalter seien. \u201eWenn man jetzt von den Jungen ein Pflichtjahr verlangt, dann fehlen die ein Jahr im Arbeitsmarkt.\u201c\",\"breadcrumb\":{\"@id\":\"https:\/\/vof-news.eu\/de\/ich-finde-die-wortwahl-von-fratzscher-ziemlich-unangemessen-sagt-kubicki\/#breadcrumb\"},\"inLanguage\":\"de\",\"potentialAction\":[{\"@type\":\"ReadAction\",\"target\":[\"https:\/\/vof-news.eu\/de\/ich-finde-die-wortwahl-von-fratzscher-ziemlich-unangemessen-sagt-kubicki\/\"]}]},{\"@type\":\"BreadcrumbList\",\"@id\":\"https:\/\/vof-news.eu\/de\/ich-finde-die-wortwahl-von-fratzscher-ziemlich-unangemessen-sagt-kubicki\/#breadcrumb\",\"itemListElement\":[{\"@type\":\"ListItem\",\"position\":1,\"name\":\"Home\",\"item\":\"https:\/\/vof-news.eu\/de\/\"},{\"@type\":\"ListItem\",\"position\":2,\"name\":\"\u201eIch finde die Wortwahl von Fratzscher ziemlich unangemessen\u201c, sagt Kubicki\"}]},{\"@type\":\"WebSite\",\"@id\":\"https:\/\/vof-news.eu\/de\/#website\",\"url\":\"https:\/\/vof-news.eu\/de\/\",\"name\":\"vof-news.eu\",\"description\":\"\",\"potentialAction\":[{\"@type\":\"SearchAction\",\"target\":{\"@type\":\"EntryPoint\",\"urlTemplate\":\"https:\/\/vof-news.eu\/de\/?s={search_term_string}\"},\"query-input\":\"required name=search_term_string\"}],\"inLanguage\":\"de\"},{\"@type\":\"Person\",\"@id\":\"https:\/\/vof-news.eu\/de\/#\/schema\/person\/f6a2a4309f0561835797fd8c19b333ed\",\"name\":\"Author\",\"image\":{\"@type\":\"ImageObject\",\"inLanguage\":\"de\",\"@id\":\"https:\/\/vof-news.eu\/de\/#\/schema\/person\/image\/\",\"url\":\"https:\/\/secure.gravatar.com\/avatar\/b67e614b1b25b3e9c0c239efdd2fde5ab015b5affd6f1c3c85911ca4b384e790?s=96&d=mm&r=g\",\"contentUrl\":\"https:\/\/secure.gravatar.com\/avatar\/b67e614b1b25b3e9c0c239efdd2fde5ab015b5affd6f1c3c85911ca4b384e790?s=96&d=mm&r=g\",\"caption\":\"Author\"},\"sameAs\":[\"http:\/\/vof-news.eu\"],\"url\":\"https:\/\/vof-news.eu\/de\/author\/zwt6qxnjulxbnyg\/\"}]}<\/script>\n<!-- \/ Yoast SEO plugin. -->","yoast_head_json":{"title":"\u201eIch finde die Wortwahl von Fratzscher ziemlich unangemessen\u201c, sagt Kubicki - vof-news.eu","description":"FDP-Vizechef Wolfgang Kubicki lehnt die Vorschl\u00e4ge von DIW-Chef Marcel Fratzscher entschieden ab. Er kritisierte im Interview mit WELT TV sowohl die Idee eines \u201eBoomer-Soli\u201c sowie eines verpflichtenden sozialen Jahres f\u00fcr Rentner. \u201eDie Boomer haben dieses Land aufgebaut\u201c, betonte Kubicki. \u201eDas, was wir heute haben, verdanken wir den Boomern. Die meisten haben auch in ihrem Leben bereits unglaublich viel ehrenamtliche Arbeit geleistet und machen das auch weiter.\u201c Es brauche keine Verpflichtung von \u00c4lteren, sondern eher von J\u00fcngeren \u2013 \u201edie, obwohl sie mehr Zeit haben, auch keine Kinder produzieren\u201c.Fratzscher, Pr\u00e4sident des Deutschen Instituts f\u00fcr Wirtschaftsforschung (DIW), hatte zuletzt mit dem Vorschlag zur Einf\u00fchrung eines verpflichtenden sozialen Jahrs f\u00fcr Rentner eine Kontroverse ausgel\u00f6st. Die Aussage des \u00d6konomen erfuhr viel Widerspruch. Bundesfamilienministerin Karin Prien (CDU) lehnt ein verpflichtendes soziales Jahr f\u00fcr Rentner ab. \u201eDas ist ein v\u00f6llig falscher Ansatz\u201c, sagte sie.Zuletzt spitzte Fratzscher seine Aussagen weiter zu. Die Generation der Babyboomer trage die Schuld f\u00fcr die angestauten Probleme Deutschlands, auch die au\u00dfenpolitischen, sagte er dem \u201eTagesspiegel\u201c. \u201eDie Kriegsgefahr durch Putin besteht, weil die \u00c4lteren sich die Friedensdividende genommen haben. Ich bezweifele gar nicht, dass die Bundeswehr mehr Soldaten braucht. Die Frage ist, ob das nur mit Pflicht geht oder \u00fcber Freiwilligkeit.\u201cKubicki entgegnete: \u201eMan muss daran erinnern, dass auch das DIW unter Herrn Fratzscher darauf hingewiesen hat, als wir die deutsche Einheit und die europ\u00e4ische Einheit hergestellt haben, dass wir jetzt nicht mehr so viel f\u00fcr Verteidigung ausgeben m\u00fcssen.\u201c Er finde die Wortwahl Fratzschers \u201eziemlich unangemessen, gegen\u00fcber den Menschen, die ihr Leben lang wirklich gearbeitet haben\u201c. Menschen, die in Rente gehen, sollten nicht beschimpft, sondern unterst\u00fctzt werden.Fratzscher ist f\u00fcr doppeltes PflichtjahrIm \u201eTagesspiegel\u201c hatte Fratzscher zu seinen Vorschl\u00e4gen erkl\u00e4rt: \u201eDie Boomer haben zu wenig Kinder bekommen. Darum m\u00fcssen sie im Alter ein soziales Pflichtjahr leisten, damit die Sozialsysteme finanzierbar bleiben.\u201c Gleichzeitig wandte er sich dagegen, dass die junge Generation ein soziales Jahr oder Wehrdienst leisten solle. \u201eJetzt brauchen wir sie erstmal im Arbeitsmarkt, damit sie Rente, Gesundheit und Pflege der \u00c4lteren finanzieren k\u00f6nnen.\u201cFratzscher selbst hat in seiner Jugend weder Wehr- noch Ersatzdienst geleistet, wie er im Interview erz\u00e4hlt. \u201eAuch ich hatte mich 1990 nach dem Abitur bei der Bundeswehr beworben. Aber dann hie\u00df es: Zwei \u00e4ltere Br\u00fcder haben bereits Wehrdienst geleistet. Da wird der dritte nicht auch noch gezogen.\u201cAuf die Nachfrage, ob er dennoch die Babyboomer, die bereits in ihrer Jugend Wehr- oder Ersatzdienst geleistet haben, ein zweites Mal in die Pflicht nehmen m\u00f6chte, best\u00e4tigte der DIW-Chef: Die Boomer sollen doppelt Dienst leisten, die Gen Z erstmal nicht. Die Vertreter dieser Generation k\u00f6nnten ihr Pflichtjahr in 45 Jahren absolvieren, wenn diese Menschen selbst im Seniorenalter seien. \u201eWenn man jetzt von den Jungen ein Pflichtjahr verlangt, dann fehlen die ein Jahr im Arbeitsmarkt.\u201c","robots":{"index":"noindex","follow":"follow","max-snippet":"max-snippet:-1","max-image-preview":"max-image-preview:large","max-video-preview":"max-video-preview:-1"},"og_locale":"de_DE","og_type":"article","og_title":"\u201eIch finde die Wortwahl von Fratzscher ziemlich unangemessen\u201c, sagt Kubicki - vof-news.eu","og_description":"FDP-Vizechef Wolfgang Kubicki lehnt die Vorschl\u00e4ge von DIW-Chef Marcel Fratzscher entschieden ab. Er kritisierte im Interview mit WELT TV sowohl die Idee eines \u201eBoomer-Soli\u201c sowie eines verpflichtenden sozialen Jahres f\u00fcr Rentner. \u201eDie Boomer haben dieses Land aufgebaut\u201c, betonte Kubicki. \u201eDas, was wir heute haben, verdanken wir den Boomern. Die meisten haben auch in ihrem Leben bereits unglaublich viel ehrenamtliche Arbeit geleistet und machen das auch weiter.\u201c Es brauche keine Verpflichtung von \u00c4lteren, sondern eher von J\u00fcngeren \u2013 \u201edie, obwohl sie mehr Zeit haben, auch keine Kinder produzieren\u201c.Fratzscher, Pr\u00e4sident des Deutschen Instituts f\u00fcr Wirtschaftsforschung (DIW), hatte zuletzt mit dem Vorschlag zur Einf\u00fchrung eines verpflichtenden sozialen Jahrs f\u00fcr Rentner eine Kontroverse ausgel\u00f6st. Die Aussage des \u00d6konomen erfuhr viel Widerspruch. Bundesfamilienministerin Karin Prien (CDU) lehnt ein verpflichtendes soziales Jahr f\u00fcr Rentner ab. \u201eDas ist ein v\u00f6llig falscher Ansatz\u201c, sagte sie.Zuletzt spitzte Fratzscher seine Aussagen weiter zu. Die Generation der Babyboomer trage die Schuld f\u00fcr die angestauten Probleme Deutschlands, auch die au\u00dfenpolitischen, sagte er dem \u201eTagesspiegel\u201c. \u201eDie Kriegsgefahr durch Putin besteht, weil die \u00c4lteren sich die Friedensdividende genommen haben. Ich bezweifele gar nicht, dass die Bundeswehr mehr Soldaten braucht. Die Frage ist, ob das nur mit Pflicht geht oder \u00fcber Freiwilligkeit.\u201cKubicki entgegnete: \u201eMan muss daran erinnern, dass auch das DIW unter Herrn Fratzscher darauf hingewiesen hat, als wir die deutsche Einheit und die europ\u00e4ische Einheit hergestellt haben, dass wir jetzt nicht mehr so viel f\u00fcr Verteidigung ausgeben m\u00fcssen.\u201c Er finde die Wortwahl Fratzschers \u201eziemlich unangemessen, gegen\u00fcber den Menschen, die ihr Leben lang wirklich gearbeitet haben\u201c. Menschen, die in Rente gehen, sollten nicht beschimpft, sondern unterst\u00fctzt werden.Fratzscher ist f\u00fcr doppeltes PflichtjahrIm \u201eTagesspiegel\u201c hatte Fratzscher zu seinen Vorschl\u00e4gen erkl\u00e4rt: \u201eDie Boomer haben zu wenig Kinder bekommen. Darum m\u00fcssen sie im Alter ein soziales Pflichtjahr leisten, damit die Sozialsysteme finanzierbar bleiben.\u201c Gleichzeitig wandte er sich dagegen, dass die junge Generation ein soziales Jahr oder Wehrdienst leisten solle. \u201eJetzt brauchen wir sie erstmal im Arbeitsmarkt, damit sie Rente, Gesundheit und Pflege der \u00c4lteren finanzieren k\u00f6nnen.\u201cFratzscher selbst hat in seiner Jugend weder Wehr- noch Ersatzdienst geleistet, wie er im Interview erz\u00e4hlt. \u201eAuch ich hatte mich 1990 nach dem Abitur bei der Bundeswehr beworben. Aber dann hie\u00df es: Zwei \u00e4ltere Br\u00fcder haben bereits Wehrdienst geleistet. Da wird der dritte nicht auch noch gezogen.\u201cAuf die Nachfrage, ob er dennoch die Babyboomer, die bereits in ihrer Jugend Wehr- oder Ersatzdienst geleistet haben, ein zweites Mal in die Pflicht nehmen m\u00f6chte, best\u00e4tigte der DIW-Chef: Die Boomer sollen doppelt Dienst leisten, die Gen Z erstmal nicht. Die Vertreter dieser Generation k\u00f6nnten ihr Pflichtjahr in 45 Jahren absolvieren, wenn diese Menschen selbst im Seniorenalter seien. \u201eWenn man jetzt von den Jungen ein Pflichtjahr verlangt, dann fehlen die ein Jahr im Arbeitsmarkt.\u201c","og_url":"https:\/\/vof-news.eu\/de\/ich-finde-die-wortwahl-von-fratzscher-ziemlich-unangemessen-sagt-kubicki\/","og_site_name":"vof-news.eu","article_published_time":"2025-09-06T14:26:14+00:00","article_modified_time":"2025-09-06T14:26:29+00:00","author":"Author","twitter_card":"summary_large_image","twitter_misc":{"Verfasst von":"Author","Gesch\u00e4tzte Lesezeit":"2\u00a0Minuten"},"schema":{"@context":"https:\/\/schema.org","@graph":[{"@type":"WebPage","@id":"https:\/\/vof-news.eu\/de\/ich-finde-die-wortwahl-von-fratzscher-ziemlich-unangemessen-sagt-kubicki\/","url":"https:\/\/vof-news.eu\/de\/ich-finde-die-wortwahl-von-fratzscher-ziemlich-unangemessen-sagt-kubicki\/","name":"\u201eIch finde die Wortwahl von Fratzscher ziemlich unangemessen\u201c, sagt Kubicki - vof-news.eu","isPartOf":{"@id":"https:\/\/vof-news.eu\/de\/#website"},"datePublished":"2025-09-06T14:26:14+00:00","dateModified":"2025-09-06T14:26:29+00:00","author":{"@id":"https:\/\/vof-news.eu\/de\/#\/schema\/person\/f6a2a4309f0561835797fd8c19b333ed"},"description":"FDP-Vizechef Wolfgang Kubicki lehnt die Vorschl\u00e4ge von DIW-Chef Marcel Fratzscher entschieden ab. Er kritisierte im Interview mit WELT TV sowohl die Idee eines \u201eBoomer-Soli\u201c sowie eines verpflichtenden sozialen Jahres f\u00fcr Rentner. \u201eDie Boomer haben dieses Land aufgebaut\u201c, betonte Kubicki. \u201eDas, was wir heute haben, verdanken wir den Boomern. Die meisten haben auch in ihrem Leben bereits unglaublich viel ehrenamtliche Arbeit geleistet und machen das auch weiter.\u201c Es brauche keine Verpflichtung von \u00c4lteren, sondern eher von J\u00fcngeren \u2013 \u201edie, obwohl sie mehr Zeit haben, auch keine Kinder produzieren\u201c.Fratzscher, Pr\u00e4sident des Deutschen Instituts f\u00fcr Wirtschaftsforschung (DIW), hatte zuletzt mit dem Vorschlag zur Einf\u00fchrung eines verpflichtenden sozialen Jahrs f\u00fcr Rentner eine Kontroverse ausgel\u00f6st. Die Aussage des \u00d6konomen erfuhr viel Widerspruch. Bundesfamilienministerin Karin Prien (CDU) lehnt ein verpflichtendes soziales Jahr f\u00fcr Rentner ab. \u201eDas ist ein v\u00f6llig falscher Ansatz\u201c, sagte sie.Zuletzt spitzte Fratzscher seine Aussagen weiter zu. Die Generation der Babyboomer trage die Schuld f\u00fcr die angestauten Probleme Deutschlands, auch die au\u00dfenpolitischen, sagte er dem \u201eTagesspiegel\u201c. \u201eDie Kriegsgefahr durch Putin besteht, weil die \u00c4lteren sich die Friedensdividende genommen haben. Ich bezweifele gar nicht, dass die Bundeswehr mehr Soldaten braucht. Die Frage ist, ob das nur mit Pflicht geht oder \u00fcber Freiwilligkeit.\u201cKubicki entgegnete: \u201eMan muss daran erinnern, dass auch das DIW unter Herrn Fratzscher darauf hingewiesen hat, als wir die deutsche Einheit und die europ\u00e4ische Einheit hergestellt haben, dass wir jetzt nicht mehr so viel f\u00fcr Verteidigung ausgeben m\u00fcssen.\u201c Er finde die Wortwahl Fratzschers \u201eziemlich unangemessen, gegen\u00fcber den Menschen, die ihr Leben lang wirklich gearbeitet haben\u201c. Menschen, die in Rente gehen, sollten nicht beschimpft, sondern unterst\u00fctzt werden.Fratzscher ist f\u00fcr doppeltes PflichtjahrIm \u201eTagesspiegel\u201c hatte Fratzscher zu seinen Vorschl\u00e4gen erkl\u00e4rt: \u201eDie Boomer haben zu wenig Kinder bekommen. Darum m\u00fcssen sie im Alter ein soziales Pflichtjahr leisten, damit die Sozialsysteme finanzierbar bleiben.\u201c Gleichzeitig wandte er sich dagegen, dass die junge Generation ein soziales Jahr oder Wehrdienst leisten solle. \u201eJetzt brauchen wir sie erstmal im Arbeitsmarkt, damit sie Rente, Gesundheit und Pflege der \u00c4lteren finanzieren k\u00f6nnen.\u201cFratzscher selbst hat in seiner Jugend weder Wehr- noch Ersatzdienst geleistet, wie er im Interview erz\u00e4hlt. \u201eAuch ich hatte mich 1990 nach dem Abitur bei der Bundeswehr beworben. Aber dann hie\u00df es: Zwei \u00e4ltere Br\u00fcder haben bereits Wehrdienst geleistet. Da wird der dritte nicht auch noch gezogen.\u201cAuf die Nachfrage, ob er dennoch die Babyboomer, die bereits in ihrer Jugend Wehr- oder Ersatzdienst geleistet haben, ein zweites Mal in die Pflicht nehmen m\u00f6chte, best\u00e4tigte der DIW-Chef: Die Boomer sollen doppelt Dienst leisten, die Gen Z erstmal nicht. Die Vertreter dieser Generation k\u00f6nnten ihr Pflichtjahr in 45 Jahren absolvieren, wenn diese Menschen selbst im Seniorenalter seien. \u201eWenn man jetzt von den Jungen ein Pflichtjahr verlangt, dann fehlen die ein Jahr im Arbeitsmarkt.\u201c","breadcrumb":{"@id":"https:\/\/vof-news.eu\/de\/ich-finde-die-wortwahl-von-fratzscher-ziemlich-unangemessen-sagt-kubicki\/#breadcrumb"},"inLanguage":"de","potentialAction":[{"@type":"ReadAction","target":["https:\/\/vof-news.eu\/de\/ich-finde-die-wortwahl-von-fratzscher-ziemlich-unangemessen-sagt-kubicki\/"]}]},{"@type":"BreadcrumbList","@id":"https:\/\/vof-news.eu\/de\/ich-finde-die-wortwahl-von-fratzscher-ziemlich-unangemessen-sagt-kubicki\/#breadcrumb","itemListElement":[{"@type":"ListItem","position":1,"name":"Home","item":"https:\/\/vof-news.eu\/de\/"},{"@type":"ListItem","position":2,"name":"\u201eIch finde die Wortwahl von Fratzscher ziemlich unangemessen\u201c, sagt Kubicki"}]},{"@type":"WebSite","@id":"https:\/\/vof-news.eu\/de\/#website","url":"https:\/\/vof-news.eu\/de\/","name":"vof-news.eu","description":"","potentialAction":[{"@type":"SearchAction","target":{"@type":"EntryPoint","urlTemplate":"https:\/\/vof-news.eu\/de\/?s={search_term_string}"},"query-input":"required name=search_term_string"}],"inLanguage":"de"},{"@type":"Person","@id":"https:\/\/vof-news.eu\/de\/#\/schema\/person\/f6a2a4309f0561835797fd8c19b333ed","name":"Author","image":{"@type":"ImageObject","inLanguage":"de","@id":"https:\/\/vof-news.eu\/de\/#\/schema\/person\/image\/","url":"https:\/\/secure.gravatar.com\/avatar\/b67e614b1b25b3e9c0c239efdd2fde5ab015b5affd6f1c3c85911ca4b384e790?s=96&d=mm&r=g","contentUrl":"https:\/\/secure.gravatar.com\/avatar\/b67e614b1b25b3e9c0c239efdd2fde5ab015b5affd6f1c3c85911ca4b384e790?s=96&d=mm&r=g","caption":"Author"},"sameAs":["http:\/\/vof-news.eu"],"url":"https:\/\/vof-news.eu\/de\/author\/zwt6qxnjulxbnyg\/"}]}},"yoast_meta":{"yoast_wpseo_title":"","yoast_wpseo_metadesc":"","yoast_wpseo_canonical":""},"_links":{"self":[{"href":"https:\/\/vof-news.eu\/de\/wp-json\/wp\/v2\/posts\/272008","targetHints":{"allow":["GET"]}}],"collection":[{"href":"https:\/\/vof-news.eu\/de\/wp-json\/wp\/v2\/posts"}],"about":[{"href":"https:\/\/vof-news.eu\/de\/wp-json\/wp\/v2\/types\/post"}],"author":[{"embeddable":true,"href":"https:\/\/vof-news.eu\/de\/wp-json\/wp\/v2\/users\/1"}],"replies":[{"embeddable":true,"href":"https:\/\/vof-news.eu\/de\/wp-json\/wp\/v2\/comments?post=272008"}],"version-history":[{"count":1,"href":"https:\/\/vof-news.eu\/de\/wp-json\/wp\/v2\/posts\/272008\/revisions"}],"predecessor-version":[{"id":272009,"href":"https:\/\/vof-news.eu\/de\/wp-json\/wp\/v2\/posts\/272008\/revisions\/272009"}],"wp:attachment":[{"href":"https:\/\/vof-news.eu\/de\/wp-json\/wp\/v2\/media?parent=272008"}],"wp:term":[{"taxonomy":"category","embeddable":true,"href":"https:\/\/vof-news.eu\/de\/wp-json\/wp\/v2\/categories?post=272008"},{"taxonomy":"post_tag","embeddable":true,"href":"https:\/\/vof-news.eu\/de\/wp-json\/wp\/v2\/tags?post=272008"}],"curies":[{"name":"wp","href":"https:\/\/api.w.org\/{rel}","templated":true}]}}