{"id":271849,"date":"2025-09-06T03:28:10","date_gmt":"2025-09-06T00:28:10","guid":{"rendered":"https:\/\/vof-news.eu\/soder-halt-nato-truppen-in-der-ukraine-fur-kaum-vorstellbar\/"},"modified":"2025-09-06T03:28:55","modified_gmt":"2025-09-06T00:28:55","slug":"soder-halt-nato-truppen-in-der-ukraine-fur-kaum-vorstellbar","status":"publish","type":"post","link":"https:\/\/vof-news.eu\/de\/soder-halt-nato-truppen-in-der-ukraine-fur-kaum-vorstellbar\/","title":{"rendered":"S\u00f6der h\u00e4lt Nato-Truppen in der Ukraine f\u00fcr &#8222;kaum vorstellbar&#8220;"},"content":{"rendered":"<div>\n<p>CSU-Chef <a href=\"https:\/\/www.zeit.de\/thema\/markus-soeder\" rel=\"nofollow\">Markus S\u00f6der<\/a>\u00a0hat Zweifel an einem m\u00f6glichen Einsatz der Bundeswehr in der <span><a href=\"https:\/\/www.zeit.de\/politik\/ausland\/ukraine-krieg-news-liveblog\" rel=\"nofollow\">Ukraine<\/a><\/span> im Rahmen von Sicherheitsgarantien ge\u00e4u\u00dfert. &#8222;Es ist f\u00fcr mich kaum vorstellbar, dass Nato-Truppen dort stationiert sind&#8220;, sagte der bayerische Ministerpr\u00e4sident der \u00a0&#8222;Das w\u00fcrde Russland keinesfalls akzeptieren. Denn es w\u00e4re die Vorstufe des Beitritts der Ukraine in die Nato&#8220;, sagte S\u00f6der.\n<\/p>\n<p>&#8222;Au\u00dferdem ist die Bundeswehr daf\u00fcr nicht bereit&#8220;, f\u00fcgte er hinzu. Sie sei finanziell und personell auf Kante gen\u00e4ht. Deshalb brauche es wieder die <a href=\"https:\/\/www.zeit.de\/thema\/wehrpflicht\" rel=\"nofollow\">Wehrpflicht<\/a>.\u00a0\n<\/p>\n<p>S\u00f6der regte auch eine Diskussion \u00fcber den Umgang mit ukrainischen Fl\u00fcchtlingen an. &#8222;Ein Frieden ist derzeit nicht absehbar. Es ist daher legitim zu \u00fcberlegen, wehrf\u00e4hige Ukrainer in ihre Heimat zur\u00fcckzusenden, um in ihrem eigenen Land f\u00fcr die Sicherheit zu sorgen&#8220;, sagte der CSU-Vorsitzende.\u00a0\n<\/p>\n<h2>S\u00f6der bem\u00e4ngelt niedrige Arbeitsquote von Ukrainern in Deutschland<\/h2>\n<p>Auch <a href=\"https:\/\/www.zeit.de\/2025\/33\/sozialleistungen-ukrainer-gefluechtete-arbeitsmarkt-csu\" rel=\"nofollow\">beim B\u00fcrgergeld f\u00fcr Ukrainer in Deutschland<\/a>\u00a0will S\u00f6der einen anderen Kurs. &#8222;Das B\u00fcrgergeld f\u00fchrt dazu, dass wir im Vergleich zu anderen europ\u00e4ischen L\u00e4ndern einen deutlich geringeren Anteil an Ukrainern haben, die in Arbeit sind. Das muss dringend ge\u00e4ndert werden \u2013 nicht nur f\u00fcr neu ankommende Ukrainer&#8220;, sagte S\u00f6der.\u00a0\n<\/p>\n<p>Nach Pl\u00e4nen der schwarz-roten Koalition sollen Menschen aus der Ukraine, die nach dem 1. April 2025 nach Deutschland kamen und kommen, nicht mehr B\u00fcrgergeld, sondern geringere Leistungen wie Asylbewerber erhalten. Ukrainerinnen und Ukrainer kamen in der gro\u00dfen Fluchtbewegung nach dem russischen Gro\u00dfangriff auf die Ukraine 2022 nicht als Asylbewerber nach Deutschland, sondern \u00fcber eine Sonderregel. Damit durften sie sofort arbeiten und hatten, falls sie ihren Lebensunterhalt nicht sofort verdienen konnten, Anspruch auf B\u00fcrgergeld.\n<\/p>\n<\/div>\n","protected":false},"excerpt":{"rendered":"<p>CSU-Chef Markus S\u00f6der\u00a0hat Zweifel an einem m\u00f6glichen Einsatz der Bundeswehr in der Ukraine im Rahmen von Sicherheitsgarantien ge\u00e4u\u00dfert. &#8222;Es ist f\u00fcr mich kaum vorstellbar, dass Nato-Truppen dort stationiert sind&#8220;, sagte der bayerische Ministerpr\u00e4sident der \u00a0&#8222;Das w\u00fcrde Russland keinesfalls akzeptieren. Denn es w\u00e4re die Vorstufe des Beitritts der Ukraine in die Nato&#8220;, sagte S\u00f6der. &#8222;Au\u00dferdem ist<\/p>\n","protected":false},"author":1,"featured_media":271850,"comment_status":"open","ping_status":"open","sticky":false,"template":"","format":"standard","meta":{"footnotes":""},"categories":[116],"tags":[],"class_list":["post-271849","post","type-post","status-publish","format-standard","has-post-thumbnail","hentry","category-war-chronicles-de"],"acf":[],"yoast_head":"<!-- This site is optimized with the Yoast SEO plugin v22.9 - https:\/\/yoast.com\/wordpress\/plugins\/seo\/ -->\n<title>S\u00f6der h\u00e4lt Nato-Truppen in der Ukraine f\u00fcr &quot;kaum vorstellbar&quot; - vof-news.eu<\/title>\n<meta name=\"description\" content=\"CSU-Chef Markus S\u00f6der\u00a0hat Zweifel an einem m\u00f6glichen Einsatz der Bundeswehr in der Ukraine im Rahmen von Sicherheitsgarantien ge\u00e4u\u00dfert. &quot;Es ist f\u00fcr mich kaum vorstellbar, dass Nato-Truppen dort stationiert sind&quot;, sagte der bayerische Ministerpr\u00e4sident der \u00a0&quot;Das w\u00fcrde Russland keinesfalls akzeptieren. Denn es w\u00e4re die Vorstufe des Beitritts der Ukraine in die Nato&quot;, sagte S\u00f6der.\" \/>\n<meta name=\"robots\" content=\"noindex, follow, max-snippet:-1, max-image-preview:large, max-video-preview:-1\" \/>\n<meta property=\"og:locale\" content=\"de_DE\" \/>\n<meta property=\"og:type\" content=\"article\" \/>\n<meta property=\"og:title\" content=\"S\u00f6der h\u00e4lt Nato-Truppen in der Ukraine f\u00fcr &quot;kaum vorstellbar&quot; - vof-news.eu\" \/>\n<meta property=\"og:description\" content=\"CSU-Chef Markus S\u00f6der\u00a0hat Zweifel an einem m\u00f6glichen Einsatz der Bundeswehr in der Ukraine im Rahmen von Sicherheitsgarantien ge\u00e4u\u00dfert. &quot;Es ist f\u00fcr mich kaum vorstellbar, dass Nato-Truppen dort stationiert sind&quot;, sagte der bayerische Ministerpr\u00e4sident der \u00a0&quot;Das w\u00fcrde Russland keinesfalls akzeptieren. Denn es w\u00e4re die Vorstufe des Beitritts der Ukraine in die Nato&quot;, sagte S\u00f6der.\" \/>\n<meta property=\"og:url\" content=\"https:\/\/vof-news.eu\/de\/soder-halt-nato-truppen-in-der-ukraine-fur-kaum-vorstellbar\/\" \/>\n<meta property=\"og:site_name\" content=\"vof-news.eu\" \/>\n<meta property=\"article:published_time\" content=\"2025-09-06T00:28:10+00:00\" \/>\n<meta property=\"article:modified_time\" content=\"2025-09-06T00:28:55+00:00\" \/>\n<meta property=\"og:image\" content=\"https:\/\/vof-news.eu\/wp-content\/uploads\/2025\/09\/wide__1000x562-24.jpg\" \/>\n\t<meta property=\"og:image:width\" content=\"1000\" \/>\n\t<meta property=\"og:image:height\" content=\"562\" \/>\n\t<meta property=\"og:image:type\" content=\"image\/jpeg\" \/>\n<meta name=\"author\" content=\"Author\" \/>\n<meta name=\"twitter:card\" content=\"summary_large_image\" \/>\n<meta name=\"twitter:label1\" content=\"Verfasst von\" \/>\n\t<meta name=\"twitter:data1\" content=\"Author\" \/>\n\t<meta name=\"twitter:label2\" content=\"Gesch\u00e4tzte Lesezeit\" \/>\n\t<meta name=\"twitter:data2\" content=\"1\u00a0Minute\" \/>\n<script type=\"application\/ld+json\" class=\"yoast-schema-graph\">{\"@context\":\"https:\/\/schema.org\",\"@graph\":[{\"@type\":\"WebPage\",\"@id\":\"https:\/\/vof-news.eu\/de\/soder-halt-nato-truppen-in-der-ukraine-fur-kaum-vorstellbar\/\",\"url\":\"https:\/\/vof-news.eu\/de\/soder-halt-nato-truppen-in-der-ukraine-fur-kaum-vorstellbar\/\",\"name\":\"S\u00f6der h\u00e4lt Nato-Truppen in der Ukraine f\u00fcr \\\"kaum vorstellbar\\\" - vof-news.eu\",\"isPartOf\":{\"@id\":\"https:\/\/vof-news.eu\/de\/#website\"},\"primaryImageOfPage\":{\"@id\":\"https:\/\/vof-news.eu\/de\/soder-halt-nato-truppen-in-der-ukraine-fur-kaum-vorstellbar\/#primaryimage\"},\"image\":{\"@id\":\"https:\/\/vof-news.eu\/de\/soder-halt-nato-truppen-in-der-ukraine-fur-kaum-vorstellbar\/#primaryimage\"},\"thumbnailUrl\":\"https:\/\/vof-news.eu\/wp-content\/uploads\/2025\/09\/wide__1000x562-24.jpg\",\"datePublished\":\"2025-09-06T00:28:10+00:00\",\"dateModified\":\"2025-09-06T00:28:55+00:00\",\"author\":{\"@id\":\"https:\/\/vof-news.eu\/de\/#\/schema\/person\/f6a2a4309f0561835797fd8c19b333ed\"},\"description\":\"CSU-Chef Markus S\u00f6der\u00a0hat Zweifel an einem m\u00f6glichen Einsatz der Bundeswehr in der Ukraine im Rahmen von Sicherheitsgarantien ge\u00e4u\u00dfert. \\\"Es ist f\u00fcr mich kaum vorstellbar, dass Nato-Truppen dort stationiert sind\\\", sagte der bayerische Ministerpr\u00e4sident der \u00a0\\\"Das w\u00fcrde Russland keinesfalls akzeptieren. Denn es w\u00e4re die Vorstufe des Beitritts der Ukraine in die Nato\\\", sagte S\u00f6der.\",\"breadcrumb\":{\"@id\":\"https:\/\/vof-news.eu\/de\/soder-halt-nato-truppen-in-der-ukraine-fur-kaum-vorstellbar\/#breadcrumb\"},\"inLanguage\":\"de\",\"potentialAction\":[{\"@type\":\"ReadAction\",\"target\":[\"https:\/\/vof-news.eu\/de\/soder-halt-nato-truppen-in-der-ukraine-fur-kaum-vorstellbar\/\"]}]},{\"@type\":\"ImageObject\",\"inLanguage\":\"de\",\"@id\":\"https:\/\/vof-news.eu\/de\/soder-halt-nato-truppen-in-der-ukraine-fur-kaum-vorstellbar\/#primaryimage\",\"url\":\"https:\/\/vof-news.eu\/wp-content\/uploads\/2025\/09\/wide__1000x562-24.jpg\",\"contentUrl\":\"https:\/\/vof-news.eu\/wp-content\/uploads\/2025\/09\/wide__1000x562-24.jpg\",\"width\":1000,\"height\":562},{\"@type\":\"BreadcrumbList\",\"@id\":\"https:\/\/vof-news.eu\/de\/soder-halt-nato-truppen-in-der-ukraine-fur-kaum-vorstellbar\/#breadcrumb\",\"itemListElement\":[{\"@type\":\"ListItem\",\"position\":1,\"name\":\"Home\",\"item\":\"https:\/\/vof-news.eu\/de\/\"},{\"@type\":\"ListItem\",\"position\":2,\"name\":\"S\u00f6der h\u00e4lt Nato-Truppen in der Ukraine f\u00fcr &#8220;kaum vorstellbar&#8221;\"}]},{\"@type\":\"WebSite\",\"@id\":\"https:\/\/vof-news.eu\/de\/#website\",\"url\":\"https:\/\/vof-news.eu\/de\/\",\"name\":\"vof-news.eu\",\"description\":\"\",\"potentialAction\":[{\"@type\":\"SearchAction\",\"target\":{\"@type\":\"EntryPoint\",\"urlTemplate\":\"https:\/\/vof-news.eu\/de\/?s={search_term_string}\"},\"query-input\":\"required name=search_term_string\"}],\"inLanguage\":\"de\"},{\"@type\":\"Person\",\"@id\":\"https:\/\/vof-news.eu\/de\/#\/schema\/person\/f6a2a4309f0561835797fd8c19b333ed\",\"name\":\"Author\",\"image\":{\"@type\":\"ImageObject\",\"inLanguage\":\"de\",\"@id\":\"https:\/\/vof-news.eu\/de\/#\/schema\/person\/image\/\",\"url\":\"https:\/\/secure.gravatar.com\/avatar\/b67e614b1b25b3e9c0c239efdd2fde5ab015b5affd6f1c3c85911ca4b384e790?s=96&d=mm&r=g\",\"contentUrl\":\"https:\/\/secure.gravatar.com\/avatar\/b67e614b1b25b3e9c0c239efdd2fde5ab015b5affd6f1c3c85911ca4b384e790?s=96&d=mm&r=g\",\"caption\":\"Author\"},\"sameAs\":[\"http:\/\/vof-news.eu\"],\"url\":\"https:\/\/vof-news.eu\/de\/author\/zwt6qxnjulxbnyg\/\"}]}<\/script>\n<!-- \/ Yoast SEO plugin. -->","yoast_head_json":{"title":"S\u00f6der h\u00e4lt Nato-Truppen in der Ukraine f\u00fcr \"kaum vorstellbar\" - vof-news.eu","description":"CSU-Chef Markus S\u00f6der\u00a0hat Zweifel an einem m\u00f6glichen Einsatz der Bundeswehr in der Ukraine im Rahmen von Sicherheitsgarantien ge\u00e4u\u00dfert. \"Es ist f\u00fcr mich kaum vorstellbar, dass Nato-Truppen dort stationiert sind\", sagte der bayerische Ministerpr\u00e4sident der \u00a0\"Das w\u00fcrde Russland keinesfalls akzeptieren. Denn es w\u00e4re die Vorstufe des Beitritts der Ukraine in die Nato\", sagte S\u00f6der.","robots":{"index":"noindex","follow":"follow","max-snippet":"max-snippet:-1","max-image-preview":"max-image-preview:large","max-video-preview":"max-video-preview:-1"},"og_locale":"de_DE","og_type":"article","og_title":"S\u00f6der h\u00e4lt Nato-Truppen in der Ukraine f\u00fcr \"kaum vorstellbar\" - vof-news.eu","og_description":"CSU-Chef Markus S\u00f6der\u00a0hat Zweifel an einem m\u00f6glichen Einsatz der Bundeswehr in der Ukraine im Rahmen von Sicherheitsgarantien ge\u00e4u\u00dfert. \"Es ist f\u00fcr mich kaum vorstellbar, dass Nato-Truppen dort stationiert sind\", sagte der bayerische Ministerpr\u00e4sident der \u00a0\"Das w\u00fcrde Russland keinesfalls akzeptieren. Denn es w\u00e4re die Vorstufe des Beitritts der Ukraine in die Nato\", sagte S\u00f6der.","og_url":"https:\/\/vof-news.eu\/de\/soder-halt-nato-truppen-in-der-ukraine-fur-kaum-vorstellbar\/","og_site_name":"vof-news.eu","article_published_time":"2025-09-06T00:28:10+00:00","article_modified_time":"2025-09-06T00:28:55+00:00","og_image":[{"width":1000,"height":562,"url":"https:\/\/vof-news.eu\/wp-content\/uploads\/2025\/09\/wide__1000x562-24.jpg","type":"image\/jpeg"}],"author":"Author","twitter_card":"summary_large_image","twitter_misc":{"Verfasst von":"Author","Gesch\u00e4tzte Lesezeit":"1\u00a0Minute"},"schema":{"@context":"https:\/\/schema.org","@graph":[{"@type":"WebPage","@id":"https:\/\/vof-news.eu\/de\/soder-halt-nato-truppen-in-der-ukraine-fur-kaum-vorstellbar\/","url":"https:\/\/vof-news.eu\/de\/soder-halt-nato-truppen-in-der-ukraine-fur-kaum-vorstellbar\/","name":"S\u00f6der h\u00e4lt Nato-Truppen in der Ukraine f\u00fcr \"kaum vorstellbar\" - vof-news.eu","isPartOf":{"@id":"https:\/\/vof-news.eu\/de\/#website"},"primaryImageOfPage":{"@id":"https:\/\/vof-news.eu\/de\/soder-halt-nato-truppen-in-der-ukraine-fur-kaum-vorstellbar\/#primaryimage"},"image":{"@id":"https:\/\/vof-news.eu\/de\/soder-halt-nato-truppen-in-der-ukraine-fur-kaum-vorstellbar\/#primaryimage"},"thumbnailUrl":"https:\/\/vof-news.eu\/wp-content\/uploads\/2025\/09\/wide__1000x562-24.jpg","datePublished":"2025-09-06T00:28:10+00:00","dateModified":"2025-09-06T00:28:55+00:00","author":{"@id":"https:\/\/vof-news.eu\/de\/#\/schema\/person\/f6a2a4309f0561835797fd8c19b333ed"},"description":"CSU-Chef Markus S\u00f6der\u00a0hat Zweifel an einem m\u00f6glichen Einsatz der Bundeswehr in der Ukraine im Rahmen von Sicherheitsgarantien ge\u00e4u\u00dfert. \"Es ist f\u00fcr mich kaum vorstellbar, dass Nato-Truppen dort stationiert sind\", sagte der bayerische Ministerpr\u00e4sident der \u00a0\"Das w\u00fcrde Russland keinesfalls akzeptieren. Denn es w\u00e4re die Vorstufe des Beitritts der Ukraine in die Nato\", sagte S\u00f6der.","breadcrumb":{"@id":"https:\/\/vof-news.eu\/de\/soder-halt-nato-truppen-in-der-ukraine-fur-kaum-vorstellbar\/#breadcrumb"},"inLanguage":"de","potentialAction":[{"@type":"ReadAction","target":["https:\/\/vof-news.eu\/de\/soder-halt-nato-truppen-in-der-ukraine-fur-kaum-vorstellbar\/"]}]},{"@type":"ImageObject","inLanguage":"de","@id":"https:\/\/vof-news.eu\/de\/soder-halt-nato-truppen-in-der-ukraine-fur-kaum-vorstellbar\/#primaryimage","url":"https:\/\/vof-news.eu\/wp-content\/uploads\/2025\/09\/wide__1000x562-24.jpg","contentUrl":"https:\/\/vof-news.eu\/wp-content\/uploads\/2025\/09\/wide__1000x562-24.jpg","width":1000,"height":562},{"@type":"BreadcrumbList","@id":"https:\/\/vof-news.eu\/de\/soder-halt-nato-truppen-in-der-ukraine-fur-kaum-vorstellbar\/#breadcrumb","itemListElement":[{"@type":"ListItem","position":1,"name":"Home","item":"https:\/\/vof-news.eu\/de\/"},{"@type":"ListItem","position":2,"name":"S\u00f6der h\u00e4lt Nato-Truppen in der Ukraine f\u00fcr &#8220;kaum vorstellbar&#8221;"}]},{"@type":"WebSite","@id":"https:\/\/vof-news.eu\/de\/#website","url":"https:\/\/vof-news.eu\/de\/","name":"vof-news.eu","description":"","potentialAction":[{"@type":"SearchAction","target":{"@type":"EntryPoint","urlTemplate":"https:\/\/vof-news.eu\/de\/?s={search_term_string}"},"query-input":"required name=search_term_string"}],"inLanguage":"de"},{"@type":"Person","@id":"https:\/\/vof-news.eu\/de\/#\/schema\/person\/f6a2a4309f0561835797fd8c19b333ed","name":"Author","image":{"@type":"ImageObject","inLanguage":"de","@id":"https:\/\/vof-news.eu\/de\/#\/schema\/person\/image\/","url":"https:\/\/secure.gravatar.com\/avatar\/b67e614b1b25b3e9c0c239efdd2fde5ab015b5affd6f1c3c85911ca4b384e790?s=96&d=mm&r=g","contentUrl":"https:\/\/secure.gravatar.com\/avatar\/b67e614b1b25b3e9c0c239efdd2fde5ab015b5affd6f1c3c85911ca4b384e790?s=96&d=mm&r=g","caption":"Author"},"sameAs":["http:\/\/vof-news.eu"],"url":"https:\/\/vof-news.eu\/de\/author\/zwt6qxnjulxbnyg\/"}]}},"yoast_meta":{"yoast_wpseo_title":"","yoast_wpseo_metadesc":"","yoast_wpseo_canonical":""},"_links":{"self":[{"href":"https:\/\/vof-news.eu\/de\/wp-json\/wp\/v2\/posts\/271849","targetHints":{"allow":["GET"]}}],"collection":[{"href":"https:\/\/vof-news.eu\/de\/wp-json\/wp\/v2\/posts"}],"about":[{"href":"https:\/\/vof-news.eu\/de\/wp-json\/wp\/v2\/types\/post"}],"author":[{"embeddable":true,"href":"https:\/\/vof-news.eu\/de\/wp-json\/wp\/v2\/users\/1"}],"replies":[{"embeddable":true,"href":"https:\/\/vof-news.eu\/de\/wp-json\/wp\/v2\/comments?post=271849"}],"version-history":[{"count":1,"href":"https:\/\/vof-news.eu\/de\/wp-json\/wp\/v2\/posts\/271849\/revisions"}],"predecessor-version":[{"id":271856,"href":"https:\/\/vof-news.eu\/de\/wp-json\/wp\/v2\/posts\/271849\/revisions\/271856"}],"wp:featuredmedia":[{"embeddable":true,"href":"https:\/\/vof-news.eu\/de\/wp-json\/wp\/v2\/media\/271850"}],"wp:attachment":[{"href":"https:\/\/vof-news.eu\/de\/wp-json\/wp\/v2\/media?parent=271849"}],"wp:term":[{"taxonomy":"category","embeddable":true,"href":"https:\/\/vof-news.eu\/de\/wp-json\/wp\/v2\/categories?post=271849"},{"taxonomy":"post_tag","embeddable":true,"href":"https:\/\/vof-news.eu\/de\/wp-json\/wp\/v2\/tags?post=271849"}],"curies":[{"name":"wp","href":"https:\/\/api.w.org\/{rel}","templated":true}]}}