{"id":271560,"date":"2025-09-05T11:26:08","date_gmt":"2025-09-05T08:26:08","guid":{"rendered":"https:\/\/vof-news.eu\/boomer-sollten-doppelt-dienst-leisten-sagt-diw-chef-fratzscher\/"},"modified":"2025-09-05T11:26:26","modified_gmt":"2025-09-05T08:26:26","slug":"boomer-sollten-doppelt-dienst-leisten-sagt-diw-chef-fratzscher","status":"publish","type":"post","link":"https:\/\/vof-news.eu\/de\/boomer-sollten-doppelt-dienst-leisten-sagt-diw-chef-fratzscher\/","title":{"rendered":"Boomer sollten doppelt Dienst leisten, sagt DIW-Chef Fratzscher"},"content":{"rendered":"<p>DIW-Chef Marcel Fratzscher spitzt seine viel kritisierte Forderung nach einem Pflichtjahr f\u00fcr Senioren weiter zu. \u201eDie Boomer haben zu wenig Kinder bekommen. Darum m\u00fcssen sie im Alter ein soziales Pflichtjahr leisten, damit die Sozialsysteme finanzierbar bleiben\u201c, sagte er im Gespr\u00e4ch mit dem \u201e<a class=\"is-link c-block-items__link is-external c-link--rich-text-renderer\" data-internal-tracking='{\"action\":\"click\",\"label\":\"link\",\"name\":\"Inline Element\",\"data\":{\"source\":\"\",\"target\":\"https:\/\/www.tagesspiegel.de\/politik\/marcel-fratzscher-im-streitgesprach-die-babyboomer-haben-die-friedensdividende-verfruhstuckt-14270318.html\",\"trackingName\":\"\",\"trackingLabel\":\"\"}}' data-internal-tracking-enabled=\"true\" href=\"https:\/\/www.tagesspiegel.de\/politik\/marcel-fratzscher-im-streitgesprach-die-babyboomer-haben-die-friedensdividende-verfruhstuckt-14270318.html\" rel=\"nofollow\" title=\"(Link wird in einem neuen Tab ge\u00f6ffnet)\">Tagesspiegel<\/a>\u201c. Gleichzeitig wendet sich Fratzscher dagegen, dass die junge Generation ein soziales Jahr oder Wehrdienst leisten solle. \u201eJetzt brauchen wir sie erstmal im Arbeitsmarkt, damit sie Rente, Gesundheit und Pflege der \u00c4lteren finanzieren k\u00f6nnen.\u201c<\/p>\n<p><a class=\"is-link c-block-items__link c-link--rich-text-renderer\" data-internal-tracking='{\"action\":\"click\",\"label\":\"link\",\"name\":\"Inline Element\",\"data\":{\"source\":\"\",\"target\":\"https:\/\/www.welt.de\/politik\/deutschland\/article68b525488c33b226bcaee8cf\/marcel-fratzscher-die-babyboomer-muessen-endlich-verantwortung-fuer-ihr-handeln-uebernehmen-sagt-der-diw-chef.html\",\"trackingName\":\"\",\"trackingLabel\":\"\"}}' data-internal-tracking-enabled=\"true\" href=\"https:\/\/www.welt.de\/politik\/deutschland\/article68b525488c33b226bcaee8cf\/marcel-fratzscher-die-babyboomer-muessen-endlich-verantwortung-fuer-ihr-handeln-uebernehmen-sagt-der-diw-chef.html\">Fratzscher<\/a> selbst hat in seiner Jugend weder Wehr- noch Ersatzdienst geleistet, wie er im Interview erz\u00e4hlt. \u201eAuch ich hatte mich 1990 nach dem Abitur bei der Bundeswehr beworben. Aber dann hie\u00df es: Zwei \u00e4ltere Br\u00fcder haben bereits Wehrdienst geleistet. Da wird der dritte nicht auch noch gezogen.\u201c<\/p>\n<p>Auf die Nachfrage, ob er dennoch die Babyboomer, die bereits in ihrer Jugend Wehr- oder Ersatzdienst geleistet hat, ein zweites Mal in die Pflicht nehmen m\u00f6chte, best\u00e4tigte der DIW-Chef: Die Boomer sollen doppelt Dienst leisten, die Gen Z erstmal nicht. Die Vertreter dieser Generation k\u00f6nnten ihr Pflichtjahr in 45 Jahren absolvieren, wenn diese Menschen selbst im Seniorenalter seien. \u201eWenn man jetzt von den Jungen ein Pflichtjahr verlangt, dann fehlen die ein Jahr im Arbeitsmarkt.\u201c<\/p>\n<p>Fratzscher findet, die Generation der Babyboomer tage die Schuld f\u00fcr die angestauten Probleme Deutschlands, auch die au\u00dfenpolitischen. \u201eDie Kriegsgefahr durch Putin besteht, weil die \u00c4lteren sich die Friedensdividende genommen haben. Ich bezweifele gar nicht, dass die Bundeswehr mehr Soldaten braucht. Die Frage ist, ob das nur mit Pflicht geht oder \u00fcber Freiwilligkeit.\u201c<\/p>\n<p>Fratzscher hatte zuletzt mit dem Vorschlag zur Einf\u00fchrung eines verpflichtenden sozialen Jahrs f\u00fcr Rentner eine Kontroverse ausgel\u00f6st. Die Aussage des \u00d6konomen erfuhr viel Widerspruch. Bundesfamilienministerin Karin Prien (CDU) lehnt ein verpflichtendes soziales Jahr f\u00fcr Rentner ab. \u201eDas ist ein v\u00f6llig falscher Ansatz\u201c, sagte sie.<\/p>\n","protected":false},"excerpt":{"rendered":"<p>DIW-Chef Marcel Fratzscher spitzt seine viel kritisierte Forderung nach einem Pflichtjahr f\u00fcr Senioren weiter zu. \u201eDie Boomer haben zu wenig Kinder bekommen. Darum m\u00fcssen sie im Alter ein soziales Pflichtjahr leisten, damit die Sozialsysteme finanzierbar bleiben\u201c, sagte er im Gespr\u00e4ch mit dem \u201eTagesspiegel\u201c. Gleichzeitig wendet sich Fratzscher dagegen, dass die junge Generation ein soziales Jahr<\/p>\n","protected":false},"author":1,"featured_media":271561,"comment_status":"open","ping_status":"open","sticky":false,"template":"","format":"standard","meta":{"footnotes":""},"categories":[59],"tags":[],"class_list":["post-271560","post","type-post","status-publish","format-standard","has-post-thumbnail","hentry","category-business-de"],"acf":[],"yoast_head":"<!-- This site is optimized with the Yoast SEO plugin v22.9 - https:\/\/yoast.com\/wordpress\/plugins\/seo\/ -->\n<title>Boomer sollten doppelt Dienst leisten, sagt DIW-Chef Fratzscher - vof-news.eu<\/title>\n<meta name=\"description\" content=\"DIW-Chef Marcel Fratzscher spitzt seine viel kritisierte Forderung nach einem Pflichtjahr f\u00fcr Senioren weiter zu. \u201eDie Boomer haben zu wenig Kinder bekommen. Darum m\u00fcssen sie im Alter ein soziales Pflichtjahr leisten, damit die Sozialsysteme finanzierbar bleiben\u201c, sagte er im Gespr\u00e4ch mit dem \u201eTagesspiegel\u201c. Gleichzeitig wendet sich Fratzscher dagegen, dass die junge Generation ein soziales Jahr oder Wehrdienst leisten solle. \u201eJetzt brauchen wir sie erstmal im Arbeitsmarkt, damit sie Rente, Gesundheit und Pflege der \u00c4lteren finanzieren k\u00f6nnen.\u201cFratzscher selbst hat in seiner Jugend weder Wehr- noch Ersatzdienst geleistet, wie er im Interview erz\u00e4hlt. \u201eAuch ich hatte mich 1990 nach dem Abitur bei der Bundeswehr beworben. Aber dann hie\u00df es: Zwei \u00e4ltere Br\u00fcder haben bereits Wehrdienst geleistet. Da wird der dritte nicht auch noch gezogen.\u201cAuf die Nachfrage, ob er dennoch die Babyboomer, die bereits in ihrer Jugend Wehr- oder Ersatzdienst geleistet hat, ein zweites Mal in die Pflicht nehmen m\u00f6chte, best\u00e4tigte der DIW-Chef: Die Boomer sollen doppelt Dienst leisten, die Gen Z erstmal nicht. Die Vertreter dieser Generation k\u00f6nnten ihr Pflichtjahr in 45 Jahren absolvieren, wenn diese Menschen selbst im Seniorenalter seien. \u201eWenn man jetzt von den Jungen ein Pflichtjahr verlangt, dann fehlen die ein Jahr im Arbeitsmarkt.\u201cFratzscher findet, die Generation der Babyboomer tage die Schuld f\u00fcr die angestauten Probleme Deutschlands, auch die au\u00dfenpolitischen. \u201eDie Kriegsgefahr durch Putin besteht, weil die \u00c4lteren sich die Friedensdividende genommen haben. Ich bezweifele gar nicht, dass die Bundeswehr mehr Soldaten braucht. Die Frage ist, ob das nur mit Pflicht geht oder \u00fcber Freiwilligkeit.\u201cFratzscher hatte zuletzt mit dem Vorschlag zur Einf\u00fchrung eines verpflichtenden sozialen Jahrs f\u00fcr Rentner eine Kontroverse ausgel\u00f6st. Die Aussage des \u00d6konomen erfuhr viel Widerspruch. Bundesfamilienministerin Karin Prien (CDU) lehnt ein verpflichtendes soziales Jahr f\u00fcr Rentner ab. \u201eDas ist ein v\u00f6llig falscher Ansatz\u201c, sagte sie.\" \/>\n<meta name=\"robots\" content=\"noindex, follow, max-snippet:-1, max-image-preview:large, max-video-preview:-1\" \/>\n<meta property=\"og:locale\" content=\"de_DE\" \/>\n<meta property=\"og:type\" content=\"article\" \/>\n<meta property=\"og:title\" content=\"Boomer sollten doppelt Dienst leisten, sagt DIW-Chef Fratzscher - vof-news.eu\" \/>\n<meta property=\"og:description\" content=\"DIW-Chef Marcel Fratzscher spitzt seine viel kritisierte Forderung nach einem Pflichtjahr f\u00fcr Senioren weiter zu. \u201eDie Boomer haben zu wenig Kinder bekommen. Darum m\u00fcssen sie im Alter ein soziales Pflichtjahr leisten, damit die Sozialsysteme finanzierbar bleiben\u201c, sagte er im Gespr\u00e4ch mit dem \u201eTagesspiegel\u201c. Gleichzeitig wendet sich Fratzscher dagegen, dass die junge Generation ein soziales Jahr oder Wehrdienst leisten solle. \u201eJetzt brauchen wir sie erstmal im Arbeitsmarkt, damit sie Rente, Gesundheit und Pflege der \u00c4lteren finanzieren k\u00f6nnen.\u201cFratzscher selbst hat in seiner Jugend weder Wehr- noch Ersatzdienst geleistet, wie er im Interview erz\u00e4hlt. \u201eAuch ich hatte mich 1990 nach dem Abitur bei der Bundeswehr beworben. Aber dann hie\u00df es: Zwei \u00e4ltere Br\u00fcder haben bereits Wehrdienst geleistet. Da wird der dritte nicht auch noch gezogen.\u201cAuf die Nachfrage, ob er dennoch die Babyboomer, die bereits in ihrer Jugend Wehr- oder Ersatzdienst geleistet hat, ein zweites Mal in die Pflicht nehmen m\u00f6chte, best\u00e4tigte der DIW-Chef: Die Boomer sollen doppelt Dienst leisten, die Gen Z erstmal nicht. Die Vertreter dieser Generation k\u00f6nnten ihr Pflichtjahr in 45 Jahren absolvieren, wenn diese Menschen selbst im Seniorenalter seien. \u201eWenn man jetzt von den Jungen ein Pflichtjahr verlangt, dann fehlen die ein Jahr im Arbeitsmarkt.\u201cFratzscher findet, die Generation der Babyboomer tage die Schuld f\u00fcr die angestauten Probleme Deutschlands, auch die au\u00dfenpolitischen. \u201eDie Kriegsgefahr durch Putin besteht, weil die \u00c4lteren sich die Friedensdividende genommen haben. Ich bezweifele gar nicht, dass die Bundeswehr mehr Soldaten braucht. Die Frage ist, ob das nur mit Pflicht geht oder \u00fcber Freiwilligkeit.\u201cFratzscher hatte zuletzt mit dem Vorschlag zur Einf\u00fchrung eines verpflichtenden sozialen Jahrs f\u00fcr Rentner eine Kontroverse ausgel\u00f6st. Die Aussage des \u00d6konomen erfuhr viel Widerspruch. Bundesfamilienministerin Karin Prien (CDU) lehnt ein verpflichtendes soziales Jahr f\u00fcr Rentner ab. \u201eDas ist ein v\u00f6llig falscher Ansatz\u201c, sagte sie.\" \/>\n<meta property=\"og:url\" content=\"https:\/\/vof-news.eu\/de\/boomer-sollten-doppelt-dienst-leisten-sagt-diw-chef-fratzscher\/\" \/>\n<meta property=\"og:site_name\" content=\"vof-news.eu\" \/>\n<meta property=\"article:published_time\" content=\"2025-09-05T08:26:08+00:00\" \/>\n<meta property=\"article:modified_time\" content=\"2025-09-05T08:26:26+00:00\" \/>\n<meta property=\"og:image\" content=\"https:\/\/vof-news.eu\/wp-content\/uploads\/2025\/09\/diw-praesident-marcel-fratzscher-archivbild.webp\" \/>\n\t<meta property=\"og:image:width\" content=\"1200\" \/>\n\t<meta property=\"og:image:height\" content=\"574\" \/>\n\t<meta property=\"og:image:type\" content=\"image\/webp\" \/>\n<meta name=\"author\" content=\"Author\" \/>\n<meta name=\"twitter:card\" content=\"summary_large_image\" \/>\n<meta name=\"twitter:label1\" content=\"Verfasst von\" \/>\n\t<meta name=\"twitter:data1\" content=\"Author\" \/>\n\t<meta name=\"twitter:label2\" content=\"Gesch\u00e4tzte Lesezeit\" \/>\n\t<meta name=\"twitter:data2\" content=\"2\u00a0Minuten\" \/>\n<script type=\"application\/ld+json\" class=\"yoast-schema-graph\">{\"@context\":\"https:\/\/schema.org\",\"@graph\":[{\"@type\":\"WebPage\",\"@id\":\"https:\/\/vof-news.eu\/de\/boomer-sollten-doppelt-dienst-leisten-sagt-diw-chef-fratzscher\/\",\"url\":\"https:\/\/vof-news.eu\/de\/boomer-sollten-doppelt-dienst-leisten-sagt-diw-chef-fratzscher\/\",\"name\":\"Boomer sollten doppelt Dienst leisten, sagt DIW-Chef Fratzscher - vof-news.eu\",\"isPartOf\":{\"@id\":\"https:\/\/vof-news.eu\/de\/#website\"},\"primaryImageOfPage\":{\"@id\":\"https:\/\/vof-news.eu\/de\/boomer-sollten-doppelt-dienst-leisten-sagt-diw-chef-fratzscher\/#primaryimage\"},\"image\":{\"@id\":\"https:\/\/vof-news.eu\/de\/boomer-sollten-doppelt-dienst-leisten-sagt-diw-chef-fratzscher\/#primaryimage\"},\"thumbnailUrl\":\"https:\/\/vof-news.eu\/wp-content\/uploads\/2025\/09\/diw-praesident-marcel-fratzscher-archivbild.webp\",\"datePublished\":\"2025-09-05T08:26:08+00:00\",\"dateModified\":\"2025-09-05T08:26:26+00:00\",\"author\":{\"@id\":\"https:\/\/vof-news.eu\/de\/#\/schema\/person\/f6a2a4309f0561835797fd8c19b333ed\"},\"description\":\"DIW-Chef Marcel Fratzscher spitzt seine viel kritisierte Forderung nach einem Pflichtjahr f\u00fcr Senioren weiter zu. \u201eDie Boomer haben zu wenig Kinder bekommen. Darum m\u00fcssen sie im Alter ein soziales Pflichtjahr leisten, damit die Sozialsysteme finanzierbar bleiben\u201c, sagte er im Gespr\u00e4ch mit dem \u201eTagesspiegel\u201c. Gleichzeitig wendet sich Fratzscher dagegen, dass die junge Generation ein soziales Jahr oder Wehrdienst leisten solle. \u201eJetzt brauchen wir sie erstmal im Arbeitsmarkt, damit sie Rente, Gesundheit und Pflege der \u00c4lteren finanzieren k\u00f6nnen.\u201cFratzscher selbst hat in seiner Jugend weder Wehr- noch Ersatzdienst geleistet, wie er im Interview erz\u00e4hlt. \u201eAuch ich hatte mich 1990 nach dem Abitur bei der Bundeswehr beworben. Aber dann hie\u00df es: Zwei \u00e4ltere Br\u00fcder haben bereits Wehrdienst geleistet. Da wird der dritte nicht auch noch gezogen.\u201cAuf die Nachfrage, ob er dennoch die Babyboomer, die bereits in ihrer Jugend Wehr- oder Ersatzdienst geleistet hat, ein zweites Mal in die Pflicht nehmen m\u00f6chte, best\u00e4tigte der DIW-Chef: Die Boomer sollen doppelt Dienst leisten, die Gen Z erstmal nicht. Die Vertreter dieser Generation k\u00f6nnten ihr Pflichtjahr in 45 Jahren absolvieren, wenn diese Menschen selbst im Seniorenalter seien. \u201eWenn man jetzt von den Jungen ein Pflichtjahr verlangt, dann fehlen die ein Jahr im Arbeitsmarkt.\u201cFratzscher findet, die Generation der Babyboomer tage die Schuld f\u00fcr die angestauten Probleme Deutschlands, auch die au\u00dfenpolitischen. \u201eDie Kriegsgefahr durch Putin besteht, weil die \u00c4lteren sich die Friedensdividende genommen haben. Ich bezweifele gar nicht, dass die Bundeswehr mehr Soldaten braucht. Die Frage ist, ob das nur mit Pflicht geht oder \u00fcber Freiwilligkeit.\u201cFratzscher hatte zuletzt mit dem Vorschlag zur Einf\u00fchrung eines verpflichtenden sozialen Jahrs f\u00fcr Rentner eine Kontroverse ausgel\u00f6st. Die Aussage des \u00d6konomen erfuhr viel Widerspruch. Bundesfamilienministerin Karin Prien (CDU) lehnt ein verpflichtendes soziales Jahr f\u00fcr Rentner ab. \u201eDas ist ein v\u00f6llig falscher Ansatz\u201c, sagte sie.\",\"breadcrumb\":{\"@id\":\"https:\/\/vof-news.eu\/de\/boomer-sollten-doppelt-dienst-leisten-sagt-diw-chef-fratzscher\/#breadcrumb\"},\"inLanguage\":\"de\",\"potentialAction\":[{\"@type\":\"ReadAction\",\"target\":[\"https:\/\/vof-news.eu\/de\/boomer-sollten-doppelt-dienst-leisten-sagt-diw-chef-fratzscher\/\"]}]},{\"@type\":\"ImageObject\",\"inLanguage\":\"de\",\"@id\":\"https:\/\/vof-news.eu\/de\/boomer-sollten-doppelt-dienst-leisten-sagt-diw-chef-fratzscher\/#primaryimage\",\"url\":\"https:\/\/vof-news.eu\/wp-content\/uploads\/2025\/09\/diw-praesident-marcel-fratzscher-archivbild.webp\",\"contentUrl\":\"https:\/\/vof-news.eu\/wp-content\/uploads\/2025\/09\/diw-praesident-marcel-fratzscher-archivbild.webp\",\"width\":1200,\"height\":574},{\"@type\":\"BreadcrumbList\",\"@id\":\"https:\/\/vof-news.eu\/de\/boomer-sollten-doppelt-dienst-leisten-sagt-diw-chef-fratzscher\/#breadcrumb\",\"itemListElement\":[{\"@type\":\"ListItem\",\"position\":1,\"name\":\"Home\",\"item\":\"https:\/\/vof-news.eu\/de\/\"},{\"@type\":\"ListItem\",\"position\":2,\"name\":\"Boomer sollten doppelt Dienst leisten, sagt DIW-Chef Fratzscher\"}]},{\"@type\":\"WebSite\",\"@id\":\"https:\/\/vof-news.eu\/de\/#website\",\"url\":\"https:\/\/vof-news.eu\/de\/\",\"name\":\"vof-news.eu\",\"description\":\"\",\"potentialAction\":[{\"@type\":\"SearchAction\",\"target\":{\"@type\":\"EntryPoint\",\"urlTemplate\":\"https:\/\/vof-news.eu\/de\/?s={search_term_string}\"},\"query-input\":\"required name=search_term_string\"}],\"inLanguage\":\"de\"},{\"@type\":\"Person\",\"@id\":\"https:\/\/vof-news.eu\/de\/#\/schema\/person\/f6a2a4309f0561835797fd8c19b333ed\",\"name\":\"Author\",\"image\":{\"@type\":\"ImageObject\",\"inLanguage\":\"de\",\"@id\":\"https:\/\/vof-news.eu\/de\/#\/schema\/person\/image\/\",\"url\":\"https:\/\/secure.gravatar.com\/avatar\/b67e614b1b25b3e9c0c239efdd2fde5ab015b5affd6f1c3c85911ca4b384e790?s=96&d=mm&r=g\",\"contentUrl\":\"https:\/\/secure.gravatar.com\/avatar\/b67e614b1b25b3e9c0c239efdd2fde5ab015b5affd6f1c3c85911ca4b384e790?s=96&d=mm&r=g\",\"caption\":\"Author\"},\"sameAs\":[\"http:\/\/vof-news.eu\"],\"url\":\"https:\/\/vof-news.eu\/de\/author\/zwt6qxnjulxbnyg\/\"}]}<\/script>\n<!-- \/ Yoast SEO plugin. -->","yoast_head_json":{"title":"Boomer sollten doppelt Dienst leisten, sagt DIW-Chef Fratzscher - vof-news.eu","description":"DIW-Chef Marcel Fratzscher spitzt seine viel kritisierte Forderung nach einem Pflichtjahr f\u00fcr Senioren weiter zu. \u201eDie Boomer haben zu wenig Kinder bekommen. Darum m\u00fcssen sie im Alter ein soziales Pflichtjahr leisten, damit die Sozialsysteme finanzierbar bleiben\u201c, sagte er im Gespr\u00e4ch mit dem \u201eTagesspiegel\u201c. Gleichzeitig wendet sich Fratzscher dagegen, dass die junge Generation ein soziales Jahr oder Wehrdienst leisten solle. \u201eJetzt brauchen wir sie erstmal im Arbeitsmarkt, damit sie Rente, Gesundheit und Pflege der \u00c4lteren finanzieren k\u00f6nnen.\u201cFratzscher selbst hat in seiner Jugend weder Wehr- noch Ersatzdienst geleistet, wie er im Interview erz\u00e4hlt. \u201eAuch ich hatte mich 1990 nach dem Abitur bei der Bundeswehr beworben. Aber dann hie\u00df es: Zwei \u00e4ltere Br\u00fcder haben bereits Wehrdienst geleistet. Da wird der dritte nicht auch noch gezogen.\u201cAuf die Nachfrage, ob er dennoch die Babyboomer, die bereits in ihrer Jugend Wehr- oder Ersatzdienst geleistet hat, ein zweites Mal in die Pflicht nehmen m\u00f6chte, best\u00e4tigte der DIW-Chef: Die Boomer sollen doppelt Dienst leisten, die Gen Z erstmal nicht. Die Vertreter dieser Generation k\u00f6nnten ihr Pflichtjahr in 45 Jahren absolvieren, wenn diese Menschen selbst im Seniorenalter seien. \u201eWenn man jetzt von den Jungen ein Pflichtjahr verlangt, dann fehlen die ein Jahr im Arbeitsmarkt.\u201cFratzscher findet, die Generation der Babyboomer tage die Schuld f\u00fcr die angestauten Probleme Deutschlands, auch die au\u00dfenpolitischen. \u201eDie Kriegsgefahr durch Putin besteht, weil die \u00c4lteren sich die Friedensdividende genommen haben. Ich bezweifele gar nicht, dass die Bundeswehr mehr Soldaten braucht. Die Frage ist, ob das nur mit Pflicht geht oder \u00fcber Freiwilligkeit.\u201cFratzscher hatte zuletzt mit dem Vorschlag zur Einf\u00fchrung eines verpflichtenden sozialen Jahrs f\u00fcr Rentner eine Kontroverse ausgel\u00f6st. Die Aussage des \u00d6konomen erfuhr viel Widerspruch. Bundesfamilienministerin Karin Prien (CDU) lehnt ein verpflichtendes soziales Jahr f\u00fcr Rentner ab. \u201eDas ist ein v\u00f6llig falscher Ansatz\u201c, sagte sie.","robots":{"index":"noindex","follow":"follow","max-snippet":"max-snippet:-1","max-image-preview":"max-image-preview:large","max-video-preview":"max-video-preview:-1"},"og_locale":"de_DE","og_type":"article","og_title":"Boomer sollten doppelt Dienst leisten, sagt DIW-Chef Fratzscher - vof-news.eu","og_description":"DIW-Chef Marcel Fratzscher spitzt seine viel kritisierte Forderung nach einem Pflichtjahr f\u00fcr Senioren weiter zu. \u201eDie Boomer haben zu wenig Kinder bekommen. Darum m\u00fcssen sie im Alter ein soziales Pflichtjahr leisten, damit die Sozialsysteme finanzierbar bleiben\u201c, sagte er im Gespr\u00e4ch mit dem \u201eTagesspiegel\u201c. Gleichzeitig wendet sich Fratzscher dagegen, dass die junge Generation ein soziales Jahr oder Wehrdienst leisten solle. \u201eJetzt brauchen wir sie erstmal im Arbeitsmarkt, damit sie Rente, Gesundheit und Pflege der \u00c4lteren finanzieren k\u00f6nnen.\u201cFratzscher selbst hat in seiner Jugend weder Wehr- noch Ersatzdienst geleistet, wie er im Interview erz\u00e4hlt. \u201eAuch ich hatte mich 1990 nach dem Abitur bei der Bundeswehr beworben. Aber dann hie\u00df es: Zwei \u00e4ltere Br\u00fcder haben bereits Wehrdienst geleistet. Da wird der dritte nicht auch noch gezogen.\u201cAuf die Nachfrage, ob er dennoch die Babyboomer, die bereits in ihrer Jugend Wehr- oder Ersatzdienst geleistet hat, ein zweites Mal in die Pflicht nehmen m\u00f6chte, best\u00e4tigte der DIW-Chef: Die Boomer sollen doppelt Dienst leisten, die Gen Z erstmal nicht. Die Vertreter dieser Generation k\u00f6nnten ihr Pflichtjahr in 45 Jahren absolvieren, wenn diese Menschen selbst im Seniorenalter seien. \u201eWenn man jetzt von den Jungen ein Pflichtjahr verlangt, dann fehlen die ein Jahr im Arbeitsmarkt.\u201cFratzscher findet, die Generation der Babyboomer tage die Schuld f\u00fcr die angestauten Probleme Deutschlands, auch die au\u00dfenpolitischen. \u201eDie Kriegsgefahr durch Putin besteht, weil die \u00c4lteren sich die Friedensdividende genommen haben. Ich bezweifele gar nicht, dass die Bundeswehr mehr Soldaten braucht. Die Frage ist, ob das nur mit Pflicht geht oder \u00fcber Freiwilligkeit.\u201cFratzscher hatte zuletzt mit dem Vorschlag zur Einf\u00fchrung eines verpflichtenden sozialen Jahrs f\u00fcr Rentner eine Kontroverse ausgel\u00f6st. Die Aussage des \u00d6konomen erfuhr viel Widerspruch. Bundesfamilienministerin Karin Prien (CDU) lehnt ein verpflichtendes soziales Jahr f\u00fcr Rentner ab. \u201eDas ist ein v\u00f6llig falscher Ansatz\u201c, sagte sie.","og_url":"https:\/\/vof-news.eu\/de\/boomer-sollten-doppelt-dienst-leisten-sagt-diw-chef-fratzscher\/","og_site_name":"vof-news.eu","article_published_time":"2025-09-05T08:26:08+00:00","article_modified_time":"2025-09-05T08:26:26+00:00","og_image":[{"width":1200,"height":574,"url":"https:\/\/vof-news.eu\/wp-content\/uploads\/2025\/09\/diw-praesident-marcel-fratzscher-archivbild.webp","type":"image\/webp"}],"author":"Author","twitter_card":"summary_large_image","twitter_misc":{"Verfasst von":"Author","Gesch\u00e4tzte Lesezeit":"2\u00a0Minuten"},"schema":{"@context":"https:\/\/schema.org","@graph":[{"@type":"WebPage","@id":"https:\/\/vof-news.eu\/de\/boomer-sollten-doppelt-dienst-leisten-sagt-diw-chef-fratzscher\/","url":"https:\/\/vof-news.eu\/de\/boomer-sollten-doppelt-dienst-leisten-sagt-diw-chef-fratzscher\/","name":"Boomer sollten doppelt Dienst leisten, sagt DIW-Chef Fratzscher - vof-news.eu","isPartOf":{"@id":"https:\/\/vof-news.eu\/de\/#website"},"primaryImageOfPage":{"@id":"https:\/\/vof-news.eu\/de\/boomer-sollten-doppelt-dienst-leisten-sagt-diw-chef-fratzscher\/#primaryimage"},"image":{"@id":"https:\/\/vof-news.eu\/de\/boomer-sollten-doppelt-dienst-leisten-sagt-diw-chef-fratzscher\/#primaryimage"},"thumbnailUrl":"https:\/\/vof-news.eu\/wp-content\/uploads\/2025\/09\/diw-praesident-marcel-fratzscher-archivbild.webp","datePublished":"2025-09-05T08:26:08+00:00","dateModified":"2025-09-05T08:26:26+00:00","author":{"@id":"https:\/\/vof-news.eu\/de\/#\/schema\/person\/f6a2a4309f0561835797fd8c19b333ed"},"description":"DIW-Chef Marcel Fratzscher spitzt seine viel kritisierte Forderung nach einem Pflichtjahr f\u00fcr Senioren weiter zu. \u201eDie Boomer haben zu wenig Kinder bekommen. Darum m\u00fcssen sie im Alter ein soziales Pflichtjahr leisten, damit die Sozialsysteme finanzierbar bleiben\u201c, sagte er im Gespr\u00e4ch mit dem \u201eTagesspiegel\u201c. Gleichzeitig wendet sich Fratzscher dagegen, dass die junge Generation ein soziales Jahr oder Wehrdienst leisten solle. \u201eJetzt brauchen wir sie erstmal im Arbeitsmarkt, damit sie Rente, Gesundheit und Pflege der \u00c4lteren finanzieren k\u00f6nnen.\u201cFratzscher selbst hat in seiner Jugend weder Wehr- noch Ersatzdienst geleistet, wie er im Interview erz\u00e4hlt. \u201eAuch ich hatte mich 1990 nach dem Abitur bei der Bundeswehr beworben. Aber dann hie\u00df es: Zwei \u00e4ltere Br\u00fcder haben bereits Wehrdienst geleistet. Da wird der dritte nicht auch noch gezogen.\u201cAuf die Nachfrage, ob er dennoch die Babyboomer, die bereits in ihrer Jugend Wehr- oder Ersatzdienst geleistet hat, ein zweites Mal in die Pflicht nehmen m\u00f6chte, best\u00e4tigte der DIW-Chef: Die Boomer sollen doppelt Dienst leisten, die Gen Z erstmal nicht. Die Vertreter dieser Generation k\u00f6nnten ihr Pflichtjahr in 45 Jahren absolvieren, wenn diese Menschen selbst im Seniorenalter seien. \u201eWenn man jetzt von den Jungen ein Pflichtjahr verlangt, dann fehlen die ein Jahr im Arbeitsmarkt.\u201cFratzscher findet, die Generation der Babyboomer tage die Schuld f\u00fcr die angestauten Probleme Deutschlands, auch die au\u00dfenpolitischen. \u201eDie Kriegsgefahr durch Putin besteht, weil die \u00c4lteren sich die Friedensdividende genommen haben. Ich bezweifele gar nicht, dass die Bundeswehr mehr Soldaten braucht. Die Frage ist, ob das nur mit Pflicht geht oder \u00fcber Freiwilligkeit.\u201cFratzscher hatte zuletzt mit dem Vorschlag zur Einf\u00fchrung eines verpflichtenden sozialen Jahrs f\u00fcr Rentner eine Kontroverse ausgel\u00f6st. Die Aussage des \u00d6konomen erfuhr viel Widerspruch. Bundesfamilienministerin Karin Prien (CDU) lehnt ein verpflichtendes soziales Jahr f\u00fcr Rentner ab. \u201eDas ist ein v\u00f6llig falscher Ansatz\u201c, sagte sie.","breadcrumb":{"@id":"https:\/\/vof-news.eu\/de\/boomer-sollten-doppelt-dienst-leisten-sagt-diw-chef-fratzscher\/#breadcrumb"},"inLanguage":"de","potentialAction":[{"@type":"ReadAction","target":["https:\/\/vof-news.eu\/de\/boomer-sollten-doppelt-dienst-leisten-sagt-diw-chef-fratzscher\/"]}]},{"@type":"ImageObject","inLanguage":"de","@id":"https:\/\/vof-news.eu\/de\/boomer-sollten-doppelt-dienst-leisten-sagt-diw-chef-fratzscher\/#primaryimage","url":"https:\/\/vof-news.eu\/wp-content\/uploads\/2025\/09\/diw-praesident-marcel-fratzscher-archivbild.webp","contentUrl":"https:\/\/vof-news.eu\/wp-content\/uploads\/2025\/09\/diw-praesident-marcel-fratzscher-archivbild.webp","width":1200,"height":574},{"@type":"BreadcrumbList","@id":"https:\/\/vof-news.eu\/de\/boomer-sollten-doppelt-dienst-leisten-sagt-diw-chef-fratzscher\/#breadcrumb","itemListElement":[{"@type":"ListItem","position":1,"name":"Home","item":"https:\/\/vof-news.eu\/de\/"},{"@type":"ListItem","position":2,"name":"Boomer sollten doppelt Dienst leisten, sagt DIW-Chef Fratzscher"}]},{"@type":"WebSite","@id":"https:\/\/vof-news.eu\/de\/#website","url":"https:\/\/vof-news.eu\/de\/","name":"vof-news.eu","description":"","potentialAction":[{"@type":"SearchAction","target":{"@type":"EntryPoint","urlTemplate":"https:\/\/vof-news.eu\/de\/?s={search_term_string}"},"query-input":"required name=search_term_string"}],"inLanguage":"de"},{"@type":"Person","@id":"https:\/\/vof-news.eu\/de\/#\/schema\/person\/f6a2a4309f0561835797fd8c19b333ed","name":"Author","image":{"@type":"ImageObject","inLanguage":"de","@id":"https:\/\/vof-news.eu\/de\/#\/schema\/person\/image\/","url":"https:\/\/secure.gravatar.com\/avatar\/b67e614b1b25b3e9c0c239efdd2fde5ab015b5affd6f1c3c85911ca4b384e790?s=96&d=mm&r=g","contentUrl":"https:\/\/secure.gravatar.com\/avatar\/b67e614b1b25b3e9c0c239efdd2fde5ab015b5affd6f1c3c85911ca4b384e790?s=96&d=mm&r=g","caption":"Author"},"sameAs":["http:\/\/vof-news.eu"],"url":"https:\/\/vof-news.eu\/de\/author\/zwt6qxnjulxbnyg\/"}]}},"yoast_meta":{"yoast_wpseo_title":"","yoast_wpseo_metadesc":"","yoast_wpseo_canonical":""},"_links":{"self":[{"href":"https:\/\/vof-news.eu\/de\/wp-json\/wp\/v2\/posts\/271560","targetHints":{"allow":["GET"]}}],"collection":[{"href":"https:\/\/vof-news.eu\/de\/wp-json\/wp\/v2\/posts"}],"about":[{"href":"https:\/\/vof-news.eu\/de\/wp-json\/wp\/v2\/types\/post"}],"author":[{"embeddable":true,"href":"https:\/\/vof-news.eu\/de\/wp-json\/wp\/v2\/users\/1"}],"replies":[{"embeddable":true,"href":"https:\/\/vof-news.eu\/de\/wp-json\/wp\/v2\/comments?post=271560"}],"version-history":[{"count":1,"href":"https:\/\/vof-news.eu\/de\/wp-json\/wp\/v2\/posts\/271560\/revisions"}],"predecessor-version":[{"id":271567,"href":"https:\/\/vof-news.eu\/de\/wp-json\/wp\/v2\/posts\/271560\/revisions\/271567"}],"wp:featuredmedia":[{"embeddable":true,"href":"https:\/\/vof-news.eu\/de\/wp-json\/wp\/v2\/media\/271561"}],"wp:attachment":[{"href":"https:\/\/vof-news.eu\/de\/wp-json\/wp\/v2\/media?parent=271560"}],"wp:term":[{"taxonomy":"category","embeddable":true,"href":"https:\/\/vof-news.eu\/de\/wp-json\/wp\/v2\/categories?post=271560"},{"taxonomy":"post_tag","embeddable":true,"href":"https:\/\/vof-news.eu\/de\/wp-json\/wp\/v2\/tags?post=271560"}],"curies":[{"name":"wp","href":"https:\/\/api.w.org\/{rel}","templated":true}]}}