{"id":271464,"date":"2025-09-05T07:29:27","date_gmt":"2025-09-05T04:29:27","guid":{"rendered":"https:\/\/vof-news.eu\/usa-wollen-militarhilfen-fur-eu-lander-kurzen-zolle-fur-japan-gesenkt\/"},"modified":"2025-09-05T07:30:58","modified_gmt":"2025-09-05T04:30:58","slug":"usa-wollen-militarhilfen-fur-eu-lander-kurzen-zolle-fur-japan-gesenkt","status":"publish","type":"post","link":"https:\/\/vof-news.eu\/de\/usa-wollen-militarhilfen-fur-eu-lander-kurzen-zolle-fur-japan-gesenkt\/","title":{"rendered":"USA wollen Milit\u00e4rhilfen f\u00fcr EU-L\u00e4nder k\u00fcrzen, Z\u00f6lle f\u00fcr Japan gesenkt"},"content":{"rendered":"<div>\n<nav>\n<h2>\u00dcbersicht:<\/h2>\n<ul>\n<li>\n<a href=\"https:\/\/www.zeit.de#trump-will-militaerhilfen-von-eu-grenzstaaten-laut-berichten-kuerzen\" rel=\"nofollow\"><br \/>\n<span>Trump will\u00a0Milit\u00e4rhilfen von\u00a0EU-Grenzstaaten laut Berichten k\u00fcrzen<\/span><\/p>\n<p><\/a>\n<\/li>\n<li>\n<a href=\"https:\/\/www.zeit.de#us-zoelle-auf-japanische-autos-sinken-auf-15-prozent\" rel=\"nofollow\"><br \/>\n<span>US-Z\u00f6lle auf japanische Autos sinken auf 15 Prozent<\/span><\/p>\n<p><\/a>\n<\/li>\n<li>\n<a href=\"https:\/\/www.zeit.de#trump-draengt-europaeer-zu-verzicht-auf-russisches-oel\" rel=\"nofollow\"><br \/>\n<span>Trump dr\u00e4ngt Europ\u00e4er zu Verzicht auf russisches \u00d6l<\/span><\/p>\n<p><\/a>\n<\/li>\n<li>\n<a href=\"https:\/\/www.zeit.de#trump-will-pentagon-in-kriegsministerium-umbenennen\" rel=\"nofollow\"><br \/>\n<span>Trump will Pentagon in &#8222;Kriegsministerium&#8220; umbenennen<\/span><\/p>\n<p><\/a>\n<\/li>\n<li>\n<a href=\"https:\/\/www.zeit.de#generalstaatsanwaeltin-will-geldstrafe-gegen-trump-erzwingen\" rel=\"nofollow\"><br \/>\n<span>Generalstaatsanw\u00e4ltin will Geldstrafe gegen Trump erzwingen<\/span><\/p>\n<p><\/a>\n<\/li>\n<li>\n<a href=\"https:\/\/www.zeit.de#us-regierung-macht-stromversorger-fuer-braende-in-los-angeles-verantwortlich\" rel=\"nofollow\"><br \/>\n<span>US-Regierung macht Stromversorger f\u00fcr Br\u00e4nde in Los Angeles verantwortlich<\/span><\/p>\n<p><\/a>\n<\/li>\n<\/ul>\n<\/nav>\n<h2>Trump will Milit\u00e4rhilfen von EU-Grenzstaaten laut Berichten k\u00fcrzen<\/h2>\n<p>US-Pr\u00e4sident <span><a href=\"https:\/\/www.zeit.de\/thema\/donald-trump\" rel=\"nofollow\">Donald Trump<\/a><\/span> will im Zuge seiner &#8222;America-First&#8220;-Politik Milit\u00e4rhilfen f\u00fcr europ\u00e4ische Staaten an der Grenze zu <a href=\"https:\/\/www.zeit.de\/thema\/russland\" rel=\"nofollow\">Russland<\/a> offenbar ab n\u00e4chstem Jahr auslaufen lassen. Das berichten die , die  und die Nachrichtenagentur Reuters. Die Medien berufen sich auf mindestens sechs Personen, die \u00fcber die Pl\u00e4ne der US-Regierung informiert sind. Demnach geht es um Geld, das die USA bisher zahlen, um die Verteidigungsf\u00e4higkeit von L\u00e4ndern gegen Russland zu st\u00e4rken.\u00a0Zu den Hauptempf\u00e4ngern der Mittel geh\u00f6rten bisher Estland, Lettland und Litauen.\n<\/p>\n<\/p>\n<h2>US-Z\u00f6lle auf japanische Autos sinken auf 15 Prozent<\/h2>\n<p>F\u00fcr importierte Autos aus <a href=\"https:\/\/www.zeit.de\/thema\/japan\" rel=\"nofollow\">Japan<\/a> gilt in den USA nun ein Zollsatz von 15 Prozent\u00a0\u2013\u00a0statt der derzeitigen Aufschl\u00e4ge von 27,5 Prozent. US-Pr\u00e4sident Trump unterzeichnete eine entsprechende Verordnung. Das teilte die US-Regierung mit. Auch f\u00fcr viele andere Waren gilt nun ein Zollsatz von 15 Prozent. Bereits im Juli hatte sich <span><a href=\"https:\/\/www.zeit.de\/thema\/japan\" rel=\"nofollow\">Japan<\/a><\/span> im Zollkonflikt mit den USA <a href=\"https:\/\/www.zeit.de\/wirtschaft\/ausland\/2025-07\/zollpolitik-usa-handelsstreit-japan-donald-trump\" rel=\"nofollow\">auf einen Deal eingelassen<\/a>, wonach die US-Regierung ihre abrupt erh\u00f6hten Z\u00f6lle senken w\u00fcrde. Mit Trumps Unterschrift setzten die USA die Vereinbarung nun f\u00fcr Autos um.\n<\/p>\n<h2>Trump dr\u00e4ngt Europ\u00e4er zu Verzicht auf russisches \u00d6l<\/h2>\n<p>US-Pr\u00e4sident Trump hat die europ\u00e4ischen Staats- und Regierungschefs aufgefordert, kein Erd\u00f6l mehr aus Russland zu importieren. Der Republikaner soll in einem Telefonat mit den Europ\u00e4ern <a href=\"https:\/\/www.zeit.de\/politik\/ausland\/2025-09\/ukraine-truppen-frieden-frankreich-macron\" rel=\"nofollow\">nach ihrem Gipfeltreffen in Paris<\/a> aufgefordert haben, ihre \u00d6lgesch\u00e4fte mit Russland zu beenden.\u00a0Russland habe innerhalb eines Jahres 1,1 Milliarden Euro<br \/>\n durch Treibstoffverk\u00e4ufe in die <span><a href=\"https:\/\/www.zeit.de\/thema\/europaeische-union\" rel=\"nofollow\">EU<\/a><\/span> eingenommen, sagte ein Beamter der US-Regierung. Dies finanziere Russlands Angriffskrieg gegen die Ukraine<br \/>\n mit. Auch auf China sollten die L\u00e4nder Druck machen, hie\u00df es.\n<\/p>\n<\/p>\n<h2>Trump will Pentagon in &#8222;Kriegsministerium&#8220; umbenennen<\/h2>\n<p>Auf Wunsch von Pr\u00e4sident Trump soll das US-Verteidigungsministerium einen neuen Namen bekommen: Kriegsministerium. Trump wolle dazu eine entsprechende Anordnung unterzeichnen, teilte ein Regierungssprecher mit.\u00a0Laut Verteidigungsminister <a href=\"https:\/\/www.zeit.de\/thema\/pete-hegseth\" rel=\"nofollow\">Pete Hegseth<\/a>\u00a0soll die<br \/>\n Umbenennung das &#8222;Krieger-Ethos&#8220; der Streitkr\u00e4fte widerspiegeln.\u00a0Formell m\u00fcsste zwar der Kongress einer Namens\u00e4nderung zustimmen. Doch Trump will mit seinem Dekret erwirken, dass Hegseth und sein Ministerium den Begriff &#8222;Kriegsminister&#8220; und &#8222;Kriegsministerium&#8220; als Zweittitel in der offiziellen Kommunikation benutzen d\u00fcrfen.\n<\/p>\n<\/p>\n<h2>Generalstaatsanw\u00e4ltin will Geldstrafe gegen Trump erzwingen<\/h2>\n<p>Eine Generalstaatsanw\u00e4ltin has das h\u00f6chste Gericht im Bundesstaat New York aufgefordert, eine gekippte Geldstrafe gegen US-Pr\u00e4sident Trump wieder in Kraft zu setzen. In der Sache geht es um fast eine halbe Milliarde Dollar, die Trump wegen Betrugs h\u00e4tte zahlen sollen. Er war dagegen<a href=\"https:\/\/www.zeit.de\/politik\/2025-08\/donald-trump-betrugsverfahren-strafe-gericht\" rel=\"nofollow\"> erfolgreich in Berufung gegangen<\/a>\u00a0\u2013\u00a0die Strafe wurde ausgesetzt. Nun zieht Staatsanw\u00e4ltin Letitia James vor die n\u00e4chsth\u00f6here Instanz. Richter sehen es bereits als erwiesen an, dass Trump sein Verm\u00f6gen in Finanzunterlagen gegen\u00fcber Banken und Versicherern besch\u00f6nigt hatte.\n<\/p>\n<p><a href=\"https:\/\/www.zeit.de\/politik\/ausland\/2025-09\/trump-betrugsprozess-generalstaatsanwaeltin-geldstrafe\" rel=\"nofollow\"><\/a>\n<\/p>\n<h2>US-Regierung macht Stromversorger f\u00fcr Br\u00e4nde in Los Angeles verantwortlich<\/h2>\n<p>Die US-Regierung hat mehr als sieben Monate nach den <a href=\"https:\/\/www.zeit.de\/wirtschaft\/2025-01\/feuer-braende-los-angeles-kalifornien-finanzkrise-wirtschaftliche-folgen\" rel=\"nofollow\">Br\u00e4nden in\u00a0Los\u00a0Angeles<\/a>\u00a0einen kalifornischen Stromversorger verklagt. Die Ermittlungen zur Brandursache laufen zwar noch. Doch aus Sicht des Justizministeriums habe der Stromkonzern Southern California Edison &#8222;ein besorgniserregendes Muster<br \/>\nan Fahrl\u00e4ssigkeit&#8220; gezeigt, das &#8222;zu Tod, Zerst\u00f6rung und Kosten in H\u00f6he von<br \/>\nmehreren zehn Millionen Dollar an Steuergeld&#8220; gef\u00fchrt habe, teilte<br \/>\nStaatsanwalt Bill Essayli mit. Die US-Regierung hofft auf 40 Millionen Dollar<br \/>\nEntsch\u00e4digung f\u00fcr die Kosten, die ihr durch den<br \/>\nBrand entstanden sind.\u00a0\n<\/p>\n<\/p>\n<\/p>\n<\/div>\n","protected":false},"excerpt":{"rendered":"<p>\u00dcbersicht: Trump will\u00a0Milit\u00e4rhilfen von\u00a0EU-Grenzstaaten laut Berichten k\u00fcrzen US-Z\u00f6lle auf japanische Autos sinken auf 15 Prozent Trump dr\u00e4ngt Europ\u00e4er zu Verzicht auf russisches \u00d6l Trump will Pentagon in &#8222;Kriegsministerium&#8220; umbenennen Generalstaatsanw\u00e4ltin will Geldstrafe gegen Trump erzwingen US-Regierung macht Stromversorger f\u00fcr Br\u00e4nde in Los Angeles verantwortlich Trump will Milit\u00e4rhilfen von EU-Grenzstaaten laut Berichten k\u00fcrzen US-Pr\u00e4sident Donald Trump<\/p>\n","protected":false},"author":1,"featured_media":271465,"comment_status":"open","ping_status":"open","sticky":false,"template":"","format":"standard","meta":{"footnotes":""},"categories":[116],"tags":[],"class_list":["post-271464","post","type-post","status-publish","format-standard","has-post-thumbnail","hentry","category-war-chronicles-de"],"acf":[],"yoast_head":"<!-- This site is optimized with the Yoast SEO plugin v22.9 - https:\/\/yoast.com\/wordpress\/plugins\/seo\/ -->\n<title>USA wollen Milit\u00e4rhilfen f\u00fcr EU-L\u00e4nder k\u00fcrzen, Z\u00f6lle f\u00fcr Japan gesenkt - vof-news.eu<\/title>\n<meta name=\"description\" content=\"\u00dcbersicht:\" \/>\n<meta name=\"robots\" content=\"noindex, follow, max-snippet:-1, max-image-preview:large, max-video-preview:-1\" \/>\n<meta property=\"og:locale\" content=\"de_DE\" \/>\n<meta property=\"og:type\" content=\"article\" \/>\n<meta property=\"og:title\" content=\"USA wollen Milit\u00e4rhilfen f\u00fcr EU-L\u00e4nder k\u00fcrzen, Z\u00f6lle f\u00fcr Japan gesenkt - vof-news.eu\" \/>\n<meta property=\"og:description\" content=\"\u00dcbersicht:\" \/>\n<meta property=\"og:url\" content=\"https:\/\/vof-news.eu\/de\/usa-wollen-militarhilfen-fur-eu-lander-kurzen-zolle-fur-japan-gesenkt\/\" \/>\n<meta property=\"og:site_name\" content=\"vof-news.eu\" \/>\n<meta property=\"article:published_time\" content=\"2025-09-05T04:29:27+00:00\" \/>\n<meta property=\"article:modified_time\" content=\"2025-09-05T04:30:58+00:00\" \/>\n<meta property=\"og:image\" content=\"https:\/\/vof-news.eu\/wp-content\/uploads\/2025\/09\/wide__1000x562-19.jpg\" \/>\n\t<meta property=\"og:image:width\" content=\"1000\" \/>\n\t<meta property=\"og:image:height\" content=\"562\" \/>\n\t<meta property=\"og:image:type\" content=\"image\/jpeg\" \/>\n<meta name=\"author\" content=\"Author\" \/>\n<meta name=\"twitter:card\" content=\"summary_large_image\" \/>\n<meta name=\"twitter:label1\" content=\"Verfasst von\" \/>\n\t<meta name=\"twitter:data1\" content=\"Author\" \/>\n\t<meta name=\"twitter:label2\" content=\"Gesch\u00e4tzte Lesezeit\" \/>\n\t<meta name=\"twitter:data2\" content=\"3\u00a0Minuten\" \/>\n<script type=\"application\/ld+json\" class=\"yoast-schema-graph\">{\"@context\":\"https:\/\/schema.org\",\"@graph\":[{\"@type\":\"WebPage\",\"@id\":\"https:\/\/vof-news.eu\/de\/usa-wollen-militarhilfen-fur-eu-lander-kurzen-zolle-fur-japan-gesenkt\/\",\"url\":\"https:\/\/vof-news.eu\/de\/usa-wollen-militarhilfen-fur-eu-lander-kurzen-zolle-fur-japan-gesenkt\/\",\"name\":\"USA wollen Milit\u00e4rhilfen f\u00fcr EU-L\u00e4nder k\u00fcrzen, Z\u00f6lle f\u00fcr Japan gesenkt - vof-news.eu\",\"isPartOf\":{\"@id\":\"https:\/\/vof-news.eu\/de\/#website\"},\"primaryImageOfPage\":{\"@id\":\"https:\/\/vof-news.eu\/de\/usa-wollen-militarhilfen-fur-eu-lander-kurzen-zolle-fur-japan-gesenkt\/#primaryimage\"},\"image\":{\"@id\":\"https:\/\/vof-news.eu\/de\/usa-wollen-militarhilfen-fur-eu-lander-kurzen-zolle-fur-japan-gesenkt\/#primaryimage\"},\"thumbnailUrl\":\"https:\/\/vof-news.eu\/wp-content\/uploads\/2025\/09\/wide__1000x562-19.jpg\",\"datePublished\":\"2025-09-05T04:29:27+00:00\",\"dateModified\":\"2025-09-05T04:30:58+00:00\",\"author\":{\"@id\":\"https:\/\/vof-news.eu\/de\/#\/schema\/person\/f6a2a4309f0561835797fd8c19b333ed\"},\"description\":\"\u00dcbersicht:\",\"breadcrumb\":{\"@id\":\"https:\/\/vof-news.eu\/de\/usa-wollen-militarhilfen-fur-eu-lander-kurzen-zolle-fur-japan-gesenkt\/#breadcrumb\"},\"inLanguage\":\"de\",\"potentialAction\":[{\"@type\":\"ReadAction\",\"target\":[\"https:\/\/vof-news.eu\/de\/usa-wollen-militarhilfen-fur-eu-lander-kurzen-zolle-fur-japan-gesenkt\/\"]}]},{\"@type\":\"ImageObject\",\"inLanguage\":\"de\",\"@id\":\"https:\/\/vof-news.eu\/de\/usa-wollen-militarhilfen-fur-eu-lander-kurzen-zolle-fur-japan-gesenkt\/#primaryimage\",\"url\":\"https:\/\/vof-news.eu\/wp-content\/uploads\/2025\/09\/wide__1000x562-19.jpg\",\"contentUrl\":\"https:\/\/vof-news.eu\/wp-content\/uploads\/2025\/09\/wide__1000x562-19.jpg\",\"width\":1000,\"height\":562},{\"@type\":\"BreadcrumbList\",\"@id\":\"https:\/\/vof-news.eu\/de\/usa-wollen-militarhilfen-fur-eu-lander-kurzen-zolle-fur-japan-gesenkt\/#breadcrumb\",\"itemListElement\":[{\"@type\":\"ListItem\",\"position\":1,\"name\":\"Home\",\"item\":\"https:\/\/vof-news.eu\/de\/\"},{\"@type\":\"ListItem\",\"position\":2,\"name\":\"USA wollen Milit\u00e4rhilfen f\u00fcr EU-L\u00e4nder k\u00fcrzen, Z\u00f6lle f\u00fcr Japan gesenkt\"}]},{\"@type\":\"WebSite\",\"@id\":\"https:\/\/vof-news.eu\/de\/#website\",\"url\":\"https:\/\/vof-news.eu\/de\/\",\"name\":\"vof-news.eu\",\"description\":\"\",\"potentialAction\":[{\"@type\":\"SearchAction\",\"target\":{\"@type\":\"EntryPoint\",\"urlTemplate\":\"https:\/\/vof-news.eu\/de\/?s={search_term_string}\"},\"query-input\":\"required name=search_term_string\"}],\"inLanguage\":\"de\"},{\"@type\":\"Person\",\"@id\":\"https:\/\/vof-news.eu\/de\/#\/schema\/person\/f6a2a4309f0561835797fd8c19b333ed\",\"name\":\"Author\",\"image\":{\"@type\":\"ImageObject\",\"inLanguage\":\"de\",\"@id\":\"https:\/\/vof-news.eu\/de\/#\/schema\/person\/image\/\",\"url\":\"https:\/\/secure.gravatar.com\/avatar\/b67e614b1b25b3e9c0c239efdd2fde5ab015b5affd6f1c3c85911ca4b384e790?s=96&d=mm&r=g\",\"contentUrl\":\"https:\/\/secure.gravatar.com\/avatar\/b67e614b1b25b3e9c0c239efdd2fde5ab015b5affd6f1c3c85911ca4b384e790?s=96&d=mm&r=g\",\"caption\":\"Author\"},\"sameAs\":[\"http:\/\/vof-news.eu\"],\"url\":\"https:\/\/vof-news.eu\/de\/author\/zwt6qxnjulxbnyg\/\"}]}<\/script>\n<!-- \/ Yoast SEO plugin. -->","yoast_head_json":{"title":"USA wollen Milit\u00e4rhilfen f\u00fcr EU-L\u00e4nder k\u00fcrzen, Z\u00f6lle f\u00fcr Japan gesenkt - vof-news.eu","description":"\u00dcbersicht:","robots":{"index":"noindex","follow":"follow","max-snippet":"max-snippet:-1","max-image-preview":"max-image-preview:large","max-video-preview":"max-video-preview:-1"},"og_locale":"de_DE","og_type":"article","og_title":"USA wollen Milit\u00e4rhilfen f\u00fcr EU-L\u00e4nder k\u00fcrzen, Z\u00f6lle f\u00fcr Japan gesenkt - vof-news.eu","og_description":"\u00dcbersicht:","og_url":"https:\/\/vof-news.eu\/de\/usa-wollen-militarhilfen-fur-eu-lander-kurzen-zolle-fur-japan-gesenkt\/","og_site_name":"vof-news.eu","article_published_time":"2025-09-05T04:29:27+00:00","article_modified_time":"2025-09-05T04:30:58+00:00","og_image":[{"width":1000,"height":562,"url":"https:\/\/vof-news.eu\/wp-content\/uploads\/2025\/09\/wide__1000x562-19.jpg","type":"image\/jpeg"}],"author":"Author","twitter_card":"summary_large_image","twitter_misc":{"Verfasst von":"Author","Gesch\u00e4tzte Lesezeit":"3\u00a0Minuten"},"schema":{"@context":"https:\/\/schema.org","@graph":[{"@type":"WebPage","@id":"https:\/\/vof-news.eu\/de\/usa-wollen-militarhilfen-fur-eu-lander-kurzen-zolle-fur-japan-gesenkt\/","url":"https:\/\/vof-news.eu\/de\/usa-wollen-militarhilfen-fur-eu-lander-kurzen-zolle-fur-japan-gesenkt\/","name":"USA wollen Milit\u00e4rhilfen f\u00fcr EU-L\u00e4nder k\u00fcrzen, Z\u00f6lle f\u00fcr Japan gesenkt - vof-news.eu","isPartOf":{"@id":"https:\/\/vof-news.eu\/de\/#website"},"primaryImageOfPage":{"@id":"https:\/\/vof-news.eu\/de\/usa-wollen-militarhilfen-fur-eu-lander-kurzen-zolle-fur-japan-gesenkt\/#primaryimage"},"image":{"@id":"https:\/\/vof-news.eu\/de\/usa-wollen-militarhilfen-fur-eu-lander-kurzen-zolle-fur-japan-gesenkt\/#primaryimage"},"thumbnailUrl":"https:\/\/vof-news.eu\/wp-content\/uploads\/2025\/09\/wide__1000x562-19.jpg","datePublished":"2025-09-05T04:29:27+00:00","dateModified":"2025-09-05T04:30:58+00:00","author":{"@id":"https:\/\/vof-news.eu\/de\/#\/schema\/person\/f6a2a4309f0561835797fd8c19b333ed"},"description":"\u00dcbersicht:","breadcrumb":{"@id":"https:\/\/vof-news.eu\/de\/usa-wollen-militarhilfen-fur-eu-lander-kurzen-zolle-fur-japan-gesenkt\/#breadcrumb"},"inLanguage":"de","potentialAction":[{"@type":"ReadAction","target":["https:\/\/vof-news.eu\/de\/usa-wollen-militarhilfen-fur-eu-lander-kurzen-zolle-fur-japan-gesenkt\/"]}]},{"@type":"ImageObject","inLanguage":"de","@id":"https:\/\/vof-news.eu\/de\/usa-wollen-militarhilfen-fur-eu-lander-kurzen-zolle-fur-japan-gesenkt\/#primaryimage","url":"https:\/\/vof-news.eu\/wp-content\/uploads\/2025\/09\/wide__1000x562-19.jpg","contentUrl":"https:\/\/vof-news.eu\/wp-content\/uploads\/2025\/09\/wide__1000x562-19.jpg","width":1000,"height":562},{"@type":"BreadcrumbList","@id":"https:\/\/vof-news.eu\/de\/usa-wollen-militarhilfen-fur-eu-lander-kurzen-zolle-fur-japan-gesenkt\/#breadcrumb","itemListElement":[{"@type":"ListItem","position":1,"name":"Home","item":"https:\/\/vof-news.eu\/de\/"},{"@type":"ListItem","position":2,"name":"USA wollen Milit\u00e4rhilfen f\u00fcr EU-L\u00e4nder k\u00fcrzen, Z\u00f6lle f\u00fcr Japan gesenkt"}]},{"@type":"WebSite","@id":"https:\/\/vof-news.eu\/de\/#website","url":"https:\/\/vof-news.eu\/de\/","name":"vof-news.eu","description":"","potentialAction":[{"@type":"SearchAction","target":{"@type":"EntryPoint","urlTemplate":"https:\/\/vof-news.eu\/de\/?s={search_term_string}"},"query-input":"required name=search_term_string"}],"inLanguage":"de"},{"@type":"Person","@id":"https:\/\/vof-news.eu\/de\/#\/schema\/person\/f6a2a4309f0561835797fd8c19b333ed","name":"Author","image":{"@type":"ImageObject","inLanguage":"de","@id":"https:\/\/vof-news.eu\/de\/#\/schema\/person\/image\/","url":"https:\/\/secure.gravatar.com\/avatar\/b67e614b1b25b3e9c0c239efdd2fde5ab015b5affd6f1c3c85911ca4b384e790?s=96&d=mm&r=g","contentUrl":"https:\/\/secure.gravatar.com\/avatar\/b67e614b1b25b3e9c0c239efdd2fde5ab015b5affd6f1c3c85911ca4b384e790?s=96&d=mm&r=g","caption":"Author"},"sameAs":["http:\/\/vof-news.eu"],"url":"https:\/\/vof-news.eu\/de\/author\/zwt6qxnjulxbnyg\/"}]}},"yoast_meta":{"yoast_wpseo_title":"","yoast_wpseo_metadesc":"","yoast_wpseo_canonical":""},"_links":{"self":[{"href":"https:\/\/vof-news.eu\/de\/wp-json\/wp\/v2\/posts\/271464","targetHints":{"allow":["GET"]}}],"collection":[{"href":"https:\/\/vof-news.eu\/de\/wp-json\/wp\/v2\/posts"}],"about":[{"href":"https:\/\/vof-news.eu\/de\/wp-json\/wp\/v2\/types\/post"}],"author":[{"embeddable":true,"href":"https:\/\/vof-news.eu\/de\/wp-json\/wp\/v2\/users\/1"}],"replies":[{"embeddable":true,"href":"https:\/\/vof-news.eu\/de\/wp-json\/wp\/v2\/comments?post=271464"}],"version-history":[{"count":1,"href":"https:\/\/vof-news.eu\/de\/wp-json\/wp\/v2\/posts\/271464\/revisions"}],"predecessor-version":[{"id":271478,"href":"https:\/\/vof-news.eu\/de\/wp-json\/wp\/v2\/posts\/271464\/revisions\/271478"}],"wp:featuredmedia":[{"embeddable":true,"href":"https:\/\/vof-news.eu\/de\/wp-json\/wp\/v2\/media\/271465"}],"wp:attachment":[{"href":"https:\/\/vof-news.eu\/de\/wp-json\/wp\/v2\/media?parent=271464"}],"wp:term":[{"taxonomy":"category","embeddable":true,"href":"https:\/\/vof-news.eu\/de\/wp-json\/wp\/v2\/categories?post=271464"},{"taxonomy":"post_tag","embeddable":true,"href":"https:\/\/vof-news.eu\/de\/wp-json\/wp\/v2\/tags?post=271464"}],"curies":[{"name":"wp","href":"https:\/\/api.w.org\/{rel}","templated":true}]}}