{"id":271362,"date":"2025-09-04T21:28:11","date_gmt":"2025-09-04T18:28:11","guid":{"rendered":"https:\/\/vof-news.eu\/26-staaten-wollen-sich-laut-macron-an-sicherungstruppe-beteiligen-2\/"},"modified":"2025-09-04T21:29:32","modified_gmt":"2025-09-04T18:29:32","slug":"26-staaten-wollen-sich-laut-macron-an-sicherungstruppe-beteiligen-2","status":"publish","type":"post","link":"https:\/\/vof-news.eu\/de\/26-staaten-wollen-sich-laut-macron-an-sicherungstruppe-beteiligen-2\/","title":{"rendered":"26 Staaten wollen sich laut Macron an Sicherungstruppe beteiligen"},"content":{"rendered":"<div>\n<p>26 Staaten sind nach Angaben des franz\u00f6sischen Pr\u00e4sidenten <a href=\"https:\/\/www.zeit.de\/thema\/emmanuel-macron\" rel=\"nofollow\">Emmanuel Macron<\/a> bereit, Truppen zur Absicherung<br \/>\neines m\u00f6glichen Waffenstillstands oder Friedensschlusses in die <a href=\"https:\/\/www.zeit.de\/thema\/krieg-in-ukraine\" rel=\"nofollow\">Ukraine<\/a> zu entsenden. Sie h\u00e4tten sich formell dazu verpflichtet, Truppen<br \/>\nals R\u00fcckhalt in der <span><a href=\"https:\/\/www.zeit.de\/politik\/ausland\/ukraine-krieg-news-liveblog\" rel=\"nofollow\">Ukraine<\/a><\/span> zu stationieren oder auf dem Land, auf See oder in<br \/>\nder Luft pr\u00e4sent zu sein, um die Ukraine nach einem Kriegsende zu st\u00e4rken und<br \/>\neinen Frieden abzusichern, sagte Macron nach einem Treffen der sogenannten Koalition der Willigen in Paris. Weitere L\u00e4nder pr\u00fcfen demnach noch, ob sie<br \/>\nsich beteiligen.\n<\/p>\n<p>&#8222;Diese Streitmacht hat weder den Willen noch das Ziel,<br \/>\nKriege gegen Russland zu f\u00fchren, sondern soll den Frieden sichern und ein<br \/>\nklares strategisches Signal setzen&#8220;, sagte der franz\u00f6sische Pr\u00e4sident. &#8222;Sie<br \/>\nwird im Rahmen eines Waffenstillstands eingesetzt werden, nicht an der<br \/>\nFrontlinie, sondern in Gebieten, die derzeit festgelegt werden, aber sie soll<br \/>\njede neue gr\u00f6\u00dfere Aggression verhindern und die 26 Staaten ganz klar in die<br \/>\ndauerhafte Sicherheit der Ukraine einbeziehen.&#8220; Am Ende der Beratungen sei beschlossen worden, mit den<br \/>\npolitischen und rechtlichen Arbeiten zu beginnen, um diese Sicherheitsgarantien<br \/>\numzusetzen, sagte Macron. Welche L\u00e4nder gemeint sind, konkretisierte Macron nicht.\n<\/p>\n<p>EU-Kommissionspr\u00e4sidentin Ursula von der Leyen sagte nach<br \/>\nden Gespr\u00e4chen, die Ukraine m\u00fcsse zu einem &#8222;st\u00e4hlernen Stachelschwein&#8220; gemacht<br \/>\nwerden, sodass sie &#8222;unverdaulich&#8220; f\u00fcr jetzige und sp\u00e4tere Aggressoren werde.\n<\/p>\n<h2>Deutschland will keine Truppen entsenden<\/h2>\n<p>Der ukrainische Pr\u00e4sident Wolodymyr Selenskyj \u00e4u\u00dferte sich<br \/>\nnach den Beratungen weitgehend zufrieden. Es gebe in der Koalition der Willigen<br \/>\nein Einvernehmen \u00fcber den allgemeinen Rahmen von Sicherheitsgarantien, sagte er. Eine starke ukrainische Armee sei dabei<br \/>\nvon zentraler Bedeutung. In den beteiligten L\u00e4ndern w\u00fcrden nun entsprechende<br \/>\nDokumente vorbereitet. Die europ\u00e4ischen R\u00fcstungskonzerne forderte Selenskyj<br \/>\nauf, ihre Arbeit mit voller Kapazit\u00e4t aufzunehmen. Zudem seien sich alle einig,<br \/>\ndass <a href=\"https:\/\/www.zeit.de\/thema\/russland\" rel=\"nofollow\">Russland<\/a> jede Friedensinitiative ablehne.\n<\/p>\n<p>Selenskyj sprach au\u00dferdem \u00fcber eine EU-Mitgliedschaft seines Landes. Diese sei &#8222;eine zwingende \u00f6konomische, politische und geopolitische<br \/>\nSicherheitsgarantie&#8220;. Das sei bei den Gespr\u00e4chen ein &#8222;gesonderter Punkt&#8220;.\n<\/p>\n<p>Bundeskanzler <a href=\"https:\/\/www.zeit.de\/thema\/friedrich-merz\" rel=\"nofollow\">Friedrich Merz<\/a> (CDU) nahm virtuell an der Konferenz<br \/>\nteil. &#8222;Wir haben mit Blick auf die Waffensysteme und die Luftverteidigung<br \/>\nvor allem noch mal eine deutliche Steigerung in Aussicht gestellt&#8220;, sagte<br \/>\nein deutscher Regierungsvertreter nach den Beratungen. Die Bundesregierung will<br \/>\nzudem die offensiven F\u00e4higkeiten der Ukraine unterst\u00fctzen, also etwa beim Bau<br \/>\nukrainischer Langstreckenraketen helfen. \u00dcber ein milit\u00e4risches Engagement wird Deutschland nach Angaben von Regierungssprecher Stefan Kornelius &#8222;zu gegebener Zeit entscheiden, wenn die Rahmenbedingungen gekl\u00e4rt sind&#8220;.\n<\/p>\n<p>Im Anschluss gab es noch ein Gespr\u00e4ch der Koalition mit<br \/>\nUS-Pr\u00e4sident <a href=\"https:\/\/www.zeit.de\/thema\/donald-trump\" rel=\"nofollow\">Donald Trump<\/a>. Aus deutschen Regierungskreisen verlautete, Ziel des<br \/>\nTelefonats sei gewesen, Trump einerseits die Unterst\u00fctzung Europas und den<br \/>\nAbschluss der Planungen f\u00fcr die Ukraine klarzumachen. Andererseits habe man an ihn appelliert, auch US-Garantien bereitzustellen.\n<\/p>\n<\/div>\n","protected":false},"excerpt":{"rendered":"<p>26 Staaten sind nach Angaben des franz\u00f6sischen Pr\u00e4sidenten Emmanuel Macron bereit, Truppen zur Absicherung eines m\u00f6glichen Waffenstillstands oder Friedensschlusses in die Ukraine zu entsenden. Sie h\u00e4tten sich formell dazu verpflichtet, Truppen als R\u00fcckhalt in der Ukraine zu stationieren oder auf dem Land, auf See oder in der Luft pr\u00e4sent zu sein, um die Ukraine nach<\/p>\n","protected":false},"author":1,"featured_media":271363,"comment_status":"open","ping_status":"open","sticky":false,"template":"","format":"standard","meta":{"footnotes":""},"categories":[116],"tags":[],"class_list":["post-271362","post","type-post","status-publish","format-standard","has-post-thumbnail","hentry","category-war-chronicles-de"],"acf":[],"yoast_head":"<!-- This site is optimized with the Yoast SEO plugin v22.9 - https:\/\/yoast.com\/wordpress\/plugins\/seo\/ -->\n<title>26 Staaten wollen sich laut Macron an Sicherungstruppe beteiligen - vof-news.eu<\/title>\n<meta name=\"description\" content=\"26 Staaten sind nach Angaben des franz\u00f6sischen Pr\u00e4sidenten Emmanuel Macron bereit, Truppen zur Absicherung\" \/>\n<meta name=\"robots\" content=\"noindex, follow, max-snippet:-1, max-image-preview:large, max-video-preview:-1\" \/>\n<meta property=\"og:locale\" content=\"de_DE\" \/>\n<meta property=\"og:type\" content=\"article\" \/>\n<meta property=\"og:title\" content=\"26 Staaten wollen sich laut Macron an Sicherungstruppe beteiligen - vof-news.eu\" \/>\n<meta property=\"og:description\" content=\"26 Staaten sind nach Angaben des franz\u00f6sischen Pr\u00e4sidenten Emmanuel Macron bereit, Truppen zur Absicherung\" \/>\n<meta property=\"og:url\" content=\"https:\/\/vof-news.eu\/de\/26-staaten-wollen-sich-laut-macron-an-sicherungstruppe-beteiligen-2\/\" \/>\n<meta property=\"og:site_name\" content=\"vof-news.eu\" \/>\n<meta property=\"article:published_time\" content=\"2025-09-04T18:28:11+00:00\" \/>\n<meta property=\"article:modified_time\" content=\"2025-09-04T18:29:32+00:00\" \/>\n<meta property=\"og:image\" content=\"https:\/\/vof-news.eu\/wp-content\/uploads\/2025\/09\/wide__1000x562-18.jpg\" \/>\n\t<meta property=\"og:image:width\" content=\"1000\" \/>\n\t<meta property=\"og:image:height\" content=\"562\" \/>\n\t<meta property=\"og:image:type\" content=\"image\/jpeg\" \/>\n<meta name=\"author\" content=\"Author\" \/>\n<meta name=\"twitter:card\" content=\"summary_large_image\" \/>\n<meta name=\"twitter:label1\" content=\"Verfasst von\" \/>\n\t<meta name=\"twitter:data1\" content=\"Author\" \/>\n\t<meta name=\"twitter:label2\" content=\"Gesch\u00e4tzte Lesezeit\" \/>\n\t<meta name=\"twitter:data2\" content=\"2\u00a0Minuten\" \/>\n<script type=\"application\/ld+json\" class=\"yoast-schema-graph\">{\"@context\":\"https:\/\/schema.org\",\"@graph\":[{\"@type\":\"WebPage\",\"@id\":\"https:\/\/vof-news.eu\/de\/26-staaten-wollen-sich-laut-macron-an-sicherungstruppe-beteiligen-2\/\",\"url\":\"https:\/\/vof-news.eu\/de\/26-staaten-wollen-sich-laut-macron-an-sicherungstruppe-beteiligen-2\/\",\"name\":\"26 Staaten wollen sich laut Macron an Sicherungstruppe beteiligen - vof-news.eu\",\"isPartOf\":{\"@id\":\"https:\/\/vof-news.eu\/de\/#website\"},\"primaryImageOfPage\":{\"@id\":\"https:\/\/vof-news.eu\/de\/26-staaten-wollen-sich-laut-macron-an-sicherungstruppe-beteiligen-2\/#primaryimage\"},\"image\":{\"@id\":\"https:\/\/vof-news.eu\/de\/26-staaten-wollen-sich-laut-macron-an-sicherungstruppe-beteiligen-2\/#primaryimage\"},\"thumbnailUrl\":\"https:\/\/vof-news.eu\/wp-content\/uploads\/2025\/09\/wide__1000x562-18.jpg\",\"datePublished\":\"2025-09-04T18:28:11+00:00\",\"dateModified\":\"2025-09-04T18:29:32+00:00\",\"author\":{\"@id\":\"https:\/\/vof-news.eu\/de\/#\/schema\/person\/f6a2a4309f0561835797fd8c19b333ed\"},\"description\":\"26 Staaten sind nach Angaben des franz\u00f6sischen Pr\u00e4sidenten Emmanuel Macron bereit, Truppen zur Absicherung\",\"breadcrumb\":{\"@id\":\"https:\/\/vof-news.eu\/de\/26-staaten-wollen-sich-laut-macron-an-sicherungstruppe-beteiligen-2\/#breadcrumb\"},\"inLanguage\":\"de\",\"potentialAction\":[{\"@type\":\"ReadAction\",\"target\":[\"https:\/\/vof-news.eu\/de\/26-staaten-wollen-sich-laut-macron-an-sicherungstruppe-beteiligen-2\/\"]}]},{\"@type\":\"ImageObject\",\"inLanguage\":\"de\",\"@id\":\"https:\/\/vof-news.eu\/de\/26-staaten-wollen-sich-laut-macron-an-sicherungstruppe-beteiligen-2\/#primaryimage\",\"url\":\"https:\/\/vof-news.eu\/wp-content\/uploads\/2025\/09\/wide__1000x562-18.jpg\",\"contentUrl\":\"https:\/\/vof-news.eu\/wp-content\/uploads\/2025\/09\/wide__1000x562-18.jpg\",\"width\":1000,\"height\":562},{\"@type\":\"BreadcrumbList\",\"@id\":\"https:\/\/vof-news.eu\/de\/26-staaten-wollen-sich-laut-macron-an-sicherungstruppe-beteiligen-2\/#breadcrumb\",\"itemListElement\":[{\"@type\":\"ListItem\",\"position\":1,\"name\":\"Home\",\"item\":\"https:\/\/vof-news.eu\/de\/\"},{\"@type\":\"ListItem\",\"position\":2,\"name\":\"26 Staaten wollen sich laut Macron an Sicherungstruppe beteiligen\"}]},{\"@type\":\"WebSite\",\"@id\":\"https:\/\/vof-news.eu\/de\/#website\",\"url\":\"https:\/\/vof-news.eu\/de\/\",\"name\":\"vof-news.eu\",\"description\":\"\",\"potentialAction\":[{\"@type\":\"SearchAction\",\"target\":{\"@type\":\"EntryPoint\",\"urlTemplate\":\"https:\/\/vof-news.eu\/de\/?s={search_term_string}\"},\"query-input\":\"required name=search_term_string\"}],\"inLanguage\":\"de\"},{\"@type\":\"Person\",\"@id\":\"https:\/\/vof-news.eu\/de\/#\/schema\/person\/f6a2a4309f0561835797fd8c19b333ed\",\"name\":\"Author\",\"image\":{\"@type\":\"ImageObject\",\"inLanguage\":\"de\",\"@id\":\"https:\/\/vof-news.eu\/de\/#\/schema\/person\/image\/\",\"url\":\"https:\/\/secure.gravatar.com\/avatar\/b67e614b1b25b3e9c0c239efdd2fde5ab015b5affd6f1c3c85911ca4b384e790?s=96&d=mm&r=g\",\"contentUrl\":\"https:\/\/secure.gravatar.com\/avatar\/b67e614b1b25b3e9c0c239efdd2fde5ab015b5affd6f1c3c85911ca4b384e790?s=96&d=mm&r=g\",\"caption\":\"Author\"},\"sameAs\":[\"http:\/\/vof-news.eu\"],\"url\":\"https:\/\/vof-news.eu\/de\/author\/zwt6qxnjulxbnyg\/\"}]}<\/script>\n<!-- \/ Yoast SEO plugin. -->","yoast_head_json":{"title":"26 Staaten wollen sich laut Macron an Sicherungstruppe beteiligen - vof-news.eu","description":"26 Staaten sind nach Angaben des franz\u00f6sischen Pr\u00e4sidenten Emmanuel Macron bereit, Truppen zur Absicherung","robots":{"index":"noindex","follow":"follow","max-snippet":"max-snippet:-1","max-image-preview":"max-image-preview:large","max-video-preview":"max-video-preview:-1"},"og_locale":"de_DE","og_type":"article","og_title":"26 Staaten wollen sich laut Macron an Sicherungstruppe beteiligen - vof-news.eu","og_description":"26 Staaten sind nach Angaben des franz\u00f6sischen Pr\u00e4sidenten Emmanuel Macron bereit, Truppen zur Absicherung","og_url":"https:\/\/vof-news.eu\/de\/26-staaten-wollen-sich-laut-macron-an-sicherungstruppe-beteiligen-2\/","og_site_name":"vof-news.eu","article_published_time":"2025-09-04T18:28:11+00:00","article_modified_time":"2025-09-04T18:29:32+00:00","og_image":[{"width":1000,"height":562,"url":"https:\/\/vof-news.eu\/wp-content\/uploads\/2025\/09\/wide__1000x562-18.jpg","type":"image\/jpeg"}],"author":"Author","twitter_card":"summary_large_image","twitter_misc":{"Verfasst von":"Author","Gesch\u00e4tzte Lesezeit":"2\u00a0Minuten"},"schema":{"@context":"https:\/\/schema.org","@graph":[{"@type":"WebPage","@id":"https:\/\/vof-news.eu\/de\/26-staaten-wollen-sich-laut-macron-an-sicherungstruppe-beteiligen-2\/","url":"https:\/\/vof-news.eu\/de\/26-staaten-wollen-sich-laut-macron-an-sicherungstruppe-beteiligen-2\/","name":"26 Staaten wollen sich laut Macron an Sicherungstruppe beteiligen - vof-news.eu","isPartOf":{"@id":"https:\/\/vof-news.eu\/de\/#website"},"primaryImageOfPage":{"@id":"https:\/\/vof-news.eu\/de\/26-staaten-wollen-sich-laut-macron-an-sicherungstruppe-beteiligen-2\/#primaryimage"},"image":{"@id":"https:\/\/vof-news.eu\/de\/26-staaten-wollen-sich-laut-macron-an-sicherungstruppe-beteiligen-2\/#primaryimage"},"thumbnailUrl":"https:\/\/vof-news.eu\/wp-content\/uploads\/2025\/09\/wide__1000x562-18.jpg","datePublished":"2025-09-04T18:28:11+00:00","dateModified":"2025-09-04T18:29:32+00:00","author":{"@id":"https:\/\/vof-news.eu\/de\/#\/schema\/person\/f6a2a4309f0561835797fd8c19b333ed"},"description":"26 Staaten sind nach Angaben des franz\u00f6sischen Pr\u00e4sidenten Emmanuel Macron bereit, Truppen zur Absicherung","breadcrumb":{"@id":"https:\/\/vof-news.eu\/de\/26-staaten-wollen-sich-laut-macron-an-sicherungstruppe-beteiligen-2\/#breadcrumb"},"inLanguage":"de","potentialAction":[{"@type":"ReadAction","target":["https:\/\/vof-news.eu\/de\/26-staaten-wollen-sich-laut-macron-an-sicherungstruppe-beteiligen-2\/"]}]},{"@type":"ImageObject","inLanguage":"de","@id":"https:\/\/vof-news.eu\/de\/26-staaten-wollen-sich-laut-macron-an-sicherungstruppe-beteiligen-2\/#primaryimage","url":"https:\/\/vof-news.eu\/wp-content\/uploads\/2025\/09\/wide__1000x562-18.jpg","contentUrl":"https:\/\/vof-news.eu\/wp-content\/uploads\/2025\/09\/wide__1000x562-18.jpg","width":1000,"height":562},{"@type":"BreadcrumbList","@id":"https:\/\/vof-news.eu\/de\/26-staaten-wollen-sich-laut-macron-an-sicherungstruppe-beteiligen-2\/#breadcrumb","itemListElement":[{"@type":"ListItem","position":1,"name":"Home","item":"https:\/\/vof-news.eu\/de\/"},{"@type":"ListItem","position":2,"name":"26 Staaten wollen sich laut Macron an Sicherungstruppe beteiligen"}]},{"@type":"WebSite","@id":"https:\/\/vof-news.eu\/de\/#website","url":"https:\/\/vof-news.eu\/de\/","name":"vof-news.eu","description":"","potentialAction":[{"@type":"SearchAction","target":{"@type":"EntryPoint","urlTemplate":"https:\/\/vof-news.eu\/de\/?s={search_term_string}"},"query-input":"required name=search_term_string"}],"inLanguage":"de"},{"@type":"Person","@id":"https:\/\/vof-news.eu\/de\/#\/schema\/person\/f6a2a4309f0561835797fd8c19b333ed","name":"Author","image":{"@type":"ImageObject","inLanguage":"de","@id":"https:\/\/vof-news.eu\/de\/#\/schema\/person\/image\/","url":"https:\/\/secure.gravatar.com\/avatar\/b67e614b1b25b3e9c0c239efdd2fde5ab015b5affd6f1c3c85911ca4b384e790?s=96&d=mm&r=g","contentUrl":"https:\/\/secure.gravatar.com\/avatar\/b67e614b1b25b3e9c0c239efdd2fde5ab015b5affd6f1c3c85911ca4b384e790?s=96&d=mm&r=g","caption":"Author"},"sameAs":["http:\/\/vof-news.eu"],"url":"https:\/\/vof-news.eu\/de\/author\/zwt6qxnjulxbnyg\/"}]}},"yoast_meta":{"yoast_wpseo_title":"","yoast_wpseo_metadesc":"","yoast_wpseo_canonical":""},"_links":{"self":[{"href":"https:\/\/vof-news.eu\/de\/wp-json\/wp\/v2\/posts\/271362","targetHints":{"allow":["GET"]}}],"collection":[{"href":"https:\/\/vof-news.eu\/de\/wp-json\/wp\/v2\/posts"}],"about":[{"href":"https:\/\/vof-news.eu\/de\/wp-json\/wp\/v2\/types\/post"}],"author":[{"embeddable":true,"href":"https:\/\/vof-news.eu\/de\/wp-json\/wp\/v2\/users\/1"}],"replies":[{"embeddable":true,"href":"https:\/\/vof-news.eu\/de\/wp-json\/wp\/v2\/comments?post=271362"}],"version-history":[{"count":1,"href":"https:\/\/vof-news.eu\/de\/wp-json\/wp\/v2\/posts\/271362\/revisions"}],"predecessor-version":[{"id":271369,"href":"https:\/\/vof-news.eu\/de\/wp-json\/wp\/v2\/posts\/271362\/revisions\/271369"}],"wp:featuredmedia":[{"embeddable":true,"href":"https:\/\/vof-news.eu\/de\/wp-json\/wp\/v2\/media\/271363"}],"wp:attachment":[{"href":"https:\/\/vof-news.eu\/de\/wp-json\/wp\/v2\/media?parent=271362"}],"wp:term":[{"taxonomy":"category","embeddable":true,"href":"https:\/\/vof-news.eu\/de\/wp-json\/wp\/v2\/categories?post=271362"},{"taxonomy":"post_tag","embeddable":true,"href":"https:\/\/vof-news.eu\/de\/wp-json\/wp\/v2\/tags?post=271362"}],"curies":[{"name":"wp","href":"https:\/\/api.w.org\/{rel}","templated":true}]}}