{"id":271134,"date":"2025-09-04T13:26:12","date_gmt":"2025-09-04T10:26:12","guid":{"rendered":"https:\/\/vof-news.eu\/ifo-institut-senkt-konjunkturprognose-und-rechnet-mit-mehr-arbeitslosigkeit\/"},"modified":"2025-09-04T13:26:43","modified_gmt":"2025-09-04T10:26:43","slug":"ifo-institut-senkt-konjunkturprognose-und-rechnet-mit-mehr-arbeitslosigkeit","status":"publish","type":"post","link":"https:\/\/vof-news.eu\/de\/ifo-institut-senkt-konjunkturprognose-und-rechnet-mit-mehr-arbeitslosigkeit\/","title":{"rendered":"Ifo-Institut senkt Konjunkturprognose \u2013 und rechnet mit mehr Arbeitslosigkeit"},"content":{"rendered":"<p>Das Ifo-Institut hat seine Konjunkturprognose f\u00fcr die seit Jahren kriselnde deutsche Wirtschaft gesenkt. Auch die 2026 erwartete Belebung wird nach der neuen Vorhersage der M\u00fcnchner \u00d6konomen schw\u00e4cher ausfallen als angenommen. <\/p>\n<p>In diesem Jahr rechnet das Institut mit einem Mini-Wachstum von 0,2 Prozent, das w\u00e4ren 0,1 Prozent weniger als noch im Sommer erwartet. Die Zahl der Arbeitslosen k\u00f6nnte laut Ifo-Berechnung um 155.000 steigen, die Arbeitslosenquote auf 6,3 Prozent. Ihre Prognose f\u00fcr die deutsche Wirtschaft 2026 senkten die Forscher um 0,2 Punkte auf 1,3 Prozent. In den vergangenen beiden Jahren war Europas gr\u00f6\u00dfte Volkswirtschaft geschrumpft.<\/p>\n<p>Ob Deutschland dauerhaft einen Weg aus der seit Jahren anhaltenden Wirtschaftsschw\u00e4che findet, h\u00e4ngt nach Einsch\u00e4tzung der \u00d6konomen ma\u00dfgeblich von der schwarz-roten Koalition ab: \u201eDie wirtschaftspolitischen Ma\u00dfnahmen der Bundesregierung d\u00fcrften vor allem ab dem kommenden Jahr Wirkung entfalten\u201c, sagte Ifo-Konjunkturchef Timo Wollmersh\u00e4user.<\/p>\n<p>Bei konsequenter und \u00fcberzeugender Umsetzung k\u00f6nne die Finanzpolitik helfen, die deutsche Wirtschaft aus der Krise zu hieven. \u201eBleibt es jedoch beim wirtschaftspolitischen Stillstand, drohen weitere Jahre der wirtschaftlichen L\u00e4hmung und der Erosion des Unternehmensstandorts.\u201c<\/p>\n","protected":false},"excerpt":{"rendered":"<p>Das Ifo-Institut hat seine Konjunkturprognose f\u00fcr die seit Jahren kriselnde deutsche Wirtschaft gesenkt. Auch die 2026 erwartete Belebung wird nach der neuen Vorhersage der M\u00fcnchner \u00d6konomen schw\u00e4cher ausfallen als angenommen. In diesem Jahr rechnet das Institut mit einem Mini-Wachstum von 0,2 Prozent, das w\u00e4ren 0,1 Prozent weniger als noch im Sommer erwartet. Die Zahl der<\/p>\n","protected":false},"author":1,"featured_media":271135,"comment_status":"open","ping_status":"open","sticky":false,"template":"","format":"standard","meta":{"footnotes":""},"categories":[59],"tags":[],"class_list":["post-271134","post","type-post","status-publish","format-standard","has-post-thumbnail","hentry","category-business-de"],"acf":[],"yoast_head":"<!-- This site is optimized with the Yoast SEO plugin v22.9 - https:\/\/yoast.com\/wordpress\/plugins\/seo\/ -->\n<title>Ifo-Institut senkt Konjunkturprognose \u2013 und rechnet mit mehr Arbeitslosigkeit - vof-news.eu<\/title>\n<meta name=\"description\" content=\"Das Ifo-Institut hat seine Konjunkturprognose f\u00fcr die seit Jahren kriselnde deutsche Wirtschaft gesenkt. Auch die 2026 erwartete Belebung wird nach der neuen Vorhersage der M\u00fcnchner \u00d6konomen schw\u00e4cher ausfallen als angenommen. In diesem Jahr rechnet das Institut mit einem Mini-Wachstum von 0,2 Prozent, das w\u00e4ren 0,1 Prozent weniger als noch im Sommer erwartet. Die Zahl der Arbeitslosen k\u00f6nnte laut Ifo-Berechnung um 155.000 steigen, die Arbeitslosenquote auf 6,3 Prozent. Ihre Prognose f\u00fcr die deutsche Wirtschaft 2026 senkten die Forscher um 0,2 Punkte auf 1,3 Prozent. In den vergangenen beiden Jahren war Europas gr\u00f6\u00dfte Volkswirtschaft geschrumpft.Ob Deutschland dauerhaft einen Weg aus der seit Jahren anhaltenden Wirtschaftsschw\u00e4che findet, h\u00e4ngt nach Einsch\u00e4tzung der \u00d6konomen ma\u00dfgeblich von der schwarz-roten Koalition ab: \u201eDie wirtschaftspolitischen Ma\u00dfnahmen der Bundesregierung d\u00fcrften vor allem ab dem kommenden Jahr Wirkung entfalten\u201c, sagte Ifo-Konjunkturchef Timo Wollmersh\u00e4user.Bei konsequenter und \u00fcberzeugender Umsetzung k\u00f6nne die Finanzpolitik helfen, die deutsche Wirtschaft aus der Krise zu hieven. \u201eBleibt es jedoch beim wirtschaftspolitischen Stillstand, drohen weitere Jahre der wirtschaftlichen L\u00e4hmung und der Erosion des Unternehmensstandorts.\u201c\" \/>\n<meta name=\"robots\" content=\"noindex, follow, max-snippet:-1, max-image-preview:large, max-video-preview:-1\" \/>\n<meta property=\"og:locale\" content=\"de_DE\" \/>\n<meta property=\"og:type\" content=\"article\" \/>\n<meta property=\"og:title\" content=\"Ifo-Institut senkt Konjunkturprognose \u2013 und rechnet mit mehr Arbeitslosigkeit - vof-news.eu\" \/>\n<meta property=\"og:description\" content=\"Das Ifo-Institut hat seine Konjunkturprognose f\u00fcr die seit Jahren kriselnde deutsche Wirtschaft gesenkt. Auch die 2026 erwartete Belebung wird nach der neuen Vorhersage der M\u00fcnchner \u00d6konomen schw\u00e4cher ausfallen als angenommen. In diesem Jahr rechnet das Institut mit einem Mini-Wachstum von 0,2 Prozent, das w\u00e4ren 0,1 Prozent weniger als noch im Sommer erwartet. Die Zahl der Arbeitslosen k\u00f6nnte laut Ifo-Berechnung um 155.000 steigen, die Arbeitslosenquote auf 6,3 Prozent. Ihre Prognose f\u00fcr die deutsche Wirtschaft 2026 senkten die Forscher um 0,2 Punkte auf 1,3 Prozent. In den vergangenen beiden Jahren war Europas gr\u00f6\u00dfte Volkswirtschaft geschrumpft.Ob Deutschland dauerhaft einen Weg aus der seit Jahren anhaltenden Wirtschaftsschw\u00e4che findet, h\u00e4ngt nach Einsch\u00e4tzung der \u00d6konomen ma\u00dfgeblich von der schwarz-roten Koalition ab: \u201eDie wirtschaftspolitischen Ma\u00dfnahmen der Bundesregierung d\u00fcrften vor allem ab dem kommenden Jahr Wirkung entfalten\u201c, sagte Ifo-Konjunkturchef Timo Wollmersh\u00e4user.Bei konsequenter und \u00fcberzeugender Umsetzung k\u00f6nne die Finanzpolitik helfen, die deutsche Wirtschaft aus der Krise zu hieven. \u201eBleibt es jedoch beim wirtschaftspolitischen Stillstand, drohen weitere Jahre der wirtschaftlichen L\u00e4hmung und der Erosion des Unternehmensstandorts.\u201c\" \/>\n<meta property=\"og:url\" content=\"https:\/\/vof-news.eu\/de\/ifo-institut-senkt-konjunkturprognose-und-rechnet-mit-mehr-arbeitslosigkeit\/\" \/>\n<meta property=\"og:site_name\" content=\"vof-news.eu\" \/>\n<meta property=\"article:published_time\" content=\"2025-09-04T10:26:12+00:00\" \/>\n<meta property=\"article:modified_time\" content=\"2025-09-04T10:26:43+00:00\" \/>\n<meta property=\"og:image\" content=\"https:\/\/vof-news.eu\/wp-content\/uploads\/2025\/09\/maschinenbauer.webp\" \/>\n\t<meta property=\"og:image:width\" content=\"1200\" \/>\n\t<meta property=\"og:image:height\" content=\"574\" \/>\n\t<meta property=\"og:image:type\" content=\"image\/webp\" \/>\n<meta name=\"author\" content=\"Author\" \/>\n<meta name=\"twitter:card\" content=\"summary_large_image\" \/>\n<meta name=\"twitter:label1\" content=\"Verfasst von\" \/>\n\t<meta name=\"twitter:data1\" content=\"Author\" \/>\n\t<meta name=\"twitter:label2\" content=\"Gesch\u00e4tzte Lesezeit\" \/>\n\t<meta name=\"twitter:data2\" content=\"1\u00a0Minute\" \/>\n<script type=\"application\/ld+json\" class=\"yoast-schema-graph\">{\"@context\":\"https:\/\/schema.org\",\"@graph\":[{\"@type\":\"WebPage\",\"@id\":\"https:\/\/vof-news.eu\/de\/ifo-institut-senkt-konjunkturprognose-und-rechnet-mit-mehr-arbeitslosigkeit\/\",\"url\":\"https:\/\/vof-news.eu\/de\/ifo-institut-senkt-konjunkturprognose-und-rechnet-mit-mehr-arbeitslosigkeit\/\",\"name\":\"Ifo-Institut senkt Konjunkturprognose \u2013 und rechnet mit mehr Arbeitslosigkeit - vof-news.eu\",\"isPartOf\":{\"@id\":\"https:\/\/vof-news.eu\/de\/#website\"},\"primaryImageOfPage\":{\"@id\":\"https:\/\/vof-news.eu\/de\/ifo-institut-senkt-konjunkturprognose-und-rechnet-mit-mehr-arbeitslosigkeit\/#primaryimage\"},\"image\":{\"@id\":\"https:\/\/vof-news.eu\/de\/ifo-institut-senkt-konjunkturprognose-und-rechnet-mit-mehr-arbeitslosigkeit\/#primaryimage\"},\"thumbnailUrl\":\"https:\/\/vof-news.eu\/wp-content\/uploads\/2025\/09\/maschinenbauer.webp\",\"datePublished\":\"2025-09-04T10:26:12+00:00\",\"dateModified\":\"2025-09-04T10:26:43+00:00\",\"author\":{\"@id\":\"https:\/\/vof-news.eu\/de\/#\/schema\/person\/f6a2a4309f0561835797fd8c19b333ed\"},\"description\":\"Das Ifo-Institut hat seine Konjunkturprognose f\u00fcr die seit Jahren kriselnde deutsche Wirtschaft gesenkt. Auch die 2026 erwartete Belebung wird nach der neuen Vorhersage der M\u00fcnchner \u00d6konomen schw\u00e4cher ausfallen als angenommen. In diesem Jahr rechnet das Institut mit einem Mini-Wachstum von 0,2 Prozent, das w\u00e4ren 0,1 Prozent weniger als noch im Sommer erwartet. Die Zahl der Arbeitslosen k\u00f6nnte laut Ifo-Berechnung um 155.000 steigen, die Arbeitslosenquote auf 6,3 Prozent. Ihre Prognose f\u00fcr die deutsche Wirtschaft 2026 senkten die Forscher um 0,2 Punkte auf 1,3 Prozent. In den vergangenen beiden Jahren war Europas gr\u00f6\u00dfte Volkswirtschaft geschrumpft.Ob Deutschland dauerhaft einen Weg aus der seit Jahren anhaltenden Wirtschaftsschw\u00e4che findet, h\u00e4ngt nach Einsch\u00e4tzung der \u00d6konomen ma\u00dfgeblich von der schwarz-roten Koalition ab: \u201eDie wirtschaftspolitischen Ma\u00dfnahmen der Bundesregierung d\u00fcrften vor allem ab dem kommenden Jahr Wirkung entfalten\u201c, sagte Ifo-Konjunkturchef Timo Wollmersh\u00e4user.Bei konsequenter und \u00fcberzeugender Umsetzung k\u00f6nne die Finanzpolitik helfen, die deutsche Wirtschaft aus der Krise zu hieven. \u201eBleibt es jedoch beim wirtschaftspolitischen Stillstand, drohen weitere Jahre der wirtschaftlichen L\u00e4hmung und der Erosion des Unternehmensstandorts.\u201c\",\"breadcrumb\":{\"@id\":\"https:\/\/vof-news.eu\/de\/ifo-institut-senkt-konjunkturprognose-und-rechnet-mit-mehr-arbeitslosigkeit\/#breadcrumb\"},\"inLanguage\":\"de\",\"potentialAction\":[{\"@type\":\"ReadAction\",\"target\":[\"https:\/\/vof-news.eu\/de\/ifo-institut-senkt-konjunkturprognose-und-rechnet-mit-mehr-arbeitslosigkeit\/\"]}]},{\"@type\":\"ImageObject\",\"inLanguage\":\"de\",\"@id\":\"https:\/\/vof-news.eu\/de\/ifo-institut-senkt-konjunkturprognose-und-rechnet-mit-mehr-arbeitslosigkeit\/#primaryimage\",\"url\":\"https:\/\/vof-news.eu\/wp-content\/uploads\/2025\/09\/maschinenbauer.webp\",\"contentUrl\":\"https:\/\/vof-news.eu\/wp-content\/uploads\/2025\/09\/maschinenbauer.webp\",\"width\":1200,\"height\":574},{\"@type\":\"BreadcrumbList\",\"@id\":\"https:\/\/vof-news.eu\/de\/ifo-institut-senkt-konjunkturprognose-und-rechnet-mit-mehr-arbeitslosigkeit\/#breadcrumb\",\"itemListElement\":[{\"@type\":\"ListItem\",\"position\":1,\"name\":\"Home\",\"item\":\"https:\/\/vof-news.eu\/de\/\"},{\"@type\":\"ListItem\",\"position\":2,\"name\":\"Ifo-Institut senkt Konjunkturprognose \u2013 und rechnet mit mehr Arbeitslosigkeit\"}]},{\"@type\":\"WebSite\",\"@id\":\"https:\/\/vof-news.eu\/de\/#website\",\"url\":\"https:\/\/vof-news.eu\/de\/\",\"name\":\"vof-news.eu\",\"description\":\"\",\"potentialAction\":[{\"@type\":\"SearchAction\",\"target\":{\"@type\":\"EntryPoint\",\"urlTemplate\":\"https:\/\/vof-news.eu\/de\/?s={search_term_string}\"},\"query-input\":\"required name=search_term_string\"}],\"inLanguage\":\"de\"},{\"@type\":\"Person\",\"@id\":\"https:\/\/vof-news.eu\/de\/#\/schema\/person\/f6a2a4309f0561835797fd8c19b333ed\",\"name\":\"Author\",\"image\":{\"@type\":\"ImageObject\",\"inLanguage\":\"de\",\"@id\":\"https:\/\/vof-news.eu\/de\/#\/schema\/person\/image\/\",\"url\":\"https:\/\/secure.gravatar.com\/avatar\/b67e614b1b25b3e9c0c239efdd2fde5ab015b5affd6f1c3c85911ca4b384e790?s=96&d=mm&r=g\",\"contentUrl\":\"https:\/\/secure.gravatar.com\/avatar\/b67e614b1b25b3e9c0c239efdd2fde5ab015b5affd6f1c3c85911ca4b384e790?s=96&d=mm&r=g\",\"caption\":\"Author\"},\"sameAs\":[\"http:\/\/vof-news.eu\"],\"url\":\"https:\/\/vof-news.eu\/de\/author\/zwt6qxnjulxbnyg\/\"}]}<\/script>\n<!-- \/ Yoast SEO plugin. -->","yoast_head_json":{"title":"Ifo-Institut senkt Konjunkturprognose \u2013 und rechnet mit mehr Arbeitslosigkeit - vof-news.eu","description":"Das Ifo-Institut hat seine Konjunkturprognose f\u00fcr die seit Jahren kriselnde deutsche Wirtschaft gesenkt. Auch die 2026 erwartete Belebung wird nach der neuen Vorhersage der M\u00fcnchner \u00d6konomen schw\u00e4cher ausfallen als angenommen. In diesem Jahr rechnet das Institut mit einem Mini-Wachstum von 0,2 Prozent, das w\u00e4ren 0,1 Prozent weniger als noch im Sommer erwartet. Die Zahl der Arbeitslosen k\u00f6nnte laut Ifo-Berechnung um 155.000 steigen, die Arbeitslosenquote auf 6,3 Prozent. Ihre Prognose f\u00fcr die deutsche Wirtschaft 2026 senkten die Forscher um 0,2 Punkte auf 1,3 Prozent. In den vergangenen beiden Jahren war Europas gr\u00f6\u00dfte Volkswirtschaft geschrumpft.Ob Deutschland dauerhaft einen Weg aus der seit Jahren anhaltenden Wirtschaftsschw\u00e4che findet, h\u00e4ngt nach Einsch\u00e4tzung der \u00d6konomen ma\u00dfgeblich von der schwarz-roten Koalition ab: \u201eDie wirtschaftspolitischen Ma\u00dfnahmen der Bundesregierung d\u00fcrften vor allem ab dem kommenden Jahr Wirkung entfalten\u201c, sagte Ifo-Konjunkturchef Timo Wollmersh\u00e4user.Bei konsequenter und \u00fcberzeugender Umsetzung k\u00f6nne die Finanzpolitik helfen, die deutsche Wirtschaft aus der Krise zu hieven. \u201eBleibt es jedoch beim wirtschaftspolitischen Stillstand, drohen weitere Jahre der wirtschaftlichen L\u00e4hmung und der Erosion des Unternehmensstandorts.\u201c","robots":{"index":"noindex","follow":"follow","max-snippet":"max-snippet:-1","max-image-preview":"max-image-preview:large","max-video-preview":"max-video-preview:-1"},"og_locale":"de_DE","og_type":"article","og_title":"Ifo-Institut senkt Konjunkturprognose \u2013 und rechnet mit mehr Arbeitslosigkeit - vof-news.eu","og_description":"Das Ifo-Institut hat seine Konjunkturprognose f\u00fcr die seit Jahren kriselnde deutsche Wirtschaft gesenkt. Auch die 2026 erwartete Belebung wird nach der neuen Vorhersage der M\u00fcnchner \u00d6konomen schw\u00e4cher ausfallen als angenommen. In diesem Jahr rechnet das Institut mit einem Mini-Wachstum von 0,2 Prozent, das w\u00e4ren 0,1 Prozent weniger als noch im Sommer erwartet. Die Zahl der Arbeitslosen k\u00f6nnte laut Ifo-Berechnung um 155.000 steigen, die Arbeitslosenquote auf 6,3 Prozent. Ihre Prognose f\u00fcr die deutsche Wirtschaft 2026 senkten die Forscher um 0,2 Punkte auf 1,3 Prozent. In den vergangenen beiden Jahren war Europas gr\u00f6\u00dfte Volkswirtschaft geschrumpft.Ob Deutschland dauerhaft einen Weg aus der seit Jahren anhaltenden Wirtschaftsschw\u00e4che findet, h\u00e4ngt nach Einsch\u00e4tzung der \u00d6konomen ma\u00dfgeblich von der schwarz-roten Koalition ab: \u201eDie wirtschaftspolitischen Ma\u00dfnahmen der Bundesregierung d\u00fcrften vor allem ab dem kommenden Jahr Wirkung entfalten\u201c, sagte Ifo-Konjunkturchef Timo Wollmersh\u00e4user.Bei konsequenter und \u00fcberzeugender Umsetzung k\u00f6nne die Finanzpolitik helfen, die deutsche Wirtschaft aus der Krise zu hieven. \u201eBleibt es jedoch beim wirtschaftspolitischen Stillstand, drohen weitere Jahre der wirtschaftlichen L\u00e4hmung und der Erosion des Unternehmensstandorts.\u201c","og_url":"https:\/\/vof-news.eu\/de\/ifo-institut-senkt-konjunkturprognose-und-rechnet-mit-mehr-arbeitslosigkeit\/","og_site_name":"vof-news.eu","article_published_time":"2025-09-04T10:26:12+00:00","article_modified_time":"2025-09-04T10:26:43+00:00","og_image":[{"width":1200,"height":574,"url":"https:\/\/vof-news.eu\/wp-content\/uploads\/2025\/09\/maschinenbauer.webp","type":"image\/webp"}],"author":"Author","twitter_card":"summary_large_image","twitter_misc":{"Verfasst von":"Author","Gesch\u00e4tzte Lesezeit":"1\u00a0Minute"},"schema":{"@context":"https:\/\/schema.org","@graph":[{"@type":"WebPage","@id":"https:\/\/vof-news.eu\/de\/ifo-institut-senkt-konjunkturprognose-und-rechnet-mit-mehr-arbeitslosigkeit\/","url":"https:\/\/vof-news.eu\/de\/ifo-institut-senkt-konjunkturprognose-und-rechnet-mit-mehr-arbeitslosigkeit\/","name":"Ifo-Institut senkt Konjunkturprognose \u2013 und rechnet mit mehr Arbeitslosigkeit - vof-news.eu","isPartOf":{"@id":"https:\/\/vof-news.eu\/de\/#website"},"primaryImageOfPage":{"@id":"https:\/\/vof-news.eu\/de\/ifo-institut-senkt-konjunkturprognose-und-rechnet-mit-mehr-arbeitslosigkeit\/#primaryimage"},"image":{"@id":"https:\/\/vof-news.eu\/de\/ifo-institut-senkt-konjunkturprognose-und-rechnet-mit-mehr-arbeitslosigkeit\/#primaryimage"},"thumbnailUrl":"https:\/\/vof-news.eu\/wp-content\/uploads\/2025\/09\/maschinenbauer.webp","datePublished":"2025-09-04T10:26:12+00:00","dateModified":"2025-09-04T10:26:43+00:00","author":{"@id":"https:\/\/vof-news.eu\/de\/#\/schema\/person\/f6a2a4309f0561835797fd8c19b333ed"},"description":"Das Ifo-Institut hat seine Konjunkturprognose f\u00fcr die seit Jahren kriselnde deutsche Wirtschaft gesenkt. Auch die 2026 erwartete Belebung wird nach der neuen Vorhersage der M\u00fcnchner \u00d6konomen schw\u00e4cher ausfallen als angenommen. In diesem Jahr rechnet das Institut mit einem Mini-Wachstum von 0,2 Prozent, das w\u00e4ren 0,1 Prozent weniger als noch im Sommer erwartet. Die Zahl der Arbeitslosen k\u00f6nnte laut Ifo-Berechnung um 155.000 steigen, die Arbeitslosenquote auf 6,3 Prozent. Ihre Prognose f\u00fcr die deutsche Wirtschaft 2026 senkten die Forscher um 0,2 Punkte auf 1,3 Prozent. In den vergangenen beiden Jahren war Europas gr\u00f6\u00dfte Volkswirtschaft geschrumpft.Ob Deutschland dauerhaft einen Weg aus der seit Jahren anhaltenden Wirtschaftsschw\u00e4che findet, h\u00e4ngt nach Einsch\u00e4tzung der \u00d6konomen ma\u00dfgeblich von der schwarz-roten Koalition ab: \u201eDie wirtschaftspolitischen Ma\u00dfnahmen der Bundesregierung d\u00fcrften vor allem ab dem kommenden Jahr Wirkung entfalten\u201c, sagte Ifo-Konjunkturchef Timo Wollmersh\u00e4user.Bei konsequenter und \u00fcberzeugender Umsetzung k\u00f6nne die Finanzpolitik helfen, die deutsche Wirtschaft aus der Krise zu hieven. \u201eBleibt es jedoch beim wirtschaftspolitischen Stillstand, drohen weitere Jahre der wirtschaftlichen L\u00e4hmung und der Erosion des Unternehmensstandorts.\u201c","breadcrumb":{"@id":"https:\/\/vof-news.eu\/de\/ifo-institut-senkt-konjunkturprognose-und-rechnet-mit-mehr-arbeitslosigkeit\/#breadcrumb"},"inLanguage":"de","potentialAction":[{"@type":"ReadAction","target":["https:\/\/vof-news.eu\/de\/ifo-institut-senkt-konjunkturprognose-und-rechnet-mit-mehr-arbeitslosigkeit\/"]}]},{"@type":"ImageObject","inLanguage":"de","@id":"https:\/\/vof-news.eu\/de\/ifo-institut-senkt-konjunkturprognose-und-rechnet-mit-mehr-arbeitslosigkeit\/#primaryimage","url":"https:\/\/vof-news.eu\/wp-content\/uploads\/2025\/09\/maschinenbauer.webp","contentUrl":"https:\/\/vof-news.eu\/wp-content\/uploads\/2025\/09\/maschinenbauer.webp","width":1200,"height":574},{"@type":"BreadcrumbList","@id":"https:\/\/vof-news.eu\/de\/ifo-institut-senkt-konjunkturprognose-und-rechnet-mit-mehr-arbeitslosigkeit\/#breadcrumb","itemListElement":[{"@type":"ListItem","position":1,"name":"Home","item":"https:\/\/vof-news.eu\/de\/"},{"@type":"ListItem","position":2,"name":"Ifo-Institut senkt Konjunkturprognose \u2013 und rechnet mit mehr Arbeitslosigkeit"}]},{"@type":"WebSite","@id":"https:\/\/vof-news.eu\/de\/#website","url":"https:\/\/vof-news.eu\/de\/","name":"vof-news.eu","description":"","potentialAction":[{"@type":"SearchAction","target":{"@type":"EntryPoint","urlTemplate":"https:\/\/vof-news.eu\/de\/?s={search_term_string}"},"query-input":"required name=search_term_string"}],"inLanguage":"de"},{"@type":"Person","@id":"https:\/\/vof-news.eu\/de\/#\/schema\/person\/f6a2a4309f0561835797fd8c19b333ed","name":"Author","image":{"@type":"ImageObject","inLanguage":"de","@id":"https:\/\/vof-news.eu\/de\/#\/schema\/person\/image\/","url":"https:\/\/secure.gravatar.com\/avatar\/b67e614b1b25b3e9c0c239efdd2fde5ab015b5affd6f1c3c85911ca4b384e790?s=96&d=mm&r=g","contentUrl":"https:\/\/secure.gravatar.com\/avatar\/b67e614b1b25b3e9c0c239efdd2fde5ab015b5affd6f1c3c85911ca4b384e790?s=96&d=mm&r=g","caption":"Author"},"sameAs":["http:\/\/vof-news.eu"],"url":"https:\/\/vof-news.eu\/de\/author\/zwt6qxnjulxbnyg\/"}]}},"yoast_meta":{"yoast_wpseo_title":"","yoast_wpseo_metadesc":"","yoast_wpseo_canonical":""},"_links":{"self":[{"href":"https:\/\/vof-news.eu\/de\/wp-json\/wp\/v2\/posts\/271134","targetHints":{"allow":["GET"]}}],"collection":[{"href":"https:\/\/vof-news.eu\/de\/wp-json\/wp\/v2\/posts"}],"about":[{"href":"https:\/\/vof-news.eu\/de\/wp-json\/wp\/v2\/types\/post"}],"author":[{"embeddable":true,"href":"https:\/\/vof-news.eu\/de\/wp-json\/wp\/v2\/users\/1"}],"replies":[{"embeddable":true,"href":"https:\/\/vof-news.eu\/de\/wp-json\/wp\/v2\/comments?post=271134"}],"version-history":[{"count":1,"href":"https:\/\/vof-news.eu\/de\/wp-json\/wp\/v2\/posts\/271134\/revisions"}],"predecessor-version":[{"id":271141,"href":"https:\/\/vof-news.eu\/de\/wp-json\/wp\/v2\/posts\/271134\/revisions\/271141"}],"wp:featuredmedia":[{"embeddable":true,"href":"https:\/\/vof-news.eu\/de\/wp-json\/wp\/v2\/media\/271135"}],"wp:attachment":[{"href":"https:\/\/vof-news.eu\/de\/wp-json\/wp\/v2\/media?parent=271134"}],"wp:term":[{"taxonomy":"category","embeddable":true,"href":"https:\/\/vof-news.eu\/de\/wp-json\/wp\/v2\/categories?post=271134"},{"taxonomy":"post_tag","embeddable":true,"href":"https:\/\/vof-news.eu\/de\/wp-json\/wp\/v2\/tags?post=271134"}],"curies":[{"name":"wp","href":"https:\/\/api.w.org\/{rel}","templated":true}]}}