{"id":271007,"date":"2025-09-04T07:28:07","date_gmt":"2025-09-04T04:28:07","guid":{"rendered":"https:\/\/vof-news.eu\/russland-kritisiert-idee-einer-europaischen-friedenstruppe\/"},"modified":"2025-09-04T07:28:55","modified_gmt":"2025-09-04T04:28:55","slug":"russland-kritisiert-idee-einer-europaischen-friedenstruppe","status":"publish","type":"post","link":"https:\/\/vof-news.eu\/de\/russland-kritisiert-idee-einer-europaischen-friedenstruppe\/","title":{"rendered":"Russland kritisiert Idee einer europ\u00e4ischen Friedenstruppe"},"content":{"rendered":"<div>\n<p><a href=\"https:\/\/www.zeit.de\/thema\/russland\" rel=\"nofollow\">Russland<\/a> hat Erw\u00e4gungen, nach dem Ende des <a href=\"https:\/\/www.zeit.de\/politik\/ausland\/ukraine-krieg-news-liveblog\" rel=\"nofollow\">Ukrainekriegs<\/a> eine m\u00f6gliche europ\u00e4ische Friedenstruppe in der Ukraine zu stationieren, als &#8222;inakzeptabel&#8220; zur\u00fcckgewiesen. Man habe nicht vor, \u00fcber einen solchen Schritt in irgendeinem Format zu diskutieren, sagte die Sprecherin des Au\u00dfenministeriums, Maria Sacharowa, am Donnerstag vor Journalisten. &#8222;Das sind keine Sicherheitsgarantien f\u00fcr die Ukraine, das sind Garantien f\u00fcr Gefahr f\u00fcr den europ\u00e4ischen Kontinent.&#8220;\n<\/p>\n<p>Sacharowa reagierte auf \u00c4u\u00dferungen der <a href=\"https:\/\/www.zeit.de\/2025\/16\/ursula-von-der-leyen-eu-usa-donald-trump\" rel=\"nofollow\">EU-Kommissionspr\u00e4sidentin Ursula von der Leyen<\/a>. Diese hatte vor wenigen Tagen der  <a href=\"https:\/\/www.ft.com\/content\/8ade14ca-7aa1-4413-887b-59712037665c\" rel=\"nofollow\">in einem Interview<\/a> gesagt, die EU arbeite an &#8222;ziemlich konkreten&#8220; Pl\u00e4nen f\u00fcr eine multilaterale Friedenstruppe in der <span><a href=\"https:\/\/www.zeit.de\/politik\/ausland\/ukraine-krieg-news-liveblog\" rel=\"nofollow\">Ukraine<\/a><\/span>. Ziel einer solchen Truppe solle demnach sein, die volle Souver\u00e4nit\u00e4t und Verteidigungsf\u00e4higkeit der <a href=\"https:\/\/www.zeit.de\/politik\/ausland\/2025-08\/sicherheitsgarantien-ukraine-russland-nato-usa\" rel=\"nofollow\">Ukraine im Falle eines erneuten Angriffs aus Russland abzusichern<\/a>.\n<\/p>\n<h2>Merz nimmt per Videoschalte teil<\/h2>\n<p>Um solche Sicherheitsgarantien soll es am heutigen Donnerstag bei einem Treffen westlicher Ukraine-Unterst\u00fctzerstaaten \u2013 der sogenannten Koalition der Willigen \u2013 in Paris gehen. Der ukrainische Pr\u00e4sident Wolodymyr Selenskyj, die EU-Kommissionschefin Ursula von der Leyen sowie weitere Staats- und Regierungschefs nehmen pers\u00f6nlich teil. Bundeskanzler <a href=\"https:\/\/www.zeit.de\/thema\/friedrich-merz\" rel=\"nofollow\">Friedrich Merz<\/a> und andere Spitzenpolitiker beteiligen sich per Videoschalte.\n<\/p>\n<p>Frankreichs Pr\u00e4sident Emmanuel Macron will mit dem Treffen vor allem eine Botschaft an\u00a0US-Pr\u00e4sident <a href=\"https:\/\/www.zeit.de\/thema\/donald-trump\" rel=\"nofollow\">Donald Trump<\/a>\u00a0senden, dass die Koalition der Willigen bereit sei, ihren Teil zu den Sicherheitsgarantien zu leisten. Dies soll die USA motivieren, den Druck auf <span><a href=\"https:\/\/www.zeit.de\/thema\/russland\" rel=\"nofollow\">Russland<\/a><\/span> zu erh\u00f6hen, einen Waffenstillstand zu erreichen.\n<\/p>\n<p>Konkret geht es darum, wie milit\u00e4rische Sicherheitsgarantien f\u00fcr die<br \/>\nUkraine nach einem m\u00f6glichen Waffenstillstand aussehen k\u00f6nnten. Im<br \/>\nGespr\u00e4ch sind auch weitere Sanktionen gegen Russland. Die Hauptlast<br \/>\neines m\u00f6glichen Truppeneinsatzes w\u00fcrden die europ\u00e4ischen Nato-Mitglieder<br \/>\n tragen.\u00a0\n<\/p>\n<p>Bundesverteidigungsminister <a href=\"https:\/\/www.zeit.de\/thema\/boris-pistorius\" rel=\"nofollow\">Boris Pistorius<\/a> hatte zuvor die <a href=\"https:\/\/www.zeit.de\/politik\/2025-09\/verteidigungsminister-boris-pistorius-sicherheitsgarantien-ukraine\" rel=\"nofollow\">\u00c4u\u00dferungen von der Leyens zu konkreten Truppenpl\u00e4nen als verfr\u00fcht kritisiert<\/a>.<br \/>\n Er warnte, dass die <span><a href=\"https:\/\/www.zeit.de\/thema\/europaeische-union\" rel=\"nofollow\">EU<\/a><\/span> &#8222;keinerlei Zust\u00e4ndigkeiten und Kompetenzen hat,<br \/>\nwas die Stellung von Truppen \u2013 egal f\u00fcr wen und f\u00fcr was&#8220;\u00a0\u2013\u00a0angehe.\u00a0\n<\/p>\n<h2>Deutschland will laut einem Bericht neue Waffenhilfe anregen<\/h2>\n<p>Die Bundesregierung will laut Informationen des Magazins \u00a0vorschlagen, die Luftverteidigung der Ukraine zu st\u00e4rken. Ziel sei ein Zuwachs von 20 Prozent pro Jahr bei Waffensystemen und deren Effektivit\u00e4t. Zudem wolle Deutschland anregen, die offensiven<br \/>\nLuftf\u00e4higkeiten der Ukraine mit weitreichenden Pr\u00e4zisionswaffen wie Marschflugk\u00f6rper zu verbessern, die in<br \/>\nder Ukraine mit finanzieller und technologischer Unterst\u00fctzung<br \/>\nhergestellt werden.\u00a0\n<\/p>\n<p>Au\u00dferdem soll der Ukraine laut  die<br \/>\nAusr\u00fcstung f\u00fcr vier mechanisierte Infanteriebrigaden bereitgestellt<br \/>\nwerden. Das w\u00fcrde eine Gr\u00f6\u00dfenordnung von 480 Infanteriefahrzeugen pro<br \/>\nJahr bedeuten, darunter Sch\u00fctzenpanzer, hie\u00df es.\n<\/p>\n<p>Weitere zentrale Bestandteile der<br \/>\nSicherheitsgarantien seien nach den deutschen Vorstellungen die<br \/>\nfortgesetzte Ausbildung ukrainischer Soldaten und eine enge Verzahnung<br \/>\nder R\u00fcstungsindustrien der Ukraine und europ\u00e4ischer Staaten. Die Beteiligung an einer <span><a href=\"https:\/\/www.zeit.de\/thema\/friedenstruppe\" rel=\"nofollow\">Friedenstruppe<\/a><\/span><br \/>\nschlie\u00dft die Bundesregierung den Angaben nach zwar nicht aus.<br \/>\nVoraussetzung daf\u00fcr sei aber eine politische Verabredung mit dem Ziel,<br \/>\nden Krieg zu beenden. Zudem m\u00fcssten sich die USA an solch einer Mission<br \/>\nin signifikanter Weise beteiligen.\n<\/p>\n<h2>Trump soll nach dem Treffen per Telefon informiert werden<\/h2>\n<p>Am Vorabend des Pariser Treffens hatte <span><a href=\"https:\/\/www.zeit.de\/thema\/emmanuel-macron\" rel=\"nofollow\">Macron<\/a><\/span> verk\u00fcndet, die Unterst\u00fctzerl\u00e4nder h\u00e4tten ihre Vorbereitungen f\u00fcr Sicherheitsgarantien abgeschlossen. Dank der Vorarbeit der Armeechefs seit dem Ukrainegipfel im Wei\u00dfen Haus seien die Europ\u00e4er nun bereit, der Ukraine Sicherheitsgarantien zu geben, sobald ein Friedensabkommen unterzeichnet sei. &#8222;Die Beitr\u00e4ge, die vorbereitet, dokumentiert und heute Nachmittag auf Ebene der Verteidigungsminister unter strengster Geheimhaltung best\u00e4tigt wurden, lassen uns sagen: Diese Arbeit ist abgeschlossen und wird nun politisch gebilligt werden&#8220;, sagte Macron.\n<\/p>\n<p>Die Europ\u00e4er hatten mehrfach deutlich gemacht, dass eine R\u00fcckversicherung durch die USA unabdingbar sei. Nach dem<a href=\"https:\/\/www.zeit.de\/politik\/ausland\/2025-08\/gipfeltreffen-ukraine-washington-europa-unterstuetzung-wolodymyr-selenskyj\" rel=\"nofollow\"> j\u00fcngsten Besuch Selenskyjs mit EU-Spitzen in Washington<\/a><a href=\"https:\/\/www.zeit.de\/politik\/ausland\/2025-08\/gipfeltreffen-ukraine-washington-europa-unterstuetzung-wolodymyr-selenskyj\" rel=\"nofollow\">, D. C.<\/a> sah es zun\u00e4chst danach aus, als lie\u00dfe sich US-Pr\u00e4sident Trump dazu bewegen. Doch konkrete Zusagen lassen auf sich warten. Nach dem Pariser Treffen soll Trump telefonisch informiert werden.\n<\/p>\n<p>Auch einige europ\u00e4ische Staats- und Regierungschefs schienen bereits gemachte Ank\u00fcndigungen wieder abzuschw\u00e4chen. So hatten \u00c4u\u00dferungen des britischen Premiers Keir Starmers und Macrons zun\u00e4chst so geklungen, als k\u00f6nnten die beiden Nato-Mitglieder eine Art wehrhafter Friedenstruppe entsenden. Doch inzwischen ist mehr von einer Ausbildungs- und Aufkl\u00e4rungsmission die Rede. Konkrete Ansagen, wie die Sicherheitsgarantien nun ausgestaltet werden sollen, wird es nach Angaben des \u00c9lys\u00e9e-Palastes auch nach dem neuerlichen Treffen nicht geben.\n<\/p>\n<h2>Nato-Generalsekret\u00e4r sieht baldige Klarheit<\/h2>\n<p>Trotzdem gab sich Nato-Generalsekret\u00e4r <a href=\"https:\/\/www.zeit.de\/thema\/mark-rutte\" rel=\"nofollow\">Mark Rutte<\/a> optimistisch. Er erwartet schon bald eine Einigung auf ein Konzept f\u00fcr Sicherheitsgarantien f\u00fcr die Ukraine. Es sei zu erwarten, dass &#8222;morgen oder bald nach morgen Klarheit dar\u00fcber herrscht, was wir gemeinsam leisten k\u00f6nnen, sagte er am Vortag der Beratungen. Das bedeutet, dass wir uns noch intensiver mit der amerikanischen Seite austauschen k\u00f6nnen&#8220;, sagte Rutte nach einem Treffen mit Estlands Pr\u00e4sidenten Alar Karis in Br\u00fcssel.\u00a0\n<\/p>\n<p>Weiter sagte Rutte, die Europ\u00e4er seien zusammen mit anderen Staaten dabei, auf der Ebene der Milit\u00e4rchefs, Verteidigungsminister und Staats- und Regierungschefs die letzten Details zu kl\u00e4ren.\u00a0Karis bekr\u00e4ftigte, dass Estland bereit sei, Soldaten f\u00fcr eine m\u00f6gliche europ\u00e4ische Friedenstruppe bereitzustellen. &#8222;Wir beteiligen uns weiterhin an dieser Planung&#8220;, sagte er.\n<\/p>\n<\/p>\n<\/div>\n","protected":false},"excerpt":{"rendered":"<p>Russland hat Erw\u00e4gungen, nach dem Ende des Ukrainekriegs eine m\u00f6gliche europ\u00e4ische Friedenstruppe in der Ukraine zu stationieren, als &#8222;inakzeptabel&#8220; zur\u00fcckgewiesen. Man habe nicht vor, \u00fcber einen solchen Schritt in irgendeinem Format zu diskutieren, sagte die Sprecherin des Au\u00dfenministeriums, Maria Sacharowa, am Donnerstag vor Journalisten. &#8222;Das sind keine Sicherheitsgarantien f\u00fcr die Ukraine, das sind Garantien f\u00fcr<\/p>\n","protected":false},"author":1,"featured_media":271008,"comment_status":"open","ping_status":"open","sticky":false,"template":"","format":"standard","meta":{"footnotes":""},"categories":[116],"tags":[],"class_list":["post-271007","post","type-post","status-publish","format-standard","has-post-thumbnail","hentry","category-war-chronicles-de"],"acf":[],"yoast_head":"<!-- This site is optimized with the Yoast SEO plugin v22.9 - https:\/\/yoast.com\/wordpress\/plugins\/seo\/ -->\n<title>Russland kritisiert Idee einer europ\u00e4ischen Friedenstruppe - vof-news.eu<\/title>\n<meta name=\"description\" content=\"Russland hat Erw\u00e4gungen, nach dem Ende des Ukrainekriegs eine m\u00f6gliche europ\u00e4ische Friedenstruppe in der Ukraine zu stationieren, als &quot;inakzeptabel&quot; zur\u00fcckgewiesen. Man habe nicht vor, \u00fcber einen solchen Schritt in irgendeinem Format zu diskutieren, sagte die Sprecherin des Au\u00dfenministeriums, Maria Sacharowa, am Donnerstag vor Journalisten. &quot;Das sind keine Sicherheitsgarantien f\u00fcr die Ukraine, das sind Garantien f\u00fcr Gefahr f\u00fcr den europ\u00e4ischen Kontinent.&quot;\" \/>\n<meta name=\"robots\" content=\"noindex, follow, max-snippet:-1, max-image-preview:large, max-video-preview:-1\" \/>\n<meta property=\"og:locale\" content=\"de_DE\" \/>\n<meta property=\"og:type\" content=\"article\" \/>\n<meta property=\"og:title\" content=\"Russland kritisiert Idee einer europ\u00e4ischen Friedenstruppe - vof-news.eu\" \/>\n<meta property=\"og:description\" content=\"Russland hat Erw\u00e4gungen, nach dem Ende des Ukrainekriegs eine m\u00f6gliche europ\u00e4ische Friedenstruppe in der Ukraine zu stationieren, als &quot;inakzeptabel&quot; zur\u00fcckgewiesen. Man habe nicht vor, \u00fcber einen solchen Schritt in irgendeinem Format zu diskutieren, sagte die Sprecherin des Au\u00dfenministeriums, Maria Sacharowa, am Donnerstag vor Journalisten. &quot;Das sind keine Sicherheitsgarantien f\u00fcr die Ukraine, das sind Garantien f\u00fcr Gefahr f\u00fcr den europ\u00e4ischen Kontinent.&quot;\" \/>\n<meta property=\"og:url\" content=\"https:\/\/vof-news.eu\/de\/russland-kritisiert-idee-einer-europaischen-friedenstruppe\/\" \/>\n<meta property=\"og:site_name\" content=\"vof-news.eu\" \/>\n<meta property=\"article:published_time\" content=\"2025-09-04T04:28:07+00:00\" \/>\n<meta property=\"article:modified_time\" content=\"2025-09-04T04:28:55+00:00\" \/>\n<meta property=\"og:image\" content=\"https:\/\/vof-news.eu\/wp-content\/uploads\/2025\/09\/wide__1000x562-15.jpg\" \/>\n\t<meta property=\"og:image:width\" content=\"1000\" \/>\n\t<meta property=\"og:image:height\" content=\"562\" \/>\n\t<meta property=\"og:image:type\" content=\"image\/jpeg\" \/>\n<meta name=\"author\" content=\"Author\" \/>\n<meta name=\"twitter:card\" content=\"summary_large_image\" \/>\n<meta name=\"twitter:label1\" content=\"Verfasst von\" \/>\n\t<meta name=\"twitter:data1\" content=\"Author\" \/>\n\t<meta name=\"twitter:label2\" content=\"Gesch\u00e4tzte Lesezeit\" \/>\n\t<meta name=\"twitter:data2\" content=\"4\u00a0Minuten\" \/>\n<script type=\"application\/ld+json\" class=\"yoast-schema-graph\">{\"@context\":\"https:\/\/schema.org\",\"@graph\":[{\"@type\":\"WebPage\",\"@id\":\"https:\/\/vof-news.eu\/de\/russland-kritisiert-idee-einer-europaischen-friedenstruppe\/\",\"url\":\"https:\/\/vof-news.eu\/de\/russland-kritisiert-idee-einer-europaischen-friedenstruppe\/\",\"name\":\"Russland kritisiert Idee einer europ\u00e4ischen Friedenstruppe - vof-news.eu\",\"isPartOf\":{\"@id\":\"https:\/\/vof-news.eu\/de\/#website\"},\"primaryImageOfPage\":{\"@id\":\"https:\/\/vof-news.eu\/de\/russland-kritisiert-idee-einer-europaischen-friedenstruppe\/#primaryimage\"},\"image\":{\"@id\":\"https:\/\/vof-news.eu\/de\/russland-kritisiert-idee-einer-europaischen-friedenstruppe\/#primaryimage\"},\"thumbnailUrl\":\"https:\/\/vof-news.eu\/wp-content\/uploads\/2025\/09\/wide__1000x562-15.jpg\",\"datePublished\":\"2025-09-04T04:28:07+00:00\",\"dateModified\":\"2025-09-04T04:28:55+00:00\",\"author\":{\"@id\":\"https:\/\/vof-news.eu\/de\/#\/schema\/person\/f6a2a4309f0561835797fd8c19b333ed\"},\"description\":\"Russland hat Erw\u00e4gungen, nach dem Ende des Ukrainekriegs eine m\u00f6gliche europ\u00e4ische Friedenstruppe in der Ukraine zu stationieren, als \\\"inakzeptabel\\\" zur\u00fcckgewiesen. Man habe nicht vor, \u00fcber einen solchen Schritt in irgendeinem Format zu diskutieren, sagte die Sprecherin des Au\u00dfenministeriums, Maria Sacharowa, am Donnerstag vor Journalisten. \\\"Das sind keine Sicherheitsgarantien f\u00fcr die Ukraine, das sind Garantien f\u00fcr Gefahr f\u00fcr den europ\u00e4ischen Kontinent.\\\"\",\"breadcrumb\":{\"@id\":\"https:\/\/vof-news.eu\/de\/russland-kritisiert-idee-einer-europaischen-friedenstruppe\/#breadcrumb\"},\"inLanguage\":\"de\",\"potentialAction\":[{\"@type\":\"ReadAction\",\"target\":[\"https:\/\/vof-news.eu\/de\/russland-kritisiert-idee-einer-europaischen-friedenstruppe\/\"]}]},{\"@type\":\"ImageObject\",\"inLanguage\":\"de\",\"@id\":\"https:\/\/vof-news.eu\/de\/russland-kritisiert-idee-einer-europaischen-friedenstruppe\/#primaryimage\",\"url\":\"https:\/\/vof-news.eu\/wp-content\/uploads\/2025\/09\/wide__1000x562-15.jpg\",\"contentUrl\":\"https:\/\/vof-news.eu\/wp-content\/uploads\/2025\/09\/wide__1000x562-15.jpg\",\"width\":1000,\"height\":562},{\"@type\":\"BreadcrumbList\",\"@id\":\"https:\/\/vof-news.eu\/de\/russland-kritisiert-idee-einer-europaischen-friedenstruppe\/#breadcrumb\",\"itemListElement\":[{\"@type\":\"ListItem\",\"position\":1,\"name\":\"Home\",\"item\":\"https:\/\/vof-news.eu\/de\/\"},{\"@type\":\"ListItem\",\"position\":2,\"name\":\"Russland kritisiert Idee einer europ\u00e4ischen Friedenstruppe\"}]},{\"@type\":\"WebSite\",\"@id\":\"https:\/\/vof-news.eu\/de\/#website\",\"url\":\"https:\/\/vof-news.eu\/de\/\",\"name\":\"vof-news.eu\",\"description\":\"\",\"potentialAction\":[{\"@type\":\"SearchAction\",\"target\":{\"@type\":\"EntryPoint\",\"urlTemplate\":\"https:\/\/vof-news.eu\/de\/?s={search_term_string}\"},\"query-input\":\"required name=search_term_string\"}],\"inLanguage\":\"de\"},{\"@type\":\"Person\",\"@id\":\"https:\/\/vof-news.eu\/de\/#\/schema\/person\/f6a2a4309f0561835797fd8c19b333ed\",\"name\":\"Author\",\"image\":{\"@type\":\"ImageObject\",\"inLanguage\":\"de\",\"@id\":\"https:\/\/vof-news.eu\/de\/#\/schema\/person\/image\/\",\"url\":\"https:\/\/secure.gravatar.com\/avatar\/b67e614b1b25b3e9c0c239efdd2fde5ab015b5affd6f1c3c85911ca4b384e790?s=96&d=mm&r=g\",\"contentUrl\":\"https:\/\/secure.gravatar.com\/avatar\/b67e614b1b25b3e9c0c239efdd2fde5ab015b5affd6f1c3c85911ca4b384e790?s=96&d=mm&r=g\",\"caption\":\"Author\"},\"sameAs\":[\"http:\/\/vof-news.eu\"],\"url\":\"https:\/\/vof-news.eu\/de\/author\/zwt6qxnjulxbnyg\/\"}]}<\/script>\n<!-- \/ Yoast SEO plugin. -->","yoast_head_json":{"title":"Russland kritisiert Idee einer europ\u00e4ischen Friedenstruppe - vof-news.eu","description":"Russland hat Erw\u00e4gungen, nach dem Ende des Ukrainekriegs eine m\u00f6gliche europ\u00e4ische Friedenstruppe in der Ukraine zu stationieren, als \"inakzeptabel\" zur\u00fcckgewiesen. Man habe nicht vor, \u00fcber einen solchen Schritt in irgendeinem Format zu diskutieren, sagte die Sprecherin des Au\u00dfenministeriums, Maria Sacharowa, am Donnerstag vor Journalisten. \"Das sind keine Sicherheitsgarantien f\u00fcr die Ukraine, das sind Garantien f\u00fcr Gefahr f\u00fcr den europ\u00e4ischen Kontinent.\"","robots":{"index":"noindex","follow":"follow","max-snippet":"max-snippet:-1","max-image-preview":"max-image-preview:large","max-video-preview":"max-video-preview:-1"},"og_locale":"de_DE","og_type":"article","og_title":"Russland kritisiert Idee einer europ\u00e4ischen Friedenstruppe - vof-news.eu","og_description":"Russland hat Erw\u00e4gungen, nach dem Ende des Ukrainekriegs eine m\u00f6gliche europ\u00e4ische Friedenstruppe in der Ukraine zu stationieren, als \"inakzeptabel\" zur\u00fcckgewiesen. Man habe nicht vor, \u00fcber einen solchen Schritt in irgendeinem Format zu diskutieren, sagte die Sprecherin des Au\u00dfenministeriums, Maria Sacharowa, am Donnerstag vor Journalisten. \"Das sind keine Sicherheitsgarantien f\u00fcr die Ukraine, das sind Garantien f\u00fcr Gefahr f\u00fcr den europ\u00e4ischen Kontinent.\"","og_url":"https:\/\/vof-news.eu\/de\/russland-kritisiert-idee-einer-europaischen-friedenstruppe\/","og_site_name":"vof-news.eu","article_published_time":"2025-09-04T04:28:07+00:00","article_modified_time":"2025-09-04T04:28:55+00:00","og_image":[{"width":1000,"height":562,"url":"https:\/\/vof-news.eu\/wp-content\/uploads\/2025\/09\/wide__1000x562-15.jpg","type":"image\/jpeg"}],"author":"Author","twitter_card":"summary_large_image","twitter_misc":{"Verfasst von":"Author","Gesch\u00e4tzte Lesezeit":"4\u00a0Minuten"},"schema":{"@context":"https:\/\/schema.org","@graph":[{"@type":"WebPage","@id":"https:\/\/vof-news.eu\/de\/russland-kritisiert-idee-einer-europaischen-friedenstruppe\/","url":"https:\/\/vof-news.eu\/de\/russland-kritisiert-idee-einer-europaischen-friedenstruppe\/","name":"Russland kritisiert Idee einer europ\u00e4ischen Friedenstruppe - vof-news.eu","isPartOf":{"@id":"https:\/\/vof-news.eu\/de\/#website"},"primaryImageOfPage":{"@id":"https:\/\/vof-news.eu\/de\/russland-kritisiert-idee-einer-europaischen-friedenstruppe\/#primaryimage"},"image":{"@id":"https:\/\/vof-news.eu\/de\/russland-kritisiert-idee-einer-europaischen-friedenstruppe\/#primaryimage"},"thumbnailUrl":"https:\/\/vof-news.eu\/wp-content\/uploads\/2025\/09\/wide__1000x562-15.jpg","datePublished":"2025-09-04T04:28:07+00:00","dateModified":"2025-09-04T04:28:55+00:00","author":{"@id":"https:\/\/vof-news.eu\/de\/#\/schema\/person\/f6a2a4309f0561835797fd8c19b333ed"},"description":"Russland hat Erw\u00e4gungen, nach dem Ende des Ukrainekriegs eine m\u00f6gliche europ\u00e4ische Friedenstruppe in der Ukraine zu stationieren, als \"inakzeptabel\" zur\u00fcckgewiesen. Man habe nicht vor, \u00fcber einen solchen Schritt in irgendeinem Format zu diskutieren, sagte die Sprecherin des Au\u00dfenministeriums, Maria Sacharowa, am Donnerstag vor Journalisten. \"Das sind keine Sicherheitsgarantien f\u00fcr die Ukraine, das sind Garantien f\u00fcr Gefahr f\u00fcr den europ\u00e4ischen Kontinent.\"","breadcrumb":{"@id":"https:\/\/vof-news.eu\/de\/russland-kritisiert-idee-einer-europaischen-friedenstruppe\/#breadcrumb"},"inLanguage":"de","potentialAction":[{"@type":"ReadAction","target":["https:\/\/vof-news.eu\/de\/russland-kritisiert-idee-einer-europaischen-friedenstruppe\/"]}]},{"@type":"ImageObject","inLanguage":"de","@id":"https:\/\/vof-news.eu\/de\/russland-kritisiert-idee-einer-europaischen-friedenstruppe\/#primaryimage","url":"https:\/\/vof-news.eu\/wp-content\/uploads\/2025\/09\/wide__1000x562-15.jpg","contentUrl":"https:\/\/vof-news.eu\/wp-content\/uploads\/2025\/09\/wide__1000x562-15.jpg","width":1000,"height":562},{"@type":"BreadcrumbList","@id":"https:\/\/vof-news.eu\/de\/russland-kritisiert-idee-einer-europaischen-friedenstruppe\/#breadcrumb","itemListElement":[{"@type":"ListItem","position":1,"name":"Home","item":"https:\/\/vof-news.eu\/de\/"},{"@type":"ListItem","position":2,"name":"Russland kritisiert Idee einer europ\u00e4ischen Friedenstruppe"}]},{"@type":"WebSite","@id":"https:\/\/vof-news.eu\/de\/#website","url":"https:\/\/vof-news.eu\/de\/","name":"vof-news.eu","description":"","potentialAction":[{"@type":"SearchAction","target":{"@type":"EntryPoint","urlTemplate":"https:\/\/vof-news.eu\/de\/?s={search_term_string}"},"query-input":"required name=search_term_string"}],"inLanguage":"de"},{"@type":"Person","@id":"https:\/\/vof-news.eu\/de\/#\/schema\/person\/f6a2a4309f0561835797fd8c19b333ed","name":"Author","image":{"@type":"ImageObject","inLanguage":"de","@id":"https:\/\/vof-news.eu\/de\/#\/schema\/person\/image\/","url":"https:\/\/secure.gravatar.com\/avatar\/b67e614b1b25b3e9c0c239efdd2fde5ab015b5affd6f1c3c85911ca4b384e790?s=96&d=mm&r=g","contentUrl":"https:\/\/secure.gravatar.com\/avatar\/b67e614b1b25b3e9c0c239efdd2fde5ab015b5affd6f1c3c85911ca4b384e790?s=96&d=mm&r=g","caption":"Author"},"sameAs":["http:\/\/vof-news.eu"],"url":"https:\/\/vof-news.eu\/de\/author\/zwt6qxnjulxbnyg\/"}]}},"yoast_meta":{"yoast_wpseo_title":"","yoast_wpseo_metadesc":"","yoast_wpseo_canonical":""},"_links":{"self":[{"href":"https:\/\/vof-news.eu\/de\/wp-json\/wp\/v2\/posts\/271007","targetHints":{"allow":["GET"]}}],"collection":[{"href":"https:\/\/vof-news.eu\/de\/wp-json\/wp\/v2\/posts"}],"about":[{"href":"https:\/\/vof-news.eu\/de\/wp-json\/wp\/v2\/types\/post"}],"author":[{"embeddable":true,"href":"https:\/\/vof-news.eu\/de\/wp-json\/wp\/v2\/users\/1"}],"replies":[{"embeddable":true,"href":"https:\/\/vof-news.eu\/de\/wp-json\/wp\/v2\/comments?post=271007"}],"version-history":[{"count":1,"href":"https:\/\/vof-news.eu\/de\/wp-json\/wp\/v2\/posts\/271007\/revisions"}],"predecessor-version":[{"id":271014,"href":"https:\/\/vof-news.eu\/de\/wp-json\/wp\/v2\/posts\/271007\/revisions\/271014"}],"wp:featuredmedia":[{"embeddable":true,"href":"https:\/\/vof-news.eu\/de\/wp-json\/wp\/v2\/media\/271008"}],"wp:attachment":[{"href":"https:\/\/vof-news.eu\/de\/wp-json\/wp\/v2\/media?parent=271007"}],"wp:term":[{"taxonomy":"category","embeddable":true,"href":"https:\/\/vof-news.eu\/de\/wp-json\/wp\/v2\/categories?post=271007"},{"taxonomy":"post_tag","embeddable":true,"href":"https:\/\/vof-news.eu\/de\/wp-json\/wp\/v2\/tags?post=271007"}],"curies":[{"name":"wp","href":"https:\/\/api.w.org\/{rel}","templated":true}]}}