{"id":270737,"date":"2025-09-03T15:28:11","date_gmt":"2025-09-03T12:28:11","guid":{"rendered":"https:\/\/vof-news.eu\/russische-fuhrung-kritisiert-merz-aussagen-uber-putin\/"},"modified":"2025-09-03T15:29:18","modified_gmt":"2025-09-03T12:29:18","slug":"russische-fuhrung-kritisiert-merz-aussagen-uber-putin","status":"publish","type":"post","link":"https:\/\/vof-news.eu\/de\/russische-fuhrung-kritisiert-merz-aussagen-uber-putin\/","title":{"rendered":"Russische F\u00fchrung kritisiert Merz&#8216; Aussagen \u00fcber Putin"},"content":{"rendered":"<div>\n<p>Die Aussagen von Bundeskanzler Friedrich Merz (CDU) \u00fcber den russischen Staatschef Wladimir Putin sto\u00dfen in Russland auf deutliche Ablehnung. &#8222;Merz hat in den vergangenen Stunden sehr viele unangemessene \u00c4u\u00dferungen gemacht&#8220;, sagte Pr\u00e4sidialamtssprecher\u00a0Dmitri\u00a0Peskow laut der russischen Nachrichtenagentur Interfax. &#8222;Daher kann seine Meinung derzeit kaum ber\u00fccksichtigt werden.&#8220;\n<\/p>\n<p>Merz hatte den russischen Pr\u00e4sidenten in einem Interview mit den TV-Sendern von ProSiebenSat.1 als &#8222;den vielleicht<a href=\"https:\/\/www.zeit.de\/politik\/ausland\/2025-09\/ukraine-krieg-friedrich-merz-wladimir-putin-kriegsverbrecher-russland-wirtschaft-schwaechen\" rel=\"nofollow\"> schwersten Kriegsverbrecher unserer Zeit<\/a>&#8220; bezeichnet. Merz sagte weiter: &#8222;Ich<br \/>\n habe keine Veranlassung, Putin an irgendeiner Stelle Glauben zu<br \/>\nschenken.&#8220; Der russische Staatschef sehe im Augenblick<br \/>\n\u00fcberhaupt keinen Grund, sich einem Waffenstillstand oder gar einem<br \/>\nFriedensabkommen mit der <span><a href=\"https:\/\/www.zeit.de\/politik\/ausland\/ukraine-krieg-news-liveblog\" rel=\"nofollow\">Ukraine<\/a><\/span> zu n\u00e4hern. &#8222;Den Grund m\u00fcssen wir schaffen. Milit\u00e4risch wird das schwierig, aber \u00f6konomisch kann das gehen.&#8220;\n<\/p>\n<h2>Russische F\u00fchrung distanzierte sich von Pl\u00e4nen f\u00fcr trilaterales Gespr\u00e4ch<\/h2>\n<p>In den vergangenen Wochen hatte insbesondere US-Pr\u00e4sident Donald Trump seine diplomatischen Bem\u00fchungen in Richtung seines russischen Amtskollegen Putin verst\u00e4rkt. Bei einem Treffen der beiden Staatsoberh\u00e4upter in Alaska war es auch um ein trilaterales Gespr\u00e4ch mit dem ukrainischen Pr\u00e4sidenten Wolodymyr Selenskyj gegangen. Letzterer hatte sich grunds\u00e4tzlich bereit dazu gezeigt.\u00a0\n<\/p>\n<p>Putins au\u00dfenpolitischer Berater Juri Uschakow hatte zuletzt allerdings im russischen Staatsfernsehen dazu gesagt, dass es <a href=\"https:\/\/www.zeit.de\/politik\/2025-09\/wladimir-putin-donald-trump-wolodymyr-selenskyj-treffen-russland-gxe\" rel=\"nofollow\">keine konkreten Pl\u00e4ne gebe<\/a>. Trump \u00e4u\u00dferte sich danach entt\u00e4uscht. Die Ukraine und f\u00fchrende europ\u00e4ische Politiker werfen Putin vor, auf Zeit zu spielen. <span><a href=\"https:\/\/www.zeit.de\/thema\/russland\" rel=\"nofollow\">Russland<\/a><\/span> gebe sich zwar dialogbereit, verz\u00f6gere aber\u00a0Verhandlungen, um seinen\u00a0<a href=\"https:\/\/www.zeit.de\/politik\/ausland\/2025-08\/ukrainische-gefangene-russland-haft-gewalt-folter\" rel=\"nofollow\">Angriffskrieg<\/a> weiterzuf\u00fchren.<\/p>\n<\/p>\n<\/div>\n","protected":false},"excerpt":{"rendered":"<p>Die Aussagen von Bundeskanzler Friedrich Merz (CDU) \u00fcber den russischen Staatschef Wladimir Putin sto\u00dfen in Russland auf deutliche Ablehnung. &#8222;Merz hat in den vergangenen Stunden sehr viele unangemessene \u00c4u\u00dferungen gemacht&#8220;, sagte Pr\u00e4sidialamtssprecher\u00a0Dmitri\u00a0Peskow laut der russischen Nachrichtenagentur Interfax. &#8222;Daher kann seine Meinung derzeit kaum ber\u00fccksichtigt werden.&#8220; Merz hatte den russischen Pr\u00e4sidenten in einem Interview mit den<\/p>\n","protected":false},"author":1,"featured_media":270738,"comment_status":"open","ping_status":"open","sticky":false,"template":"","format":"standard","meta":{"footnotes":""},"categories":[116],"tags":[],"class_list":["post-270737","post","type-post","status-publish","format-standard","has-post-thumbnail","hentry","category-war-chronicles-de"],"acf":[],"yoast_head":"<!-- This site is optimized with the Yoast SEO plugin v22.9 - https:\/\/yoast.com\/wordpress\/plugins\/seo\/ -->\n<title>Russische F\u00fchrung kritisiert Merz&#039; Aussagen \u00fcber Putin - vof-news.eu<\/title>\n<meta name=\"description\" content=\"Die Aussagen von Bundeskanzler Friedrich Merz (CDU) \u00fcber den russischen Staatschef Wladimir Putin sto\u00dfen in Russland auf deutliche Ablehnung. &quot;Merz hat in den vergangenen Stunden sehr viele unangemessene \u00c4u\u00dferungen gemacht&quot;, sagte Pr\u00e4sidialamtssprecher\u00a0Dmitri\u00a0Peskow laut der russischen Nachrichtenagentur Interfax. &quot;Daher kann seine Meinung derzeit kaum ber\u00fccksichtigt werden.&quot;\" \/>\n<meta name=\"robots\" content=\"noindex, follow, max-snippet:-1, max-image-preview:large, max-video-preview:-1\" \/>\n<meta property=\"og:locale\" content=\"de_DE\" \/>\n<meta property=\"og:type\" content=\"article\" \/>\n<meta property=\"og:title\" content=\"Russische F\u00fchrung kritisiert Merz&#039; Aussagen \u00fcber Putin - vof-news.eu\" \/>\n<meta property=\"og:description\" content=\"Die Aussagen von Bundeskanzler Friedrich Merz (CDU) \u00fcber den russischen Staatschef Wladimir Putin sto\u00dfen in Russland auf deutliche Ablehnung. &quot;Merz hat in den vergangenen Stunden sehr viele unangemessene \u00c4u\u00dferungen gemacht&quot;, sagte Pr\u00e4sidialamtssprecher\u00a0Dmitri\u00a0Peskow laut der russischen Nachrichtenagentur Interfax. &quot;Daher kann seine Meinung derzeit kaum ber\u00fccksichtigt werden.&quot;\" \/>\n<meta property=\"og:url\" content=\"https:\/\/vof-news.eu\/de\/russische-fuhrung-kritisiert-merz-aussagen-uber-putin\/\" \/>\n<meta property=\"og:site_name\" content=\"vof-news.eu\" \/>\n<meta property=\"article:published_time\" content=\"2025-09-03T12:28:11+00:00\" \/>\n<meta property=\"article:modified_time\" content=\"2025-09-03T12:29:18+00:00\" \/>\n<meta property=\"og:image\" content=\"https:\/\/vof-news.eu\/wp-content\/uploads\/2025\/09\/wide__1000x562-12.jpg\" \/>\n\t<meta property=\"og:image:width\" content=\"1000\" \/>\n\t<meta property=\"og:image:height\" content=\"562\" \/>\n\t<meta property=\"og:image:type\" content=\"image\/jpeg\" \/>\n<meta name=\"author\" content=\"Author\" \/>\n<meta name=\"twitter:card\" content=\"summary_large_image\" \/>\n<meta name=\"twitter:label1\" content=\"Verfasst von\" \/>\n\t<meta name=\"twitter:data1\" content=\"Author\" \/>\n\t<meta name=\"twitter:label2\" content=\"Gesch\u00e4tzte Lesezeit\" \/>\n\t<meta name=\"twitter:data2\" content=\"1\u00a0Minute\" \/>\n<script type=\"application\/ld+json\" class=\"yoast-schema-graph\">{\"@context\":\"https:\/\/schema.org\",\"@graph\":[{\"@type\":\"WebPage\",\"@id\":\"https:\/\/vof-news.eu\/de\/russische-fuhrung-kritisiert-merz-aussagen-uber-putin\/\",\"url\":\"https:\/\/vof-news.eu\/de\/russische-fuhrung-kritisiert-merz-aussagen-uber-putin\/\",\"name\":\"Russische F\u00fchrung kritisiert Merz' Aussagen \u00fcber Putin - vof-news.eu\",\"isPartOf\":{\"@id\":\"https:\/\/vof-news.eu\/de\/#website\"},\"primaryImageOfPage\":{\"@id\":\"https:\/\/vof-news.eu\/de\/russische-fuhrung-kritisiert-merz-aussagen-uber-putin\/#primaryimage\"},\"image\":{\"@id\":\"https:\/\/vof-news.eu\/de\/russische-fuhrung-kritisiert-merz-aussagen-uber-putin\/#primaryimage\"},\"thumbnailUrl\":\"https:\/\/vof-news.eu\/wp-content\/uploads\/2025\/09\/wide__1000x562-12.jpg\",\"datePublished\":\"2025-09-03T12:28:11+00:00\",\"dateModified\":\"2025-09-03T12:29:18+00:00\",\"author\":{\"@id\":\"https:\/\/vof-news.eu\/de\/#\/schema\/person\/f6a2a4309f0561835797fd8c19b333ed\"},\"description\":\"Die Aussagen von Bundeskanzler Friedrich Merz (CDU) \u00fcber den russischen Staatschef Wladimir Putin sto\u00dfen in Russland auf deutliche Ablehnung. \\\"Merz hat in den vergangenen Stunden sehr viele unangemessene \u00c4u\u00dferungen gemacht\\\", sagte Pr\u00e4sidialamtssprecher\u00a0Dmitri\u00a0Peskow laut der russischen Nachrichtenagentur Interfax. \\\"Daher kann seine Meinung derzeit kaum ber\u00fccksichtigt werden.\\\"\",\"breadcrumb\":{\"@id\":\"https:\/\/vof-news.eu\/de\/russische-fuhrung-kritisiert-merz-aussagen-uber-putin\/#breadcrumb\"},\"inLanguage\":\"de\",\"potentialAction\":[{\"@type\":\"ReadAction\",\"target\":[\"https:\/\/vof-news.eu\/de\/russische-fuhrung-kritisiert-merz-aussagen-uber-putin\/\"]}]},{\"@type\":\"ImageObject\",\"inLanguage\":\"de\",\"@id\":\"https:\/\/vof-news.eu\/de\/russische-fuhrung-kritisiert-merz-aussagen-uber-putin\/#primaryimage\",\"url\":\"https:\/\/vof-news.eu\/wp-content\/uploads\/2025\/09\/wide__1000x562-12.jpg\",\"contentUrl\":\"https:\/\/vof-news.eu\/wp-content\/uploads\/2025\/09\/wide__1000x562-12.jpg\",\"width\":1000,\"height\":562},{\"@type\":\"BreadcrumbList\",\"@id\":\"https:\/\/vof-news.eu\/de\/russische-fuhrung-kritisiert-merz-aussagen-uber-putin\/#breadcrumb\",\"itemListElement\":[{\"@type\":\"ListItem\",\"position\":1,\"name\":\"Home\",\"item\":\"https:\/\/vof-news.eu\/de\/\"},{\"@type\":\"ListItem\",\"position\":2,\"name\":\"Russische F\u00fchrung kritisiert Merz&#8217; Aussagen \u00fcber Putin\"}]},{\"@type\":\"WebSite\",\"@id\":\"https:\/\/vof-news.eu\/de\/#website\",\"url\":\"https:\/\/vof-news.eu\/de\/\",\"name\":\"vof-news.eu\",\"description\":\"\",\"potentialAction\":[{\"@type\":\"SearchAction\",\"target\":{\"@type\":\"EntryPoint\",\"urlTemplate\":\"https:\/\/vof-news.eu\/de\/?s={search_term_string}\"},\"query-input\":\"required name=search_term_string\"}],\"inLanguage\":\"de\"},{\"@type\":\"Person\",\"@id\":\"https:\/\/vof-news.eu\/de\/#\/schema\/person\/f6a2a4309f0561835797fd8c19b333ed\",\"name\":\"Author\",\"image\":{\"@type\":\"ImageObject\",\"inLanguage\":\"de\",\"@id\":\"https:\/\/vof-news.eu\/de\/#\/schema\/person\/image\/\",\"url\":\"https:\/\/secure.gravatar.com\/avatar\/b67e614b1b25b3e9c0c239efdd2fde5ab015b5affd6f1c3c85911ca4b384e790?s=96&d=mm&r=g\",\"contentUrl\":\"https:\/\/secure.gravatar.com\/avatar\/b67e614b1b25b3e9c0c239efdd2fde5ab015b5affd6f1c3c85911ca4b384e790?s=96&d=mm&r=g\",\"caption\":\"Author\"},\"sameAs\":[\"http:\/\/vof-news.eu\"],\"url\":\"https:\/\/vof-news.eu\/de\/author\/zwt6qxnjulxbnyg\/\"}]}<\/script>\n<!-- \/ Yoast SEO plugin. -->","yoast_head_json":{"title":"Russische F\u00fchrung kritisiert Merz' Aussagen \u00fcber Putin - vof-news.eu","description":"Die Aussagen von Bundeskanzler Friedrich Merz (CDU) \u00fcber den russischen Staatschef Wladimir Putin sto\u00dfen in Russland auf deutliche Ablehnung. \"Merz hat in den vergangenen Stunden sehr viele unangemessene \u00c4u\u00dferungen gemacht\", sagte Pr\u00e4sidialamtssprecher\u00a0Dmitri\u00a0Peskow laut der russischen Nachrichtenagentur Interfax. \"Daher kann seine Meinung derzeit kaum ber\u00fccksichtigt werden.\"","robots":{"index":"noindex","follow":"follow","max-snippet":"max-snippet:-1","max-image-preview":"max-image-preview:large","max-video-preview":"max-video-preview:-1"},"og_locale":"de_DE","og_type":"article","og_title":"Russische F\u00fchrung kritisiert Merz' Aussagen \u00fcber Putin - vof-news.eu","og_description":"Die Aussagen von Bundeskanzler Friedrich Merz (CDU) \u00fcber den russischen Staatschef Wladimir Putin sto\u00dfen in Russland auf deutliche Ablehnung. \"Merz hat in den vergangenen Stunden sehr viele unangemessene \u00c4u\u00dferungen gemacht\", sagte Pr\u00e4sidialamtssprecher\u00a0Dmitri\u00a0Peskow laut der russischen Nachrichtenagentur Interfax. \"Daher kann seine Meinung derzeit kaum ber\u00fccksichtigt werden.\"","og_url":"https:\/\/vof-news.eu\/de\/russische-fuhrung-kritisiert-merz-aussagen-uber-putin\/","og_site_name":"vof-news.eu","article_published_time":"2025-09-03T12:28:11+00:00","article_modified_time":"2025-09-03T12:29:18+00:00","og_image":[{"width":1000,"height":562,"url":"https:\/\/vof-news.eu\/wp-content\/uploads\/2025\/09\/wide__1000x562-12.jpg","type":"image\/jpeg"}],"author":"Author","twitter_card":"summary_large_image","twitter_misc":{"Verfasst von":"Author","Gesch\u00e4tzte Lesezeit":"1\u00a0Minute"},"schema":{"@context":"https:\/\/schema.org","@graph":[{"@type":"WebPage","@id":"https:\/\/vof-news.eu\/de\/russische-fuhrung-kritisiert-merz-aussagen-uber-putin\/","url":"https:\/\/vof-news.eu\/de\/russische-fuhrung-kritisiert-merz-aussagen-uber-putin\/","name":"Russische F\u00fchrung kritisiert Merz' Aussagen \u00fcber Putin - vof-news.eu","isPartOf":{"@id":"https:\/\/vof-news.eu\/de\/#website"},"primaryImageOfPage":{"@id":"https:\/\/vof-news.eu\/de\/russische-fuhrung-kritisiert-merz-aussagen-uber-putin\/#primaryimage"},"image":{"@id":"https:\/\/vof-news.eu\/de\/russische-fuhrung-kritisiert-merz-aussagen-uber-putin\/#primaryimage"},"thumbnailUrl":"https:\/\/vof-news.eu\/wp-content\/uploads\/2025\/09\/wide__1000x562-12.jpg","datePublished":"2025-09-03T12:28:11+00:00","dateModified":"2025-09-03T12:29:18+00:00","author":{"@id":"https:\/\/vof-news.eu\/de\/#\/schema\/person\/f6a2a4309f0561835797fd8c19b333ed"},"description":"Die Aussagen von Bundeskanzler Friedrich Merz (CDU) \u00fcber den russischen Staatschef Wladimir Putin sto\u00dfen in Russland auf deutliche Ablehnung. \"Merz hat in den vergangenen Stunden sehr viele unangemessene \u00c4u\u00dferungen gemacht\", sagte Pr\u00e4sidialamtssprecher\u00a0Dmitri\u00a0Peskow laut der russischen Nachrichtenagentur Interfax. \"Daher kann seine Meinung derzeit kaum ber\u00fccksichtigt werden.\"","breadcrumb":{"@id":"https:\/\/vof-news.eu\/de\/russische-fuhrung-kritisiert-merz-aussagen-uber-putin\/#breadcrumb"},"inLanguage":"de","potentialAction":[{"@type":"ReadAction","target":["https:\/\/vof-news.eu\/de\/russische-fuhrung-kritisiert-merz-aussagen-uber-putin\/"]}]},{"@type":"ImageObject","inLanguage":"de","@id":"https:\/\/vof-news.eu\/de\/russische-fuhrung-kritisiert-merz-aussagen-uber-putin\/#primaryimage","url":"https:\/\/vof-news.eu\/wp-content\/uploads\/2025\/09\/wide__1000x562-12.jpg","contentUrl":"https:\/\/vof-news.eu\/wp-content\/uploads\/2025\/09\/wide__1000x562-12.jpg","width":1000,"height":562},{"@type":"BreadcrumbList","@id":"https:\/\/vof-news.eu\/de\/russische-fuhrung-kritisiert-merz-aussagen-uber-putin\/#breadcrumb","itemListElement":[{"@type":"ListItem","position":1,"name":"Home","item":"https:\/\/vof-news.eu\/de\/"},{"@type":"ListItem","position":2,"name":"Russische F\u00fchrung kritisiert Merz&#8217; Aussagen \u00fcber Putin"}]},{"@type":"WebSite","@id":"https:\/\/vof-news.eu\/de\/#website","url":"https:\/\/vof-news.eu\/de\/","name":"vof-news.eu","description":"","potentialAction":[{"@type":"SearchAction","target":{"@type":"EntryPoint","urlTemplate":"https:\/\/vof-news.eu\/de\/?s={search_term_string}"},"query-input":"required name=search_term_string"}],"inLanguage":"de"},{"@type":"Person","@id":"https:\/\/vof-news.eu\/de\/#\/schema\/person\/f6a2a4309f0561835797fd8c19b333ed","name":"Author","image":{"@type":"ImageObject","inLanguage":"de","@id":"https:\/\/vof-news.eu\/de\/#\/schema\/person\/image\/","url":"https:\/\/secure.gravatar.com\/avatar\/b67e614b1b25b3e9c0c239efdd2fde5ab015b5affd6f1c3c85911ca4b384e790?s=96&d=mm&r=g","contentUrl":"https:\/\/secure.gravatar.com\/avatar\/b67e614b1b25b3e9c0c239efdd2fde5ab015b5affd6f1c3c85911ca4b384e790?s=96&d=mm&r=g","caption":"Author"},"sameAs":["http:\/\/vof-news.eu"],"url":"https:\/\/vof-news.eu\/de\/author\/zwt6qxnjulxbnyg\/"}]}},"yoast_meta":{"yoast_wpseo_title":"","yoast_wpseo_metadesc":"","yoast_wpseo_canonical":""},"_links":{"self":[{"href":"https:\/\/vof-news.eu\/de\/wp-json\/wp\/v2\/posts\/270737","targetHints":{"allow":["GET"]}}],"collection":[{"href":"https:\/\/vof-news.eu\/de\/wp-json\/wp\/v2\/posts"}],"about":[{"href":"https:\/\/vof-news.eu\/de\/wp-json\/wp\/v2\/types\/post"}],"author":[{"embeddable":true,"href":"https:\/\/vof-news.eu\/de\/wp-json\/wp\/v2\/users\/1"}],"replies":[{"embeddable":true,"href":"https:\/\/vof-news.eu\/de\/wp-json\/wp\/v2\/comments?post=270737"}],"version-history":[{"count":1,"href":"https:\/\/vof-news.eu\/de\/wp-json\/wp\/v2\/posts\/270737\/revisions"}],"predecessor-version":[{"id":270744,"href":"https:\/\/vof-news.eu\/de\/wp-json\/wp\/v2\/posts\/270737\/revisions\/270744"}],"wp:featuredmedia":[{"embeddable":true,"href":"https:\/\/vof-news.eu\/de\/wp-json\/wp\/v2\/media\/270738"}],"wp:attachment":[{"href":"https:\/\/vof-news.eu\/de\/wp-json\/wp\/v2\/media?parent=270737"}],"wp:term":[{"taxonomy":"category","embeddable":true,"href":"https:\/\/vof-news.eu\/de\/wp-json\/wp\/v2\/categories?post=270737"},{"taxonomy":"post_tag","embeddable":true,"href":"https:\/\/vof-news.eu\/de\/wp-json\/wp\/v2\/tags?post=270737"}],"curies":[{"name":"wp","href":"https:\/\/api.w.org\/{rel}","templated":true}]}}