{"id":270586,"date":"2025-09-03T07:28:08","date_gmt":"2025-09-03T04:28:08","guid":{"rendered":"https:\/\/vof-news.eu\/china-empfangt-staatschefs-von-nordkorea-und-russland-zu-militarparade\/"},"modified":"2025-09-03T07:29:07","modified_gmt":"2025-09-03T04:29:07","slug":"china-empfangt-staatschefs-von-nordkorea-und-russland-zu-militarparade","status":"publish","type":"post","link":"https:\/\/vof-news.eu\/de\/china-empfangt-staatschefs-von-nordkorea-und-russland-zu-militarparade\/","title":{"rendered":"China empf\u00e4ngt Staatschefs von Nordkorea und Russland zu Milit\u00e4rparade"},"content":{"rendered":"<div>\n<p><a href=\"https:\/\/www.zeit.de\/thema\/china\" rel=\"nofollow\">China<\/a> hat mit seiner bislang gr\u00f6\u00dften Milit\u00e4rparade in <span><a href=\"https:\/\/www.zeit.de\/thema\/peking\" rel=\"nofollow\">Peking<\/a><\/span>\u00a0den 80. Jahrestag des Endes des Zweiten Weltkriegs begangen.\u00a0&#8222;Heute steht die Menschheit erneut vor der Wahl zwischen Frieden und Krieg, Dialog und Konfrontation&#8220;, sagte der chinesische Staatschef <a href=\"https:\/\/www.zeit.de\/thema\/xi-jinping\" rel=\"nofollow\">Xi Jinping<\/a>\u00a0w\u00e4hrend seiner Rede\u00a0anl\u00e4sslich des Sieges \u00fcber Japan im Zweiten Weltkrieg vor 80 Jahren.\u00a0Das chinesische Volk stehe fest auf der richtigen Seite der Geschichte.\n<\/p>\n<p>In einer offenen Limousine inspizierte der chinesische Pr\u00e4sident anschlie\u00dfend vor mehr als 50.000 Zuschauerinnen und Zuschauern\u00a0Truppen und Waffensysteme wie Raketen, Panzer und Drohnen.\u00a0Im Vorfeld hatte das Milit\u00e4r angek\u00fcndigt, in den 45 vorbeiziehenden Formationen auch neue und ausschlie\u00dflich in <span><a href=\"https:\/\/www.zeit.de\/thema\/china\" rel=\"nofollow\">China<\/a><\/span> produzierte Waffen zu zeigen.\u00a0Hubschrauber mit gro\u00dfen Bannern flogen w\u00e4hrend der 70-min\u00fctigen, von Symbolik und Propaganda gepr\u00e4gten Zeremonie in Formation \u00fcber den Platz.\u00a0\n<\/p>\n<p>Zu den G\u00e4sten der Milit\u00e4rparade geh\u00f6rten unter anderem der russische Pr\u00e4sident\u00a0<a href=\"https:\/\/www.zeit.de\/thema\/wladimir-putin\" rel=\"nofollow\">Wladimir Putin<\/a> und der nordkoreanische Machthaber <a href=\"https:\/\/www.zeit.de\/thema\/kim-jong-un\" rel=\"nofollow\">Kim Jong Un<\/a>.\u00a0Xi gab ihnen vor Beginn der Veranstaltung die Hand und unterhielt sich mit beiden Ehreng\u00e4sten.\u00a0Die Milit\u00e4rparade ist der erste gemeinsame \u00f6ffentliche Auftritt der drei Staatschefs.\u00a0Er gilt als Zeichen der Solidarit\u00e4t zwischen den L\u00e4ndern, die von ukrainischen Verb\u00fcndeten wie Deutschland oder den USA wegen ihrer Rolle im seit dreieinhalb Jahren andauernden russischen Angriffskrieg international isoliert werden.\u00a0\n<\/p>\n<h2>Donald Trump gibt sich unbeeindruckt<\/h2>\n<p>US-Pr\u00e4sident Donald Trump kommentierte das Geschehen in seinem sozialen Netzwerk Truth Social. Er fragte, ob Xi in seiner Rede an die Unterst\u00fctzung erinnern werde, die die USA China im Kampf gegen den japanischen Aggressor gegeben h\u00e4tten. Viele Amerikaner seien f\u00fcr Chinas Sieg und Ruhm gestorben. Er hoffe, dass diese Opfer geehrt w\u00fcrden. &#8222;Bitte richten Sie meine herzlichsten Gr\u00fc\u00dfe an Wladimir Putin und Kim Jong Un aus, w\u00e4hrend Sie gegen die Vereinigten Staaten von Amerika konspirieren&#8220;, schrieb Trump.\n<\/p>\n<p>Vor dem\u00a0Treffen hatte der US-Pr\u00e4sident gesagt,\u00a0er sei &#8222;\u00fcberhaupt nicht besorgt&#8220; \u00fcber eine gegen die USA gerichtete <a href=\"https:\/\/www.zeit.de\/wirtschaft\/2025-09\/gipfel-china-tianjin-indien-russland-brics\" rel=\"nofollow\">Koalition zwischen China und Russland<\/a>. Allerdings hatte sich Trump zuletzt entt\u00e4uscht \u00fcber Putin gezeigt, weil die von ihm angesto\u00dfenen <a href=\"https:\/\/www.zeit.de\/politik\/2025-09\/wladimir-putin-donald-trump-wolodymyr-selenskyj-treffen-russland-gxe\" rel=\"nofollow\">Friedensbem\u00fchungen in der Ukraine nicht vorankommen<\/a>. Der US-Pr\u00e4sident\u00a0hat zudem China Strafz\u00f6lle wegen der Importe russischen \u00d6ls angedroht.\n<\/p>\n<p>Insgesamt wurden zu der Milit\u00e4rparade nach chinesischen Angaben mehr als 20 Staats-\u00a0und\u00a0Regierungschefs erwartet.\u00a0Politiker aus der EU oder Nordamerika blieben der Parade gr\u00f6\u00dftenteils fern.\u00a0China zufolge wollten\u00a0der slowakische Regierungschef Robert Fico und der\u00a0serbische Pr\u00e4sident Aleksandar\u00a0Vu\u010di\u0107 allerdings an der Veranstaltung teilnehmen.\u00a0Beide Politiker verfolgen eine russlandfreundliche Politik.\n<\/p>\n<h2>Kim reist nur selten ins Ausland<\/h2>\n<p>Putin war bereits zuvor zu einem mehrt\u00e4gigen Besuch nach China gereist, bei dem er am\u00a0<a href=\"https:\/\/www.zeit.de\/politik\/ausland\/2025-08\/indien-china-narendra-modi-xi-jinping-annaeherung\" rel=\"nofollow\">Gipfel der Shanghaier Organisation f\u00fcr Zusammenarbeit (SOZ) in Tianjin<\/a> teilnahm. Dort hielten sich Putin und Indiens Premierminister Narendra Modi demonstrativ an den H\u00e4nden und zeigten sich gut gelaunt an der Seite von Xi.\u00a0\n<\/p>\n<p>Kim war bereits am Dienstag in Peking eingetroffen. Der Machthaber des international weitgehend isolierten Landes reist nur selten ins Ausland. In China, dem wichtigsten\u00a0Unterst\u00fctzer\u00a0<span><a href=\"https:\/\/www.zeit.de\/thema\/nordkorea\" rel=\"nofollow\">Nordkoreas<\/a><\/span>, war er nach offiziellen Angaben zuletzt im Jahr 2019.\u00a0\n<\/p>\n<p>Kim ist ein wichtiger Akteur im Ukrainekrieg. Der nordkoreanische Machthaber hat mehr als 15.000 Soldaten zur Unterst\u00fctzung von Putins Angriffskrieg entsandt.\u00a0<span><a href=\"https:\/\/www.zeit.de\/thema\/russland\" rel=\"nofollow\">Russland<\/a><\/span> und Nordkorea haben 2024 einen milit\u00e4rischen Pakt unterzeichnet, eine \u00e4hnliche Vereinbarung besteht auch zwischen Nordkorea und China.\u00a0\n<\/p>\n<h2>China verfolgt au\u00dfenpolitische Ziele<\/h2>\n<p>Die Volksrepublik h\u00e4lt dieses Jahr zum zweiten Mal eine Milit\u00e4rparade anl\u00e4sslich des Gedenkens an den Sieg \u00fcber Japan im <span><a href=\"https:\/\/www.zeit.de\/thema\/zweiter-weltkrieg\" rel=\"nofollow\">Zweiten Weltkrieg<\/a><\/span> ab. Zuletzt feierte China dies im Jahr 2015 zum 70. Jahrestag. Die letzte gro\u00dfe Milit\u00e4rparade in Peking fand 2019 statt. Damals erinnerte die herrschende Kommunistische Partei an den 70. Jahrestag der Gr\u00fcndung der Volksrepublik 1949.\n<\/p>\n<p>Laut Einsch\u00e4tzung von Claus Soong vom Berliner China-Institut Merics verfolgt Peking mit der Parade vor allem au\u00dfenpolitische Ziele. Sie sei &#8222;eine Plattform, um die historische Erinnerung an den Zweiten Weltkrieg neu zu interpretieren&#8220;, sagte er. China wolle zeigen, dass es heute stark genug sei, seine eigene Sicht auf Geschichte und Weltordnung vorzulegen.\n<\/p>\n<\/div>\n","protected":false},"excerpt":{"rendered":"<p>China hat mit seiner bislang gr\u00f6\u00dften Milit\u00e4rparade in Peking\u00a0den 80. Jahrestag des Endes des Zweiten Weltkriegs begangen.\u00a0&#8222;Heute steht die Menschheit erneut vor der Wahl zwischen Frieden und Krieg, Dialog und Konfrontation&#8220;, sagte der chinesische Staatschef Xi Jinping\u00a0w\u00e4hrend seiner Rede\u00a0anl\u00e4sslich des Sieges \u00fcber Japan im Zweiten Weltkrieg vor 80 Jahren.\u00a0Das chinesische Volk stehe fest auf der<\/p>\n","protected":false},"author":1,"featured_media":270587,"comment_status":"open","ping_status":"open","sticky":false,"template":"","format":"standard","meta":{"footnotes":""},"categories":[116],"tags":[],"class_list":["post-270586","post","type-post","status-publish","format-standard","has-post-thumbnail","hentry","category-war-chronicles-de"],"acf":[],"yoast_head":"<!-- This site is optimized with the Yoast SEO plugin v22.9 - https:\/\/yoast.com\/wordpress\/plugins\/seo\/ -->\n<title>China empf\u00e4ngt Staatschefs von Nordkorea und Russland zu Milit\u00e4rparade - vof-news.eu<\/title>\n<meta name=\"description\" content=\"China hat mit seiner bislang gr\u00f6\u00dften Milit\u00e4rparade in Peking\u00a0den 80. Jahrestag des Endes des Zweiten Weltkriegs begangen.\u00a0&quot;Heute steht die Menschheit erneut vor der Wahl zwischen Frieden und Krieg, Dialog und Konfrontation&quot;, sagte der chinesische Staatschef Xi Jinping\u00a0w\u00e4hrend seiner Rede\u00a0anl\u00e4sslich des Sieges \u00fcber Japan im Zweiten Weltkrieg vor 80 Jahren.\u00a0Das chinesische Volk stehe fest auf der richtigen Seite der Geschichte.\" \/>\n<meta name=\"robots\" content=\"noindex, follow, max-snippet:-1, max-image-preview:large, max-video-preview:-1\" \/>\n<meta property=\"og:locale\" content=\"de_DE\" \/>\n<meta property=\"og:type\" content=\"article\" \/>\n<meta property=\"og:title\" content=\"China empf\u00e4ngt Staatschefs von Nordkorea und Russland zu Milit\u00e4rparade - vof-news.eu\" \/>\n<meta property=\"og:description\" content=\"China hat mit seiner bislang gr\u00f6\u00dften Milit\u00e4rparade in Peking\u00a0den 80. Jahrestag des Endes des Zweiten Weltkriegs begangen.\u00a0&quot;Heute steht die Menschheit erneut vor der Wahl zwischen Frieden und Krieg, Dialog und Konfrontation&quot;, sagte der chinesische Staatschef Xi Jinping\u00a0w\u00e4hrend seiner Rede\u00a0anl\u00e4sslich des Sieges \u00fcber Japan im Zweiten Weltkrieg vor 80 Jahren.\u00a0Das chinesische Volk stehe fest auf der richtigen Seite der Geschichte.\" \/>\n<meta property=\"og:url\" content=\"https:\/\/vof-news.eu\/de\/china-empfangt-staatschefs-von-nordkorea-und-russland-zu-militarparade\/\" \/>\n<meta property=\"og:site_name\" content=\"vof-news.eu\" \/>\n<meta property=\"article:published_time\" content=\"2025-09-03T04:28:08+00:00\" \/>\n<meta property=\"article:modified_time\" content=\"2025-09-03T04:29:07+00:00\" \/>\n<meta property=\"og:image\" content=\"https:\/\/vof-news.eu\/wp-content\/uploads\/2025\/09\/wide__1000x562-11.jpg\" \/>\n\t<meta property=\"og:image:width\" content=\"1000\" \/>\n\t<meta property=\"og:image:height\" content=\"562\" \/>\n\t<meta property=\"og:image:type\" content=\"image\/jpeg\" \/>\n<meta name=\"author\" content=\"Author\" \/>\n<meta name=\"twitter:card\" content=\"summary_large_image\" \/>\n<meta name=\"twitter:label1\" content=\"Verfasst von\" \/>\n\t<meta name=\"twitter:data1\" content=\"Author\" \/>\n\t<meta name=\"twitter:label2\" content=\"Gesch\u00e4tzte Lesezeit\" \/>\n\t<meta name=\"twitter:data2\" content=\"3\u00a0Minuten\" \/>\n<script type=\"application\/ld+json\" class=\"yoast-schema-graph\">{\"@context\":\"https:\/\/schema.org\",\"@graph\":[{\"@type\":\"WebPage\",\"@id\":\"https:\/\/vof-news.eu\/de\/china-empfangt-staatschefs-von-nordkorea-und-russland-zu-militarparade\/\",\"url\":\"https:\/\/vof-news.eu\/de\/china-empfangt-staatschefs-von-nordkorea-und-russland-zu-militarparade\/\",\"name\":\"China empf\u00e4ngt Staatschefs von Nordkorea und Russland zu Milit\u00e4rparade - vof-news.eu\",\"isPartOf\":{\"@id\":\"https:\/\/vof-news.eu\/de\/#website\"},\"primaryImageOfPage\":{\"@id\":\"https:\/\/vof-news.eu\/de\/china-empfangt-staatschefs-von-nordkorea-und-russland-zu-militarparade\/#primaryimage\"},\"image\":{\"@id\":\"https:\/\/vof-news.eu\/de\/china-empfangt-staatschefs-von-nordkorea-und-russland-zu-militarparade\/#primaryimage\"},\"thumbnailUrl\":\"https:\/\/vof-news.eu\/wp-content\/uploads\/2025\/09\/wide__1000x562-11.jpg\",\"datePublished\":\"2025-09-03T04:28:08+00:00\",\"dateModified\":\"2025-09-03T04:29:07+00:00\",\"author\":{\"@id\":\"https:\/\/vof-news.eu\/de\/#\/schema\/person\/f6a2a4309f0561835797fd8c19b333ed\"},\"description\":\"China hat mit seiner bislang gr\u00f6\u00dften Milit\u00e4rparade in Peking\u00a0den 80. Jahrestag des Endes des Zweiten Weltkriegs begangen.\u00a0\\\"Heute steht die Menschheit erneut vor der Wahl zwischen Frieden und Krieg, Dialog und Konfrontation\\\", sagte der chinesische Staatschef Xi Jinping\u00a0w\u00e4hrend seiner Rede\u00a0anl\u00e4sslich des Sieges \u00fcber Japan im Zweiten Weltkrieg vor 80 Jahren.\u00a0Das chinesische Volk stehe fest auf der richtigen Seite der Geschichte.\",\"breadcrumb\":{\"@id\":\"https:\/\/vof-news.eu\/de\/china-empfangt-staatschefs-von-nordkorea-und-russland-zu-militarparade\/#breadcrumb\"},\"inLanguage\":\"de\",\"potentialAction\":[{\"@type\":\"ReadAction\",\"target\":[\"https:\/\/vof-news.eu\/de\/china-empfangt-staatschefs-von-nordkorea-und-russland-zu-militarparade\/\"]}]},{\"@type\":\"ImageObject\",\"inLanguage\":\"de\",\"@id\":\"https:\/\/vof-news.eu\/de\/china-empfangt-staatschefs-von-nordkorea-und-russland-zu-militarparade\/#primaryimage\",\"url\":\"https:\/\/vof-news.eu\/wp-content\/uploads\/2025\/09\/wide__1000x562-11.jpg\",\"contentUrl\":\"https:\/\/vof-news.eu\/wp-content\/uploads\/2025\/09\/wide__1000x562-11.jpg\",\"width\":1000,\"height\":562},{\"@type\":\"BreadcrumbList\",\"@id\":\"https:\/\/vof-news.eu\/de\/china-empfangt-staatschefs-von-nordkorea-und-russland-zu-militarparade\/#breadcrumb\",\"itemListElement\":[{\"@type\":\"ListItem\",\"position\":1,\"name\":\"Home\",\"item\":\"https:\/\/vof-news.eu\/de\/\"},{\"@type\":\"ListItem\",\"position\":2,\"name\":\"China empf\u00e4ngt Staatschefs von Nordkorea und Russland zu Milit\u00e4rparade\"}]},{\"@type\":\"WebSite\",\"@id\":\"https:\/\/vof-news.eu\/de\/#website\",\"url\":\"https:\/\/vof-news.eu\/de\/\",\"name\":\"vof-news.eu\",\"description\":\"\",\"potentialAction\":[{\"@type\":\"SearchAction\",\"target\":{\"@type\":\"EntryPoint\",\"urlTemplate\":\"https:\/\/vof-news.eu\/de\/?s={search_term_string}\"},\"query-input\":\"required name=search_term_string\"}],\"inLanguage\":\"de\"},{\"@type\":\"Person\",\"@id\":\"https:\/\/vof-news.eu\/de\/#\/schema\/person\/f6a2a4309f0561835797fd8c19b333ed\",\"name\":\"Author\",\"image\":{\"@type\":\"ImageObject\",\"inLanguage\":\"de\",\"@id\":\"https:\/\/vof-news.eu\/de\/#\/schema\/person\/image\/\",\"url\":\"https:\/\/secure.gravatar.com\/avatar\/b67e614b1b25b3e9c0c239efdd2fde5ab015b5affd6f1c3c85911ca4b384e790?s=96&d=mm&r=g\",\"contentUrl\":\"https:\/\/secure.gravatar.com\/avatar\/b67e614b1b25b3e9c0c239efdd2fde5ab015b5affd6f1c3c85911ca4b384e790?s=96&d=mm&r=g\",\"caption\":\"Author\"},\"sameAs\":[\"http:\/\/vof-news.eu\"],\"url\":\"https:\/\/vof-news.eu\/de\/author\/zwt6qxnjulxbnyg\/\"}]}<\/script>\n<!-- \/ Yoast SEO plugin. -->","yoast_head_json":{"title":"China empf\u00e4ngt Staatschefs von Nordkorea und Russland zu Milit\u00e4rparade - vof-news.eu","description":"China hat mit seiner bislang gr\u00f6\u00dften Milit\u00e4rparade in Peking\u00a0den 80. Jahrestag des Endes des Zweiten Weltkriegs begangen.\u00a0\"Heute steht die Menschheit erneut vor der Wahl zwischen Frieden und Krieg, Dialog und Konfrontation\", sagte der chinesische Staatschef Xi Jinping\u00a0w\u00e4hrend seiner Rede\u00a0anl\u00e4sslich des Sieges \u00fcber Japan im Zweiten Weltkrieg vor 80 Jahren.\u00a0Das chinesische Volk stehe fest auf der richtigen Seite der Geschichte.","robots":{"index":"noindex","follow":"follow","max-snippet":"max-snippet:-1","max-image-preview":"max-image-preview:large","max-video-preview":"max-video-preview:-1"},"og_locale":"de_DE","og_type":"article","og_title":"China empf\u00e4ngt Staatschefs von Nordkorea und Russland zu Milit\u00e4rparade - vof-news.eu","og_description":"China hat mit seiner bislang gr\u00f6\u00dften Milit\u00e4rparade in Peking\u00a0den 80. Jahrestag des Endes des Zweiten Weltkriegs begangen.\u00a0\"Heute steht die Menschheit erneut vor der Wahl zwischen Frieden und Krieg, Dialog und Konfrontation\", sagte der chinesische Staatschef Xi Jinping\u00a0w\u00e4hrend seiner Rede\u00a0anl\u00e4sslich des Sieges \u00fcber Japan im Zweiten Weltkrieg vor 80 Jahren.\u00a0Das chinesische Volk stehe fest auf der richtigen Seite der Geschichte.","og_url":"https:\/\/vof-news.eu\/de\/china-empfangt-staatschefs-von-nordkorea-und-russland-zu-militarparade\/","og_site_name":"vof-news.eu","article_published_time":"2025-09-03T04:28:08+00:00","article_modified_time":"2025-09-03T04:29:07+00:00","og_image":[{"width":1000,"height":562,"url":"https:\/\/vof-news.eu\/wp-content\/uploads\/2025\/09\/wide__1000x562-11.jpg","type":"image\/jpeg"}],"author":"Author","twitter_card":"summary_large_image","twitter_misc":{"Verfasst von":"Author","Gesch\u00e4tzte Lesezeit":"3\u00a0Minuten"},"schema":{"@context":"https:\/\/schema.org","@graph":[{"@type":"WebPage","@id":"https:\/\/vof-news.eu\/de\/china-empfangt-staatschefs-von-nordkorea-und-russland-zu-militarparade\/","url":"https:\/\/vof-news.eu\/de\/china-empfangt-staatschefs-von-nordkorea-und-russland-zu-militarparade\/","name":"China empf\u00e4ngt Staatschefs von Nordkorea und Russland zu Milit\u00e4rparade - vof-news.eu","isPartOf":{"@id":"https:\/\/vof-news.eu\/de\/#website"},"primaryImageOfPage":{"@id":"https:\/\/vof-news.eu\/de\/china-empfangt-staatschefs-von-nordkorea-und-russland-zu-militarparade\/#primaryimage"},"image":{"@id":"https:\/\/vof-news.eu\/de\/china-empfangt-staatschefs-von-nordkorea-und-russland-zu-militarparade\/#primaryimage"},"thumbnailUrl":"https:\/\/vof-news.eu\/wp-content\/uploads\/2025\/09\/wide__1000x562-11.jpg","datePublished":"2025-09-03T04:28:08+00:00","dateModified":"2025-09-03T04:29:07+00:00","author":{"@id":"https:\/\/vof-news.eu\/de\/#\/schema\/person\/f6a2a4309f0561835797fd8c19b333ed"},"description":"China hat mit seiner bislang gr\u00f6\u00dften Milit\u00e4rparade in Peking\u00a0den 80. Jahrestag des Endes des Zweiten Weltkriegs begangen.\u00a0\"Heute steht die Menschheit erneut vor der Wahl zwischen Frieden und Krieg, Dialog und Konfrontation\", sagte der chinesische Staatschef Xi Jinping\u00a0w\u00e4hrend seiner Rede\u00a0anl\u00e4sslich des Sieges \u00fcber Japan im Zweiten Weltkrieg vor 80 Jahren.\u00a0Das chinesische Volk stehe fest auf der richtigen Seite der Geschichte.","breadcrumb":{"@id":"https:\/\/vof-news.eu\/de\/china-empfangt-staatschefs-von-nordkorea-und-russland-zu-militarparade\/#breadcrumb"},"inLanguage":"de","potentialAction":[{"@type":"ReadAction","target":["https:\/\/vof-news.eu\/de\/china-empfangt-staatschefs-von-nordkorea-und-russland-zu-militarparade\/"]}]},{"@type":"ImageObject","inLanguage":"de","@id":"https:\/\/vof-news.eu\/de\/china-empfangt-staatschefs-von-nordkorea-und-russland-zu-militarparade\/#primaryimage","url":"https:\/\/vof-news.eu\/wp-content\/uploads\/2025\/09\/wide__1000x562-11.jpg","contentUrl":"https:\/\/vof-news.eu\/wp-content\/uploads\/2025\/09\/wide__1000x562-11.jpg","width":1000,"height":562},{"@type":"BreadcrumbList","@id":"https:\/\/vof-news.eu\/de\/china-empfangt-staatschefs-von-nordkorea-und-russland-zu-militarparade\/#breadcrumb","itemListElement":[{"@type":"ListItem","position":1,"name":"Home","item":"https:\/\/vof-news.eu\/de\/"},{"@type":"ListItem","position":2,"name":"China empf\u00e4ngt Staatschefs von Nordkorea und Russland zu Milit\u00e4rparade"}]},{"@type":"WebSite","@id":"https:\/\/vof-news.eu\/de\/#website","url":"https:\/\/vof-news.eu\/de\/","name":"vof-news.eu","description":"","potentialAction":[{"@type":"SearchAction","target":{"@type":"EntryPoint","urlTemplate":"https:\/\/vof-news.eu\/de\/?s={search_term_string}"},"query-input":"required name=search_term_string"}],"inLanguage":"de"},{"@type":"Person","@id":"https:\/\/vof-news.eu\/de\/#\/schema\/person\/f6a2a4309f0561835797fd8c19b333ed","name":"Author","image":{"@type":"ImageObject","inLanguage":"de","@id":"https:\/\/vof-news.eu\/de\/#\/schema\/person\/image\/","url":"https:\/\/secure.gravatar.com\/avatar\/b67e614b1b25b3e9c0c239efdd2fde5ab015b5affd6f1c3c85911ca4b384e790?s=96&d=mm&r=g","contentUrl":"https:\/\/secure.gravatar.com\/avatar\/b67e614b1b25b3e9c0c239efdd2fde5ab015b5affd6f1c3c85911ca4b384e790?s=96&d=mm&r=g","caption":"Author"},"sameAs":["http:\/\/vof-news.eu"],"url":"https:\/\/vof-news.eu\/de\/author\/zwt6qxnjulxbnyg\/"}]}},"yoast_meta":{"yoast_wpseo_title":"","yoast_wpseo_metadesc":"","yoast_wpseo_canonical":""},"_links":{"self":[{"href":"https:\/\/vof-news.eu\/de\/wp-json\/wp\/v2\/posts\/270586","targetHints":{"allow":["GET"]}}],"collection":[{"href":"https:\/\/vof-news.eu\/de\/wp-json\/wp\/v2\/posts"}],"about":[{"href":"https:\/\/vof-news.eu\/de\/wp-json\/wp\/v2\/types\/post"}],"author":[{"embeddable":true,"href":"https:\/\/vof-news.eu\/de\/wp-json\/wp\/v2\/users\/1"}],"replies":[{"embeddable":true,"href":"https:\/\/vof-news.eu\/de\/wp-json\/wp\/v2\/comments?post=270586"}],"version-history":[{"count":1,"href":"https:\/\/vof-news.eu\/de\/wp-json\/wp\/v2\/posts\/270586\/revisions"}],"predecessor-version":[{"id":270593,"href":"https:\/\/vof-news.eu\/de\/wp-json\/wp\/v2\/posts\/270586\/revisions\/270593"}],"wp:featuredmedia":[{"embeddable":true,"href":"https:\/\/vof-news.eu\/de\/wp-json\/wp\/v2\/media\/270587"}],"wp:attachment":[{"href":"https:\/\/vof-news.eu\/de\/wp-json\/wp\/v2\/media?parent=270586"}],"wp:term":[{"taxonomy":"category","embeddable":true,"href":"https:\/\/vof-news.eu\/de\/wp-json\/wp\/v2\/categories?post=270586"},{"taxonomy":"post_tag","embeddable":true,"href":"https:\/\/vof-news.eu\/de\/wp-json\/wp\/v2\/tags?post=270586"}],"curies":[{"name":"wp","href":"https:\/\/api.w.org\/{rel}","templated":true}]}}