{"id":270554,"date":"2025-09-03T05:28:07","date_gmt":"2025-09-03T02:28:07","guid":{"rendered":"https:\/\/vof-news.eu\/merz-nennt-putin-vielleicht-schwersten-kriegsverbrecher-unserer-zeit\/"},"modified":"2025-09-03T05:28:47","modified_gmt":"2025-09-03T02:28:47","slug":"merz-nennt-putin-vielleicht-schwersten-kriegsverbrecher-unserer-zeit","status":"publish","type":"post","link":"https:\/\/vof-news.eu\/de\/merz-nennt-putin-vielleicht-schwersten-kriegsverbrecher-unserer-zeit\/","title":{"rendered":"Merz nennt Putin &#8222;vielleicht schwersten Kriegsverbrecher unserer Zeit&#8220;"},"content":{"rendered":"<div>\n<p>Bundeskanzler <a href=\"https:\/\/www.zeit.de\/thema\/friedrich-merz\" rel=\"nofollow\">Friedrich Merz<\/a> (CDU) will den wirtschaftlichen Druck auf Russland erh\u00f6hen.\u00a0Der russische<br \/>\nPr\u00e4sident <span><a href=\"https:\/\/www.zeit.de\/thema\/wladimir-putin\" rel=\"nofollow\">Wladimir Putin<\/a><\/span> sehe im Augenblick \u00fcberhaupt keinen Grund, sich einem<br \/>\nWaffenstillstand oder gar einem Friedensabkommen mit der <a href=\"https:\/\/www.zeit.de\/thema\/krieg-in-ukraine\" rel=\"nofollow\">Ukraine<\/a><br \/>\nzu n\u00e4hern,\u00a0sagte Merz den TV-Sendern von ProSiebenSat1. &#8222;Den Grund m\u00fcssen wir schaffen. Milit\u00e4risch wird das<br \/>\nschwierig, aber \u00f6konomisch kann das gehen.&#8220;\u00a0\n<\/p>\n<p>Man m\u00fcsse daf\u00fcr<br \/>\nsorgen, dass <span><a href=\"https:\/\/www.zeit.de\/thema\/russland\" rel=\"nofollow\">Russland<\/a><\/span> nicht mehr in der Lage sei, seine<br \/>\nKriegswirtschaft aufrechtzuerhalten, sagte der Kanzler. &#8222;Ich spreche in diesem<br \/>\nZusammenhang von einer \u00f6konomischen Ersch\u00f6pfung, die wir mit<br \/>\nherbeif\u00fchren m\u00fcssen.&#8220; Dies gehe etwa durch Z\u00f6lle auf diejenigen,<br \/>\ndie immer noch mit Russland Handel treiben.\n<\/p>\n<p>Merz bezeichnete <a href=\"https:\/\/www.zeit.de\/thema\/wladimir-putin\" rel=\"nofollow\">Putin<\/a> als &#8222;den vielleicht schwersten Kriegsverbrecher<br \/>\nunserer Zeit&#8220;. Nachgiebigkeit<br \/>\nsei deshalb fehl am Platz. &#8222;Ich habe keine Veranlassung, Putin<br \/>\nan irgendeiner Stelle Glauben zu schenken.&#8220;\u00a0\n<\/p>\n<h2>Merz sieht Entsendung deutscher Soldaten kritisch<\/h2>\n<p>Eine Entsendung deutscher Truppen in die <span><a href=\"https:\/\/www.zeit.de\/politik\/ausland\/ukraine-krieg-news-liveblog\" rel=\"nofollow\">Ukraine<\/a><\/span> vor einem<br \/>\nm\u00f6glichen Waffenstillstand schloss er aus. &#8222;Bis zu diesem Zeitpunkt wird<br \/>\n es sicherlich keine Truppenentsendungen in die Ukraine geben, und<br \/>\nselbst danach stelle ich es f\u00fcr die Bundesrepublik Deutschland unter<br \/>\nerhebliche Vorbehalte&#8220;, sagte Merz.\n<\/p>\n<p>Auf die Frage, ob es im Kreis der<br \/>\nUkraineunterst\u00fctzer bereits konkrete Pl\u00e4ne zur Entsendung von<br \/>\nSoldatinnen und Soldaten gebe, sagte Merz,<br \/>\n &#8222;dass es diese konkreten Pl\u00e4ne jedenfalls in Deutschland nicht gibt&#8220;.<br \/>\nEr f\u00fcgte hinzu: &#8222;Alles Weitere kann erst beantwortet werden, wenn wir<br \/>\nwenigstens erst einmal einen Waffenstillstand haben.&#8220;\n<\/p>\n<p>Er gehe allerdings davon aus, dass der<br \/>\nrussische Pr\u00e4sident Wladimir Putin momentan gar kein Interesse an einem<br \/>\nWaffenstillstand habe, sagte Merz weiter.<br \/>\n In der Ukraine erziele Russland Gel\u00e4ndegewinne, und auf diplomatischer<br \/>\nEbene erfahre Putin derzeit wieder gr\u00f6\u00dfere Anerkennung im Ausland \u2013 auch<br \/>\n wegen des Handelns der US-Regierung.\n<\/p>\n<p><a href=\"https:\/\/www.zeit.de\/politik\/ausland\/ukraine-krieg-news-liveblog\" rel=\"nofollow\"><\/a>\n<\/p>\n<\/div>\n","protected":false},"excerpt":{"rendered":"<p>Bundeskanzler Friedrich Merz (CDU) will den wirtschaftlichen Druck auf Russland erh\u00f6hen.\u00a0Der russische Pr\u00e4sident Wladimir Putin sehe im Augenblick \u00fcberhaupt keinen Grund, sich einem Waffenstillstand oder gar einem Friedensabkommen mit der Ukraine zu n\u00e4hern,\u00a0sagte Merz den TV-Sendern von ProSiebenSat1. &#8222;Den Grund m\u00fcssen wir schaffen. Milit\u00e4risch wird das schwierig, aber \u00f6konomisch kann das gehen.&#8220;\u00a0 Man m\u00fcsse daf\u00fcr<\/p>\n","protected":false},"author":1,"featured_media":270555,"comment_status":"open","ping_status":"open","sticky":false,"template":"","format":"standard","meta":{"footnotes":""},"categories":[116],"tags":[],"class_list":["post-270554","post","type-post","status-publish","format-standard","has-post-thumbnail","hentry","category-war-chronicles-de"],"acf":[],"yoast_head":"<!-- This site is optimized with the Yoast SEO plugin v22.9 - https:\/\/yoast.com\/wordpress\/plugins\/seo\/ -->\n<title>Merz nennt Putin &quot;vielleicht schwersten Kriegsverbrecher unserer Zeit&quot; - vof-news.eu<\/title>\n<meta name=\"description\" content=\"Bundeskanzler Friedrich Merz (CDU) will den wirtschaftlichen Druck auf Russland erh\u00f6hen.\u00a0Der russische\" \/>\n<meta name=\"robots\" content=\"noindex, follow, max-snippet:-1, max-image-preview:large, max-video-preview:-1\" \/>\n<meta property=\"og:locale\" content=\"de_DE\" \/>\n<meta property=\"og:type\" content=\"article\" \/>\n<meta property=\"og:title\" content=\"Merz nennt Putin &quot;vielleicht schwersten Kriegsverbrecher unserer Zeit&quot; - vof-news.eu\" \/>\n<meta property=\"og:description\" content=\"Bundeskanzler Friedrich Merz (CDU) will den wirtschaftlichen Druck auf Russland erh\u00f6hen.\u00a0Der russische\" \/>\n<meta property=\"og:url\" content=\"https:\/\/vof-news.eu\/de\/merz-nennt-putin-vielleicht-schwersten-kriegsverbrecher-unserer-zeit\/\" \/>\n<meta property=\"og:site_name\" content=\"vof-news.eu\" \/>\n<meta property=\"article:published_time\" content=\"2025-09-03T02:28:07+00:00\" \/>\n<meta property=\"article:modified_time\" content=\"2025-09-03T02:28:47+00:00\" \/>\n<meta property=\"og:image\" content=\"https:\/\/vof-news.eu\/wp-content\/uploads\/2025\/09\/wide__1000x562-10.jpg\" \/>\n\t<meta property=\"og:image:width\" content=\"1000\" \/>\n\t<meta property=\"og:image:height\" content=\"562\" \/>\n\t<meta property=\"og:image:type\" content=\"image\/jpeg\" \/>\n<meta name=\"author\" content=\"Author\" \/>\n<meta name=\"twitter:card\" content=\"summary_large_image\" \/>\n<meta name=\"twitter:label1\" content=\"Verfasst von\" \/>\n\t<meta name=\"twitter:data1\" content=\"Author\" \/>\n\t<meta name=\"twitter:label2\" content=\"Gesch\u00e4tzte Lesezeit\" \/>\n\t<meta name=\"twitter:data2\" content=\"1\u00a0Minute\" \/>\n<script type=\"application\/ld+json\" class=\"yoast-schema-graph\">{\"@context\":\"https:\/\/schema.org\",\"@graph\":[{\"@type\":\"WebPage\",\"@id\":\"https:\/\/vof-news.eu\/de\/merz-nennt-putin-vielleicht-schwersten-kriegsverbrecher-unserer-zeit\/\",\"url\":\"https:\/\/vof-news.eu\/de\/merz-nennt-putin-vielleicht-schwersten-kriegsverbrecher-unserer-zeit\/\",\"name\":\"Merz nennt Putin \\\"vielleicht schwersten Kriegsverbrecher unserer Zeit\\\" - vof-news.eu\",\"isPartOf\":{\"@id\":\"https:\/\/vof-news.eu\/de\/#website\"},\"primaryImageOfPage\":{\"@id\":\"https:\/\/vof-news.eu\/de\/merz-nennt-putin-vielleicht-schwersten-kriegsverbrecher-unserer-zeit\/#primaryimage\"},\"image\":{\"@id\":\"https:\/\/vof-news.eu\/de\/merz-nennt-putin-vielleicht-schwersten-kriegsverbrecher-unserer-zeit\/#primaryimage\"},\"thumbnailUrl\":\"https:\/\/vof-news.eu\/wp-content\/uploads\/2025\/09\/wide__1000x562-10.jpg\",\"datePublished\":\"2025-09-03T02:28:07+00:00\",\"dateModified\":\"2025-09-03T02:28:47+00:00\",\"author\":{\"@id\":\"https:\/\/vof-news.eu\/de\/#\/schema\/person\/f6a2a4309f0561835797fd8c19b333ed\"},\"description\":\"Bundeskanzler Friedrich Merz (CDU) will den wirtschaftlichen Druck auf Russland erh\u00f6hen.\u00a0Der russische\",\"breadcrumb\":{\"@id\":\"https:\/\/vof-news.eu\/de\/merz-nennt-putin-vielleicht-schwersten-kriegsverbrecher-unserer-zeit\/#breadcrumb\"},\"inLanguage\":\"de\",\"potentialAction\":[{\"@type\":\"ReadAction\",\"target\":[\"https:\/\/vof-news.eu\/de\/merz-nennt-putin-vielleicht-schwersten-kriegsverbrecher-unserer-zeit\/\"]}]},{\"@type\":\"ImageObject\",\"inLanguage\":\"de\",\"@id\":\"https:\/\/vof-news.eu\/de\/merz-nennt-putin-vielleicht-schwersten-kriegsverbrecher-unserer-zeit\/#primaryimage\",\"url\":\"https:\/\/vof-news.eu\/wp-content\/uploads\/2025\/09\/wide__1000x562-10.jpg\",\"contentUrl\":\"https:\/\/vof-news.eu\/wp-content\/uploads\/2025\/09\/wide__1000x562-10.jpg\",\"width\":1000,\"height\":562},{\"@type\":\"BreadcrumbList\",\"@id\":\"https:\/\/vof-news.eu\/de\/merz-nennt-putin-vielleicht-schwersten-kriegsverbrecher-unserer-zeit\/#breadcrumb\",\"itemListElement\":[{\"@type\":\"ListItem\",\"position\":1,\"name\":\"Home\",\"item\":\"https:\/\/vof-news.eu\/de\/\"},{\"@type\":\"ListItem\",\"position\":2,\"name\":\"Merz nennt Putin &#8220;vielleicht schwersten Kriegsverbrecher unserer Zeit&#8221;\"}]},{\"@type\":\"WebSite\",\"@id\":\"https:\/\/vof-news.eu\/de\/#website\",\"url\":\"https:\/\/vof-news.eu\/de\/\",\"name\":\"vof-news.eu\",\"description\":\"\",\"potentialAction\":[{\"@type\":\"SearchAction\",\"target\":{\"@type\":\"EntryPoint\",\"urlTemplate\":\"https:\/\/vof-news.eu\/de\/?s={search_term_string}\"},\"query-input\":\"required name=search_term_string\"}],\"inLanguage\":\"de\"},{\"@type\":\"Person\",\"@id\":\"https:\/\/vof-news.eu\/de\/#\/schema\/person\/f6a2a4309f0561835797fd8c19b333ed\",\"name\":\"Author\",\"image\":{\"@type\":\"ImageObject\",\"inLanguage\":\"de\",\"@id\":\"https:\/\/vof-news.eu\/de\/#\/schema\/person\/image\/\",\"url\":\"https:\/\/secure.gravatar.com\/avatar\/b67e614b1b25b3e9c0c239efdd2fde5ab015b5affd6f1c3c85911ca4b384e790?s=96&d=mm&r=g\",\"contentUrl\":\"https:\/\/secure.gravatar.com\/avatar\/b67e614b1b25b3e9c0c239efdd2fde5ab015b5affd6f1c3c85911ca4b384e790?s=96&d=mm&r=g\",\"caption\":\"Author\"},\"sameAs\":[\"http:\/\/vof-news.eu\"],\"url\":\"https:\/\/vof-news.eu\/de\/author\/zwt6qxnjulxbnyg\/\"}]}<\/script>\n<!-- \/ Yoast SEO plugin. -->","yoast_head_json":{"title":"Merz nennt Putin \"vielleicht schwersten Kriegsverbrecher unserer Zeit\" - vof-news.eu","description":"Bundeskanzler Friedrich Merz (CDU) will den wirtschaftlichen Druck auf Russland erh\u00f6hen.\u00a0Der russische","robots":{"index":"noindex","follow":"follow","max-snippet":"max-snippet:-1","max-image-preview":"max-image-preview:large","max-video-preview":"max-video-preview:-1"},"og_locale":"de_DE","og_type":"article","og_title":"Merz nennt Putin \"vielleicht schwersten Kriegsverbrecher unserer Zeit\" - vof-news.eu","og_description":"Bundeskanzler Friedrich Merz (CDU) will den wirtschaftlichen Druck auf Russland erh\u00f6hen.\u00a0Der russische","og_url":"https:\/\/vof-news.eu\/de\/merz-nennt-putin-vielleicht-schwersten-kriegsverbrecher-unserer-zeit\/","og_site_name":"vof-news.eu","article_published_time":"2025-09-03T02:28:07+00:00","article_modified_time":"2025-09-03T02:28:47+00:00","og_image":[{"width":1000,"height":562,"url":"https:\/\/vof-news.eu\/wp-content\/uploads\/2025\/09\/wide__1000x562-10.jpg","type":"image\/jpeg"}],"author":"Author","twitter_card":"summary_large_image","twitter_misc":{"Verfasst von":"Author","Gesch\u00e4tzte Lesezeit":"1\u00a0Minute"},"schema":{"@context":"https:\/\/schema.org","@graph":[{"@type":"WebPage","@id":"https:\/\/vof-news.eu\/de\/merz-nennt-putin-vielleicht-schwersten-kriegsverbrecher-unserer-zeit\/","url":"https:\/\/vof-news.eu\/de\/merz-nennt-putin-vielleicht-schwersten-kriegsverbrecher-unserer-zeit\/","name":"Merz nennt Putin \"vielleicht schwersten Kriegsverbrecher unserer Zeit\" - vof-news.eu","isPartOf":{"@id":"https:\/\/vof-news.eu\/de\/#website"},"primaryImageOfPage":{"@id":"https:\/\/vof-news.eu\/de\/merz-nennt-putin-vielleicht-schwersten-kriegsverbrecher-unserer-zeit\/#primaryimage"},"image":{"@id":"https:\/\/vof-news.eu\/de\/merz-nennt-putin-vielleicht-schwersten-kriegsverbrecher-unserer-zeit\/#primaryimage"},"thumbnailUrl":"https:\/\/vof-news.eu\/wp-content\/uploads\/2025\/09\/wide__1000x562-10.jpg","datePublished":"2025-09-03T02:28:07+00:00","dateModified":"2025-09-03T02:28:47+00:00","author":{"@id":"https:\/\/vof-news.eu\/de\/#\/schema\/person\/f6a2a4309f0561835797fd8c19b333ed"},"description":"Bundeskanzler Friedrich Merz (CDU) will den wirtschaftlichen Druck auf Russland erh\u00f6hen.\u00a0Der russische","breadcrumb":{"@id":"https:\/\/vof-news.eu\/de\/merz-nennt-putin-vielleicht-schwersten-kriegsverbrecher-unserer-zeit\/#breadcrumb"},"inLanguage":"de","potentialAction":[{"@type":"ReadAction","target":["https:\/\/vof-news.eu\/de\/merz-nennt-putin-vielleicht-schwersten-kriegsverbrecher-unserer-zeit\/"]}]},{"@type":"ImageObject","inLanguage":"de","@id":"https:\/\/vof-news.eu\/de\/merz-nennt-putin-vielleicht-schwersten-kriegsverbrecher-unserer-zeit\/#primaryimage","url":"https:\/\/vof-news.eu\/wp-content\/uploads\/2025\/09\/wide__1000x562-10.jpg","contentUrl":"https:\/\/vof-news.eu\/wp-content\/uploads\/2025\/09\/wide__1000x562-10.jpg","width":1000,"height":562},{"@type":"BreadcrumbList","@id":"https:\/\/vof-news.eu\/de\/merz-nennt-putin-vielleicht-schwersten-kriegsverbrecher-unserer-zeit\/#breadcrumb","itemListElement":[{"@type":"ListItem","position":1,"name":"Home","item":"https:\/\/vof-news.eu\/de\/"},{"@type":"ListItem","position":2,"name":"Merz nennt Putin &#8220;vielleicht schwersten Kriegsverbrecher unserer Zeit&#8221;"}]},{"@type":"WebSite","@id":"https:\/\/vof-news.eu\/de\/#website","url":"https:\/\/vof-news.eu\/de\/","name":"vof-news.eu","description":"","potentialAction":[{"@type":"SearchAction","target":{"@type":"EntryPoint","urlTemplate":"https:\/\/vof-news.eu\/de\/?s={search_term_string}"},"query-input":"required name=search_term_string"}],"inLanguage":"de"},{"@type":"Person","@id":"https:\/\/vof-news.eu\/de\/#\/schema\/person\/f6a2a4309f0561835797fd8c19b333ed","name":"Author","image":{"@type":"ImageObject","inLanguage":"de","@id":"https:\/\/vof-news.eu\/de\/#\/schema\/person\/image\/","url":"https:\/\/secure.gravatar.com\/avatar\/b67e614b1b25b3e9c0c239efdd2fde5ab015b5affd6f1c3c85911ca4b384e790?s=96&d=mm&r=g","contentUrl":"https:\/\/secure.gravatar.com\/avatar\/b67e614b1b25b3e9c0c239efdd2fde5ab015b5affd6f1c3c85911ca4b384e790?s=96&d=mm&r=g","caption":"Author"},"sameAs":["http:\/\/vof-news.eu"],"url":"https:\/\/vof-news.eu\/de\/author\/zwt6qxnjulxbnyg\/"}]}},"yoast_meta":{"yoast_wpseo_title":"","yoast_wpseo_metadesc":"","yoast_wpseo_canonical":""},"_links":{"self":[{"href":"https:\/\/vof-news.eu\/de\/wp-json\/wp\/v2\/posts\/270554","targetHints":{"allow":["GET"]}}],"collection":[{"href":"https:\/\/vof-news.eu\/de\/wp-json\/wp\/v2\/posts"}],"about":[{"href":"https:\/\/vof-news.eu\/de\/wp-json\/wp\/v2\/types\/post"}],"author":[{"embeddable":true,"href":"https:\/\/vof-news.eu\/de\/wp-json\/wp\/v2\/users\/1"}],"replies":[{"embeddable":true,"href":"https:\/\/vof-news.eu\/de\/wp-json\/wp\/v2\/comments?post=270554"}],"version-history":[{"count":1,"href":"https:\/\/vof-news.eu\/de\/wp-json\/wp\/v2\/posts\/270554\/revisions"}],"predecessor-version":[{"id":270561,"href":"https:\/\/vof-news.eu\/de\/wp-json\/wp\/v2\/posts\/270554\/revisions\/270561"}],"wp:featuredmedia":[{"embeddable":true,"href":"https:\/\/vof-news.eu\/de\/wp-json\/wp\/v2\/media\/270555"}],"wp:attachment":[{"href":"https:\/\/vof-news.eu\/de\/wp-json\/wp\/v2\/media?parent=270554"}],"wp:term":[{"taxonomy":"category","embeddable":true,"href":"https:\/\/vof-news.eu\/de\/wp-json\/wp\/v2\/categories?post=270554"},{"taxonomy":"post_tag","embeddable":true,"href":"https:\/\/vof-news.eu\/de\/wp-json\/wp\/v2\/tags?post=270554"}],"curies":[{"name":"wp","href":"https:\/\/api.w.org\/{rel}","templated":true}]}}