{"id":270502,"date":"2025-09-02T23:28:09","date_gmt":"2025-09-02T20:28:09","guid":{"rendered":"https:\/\/vof-news.eu\/verdachtiger-bestreitet-russischen-einfluss-bei-totung-von-parubij\/"},"modified":"2025-09-02T23:29:18","modified_gmt":"2025-09-02T20:29:18","slug":"verdachtiger-bestreitet-russischen-einfluss-bei-totung-von-parubij","status":"publish","type":"post","link":"https:\/\/vof-news.eu\/de\/verdachtiger-bestreitet-russischen-einfluss-bei-totung-von-parubij\/","title":{"rendered":"Verd\u00e4chtiger bestreitet russischen Einfluss bei T\u00f6tung von Parubij"},"content":{"rendered":"<div>\n<p>Nach der <a href=\"https:\/\/www.zeit.de\/gesellschaft\/zeitgeschehen\/2025-08\/andrij-parubij-mord-anschlag-ukraine\" rel=\"nofollow\">T\u00f6tung des ehemaligen ukrainischen Parlamentspr\u00e4sidenten Andrij Parubij<\/a> hat der von der <span><a href=\"https:\/\/www.zeit.de\/thema\/polizei\" rel=\"nofollow\">Polizei<\/a><\/span> gefasste Verd\u00e4chtige die Tat gestanden \u2013 und dabei eine Zusammenarbeit mit russischen Geheimdiensten bestritten. Wie auf einem von ukrainischen Medien ver\u00f6ffentlichten Video zu sehen war, gab der Verd\u00e4chtige zu, Parubij get\u00f6tet zu haben. Als Motiv nannte er &#8222;pers\u00f6nliche Rache&#8220; an den ukrainischen Beh\u00f6rden f\u00fcr den Tod seines Sohnes an der Front.\n<\/p>\n<p>Der 52-j\u00e4hrige Verd\u00e4chtige \u00e4u\u00dferte sich w\u00e4hrend einer Gerichtsanh\u00f6rung in einem Glaskasten, wie bei Strafverfahren in den meisten Gerichten der <span><a href=\"https:\/\/www.zeit.de\/politik\/ausland\/ukraine-krieg-news-liveblog\" rel=\"nofollow\">Ukraine<\/a><\/span> \u00fcblich. Vor Journalisten sagte er: &#8222;Ja. Ich gebe zu, ihn get\u00f6tet zu haben.&#8220; Er wolle nun lediglich, dass &#8222;m\u00f6glichst schnell ein Urteil gef\u00e4llt wird&#8220;. Er werde fordern, als Teil eines Kriegsgefangenenaustauschs nach Russland reisen zu k\u00f6nnen, um dort den Leichnam seines Sohnes zu suchen.\n<\/p>\n<p>Die ukrainische Polizei hatte die <a href=\"https:\/\/www.zeit.de\/gesellschaft\/zeitgeschehen\/2025-08\/ukraine-andrij-parubij-tod-verdaechtiger-festnahme\" rel=\"nofollow\">Festnahme des Mannes<\/a> diesen Montag gemeldet und von einer<a href=\"https:\/\/www.zeit.de\/politik\/ausland\/2025-09\/andrij-parubij-toetung-verdacht-russland\" rel=\"nofollow\"> &#8222;russischen Spur&#8220; im Zusammenhang mit der Tat<\/a> gesprochen. Weiter hie\u00df es, die T\u00f6tung Parubijs, einer der f\u00fchrenden Vertreter der proeurop\u00e4ischen Bewegung in der Ukraine, sei &#8222;sorgf\u00e4ltig geplant&#8220; worden. N\u00e4here Angaben machten die Ermittler nicht.\n<\/p>\n<h2>Hunderte besuchten Trauerfeier f\u00fcr Parubij<\/h2>\n<p>Indes nahmen in der westukrainischen Stadt Lwiw hunderte Menschen an der Trauerfeier f\u00fcr Parubij teil. Unter ihnen waren auch hochrangige Regierungsvertreter.\n<\/p>\n<p>Parubij war am Samstag in Lwiw auf offener Stra\u00dfe erschossen worden. Er war von 2016 bis 2019 Parlamentspr\u00e4sident der Ukraine gewesen und hatte zuvor einige Monate als Vorsitzender des Sicherheitsrats gedient. Schon zu Sowjetzeiten hatte sich der Historiker f\u00fcr die Unabh\u00e4ngigkeit der Ukraine eingesetzt. In den 1990er Jahren hatte er eine als rechtsextrem eingestufte Partei gegr\u00fcndet. Sp\u00e4ter galt Parubij als eine der Leitfiguren bei der Maidan-Revolution von 2014 sowie der Orange Revolution im Jahr 2004.\n<\/p>\n<p>Seit Februar 2022 haben beide L\u00e4nder einander mehrfach die Ermordung von Politikern und ranghohen Milit\u00e4rvertretern vorgeworfen. Russischen Staatsmedien zufolge stand Parubij seit 2023 auf einer Fahndungsliste der russischen Beh\u00f6rden.\n<\/p>\n<\/p>\n<\/div>\n","protected":false},"excerpt":{"rendered":"<p>Nach der T\u00f6tung des ehemaligen ukrainischen Parlamentspr\u00e4sidenten Andrij Parubij hat der von der Polizei gefasste Verd\u00e4chtige die Tat gestanden \u2013 und dabei eine Zusammenarbeit mit russischen Geheimdiensten bestritten. Wie auf einem von ukrainischen Medien ver\u00f6ffentlichten Video zu sehen war, gab der Verd\u00e4chtige zu, Parubij get\u00f6tet zu haben. Als Motiv nannte er &#8222;pers\u00f6nliche Rache&#8220; an den<\/p>\n","protected":false},"author":1,"featured_media":270503,"comment_status":"open","ping_status":"open","sticky":false,"template":"","format":"standard","meta":{"footnotes":""},"categories":[116],"tags":[],"class_list":["post-270502","post","type-post","status-publish","format-standard","has-post-thumbnail","hentry","category-war-chronicles-de"],"acf":[],"yoast_head":"<!-- This site is optimized with the Yoast SEO plugin v22.9 - https:\/\/yoast.com\/wordpress\/plugins\/seo\/ -->\n<title>Verd\u00e4chtiger bestreitet russischen Einfluss bei T\u00f6tung von Parubij - vof-news.eu<\/title>\n<meta name=\"description\" content=\"Nach der T\u00f6tung des ehemaligen ukrainischen Parlamentspr\u00e4sidenten Andrij Parubij hat der von der Polizei gefasste Verd\u00e4chtige die Tat gestanden \u2013 und dabei eine Zusammenarbeit mit russischen Geheimdiensten bestritten. Wie auf einem von ukrainischen Medien ver\u00f6ffentlichten Video zu sehen war, gab der Verd\u00e4chtige zu, Parubij get\u00f6tet zu haben. Als Motiv nannte er &quot;pers\u00f6nliche Rache&quot; an den ukrainischen Beh\u00f6rden f\u00fcr den Tod seines Sohnes an der Front.\" \/>\n<meta name=\"robots\" content=\"noindex, follow, max-snippet:-1, max-image-preview:large, max-video-preview:-1\" \/>\n<meta property=\"og:locale\" content=\"de_DE\" \/>\n<meta property=\"og:type\" content=\"article\" \/>\n<meta property=\"og:title\" content=\"Verd\u00e4chtiger bestreitet russischen Einfluss bei T\u00f6tung von Parubij - vof-news.eu\" \/>\n<meta property=\"og:description\" content=\"Nach der T\u00f6tung des ehemaligen ukrainischen Parlamentspr\u00e4sidenten Andrij Parubij hat der von der Polizei gefasste Verd\u00e4chtige die Tat gestanden \u2013 und dabei eine Zusammenarbeit mit russischen Geheimdiensten bestritten. Wie auf einem von ukrainischen Medien ver\u00f6ffentlichten Video zu sehen war, gab der Verd\u00e4chtige zu, Parubij get\u00f6tet zu haben. Als Motiv nannte er &quot;pers\u00f6nliche Rache&quot; an den ukrainischen Beh\u00f6rden f\u00fcr den Tod seines Sohnes an der Front.\" \/>\n<meta property=\"og:url\" content=\"https:\/\/vof-news.eu\/de\/verdachtiger-bestreitet-russischen-einfluss-bei-totung-von-parubij\/\" \/>\n<meta property=\"og:site_name\" content=\"vof-news.eu\" \/>\n<meta property=\"article:published_time\" content=\"2025-09-02T20:28:09+00:00\" \/>\n<meta property=\"article:modified_time\" content=\"2025-09-02T20:29:18+00:00\" \/>\n<meta property=\"og:image\" content=\"https:\/\/vof-news.eu\/wp-content\/uploads\/2025\/09\/wide__1000x562-9.jpg\" \/>\n\t<meta property=\"og:image:width\" content=\"1000\" \/>\n\t<meta property=\"og:image:height\" content=\"562\" \/>\n\t<meta property=\"og:image:type\" content=\"image\/jpeg\" \/>\n<meta name=\"author\" content=\"Author\" \/>\n<meta name=\"twitter:card\" content=\"summary_large_image\" \/>\n<meta name=\"twitter:label1\" content=\"Verfasst von\" \/>\n\t<meta name=\"twitter:data1\" content=\"Author\" \/>\n\t<meta name=\"twitter:label2\" content=\"Gesch\u00e4tzte Lesezeit\" \/>\n\t<meta name=\"twitter:data2\" content=\"2\u00a0Minuten\" \/>\n<script type=\"application\/ld+json\" class=\"yoast-schema-graph\">{\"@context\":\"https:\/\/schema.org\",\"@graph\":[{\"@type\":\"WebPage\",\"@id\":\"https:\/\/vof-news.eu\/de\/verdachtiger-bestreitet-russischen-einfluss-bei-totung-von-parubij\/\",\"url\":\"https:\/\/vof-news.eu\/de\/verdachtiger-bestreitet-russischen-einfluss-bei-totung-von-parubij\/\",\"name\":\"Verd\u00e4chtiger bestreitet russischen Einfluss bei T\u00f6tung von Parubij - vof-news.eu\",\"isPartOf\":{\"@id\":\"https:\/\/vof-news.eu\/de\/#website\"},\"primaryImageOfPage\":{\"@id\":\"https:\/\/vof-news.eu\/de\/verdachtiger-bestreitet-russischen-einfluss-bei-totung-von-parubij\/#primaryimage\"},\"image\":{\"@id\":\"https:\/\/vof-news.eu\/de\/verdachtiger-bestreitet-russischen-einfluss-bei-totung-von-parubij\/#primaryimage\"},\"thumbnailUrl\":\"https:\/\/vof-news.eu\/wp-content\/uploads\/2025\/09\/wide__1000x562-9.jpg\",\"datePublished\":\"2025-09-02T20:28:09+00:00\",\"dateModified\":\"2025-09-02T20:29:18+00:00\",\"author\":{\"@id\":\"https:\/\/vof-news.eu\/de\/#\/schema\/person\/f6a2a4309f0561835797fd8c19b333ed\"},\"description\":\"Nach der T\u00f6tung des ehemaligen ukrainischen Parlamentspr\u00e4sidenten Andrij Parubij hat der von der Polizei gefasste Verd\u00e4chtige die Tat gestanden \u2013 und dabei eine Zusammenarbeit mit russischen Geheimdiensten bestritten. Wie auf einem von ukrainischen Medien ver\u00f6ffentlichten Video zu sehen war, gab der Verd\u00e4chtige zu, Parubij get\u00f6tet zu haben. Als Motiv nannte er \\\"pers\u00f6nliche Rache\\\" an den ukrainischen Beh\u00f6rden f\u00fcr den Tod seines Sohnes an der Front.\",\"breadcrumb\":{\"@id\":\"https:\/\/vof-news.eu\/de\/verdachtiger-bestreitet-russischen-einfluss-bei-totung-von-parubij\/#breadcrumb\"},\"inLanguage\":\"de\",\"potentialAction\":[{\"@type\":\"ReadAction\",\"target\":[\"https:\/\/vof-news.eu\/de\/verdachtiger-bestreitet-russischen-einfluss-bei-totung-von-parubij\/\"]}]},{\"@type\":\"ImageObject\",\"inLanguage\":\"de\",\"@id\":\"https:\/\/vof-news.eu\/de\/verdachtiger-bestreitet-russischen-einfluss-bei-totung-von-parubij\/#primaryimage\",\"url\":\"https:\/\/vof-news.eu\/wp-content\/uploads\/2025\/09\/wide__1000x562-9.jpg\",\"contentUrl\":\"https:\/\/vof-news.eu\/wp-content\/uploads\/2025\/09\/wide__1000x562-9.jpg\",\"width\":1000,\"height\":562},{\"@type\":\"BreadcrumbList\",\"@id\":\"https:\/\/vof-news.eu\/de\/verdachtiger-bestreitet-russischen-einfluss-bei-totung-von-parubij\/#breadcrumb\",\"itemListElement\":[{\"@type\":\"ListItem\",\"position\":1,\"name\":\"Home\",\"item\":\"https:\/\/vof-news.eu\/de\/\"},{\"@type\":\"ListItem\",\"position\":2,\"name\":\"Verd\u00e4chtiger bestreitet russischen Einfluss bei T\u00f6tung von Parubij\"}]},{\"@type\":\"WebSite\",\"@id\":\"https:\/\/vof-news.eu\/de\/#website\",\"url\":\"https:\/\/vof-news.eu\/de\/\",\"name\":\"vof-news.eu\",\"description\":\"\",\"potentialAction\":[{\"@type\":\"SearchAction\",\"target\":{\"@type\":\"EntryPoint\",\"urlTemplate\":\"https:\/\/vof-news.eu\/de\/?s={search_term_string}\"},\"query-input\":\"required name=search_term_string\"}],\"inLanguage\":\"de\"},{\"@type\":\"Person\",\"@id\":\"https:\/\/vof-news.eu\/de\/#\/schema\/person\/f6a2a4309f0561835797fd8c19b333ed\",\"name\":\"Author\",\"image\":{\"@type\":\"ImageObject\",\"inLanguage\":\"de\",\"@id\":\"https:\/\/vof-news.eu\/de\/#\/schema\/person\/image\/\",\"url\":\"https:\/\/secure.gravatar.com\/avatar\/b67e614b1b25b3e9c0c239efdd2fde5ab015b5affd6f1c3c85911ca4b384e790?s=96&d=mm&r=g\",\"contentUrl\":\"https:\/\/secure.gravatar.com\/avatar\/b67e614b1b25b3e9c0c239efdd2fde5ab015b5affd6f1c3c85911ca4b384e790?s=96&d=mm&r=g\",\"caption\":\"Author\"},\"sameAs\":[\"http:\/\/vof-news.eu\"],\"url\":\"https:\/\/vof-news.eu\/de\/author\/zwt6qxnjulxbnyg\/\"}]}<\/script>\n<!-- \/ Yoast SEO plugin. -->","yoast_head_json":{"title":"Verd\u00e4chtiger bestreitet russischen Einfluss bei T\u00f6tung von Parubij - vof-news.eu","description":"Nach der T\u00f6tung des ehemaligen ukrainischen Parlamentspr\u00e4sidenten Andrij Parubij hat der von der Polizei gefasste Verd\u00e4chtige die Tat gestanden \u2013 und dabei eine Zusammenarbeit mit russischen Geheimdiensten bestritten. Wie auf einem von ukrainischen Medien ver\u00f6ffentlichten Video zu sehen war, gab der Verd\u00e4chtige zu, Parubij get\u00f6tet zu haben. Als Motiv nannte er \"pers\u00f6nliche Rache\" an den ukrainischen Beh\u00f6rden f\u00fcr den Tod seines Sohnes an der Front.","robots":{"index":"noindex","follow":"follow","max-snippet":"max-snippet:-1","max-image-preview":"max-image-preview:large","max-video-preview":"max-video-preview:-1"},"og_locale":"de_DE","og_type":"article","og_title":"Verd\u00e4chtiger bestreitet russischen Einfluss bei T\u00f6tung von Parubij - vof-news.eu","og_description":"Nach der T\u00f6tung des ehemaligen ukrainischen Parlamentspr\u00e4sidenten Andrij Parubij hat der von der Polizei gefasste Verd\u00e4chtige die Tat gestanden \u2013 und dabei eine Zusammenarbeit mit russischen Geheimdiensten bestritten. Wie auf einem von ukrainischen Medien ver\u00f6ffentlichten Video zu sehen war, gab der Verd\u00e4chtige zu, Parubij get\u00f6tet zu haben. Als Motiv nannte er \"pers\u00f6nliche Rache\" an den ukrainischen Beh\u00f6rden f\u00fcr den Tod seines Sohnes an der Front.","og_url":"https:\/\/vof-news.eu\/de\/verdachtiger-bestreitet-russischen-einfluss-bei-totung-von-parubij\/","og_site_name":"vof-news.eu","article_published_time":"2025-09-02T20:28:09+00:00","article_modified_time":"2025-09-02T20:29:18+00:00","og_image":[{"width":1000,"height":562,"url":"https:\/\/vof-news.eu\/wp-content\/uploads\/2025\/09\/wide__1000x562-9.jpg","type":"image\/jpeg"}],"author":"Author","twitter_card":"summary_large_image","twitter_misc":{"Verfasst von":"Author","Gesch\u00e4tzte Lesezeit":"2\u00a0Minuten"},"schema":{"@context":"https:\/\/schema.org","@graph":[{"@type":"WebPage","@id":"https:\/\/vof-news.eu\/de\/verdachtiger-bestreitet-russischen-einfluss-bei-totung-von-parubij\/","url":"https:\/\/vof-news.eu\/de\/verdachtiger-bestreitet-russischen-einfluss-bei-totung-von-parubij\/","name":"Verd\u00e4chtiger bestreitet russischen Einfluss bei T\u00f6tung von Parubij - vof-news.eu","isPartOf":{"@id":"https:\/\/vof-news.eu\/de\/#website"},"primaryImageOfPage":{"@id":"https:\/\/vof-news.eu\/de\/verdachtiger-bestreitet-russischen-einfluss-bei-totung-von-parubij\/#primaryimage"},"image":{"@id":"https:\/\/vof-news.eu\/de\/verdachtiger-bestreitet-russischen-einfluss-bei-totung-von-parubij\/#primaryimage"},"thumbnailUrl":"https:\/\/vof-news.eu\/wp-content\/uploads\/2025\/09\/wide__1000x562-9.jpg","datePublished":"2025-09-02T20:28:09+00:00","dateModified":"2025-09-02T20:29:18+00:00","author":{"@id":"https:\/\/vof-news.eu\/de\/#\/schema\/person\/f6a2a4309f0561835797fd8c19b333ed"},"description":"Nach der T\u00f6tung des ehemaligen ukrainischen Parlamentspr\u00e4sidenten Andrij Parubij hat der von der Polizei gefasste Verd\u00e4chtige die Tat gestanden \u2013 und dabei eine Zusammenarbeit mit russischen Geheimdiensten bestritten. Wie auf einem von ukrainischen Medien ver\u00f6ffentlichten Video zu sehen war, gab der Verd\u00e4chtige zu, Parubij get\u00f6tet zu haben. Als Motiv nannte er \"pers\u00f6nliche Rache\" an den ukrainischen Beh\u00f6rden f\u00fcr den Tod seines Sohnes an der Front.","breadcrumb":{"@id":"https:\/\/vof-news.eu\/de\/verdachtiger-bestreitet-russischen-einfluss-bei-totung-von-parubij\/#breadcrumb"},"inLanguage":"de","potentialAction":[{"@type":"ReadAction","target":["https:\/\/vof-news.eu\/de\/verdachtiger-bestreitet-russischen-einfluss-bei-totung-von-parubij\/"]}]},{"@type":"ImageObject","inLanguage":"de","@id":"https:\/\/vof-news.eu\/de\/verdachtiger-bestreitet-russischen-einfluss-bei-totung-von-parubij\/#primaryimage","url":"https:\/\/vof-news.eu\/wp-content\/uploads\/2025\/09\/wide__1000x562-9.jpg","contentUrl":"https:\/\/vof-news.eu\/wp-content\/uploads\/2025\/09\/wide__1000x562-9.jpg","width":1000,"height":562},{"@type":"BreadcrumbList","@id":"https:\/\/vof-news.eu\/de\/verdachtiger-bestreitet-russischen-einfluss-bei-totung-von-parubij\/#breadcrumb","itemListElement":[{"@type":"ListItem","position":1,"name":"Home","item":"https:\/\/vof-news.eu\/de\/"},{"@type":"ListItem","position":2,"name":"Verd\u00e4chtiger bestreitet russischen Einfluss bei T\u00f6tung von Parubij"}]},{"@type":"WebSite","@id":"https:\/\/vof-news.eu\/de\/#website","url":"https:\/\/vof-news.eu\/de\/","name":"vof-news.eu","description":"","potentialAction":[{"@type":"SearchAction","target":{"@type":"EntryPoint","urlTemplate":"https:\/\/vof-news.eu\/de\/?s={search_term_string}"},"query-input":"required name=search_term_string"}],"inLanguage":"de"},{"@type":"Person","@id":"https:\/\/vof-news.eu\/de\/#\/schema\/person\/f6a2a4309f0561835797fd8c19b333ed","name":"Author","image":{"@type":"ImageObject","inLanguage":"de","@id":"https:\/\/vof-news.eu\/de\/#\/schema\/person\/image\/","url":"https:\/\/secure.gravatar.com\/avatar\/b67e614b1b25b3e9c0c239efdd2fde5ab015b5affd6f1c3c85911ca4b384e790?s=96&d=mm&r=g","contentUrl":"https:\/\/secure.gravatar.com\/avatar\/b67e614b1b25b3e9c0c239efdd2fde5ab015b5affd6f1c3c85911ca4b384e790?s=96&d=mm&r=g","caption":"Author"},"sameAs":["http:\/\/vof-news.eu"],"url":"https:\/\/vof-news.eu\/de\/author\/zwt6qxnjulxbnyg\/"}]}},"yoast_meta":{"yoast_wpseo_title":"","yoast_wpseo_metadesc":"","yoast_wpseo_canonical":""},"_links":{"self":[{"href":"https:\/\/vof-news.eu\/de\/wp-json\/wp\/v2\/posts\/270502","targetHints":{"allow":["GET"]}}],"collection":[{"href":"https:\/\/vof-news.eu\/de\/wp-json\/wp\/v2\/posts"}],"about":[{"href":"https:\/\/vof-news.eu\/de\/wp-json\/wp\/v2\/types\/post"}],"author":[{"embeddable":true,"href":"https:\/\/vof-news.eu\/de\/wp-json\/wp\/v2\/users\/1"}],"replies":[{"embeddable":true,"href":"https:\/\/vof-news.eu\/de\/wp-json\/wp\/v2\/comments?post=270502"}],"version-history":[{"count":1,"href":"https:\/\/vof-news.eu\/de\/wp-json\/wp\/v2\/posts\/270502\/revisions"}],"predecessor-version":[{"id":270509,"href":"https:\/\/vof-news.eu\/de\/wp-json\/wp\/v2\/posts\/270502\/revisions\/270509"}],"wp:featuredmedia":[{"embeddable":true,"href":"https:\/\/vof-news.eu\/de\/wp-json\/wp\/v2\/media\/270503"}],"wp:attachment":[{"href":"https:\/\/vof-news.eu\/de\/wp-json\/wp\/v2\/media?parent=270502"}],"wp:term":[{"taxonomy":"category","embeddable":true,"href":"https:\/\/vof-news.eu\/de\/wp-json\/wp\/v2\/categories?post=270502"},{"taxonomy":"post_tag","embeddable":true,"href":"https:\/\/vof-news.eu\/de\/wp-json\/wp\/v2\/tags?post=270502"}],"curies":[{"name":"wp","href":"https:\/\/api.w.org\/{rel}","templated":true}]}}