{"id":270390,"date":"2025-09-02T17:28:09","date_gmt":"2025-09-02T14:28:09","guid":{"rendered":"https:\/\/vof-news.eu\/nahern-sich-da-etwa-zwei-an\/"},"modified":"2025-09-02T17:28:57","modified_gmt":"2025-09-02T14:28:57","slug":"nahern-sich-da-etwa-zwei-an","status":"publish","type":"post","link":"https:\/\/vof-news.eu\/de\/nahern-sich-da-etwa-zwei-an\/","title":{"rendered":"N\u00e4hern sich da etwa zwei an?"},"content":{"rendered":"<div>\n<p>&#8222;Warum haben wir das nicht schon l\u00e4ngst gemacht, so zusammengesessen?&#8220;, hatte <span><a href=\"https:\/\/www.zeit.de\/thema\/jens-spahn\" rel=\"nofollow\">Jens Spahn<\/a><\/span> nach der gemeinsamen Klausur der gesch\u00e4ftsf\u00fchrenden Fraktionsvorst\u00e4nde von Union und SPD vergangene Woche in W\u00fcrzburg gefragt. Zwei Tage sp\u00e4ter, Sonntagabend, brechen der Unions-Fraktionschef und Matthias Miersch, sein Counterpart von der SPD \u2013 die beiden also, zwischen denen es ma\u00dfgeblich geknirscht hat \u2013 gemeinsam in die Ukraine auf. Kann das funktionieren, kann die Solidarit\u00e4t mit der Ukraine auch die zwischen Schwarz und Rot stiften?\n<\/p>\n<p>Beide machen die Reise zum ersten Mal. Wie nah der Krieg ist, wird noch im s\u00fcdostpolnischen Rzesz\u00f3w klar. Von hier werden Waffen des Westens in die Ukraine gebracht; hier stehen die Patriot-Systeme, die den Flughafen an dieser \u00f6stlichen Nato-Grenze vor russischen Angriffen sch\u00fctzen sollen. Deutsche Soldatinnen und Soldaten stehen mit den beiden Abgeordneten zusammen, das Wort von der &#8222;Parlamentsarmee&#8220; f\u00e4llt. Sollten sie in einen Kriegseinsatz geschickt werden, dann nur, wenn Abgeordnete wie Spahn und <span><a href=\"https:\/\/www.zeit.de\/thema\/matthias-miersch\" rel=\"nofollow\">Miersch<\/a><\/span> ihn zuvor beschlossen haben. Einer der Soldaten ist Ingenieur, ein anderer P\u00e4dagoge, daneben ein Techniker \u2013 Staatsb\u00fcrger in Uniform halt, die die Debatten um die Wehrpflicht in Deutschland mit gemischten Gef\u00fchlen verfolgen.\n<\/p>\n<p>Jens Spahn (45) und Matthias Miersch (56) waren beide nicht bei der Bundeswehr; Spahn wurde ausgemustert, Miersch machte \u00fcber zehn Jahre Ersatzdienst bei den Johannitern (das hie\u00df oft, am Wochenende die Betrunkenen von der Kirmes einzusammeln). Vom &#8222;Mut der Soldaten&#8220;, der Dankbarkeit ihnen gegen\u00fcber, ist ein paar Mal die Rede, wenn die beiden Abgeordneten w\u00e4hrend ihrer Hochtempotour auf ukrainische oder deutsche Uniformierte treffen. Es klingt nicht formelhaft.\n<\/p>\n<h2>Das Wort &#8222;gef\u00e4hrlich&#8220; f\u00e4llt \u00fcber Jens Spahn oft in der SPD<\/h2>\n<p>Die Unterschiede zwischen den Politikern Spahn und Miersch liegen auf der Hand: hier Spahn, ein wirtschaftsliberaler, konservativer, dem kr\u00e4ftigen Austeilen nicht abgeneigter Christdemokrat; dort Miersch, ein Sozialdemokrat vom linken Parteifl\u00fcgel. Wenn Miersch gemeinsame Fotos mit Spahn postet, kriegt er aus seiner Blase w\u00fctende Kommentare: &#8222;Was hast du mit dem zu schaffen?&#8220; Es gibt in seinen Kreisen T-Shirts, auf denen steht: &#8222;Lebe so, dass Jens Spahn etwas dagegen h\u00e4tte.&#8220; Spahn umgekehrt steht nun einer Fraktion vor, in der bei manchen das Wort &#8222;Steuererh\u00f6hung&#8220; als Synonym f\u00fcr &#8222;Sozialismus&#8220; gilt. Eine ihrer ersten Begegnungen war eine Rede Spahns im nieders\u00e4chsischen Springe bei Hannover. Miersch verlie\u00df die Veranstaltung mit Grausen; als gut gemachten, aber gef\u00e4hrlichen Populismus habe er das Gesagte empfunden.\n<\/p>\n<p>Dieses Wort, &#8222;gef\u00e4hrlich&#8220;, f\u00e4llt \u00fcber Jens Spahn in der <span><a href=\"https:\/\/www.zeit.de\/thema\/spd\" rel=\"nofollow\">SPD<\/a><\/span> oft. Man hat ihn dort in Verdacht, eine N\u00e4he zur AfD zu hegen. Spahn wiederum hielt Miersch, der sich fr\u00fcher viel mit Klimapolitik besch\u00e4ftigte, f\u00fcr einen \u00d6kolinken, der erst ans Verteilen und dann ans Erwirtschaften denkt. Fragt man Miersch, welches Buch er Jens Spahn schenken w\u00fcrde, f\u00e4llt ihm  ein \u2013 das Pl\u00e4doyer des Sozialphilosophen Oskar Negt f\u00fcr die Utopie als Kraft, die Protestenergien freisetzt. Vielleicht hat Miersch dem Kollegen gelegentliche Phasen von Mutlosigkeit und Entt\u00e4uschung angemerkt. Spahn wiederum w\u00fcrde Miersch das Buch  von Benjamin von Stuckrad-Barre und Martin Suter schenken \u2013 ein plauschiges Gespr\u00e4ch zweier M\u00e4nner in grellen Badehosen.\n<\/p>\n<p><a href=\"https:\/\/www.zeit.de\/politik\/ausland\/2025-09\/miersch-spahn-ukraine-kyjiw-union-spd-koalition\" rel=\"nofollow\">Am Montagmittag gehen die beiden einigerma\u00dfen ersch\u00fcttert in Begleitung des deutschen Botschafters Martin J\u00e4ger durch die Sankt-Andreas-Kirche in Butscha, an der Seite des B\u00fcrgermeisters Anatolii Fedoruk<\/a>. W\u00e4hrend der Schlacht um Kyjiw im Fr\u00fchjahr 2022 hatten russische Soldaten 33 Tage lang den Ort besetzt \u2013 und dabei 458 Zivilisten von ihren Fahrr\u00e4dern geschossen oder in ihren Kellern tyrannisiert. Ihre Leichen waren auf der Stra\u00dfe liegen geblieben; gro\u00dfformatige Fotos in der Kirche zeigen H\u00e4nde mit lackierten Fingern\u00e4geln aus dem Schlamm ragen; den Einkaufskorb, der einem Radfahrer im Fall aus der Hand gefallen war; Tote, die leer in den Himmel schauen, und die Bergungsarbeiten sp\u00e4ter, die wie ein verzweifelter Gottesdienst aussehen. B\u00fcrgermeister Fedoruk \u00fcberreicht den drei Besuchern Bronzetafeln als Geschenk, auf denen die Ereignisse festgehalten sind. Miersch und Spahn m\u00fcssen schlucken.\n<\/p>\n<\/div>\n","protected":false},"excerpt":{"rendered":"<p>&#8222;Warum haben wir das nicht schon l\u00e4ngst gemacht, so zusammengesessen?&#8220;, hatte Jens Spahn nach der gemeinsamen Klausur der gesch\u00e4ftsf\u00fchrenden Fraktionsvorst\u00e4nde von Union und SPD vergangene Woche in W\u00fcrzburg gefragt. Zwei Tage sp\u00e4ter, Sonntagabend, brechen der Unions-Fraktionschef und Matthias Miersch, sein Counterpart von der SPD \u2013 die beiden also, zwischen denen es ma\u00dfgeblich geknirscht hat \u2013<\/p>\n","protected":false},"author":1,"featured_media":270391,"comment_status":"open","ping_status":"open","sticky":false,"template":"","format":"standard","meta":{"footnotes":""},"categories":[116],"tags":[],"class_list":["post-270390","post","type-post","status-publish","format-standard","has-post-thumbnail","hentry","category-war-chronicles-de"],"acf":[],"yoast_head":"<!-- This site is optimized with the Yoast SEO plugin v22.9 - https:\/\/yoast.com\/wordpress\/plugins\/seo\/ -->\n<title>N\u00e4hern sich da etwa zwei an? - vof-news.eu<\/title>\n<meta name=\"description\" content=\"&quot;Warum haben wir das nicht schon l\u00e4ngst gemacht, so zusammengesessen?&quot;, hatte Jens Spahn nach der gemeinsamen Klausur der gesch\u00e4ftsf\u00fchrenden Fraktionsvorst\u00e4nde von Union und SPD vergangene Woche in W\u00fcrzburg gefragt. Zwei Tage sp\u00e4ter, Sonntagabend, brechen der Unions-Fraktionschef und Matthias Miersch, sein Counterpart von der SPD \u2013 die beiden also, zwischen denen es ma\u00dfgeblich geknirscht hat \u2013 gemeinsam in die Ukraine auf. Kann das funktionieren, kann die Solidarit\u00e4t mit der Ukraine auch die zwischen Schwarz und Rot stiften?\" \/>\n<meta name=\"robots\" content=\"noindex, follow, max-snippet:-1, max-image-preview:large, max-video-preview:-1\" \/>\n<meta property=\"og:locale\" content=\"de_DE\" \/>\n<meta property=\"og:type\" content=\"article\" \/>\n<meta property=\"og:title\" content=\"N\u00e4hern sich da etwa zwei an? - vof-news.eu\" \/>\n<meta property=\"og:description\" content=\"&quot;Warum haben wir das nicht schon l\u00e4ngst gemacht, so zusammengesessen?&quot;, hatte Jens Spahn nach der gemeinsamen Klausur der gesch\u00e4ftsf\u00fchrenden Fraktionsvorst\u00e4nde von Union und SPD vergangene Woche in W\u00fcrzburg gefragt. Zwei Tage sp\u00e4ter, Sonntagabend, brechen der Unions-Fraktionschef und Matthias Miersch, sein Counterpart von der SPD \u2013 die beiden also, zwischen denen es ma\u00dfgeblich geknirscht hat \u2013 gemeinsam in die Ukraine auf. Kann das funktionieren, kann die Solidarit\u00e4t mit der Ukraine auch die zwischen Schwarz und Rot stiften?\" \/>\n<meta property=\"og:url\" content=\"https:\/\/vof-news.eu\/de\/nahern-sich-da-etwa-zwei-an\/\" \/>\n<meta property=\"og:site_name\" content=\"vof-news.eu\" \/>\n<meta property=\"article:published_time\" content=\"2025-09-02T14:28:09+00:00\" \/>\n<meta property=\"article:modified_time\" content=\"2025-09-02T14:28:57+00:00\" \/>\n<meta property=\"og:image\" content=\"https:\/\/vof-news.eu\/wp-content\/uploads\/2025\/09\/wide__1000x562-5.jpg\" \/>\n\t<meta property=\"og:image:width\" content=\"1000\" \/>\n\t<meta property=\"og:image:height\" content=\"562\" \/>\n\t<meta property=\"og:image:type\" content=\"image\/jpeg\" \/>\n<meta name=\"author\" content=\"Author\" \/>\n<meta name=\"twitter:card\" content=\"summary_large_image\" \/>\n<meta name=\"twitter:label1\" content=\"Verfasst von\" \/>\n\t<meta name=\"twitter:data1\" content=\"Author\" \/>\n\t<meta name=\"twitter:label2\" content=\"Gesch\u00e4tzte Lesezeit\" \/>\n\t<meta name=\"twitter:data2\" content=\"3\u00a0Minuten\" \/>\n<script type=\"application\/ld+json\" class=\"yoast-schema-graph\">{\"@context\":\"https:\/\/schema.org\",\"@graph\":[{\"@type\":\"WebPage\",\"@id\":\"https:\/\/vof-news.eu\/de\/nahern-sich-da-etwa-zwei-an\/\",\"url\":\"https:\/\/vof-news.eu\/de\/nahern-sich-da-etwa-zwei-an\/\",\"name\":\"N\u00e4hern sich da etwa zwei an? - vof-news.eu\",\"isPartOf\":{\"@id\":\"https:\/\/vof-news.eu\/de\/#website\"},\"primaryImageOfPage\":{\"@id\":\"https:\/\/vof-news.eu\/de\/nahern-sich-da-etwa-zwei-an\/#primaryimage\"},\"image\":{\"@id\":\"https:\/\/vof-news.eu\/de\/nahern-sich-da-etwa-zwei-an\/#primaryimage\"},\"thumbnailUrl\":\"https:\/\/vof-news.eu\/wp-content\/uploads\/2025\/09\/wide__1000x562-5.jpg\",\"datePublished\":\"2025-09-02T14:28:09+00:00\",\"dateModified\":\"2025-09-02T14:28:57+00:00\",\"author\":{\"@id\":\"https:\/\/vof-news.eu\/de\/#\/schema\/person\/f6a2a4309f0561835797fd8c19b333ed\"},\"description\":\"\\\"Warum haben wir das nicht schon l\u00e4ngst gemacht, so zusammengesessen?\\\", hatte Jens Spahn nach der gemeinsamen Klausur der gesch\u00e4ftsf\u00fchrenden Fraktionsvorst\u00e4nde von Union und SPD vergangene Woche in W\u00fcrzburg gefragt. Zwei Tage sp\u00e4ter, Sonntagabend, brechen der Unions-Fraktionschef und Matthias Miersch, sein Counterpart von der SPD \u2013 die beiden also, zwischen denen es ma\u00dfgeblich geknirscht hat \u2013 gemeinsam in die Ukraine auf. Kann das funktionieren, kann die Solidarit\u00e4t mit der Ukraine auch die zwischen Schwarz und Rot stiften?\",\"breadcrumb\":{\"@id\":\"https:\/\/vof-news.eu\/de\/nahern-sich-da-etwa-zwei-an\/#breadcrumb\"},\"inLanguage\":\"de\",\"potentialAction\":[{\"@type\":\"ReadAction\",\"target\":[\"https:\/\/vof-news.eu\/de\/nahern-sich-da-etwa-zwei-an\/\"]}]},{\"@type\":\"ImageObject\",\"inLanguage\":\"de\",\"@id\":\"https:\/\/vof-news.eu\/de\/nahern-sich-da-etwa-zwei-an\/#primaryimage\",\"url\":\"https:\/\/vof-news.eu\/wp-content\/uploads\/2025\/09\/wide__1000x562-5.jpg\",\"contentUrl\":\"https:\/\/vof-news.eu\/wp-content\/uploads\/2025\/09\/wide__1000x562-5.jpg\",\"width\":1000,\"height\":562},{\"@type\":\"BreadcrumbList\",\"@id\":\"https:\/\/vof-news.eu\/de\/nahern-sich-da-etwa-zwei-an\/#breadcrumb\",\"itemListElement\":[{\"@type\":\"ListItem\",\"position\":1,\"name\":\"Home\",\"item\":\"https:\/\/vof-news.eu\/de\/\"},{\"@type\":\"ListItem\",\"position\":2,\"name\":\"N\u00e4hern sich da etwa zwei an?\"}]},{\"@type\":\"WebSite\",\"@id\":\"https:\/\/vof-news.eu\/de\/#website\",\"url\":\"https:\/\/vof-news.eu\/de\/\",\"name\":\"vof-news.eu\",\"description\":\"\",\"potentialAction\":[{\"@type\":\"SearchAction\",\"target\":{\"@type\":\"EntryPoint\",\"urlTemplate\":\"https:\/\/vof-news.eu\/de\/?s={search_term_string}\"},\"query-input\":\"required name=search_term_string\"}],\"inLanguage\":\"de\"},{\"@type\":\"Person\",\"@id\":\"https:\/\/vof-news.eu\/de\/#\/schema\/person\/f6a2a4309f0561835797fd8c19b333ed\",\"name\":\"Author\",\"image\":{\"@type\":\"ImageObject\",\"inLanguage\":\"de\",\"@id\":\"https:\/\/vof-news.eu\/de\/#\/schema\/person\/image\/\",\"url\":\"https:\/\/secure.gravatar.com\/avatar\/b67e614b1b25b3e9c0c239efdd2fde5ab015b5affd6f1c3c85911ca4b384e790?s=96&d=mm&r=g\",\"contentUrl\":\"https:\/\/secure.gravatar.com\/avatar\/b67e614b1b25b3e9c0c239efdd2fde5ab015b5affd6f1c3c85911ca4b384e790?s=96&d=mm&r=g\",\"caption\":\"Author\"},\"sameAs\":[\"http:\/\/vof-news.eu\"],\"url\":\"https:\/\/vof-news.eu\/de\/author\/zwt6qxnjulxbnyg\/\"}]}<\/script>\n<!-- \/ Yoast SEO plugin. -->","yoast_head_json":{"title":"N\u00e4hern sich da etwa zwei an? - vof-news.eu","description":"\"Warum haben wir das nicht schon l\u00e4ngst gemacht, so zusammengesessen?\", hatte Jens Spahn nach der gemeinsamen Klausur der gesch\u00e4ftsf\u00fchrenden Fraktionsvorst\u00e4nde von Union und SPD vergangene Woche in W\u00fcrzburg gefragt. Zwei Tage sp\u00e4ter, Sonntagabend, brechen der Unions-Fraktionschef und Matthias Miersch, sein Counterpart von der SPD \u2013 die beiden also, zwischen denen es ma\u00dfgeblich geknirscht hat \u2013 gemeinsam in die Ukraine auf. Kann das funktionieren, kann die Solidarit\u00e4t mit der Ukraine auch die zwischen Schwarz und Rot stiften?","robots":{"index":"noindex","follow":"follow","max-snippet":"max-snippet:-1","max-image-preview":"max-image-preview:large","max-video-preview":"max-video-preview:-1"},"og_locale":"de_DE","og_type":"article","og_title":"N\u00e4hern sich da etwa zwei an? - vof-news.eu","og_description":"\"Warum haben wir das nicht schon l\u00e4ngst gemacht, so zusammengesessen?\", hatte Jens Spahn nach der gemeinsamen Klausur der gesch\u00e4ftsf\u00fchrenden Fraktionsvorst\u00e4nde von Union und SPD vergangene Woche in W\u00fcrzburg gefragt. Zwei Tage sp\u00e4ter, Sonntagabend, brechen der Unions-Fraktionschef und Matthias Miersch, sein Counterpart von der SPD \u2013 die beiden also, zwischen denen es ma\u00dfgeblich geknirscht hat \u2013 gemeinsam in die Ukraine auf. Kann das funktionieren, kann die Solidarit\u00e4t mit der Ukraine auch die zwischen Schwarz und Rot stiften?","og_url":"https:\/\/vof-news.eu\/de\/nahern-sich-da-etwa-zwei-an\/","og_site_name":"vof-news.eu","article_published_time":"2025-09-02T14:28:09+00:00","article_modified_time":"2025-09-02T14:28:57+00:00","og_image":[{"width":1000,"height":562,"url":"https:\/\/vof-news.eu\/wp-content\/uploads\/2025\/09\/wide__1000x562-5.jpg","type":"image\/jpeg"}],"author":"Author","twitter_card":"summary_large_image","twitter_misc":{"Verfasst von":"Author","Gesch\u00e4tzte Lesezeit":"3\u00a0Minuten"},"schema":{"@context":"https:\/\/schema.org","@graph":[{"@type":"WebPage","@id":"https:\/\/vof-news.eu\/de\/nahern-sich-da-etwa-zwei-an\/","url":"https:\/\/vof-news.eu\/de\/nahern-sich-da-etwa-zwei-an\/","name":"N\u00e4hern sich da etwa zwei an? - vof-news.eu","isPartOf":{"@id":"https:\/\/vof-news.eu\/de\/#website"},"primaryImageOfPage":{"@id":"https:\/\/vof-news.eu\/de\/nahern-sich-da-etwa-zwei-an\/#primaryimage"},"image":{"@id":"https:\/\/vof-news.eu\/de\/nahern-sich-da-etwa-zwei-an\/#primaryimage"},"thumbnailUrl":"https:\/\/vof-news.eu\/wp-content\/uploads\/2025\/09\/wide__1000x562-5.jpg","datePublished":"2025-09-02T14:28:09+00:00","dateModified":"2025-09-02T14:28:57+00:00","author":{"@id":"https:\/\/vof-news.eu\/de\/#\/schema\/person\/f6a2a4309f0561835797fd8c19b333ed"},"description":"\"Warum haben wir das nicht schon l\u00e4ngst gemacht, so zusammengesessen?\", hatte Jens Spahn nach der gemeinsamen Klausur der gesch\u00e4ftsf\u00fchrenden Fraktionsvorst\u00e4nde von Union und SPD vergangene Woche in W\u00fcrzburg gefragt. Zwei Tage sp\u00e4ter, Sonntagabend, brechen der Unions-Fraktionschef und Matthias Miersch, sein Counterpart von der SPD \u2013 die beiden also, zwischen denen es ma\u00dfgeblich geknirscht hat \u2013 gemeinsam in die Ukraine auf. Kann das funktionieren, kann die Solidarit\u00e4t mit der Ukraine auch die zwischen Schwarz und Rot stiften?","breadcrumb":{"@id":"https:\/\/vof-news.eu\/de\/nahern-sich-da-etwa-zwei-an\/#breadcrumb"},"inLanguage":"de","potentialAction":[{"@type":"ReadAction","target":["https:\/\/vof-news.eu\/de\/nahern-sich-da-etwa-zwei-an\/"]}]},{"@type":"ImageObject","inLanguage":"de","@id":"https:\/\/vof-news.eu\/de\/nahern-sich-da-etwa-zwei-an\/#primaryimage","url":"https:\/\/vof-news.eu\/wp-content\/uploads\/2025\/09\/wide__1000x562-5.jpg","contentUrl":"https:\/\/vof-news.eu\/wp-content\/uploads\/2025\/09\/wide__1000x562-5.jpg","width":1000,"height":562},{"@type":"BreadcrumbList","@id":"https:\/\/vof-news.eu\/de\/nahern-sich-da-etwa-zwei-an\/#breadcrumb","itemListElement":[{"@type":"ListItem","position":1,"name":"Home","item":"https:\/\/vof-news.eu\/de\/"},{"@type":"ListItem","position":2,"name":"N\u00e4hern sich da etwa zwei an?"}]},{"@type":"WebSite","@id":"https:\/\/vof-news.eu\/de\/#website","url":"https:\/\/vof-news.eu\/de\/","name":"vof-news.eu","description":"","potentialAction":[{"@type":"SearchAction","target":{"@type":"EntryPoint","urlTemplate":"https:\/\/vof-news.eu\/de\/?s={search_term_string}"},"query-input":"required name=search_term_string"}],"inLanguage":"de"},{"@type":"Person","@id":"https:\/\/vof-news.eu\/de\/#\/schema\/person\/f6a2a4309f0561835797fd8c19b333ed","name":"Author","image":{"@type":"ImageObject","inLanguage":"de","@id":"https:\/\/vof-news.eu\/de\/#\/schema\/person\/image\/","url":"https:\/\/secure.gravatar.com\/avatar\/b67e614b1b25b3e9c0c239efdd2fde5ab015b5affd6f1c3c85911ca4b384e790?s=96&d=mm&r=g","contentUrl":"https:\/\/secure.gravatar.com\/avatar\/b67e614b1b25b3e9c0c239efdd2fde5ab015b5affd6f1c3c85911ca4b384e790?s=96&d=mm&r=g","caption":"Author"},"sameAs":["http:\/\/vof-news.eu"],"url":"https:\/\/vof-news.eu\/de\/author\/zwt6qxnjulxbnyg\/"}]}},"yoast_meta":{"yoast_wpseo_title":"","yoast_wpseo_metadesc":"","yoast_wpseo_canonical":""},"_links":{"self":[{"href":"https:\/\/vof-news.eu\/de\/wp-json\/wp\/v2\/posts\/270390","targetHints":{"allow":["GET"]}}],"collection":[{"href":"https:\/\/vof-news.eu\/de\/wp-json\/wp\/v2\/posts"}],"about":[{"href":"https:\/\/vof-news.eu\/de\/wp-json\/wp\/v2\/types\/post"}],"author":[{"embeddable":true,"href":"https:\/\/vof-news.eu\/de\/wp-json\/wp\/v2\/users\/1"}],"replies":[{"embeddable":true,"href":"https:\/\/vof-news.eu\/de\/wp-json\/wp\/v2\/comments?post=270390"}],"version-history":[{"count":1,"href":"https:\/\/vof-news.eu\/de\/wp-json\/wp\/v2\/posts\/270390\/revisions"}],"predecessor-version":[{"id":270397,"href":"https:\/\/vof-news.eu\/de\/wp-json\/wp\/v2\/posts\/270390\/revisions\/270397"}],"wp:featuredmedia":[{"embeddable":true,"href":"https:\/\/vof-news.eu\/de\/wp-json\/wp\/v2\/media\/270391"}],"wp:attachment":[{"href":"https:\/\/vof-news.eu\/de\/wp-json\/wp\/v2\/media?parent=270390"}],"wp:term":[{"taxonomy":"category","embeddable":true,"href":"https:\/\/vof-news.eu\/de\/wp-json\/wp\/v2\/categories?post=270390"},{"taxonomy":"post_tag","embeddable":true,"href":"https:\/\/vof-news.eu\/de\/wp-json\/wp\/v2\/tags?post=270390"}],"curies":[{"name":"wp","href":"https:\/\/api.w.org\/{rel}","templated":true}]}}