{"id":270027,"date":"2025-09-01T19:28:07","date_gmt":"2025-09-01T16:28:07","guid":{"rendered":"https:\/\/vof-news.eu\/generalinspekteur-der-bundeswehr-warnt-vor-russischer-bedrohung\/"},"modified":"2025-09-01T19:28:54","modified_gmt":"2025-09-01T16:28:54","slug":"generalinspekteur-der-bundeswehr-warnt-vor-russischer-bedrohung","status":"publish","type":"post","link":"https:\/\/vof-news.eu\/de\/generalinspekteur-der-bundeswehr-warnt-vor-russischer-bedrohung\/","title":{"rendered":"Generalinspekteur der Bundeswehr warnt vor russischer Bedrohung"},"content":{"rendered":"<div>\n<p>Der Generalinspekteur der Bundeswehr, Carsten Breuer, hat<br \/>\nvor Russland gewarnt und f\u00fcr Abschreckung im Ostseeraum pl\u00e4diert. Nur \u00fcber<br \/>\nAbschreckung werde man Frieden erhalten k\u00f6nnen, sagte Breuer bei einer<br \/>\nPressekonferenz in Berlin anl\u00e4sslich der Nato-\u00dcbungsserie Quadriga 2025. Die<br \/>\nBedrohung durch Russland sei unver\u00e4ndert. Der russische Pr\u00e4sident Wladimir Putin &#8222;schaut auf uns&#8220;, sagte Breuer. &#8222;Seine Pl\u00e4ne gehen \u00fcber die<br \/>\nUkraine hinaus.&#8220;\n<\/p>\n<p>Etwa 8.000 Soldatinnen und Soldaten aus 14 Nato-L\u00e4ndern,<br \/>\ndarunter Deutschland, proben im Rahmen der aktuell laufenden \u00dcbungsserie den<br \/>\nSchutz des Ostseeraums im Krisen- und Kriegsfall. Laut <span><a href=\"https:\/\/www.zeit.de\/thema\/bundeswehr\" rel=\"nofollow\">Bundeswehr<\/a><\/span> wird etwa die<br \/>\nVerlegung von Truppen und Ger\u00e4t auf dem See-, Land- und Luftweg in Richtung Litauen ge\u00fcbt.\n<\/p>\n<p>&#8222;Die Bundeswehr muss \u00fcben, \u00fcben und nochmals \u00fcben&#8220;, sagte<br \/>\nBreuer. Es gehe um die Verl\u00e4sslichkeit der logistischen Drehscheibe f\u00fcr die<br \/>\n<span><a href=\"https:\/\/www.zeit.de\/thema\/nato\" rel=\"nofollow\">Nato<\/a><\/span>, alle Nachschubwege f\u00fchrten \u00fcber Deutschland.\n<\/p>\n<h2>Russische Gro\u00df\u00fcbung Sapad startet<\/h2>\n<p>Breuer verwies auch auf die in knapp zwei Wochen beginnende<br \/>\nrussische Gro\u00df\u00fcbung Sapad, was \u00fcbersetzt Westen hei\u00dft. Sie finde in Belarus<br \/>\n&#8222;direkt an der Grenze zu Litauen, direkt an der Grenze zur Nato&#8220; statt.<br \/>\nErwartet w\u00fcrden rund 13.000 \u00fcbende Soldaten in Belarus und weitere 30.000 auf<br \/>\nrussischem Gebiet.\n<\/p>\n<p>Einige \u00dcbungsabschnitte von Sapad und Quadriga w\u00fcrden sich<br \/>\nzeitlich \u00fcberschneiden, sagte Breuer. &#8222;Wir wollen abschrecken, wir wollen keine<br \/>\nEskalation. Wir \u00fcben ausschlie\u00dflich Verteidigung&#8220;, sagte er. Es gebe keine<br \/>\nHinweise auf Angriffsvorbereitungen unter dem Deckmantel der Sapad-\u00dcbung. &#8222;Aber<br \/>\nwir sind wachsam.&#8220;\n<\/p>\n<p>Breuer \u00e4u\u00dferte sich auf Nachfrage von Journalisten auch zu der\u00a0mutma\u00dflichen, russischen GPS-St\u00f6raktion gegen EU-Kommissionspr\u00e4sidentin Ursula von der Leyen. &#8222;Wir stehen zurzeit immer<br \/>\nwieder unter Sabotage, unter Spionage und wir unterliegen auch hybrider<br \/>\nEinflussnahme, hybriden Aktionen, die k\u00f6nnen wir ganz h\u00e4ufig auf<br \/>\nstaatliche Akteure und dabei dann sehr h\u00e4ufig auch auf Russland<br \/>\nzur\u00fcckf\u00fchren&#8220;, sagte der General.\u00a0\n<\/p>\n<\/div>\n","protected":false},"excerpt":{"rendered":"<p>Der Generalinspekteur der Bundeswehr, Carsten Breuer, hat vor Russland gewarnt und f\u00fcr Abschreckung im Ostseeraum pl\u00e4diert. Nur \u00fcber Abschreckung werde man Frieden erhalten k\u00f6nnen, sagte Breuer bei einer Pressekonferenz in Berlin anl\u00e4sslich der Nato-\u00dcbungsserie Quadriga 2025. Die Bedrohung durch Russland sei unver\u00e4ndert. Der russische Pr\u00e4sident Wladimir Putin &#8222;schaut auf uns&#8220;, sagte Breuer. &#8222;Seine Pl\u00e4ne gehen<\/p>\n","protected":false},"author":1,"featured_media":270028,"comment_status":"open","ping_status":"open","sticky":false,"template":"","format":"standard","meta":{"footnotes":""},"categories":[116],"tags":[],"class_list":["post-270027","post","type-post","status-publish","format-standard","has-post-thumbnail","hentry","category-war-chronicles-de"],"acf":[],"yoast_head":"<!-- This site is optimized with the Yoast SEO plugin v22.9 - https:\/\/yoast.com\/wordpress\/plugins\/seo\/ -->\n<title>Generalinspekteur der Bundeswehr warnt vor russischer Bedrohung - vof-news.eu<\/title>\n<meta name=\"description\" content=\"Der Generalinspekteur der Bundeswehr, Carsten Breuer, hat\" \/>\n<meta name=\"robots\" content=\"noindex, follow, max-snippet:-1, max-image-preview:large, max-video-preview:-1\" \/>\n<meta property=\"og:locale\" content=\"de_DE\" \/>\n<meta property=\"og:type\" content=\"article\" \/>\n<meta property=\"og:title\" content=\"Generalinspekteur der Bundeswehr warnt vor russischer Bedrohung - vof-news.eu\" \/>\n<meta property=\"og:description\" content=\"Der Generalinspekteur der Bundeswehr, Carsten Breuer, hat\" \/>\n<meta property=\"og:url\" content=\"https:\/\/vof-news.eu\/de\/generalinspekteur-der-bundeswehr-warnt-vor-russischer-bedrohung\/\" \/>\n<meta property=\"og:site_name\" content=\"vof-news.eu\" \/>\n<meta property=\"article:published_time\" content=\"2025-09-01T16:28:07+00:00\" \/>\n<meta property=\"article:modified_time\" content=\"2025-09-01T16:28:54+00:00\" \/>\n<meta property=\"og:image\" content=\"https:\/\/vof-news.eu\/wp-content\/uploads\/2025\/09\/wide__1000x562-3.jpg\" \/>\n\t<meta property=\"og:image:width\" content=\"1000\" \/>\n\t<meta property=\"og:image:height\" content=\"562\" \/>\n\t<meta property=\"og:image:type\" content=\"image\/jpeg\" \/>\n<meta name=\"author\" content=\"Author\" \/>\n<meta name=\"twitter:card\" content=\"summary_large_image\" \/>\n<meta name=\"twitter:label1\" content=\"Verfasst von\" \/>\n\t<meta name=\"twitter:data1\" content=\"Author\" \/>\n\t<meta name=\"twitter:label2\" content=\"Gesch\u00e4tzte Lesezeit\" \/>\n\t<meta name=\"twitter:data2\" content=\"2\u00a0Minuten\" \/>\n<script type=\"application\/ld+json\" class=\"yoast-schema-graph\">{\"@context\":\"https:\/\/schema.org\",\"@graph\":[{\"@type\":\"WebPage\",\"@id\":\"https:\/\/vof-news.eu\/de\/generalinspekteur-der-bundeswehr-warnt-vor-russischer-bedrohung\/\",\"url\":\"https:\/\/vof-news.eu\/de\/generalinspekteur-der-bundeswehr-warnt-vor-russischer-bedrohung\/\",\"name\":\"Generalinspekteur der Bundeswehr warnt vor russischer Bedrohung - vof-news.eu\",\"isPartOf\":{\"@id\":\"https:\/\/vof-news.eu\/de\/#website\"},\"primaryImageOfPage\":{\"@id\":\"https:\/\/vof-news.eu\/de\/generalinspekteur-der-bundeswehr-warnt-vor-russischer-bedrohung\/#primaryimage\"},\"image\":{\"@id\":\"https:\/\/vof-news.eu\/de\/generalinspekteur-der-bundeswehr-warnt-vor-russischer-bedrohung\/#primaryimage\"},\"thumbnailUrl\":\"https:\/\/vof-news.eu\/wp-content\/uploads\/2025\/09\/wide__1000x562-3.jpg\",\"datePublished\":\"2025-09-01T16:28:07+00:00\",\"dateModified\":\"2025-09-01T16:28:54+00:00\",\"author\":{\"@id\":\"https:\/\/vof-news.eu\/de\/#\/schema\/person\/f6a2a4309f0561835797fd8c19b333ed\"},\"description\":\"Der Generalinspekteur der Bundeswehr, Carsten Breuer, hat\",\"breadcrumb\":{\"@id\":\"https:\/\/vof-news.eu\/de\/generalinspekteur-der-bundeswehr-warnt-vor-russischer-bedrohung\/#breadcrumb\"},\"inLanguage\":\"de\",\"potentialAction\":[{\"@type\":\"ReadAction\",\"target\":[\"https:\/\/vof-news.eu\/de\/generalinspekteur-der-bundeswehr-warnt-vor-russischer-bedrohung\/\"]}]},{\"@type\":\"ImageObject\",\"inLanguage\":\"de\",\"@id\":\"https:\/\/vof-news.eu\/de\/generalinspekteur-der-bundeswehr-warnt-vor-russischer-bedrohung\/#primaryimage\",\"url\":\"https:\/\/vof-news.eu\/wp-content\/uploads\/2025\/09\/wide__1000x562-3.jpg\",\"contentUrl\":\"https:\/\/vof-news.eu\/wp-content\/uploads\/2025\/09\/wide__1000x562-3.jpg\",\"width\":1000,\"height\":562},{\"@type\":\"BreadcrumbList\",\"@id\":\"https:\/\/vof-news.eu\/de\/generalinspekteur-der-bundeswehr-warnt-vor-russischer-bedrohung\/#breadcrumb\",\"itemListElement\":[{\"@type\":\"ListItem\",\"position\":1,\"name\":\"Home\",\"item\":\"https:\/\/vof-news.eu\/de\/\"},{\"@type\":\"ListItem\",\"position\":2,\"name\":\"Generalinspekteur der Bundeswehr warnt vor russischer Bedrohung\"}]},{\"@type\":\"WebSite\",\"@id\":\"https:\/\/vof-news.eu\/de\/#website\",\"url\":\"https:\/\/vof-news.eu\/de\/\",\"name\":\"vof-news.eu\",\"description\":\"\",\"potentialAction\":[{\"@type\":\"SearchAction\",\"target\":{\"@type\":\"EntryPoint\",\"urlTemplate\":\"https:\/\/vof-news.eu\/de\/?s={search_term_string}\"},\"query-input\":\"required name=search_term_string\"}],\"inLanguage\":\"de\"},{\"@type\":\"Person\",\"@id\":\"https:\/\/vof-news.eu\/de\/#\/schema\/person\/f6a2a4309f0561835797fd8c19b333ed\",\"name\":\"Author\",\"image\":{\"@type\":\"ImageObject\",\"inLanguage\":\"de\",\"@id\":\"https:\/\/vof-news.eu\/de\/#\/schema\/person\/image\/\",\"url\":\"https:\/\/secure.gravatar.com\/avatar\/b67e614b1b25b3e9c0c239efdd2fde5ab015b5affd6f1c3c85911ca4b384e790?s=96&d=mm&r=g\",\"contentUrl\":\"https:\/\/secure.gravatar.com\/avatar\/b67e614b1b25b3e9c0c239efdd2fde5ab015b5affd6f1c3c85911ca4b384e790?s=96&d=mm&r=g\",\"caption\":\"Author\"},\"sameAs\":[\"http:\/\/vof-news.eu\"],\"url\":\"https:\/\/vof-news.eu\/de\/author\/zwt6qxnjulxbnyg\/\"}]}<\/script>\n<!-- \/ Yoast SEO plugin. -->","yoast_head_json":{"title":"Generalinspekteur der Bundeswehr warnt vor russischer Bedrohung - vof-news.eu","description":"Der Generalinspekteur der Bundeswehr, Carsten Breuer, hat","robots":{"index":"noindex","follow":"follow","max-snippet":"max-snippet:-1","max-image-preview":"max-image-preview:large","max-video-preview":"max-video-preview:-1"},"og_locale":"de_DE","og_type":"article","og_title":"Generalinspekteur der Bundeswehr warnt vor russischer Bedrohung - vof-news.eu","og_description":"Der Generalinspekteur der Bundeswehr, Carsten Breuer, hat","og_url":"https:\/\/vof-news.eu\/de\/generalinspekteur-der-bundeswehr-warnt-vor-russischer-bedrohung\/","og_site_name":"vof-news.eu","article_published_time":"2025-09-01T16:28:07+00:00","article_modified_time":"2025-09-01T16:28:54+00:00","og_image":[{"width":1000,"height":562,"url":"https:\/\/vof-news.eu\/wp-content\/uploads\/2025\/09\/wide__1000x562-3.jpg","type":"image\/jpeg"}],"author":"Author","twitter_card":"summary_large_image","twitter_misc":{"Verfasst von":"Author","Gesch\u00e4tzte Lesezeit":"2\u00a0Minuten"},"schema":{"@context":"https:\/\/schema.org","@graph":[{"@type":"WebPage","@id":"https:\/\/vof-news.eu\/de\/generalinspekteur-der-bundeswehr-warnt-vor-russischer-bedrohung\/","url":"https:\/\/vof-news.eu\/de\/generalinspekteur-der-bundeswehr-warnt-vor-russischer-bedrohung\/","name":"Generalinspekteur der Bundeswehr warnt vor russischer Bedrohung - vof-news.eu","isPartOf":{"@id":"https:\/\/vof-news.eu\/de\/#website"},"primaryImageOfPage":{"@id":"https:\/\/vof-news.eu\/de\/generalinspekteur-der-bundeswehr-warnt-vor-russischer-bedrohung\/#primaryimage"},"image":{"@id":"https:\/\/vof-news.eu\/de\/generalinspekteur-der-bundeswehr-warnt-vor-russischer-bedrohung\/#primaryimage"},"thumbnailUrl":"https:\/\/vof-news.eu\/wp-content\/uploads\/2025\/09\/wide__1000x562-3.jpg","datePublished":"2025-09-01T16:28:07+00:00","dateModified":"2025-09-01T16:28:54+00:00","author":{"@id":"https:\/\/vof-news.eu\/de\/#\/schema\/person\/f6a2a4309f0561835797fd8c19b333ed"},"description":"Der Generalinspekteur der Bundeswehr, Carsten Breuer, hat","breadcrumb":{"@id":"https:\/\/vof-news.eu\/de\/generalinspekteur-der-bundeswehr-warnt-vor-russischer-bedrohung\/#breadcrumb"},"inLanguage":"de","potentialAction":[{"@type":"ReadAction","target":["https:\/\/vof-news.eu\/de\/generalinspekteur-der-bundeswehr-warnt-vor-russischer-bedrohung\/"]}]},{"@type":"ImageObject","inLanguage":"de","@id":"https:\/\/vof-news.eu\/de\/generalinspekteur-der-bundeswehr-warnt-vor-russischer-bedrohung\/#primaryimage","url":"https:\/\/vof-news.eu\/wp-content\/uploads\/2025\/09\/wide__1000x562-3.jpg","contentUrl":"https:\/\/vof-news.eu\/wp-content\/uploads\/2025\/09\/wide__1000x562-3.jpg","width":1000,"height":562},{"@type":"BreadcrumbList","@id":"https:\/\/vof-news.eu\/de\/generalinspekteur-der-bundeswehr-warnt-vor-russischer-bedrohung\/#breadcrumb","itemListElement":[{"@type":"ListItem","position":1,"name":"Home","item":"https:\/\/vof-news.eu\/de\/"},{"@type":"ListItem","position":2,"name":"Generalinspekteur der Bundeswehr warnt vor russischer Bedrohung"}]},{"@type":"WebSite","@id":"https:\/\/vof-news.eu\/de\/#website","url":"https:\/\/vof-news.eu\/de\/","name":"vof-news.eu","description":"","potentialAction":[{"@type":"SearchAction","target":{"@type":"EntryPoint","urlTemplate":"https:\/\/vof-news.eu\/de\/?s={search_term_string}"},"query-input":"required name=search_term_string"}],"inLanguage":"de"},{"@type":"Person","@id":"https:\/\/vof-news.eu\/de\/#\/schema\/person\/f6a2a4309f0561835797fd8c19b333ed","name":"Author","image":{"@type":"ImageObject","inLanguage":"de","@id":"https:\/\/vof-news.eu\/de\/#\/schema\/person\/image\/","url":"https:\/\/secure.gravatar.com\/avatar\/b67e614b1b25b3e9c0c239efdd2fde5ab015b5affd6f1c3c85911ca4b384e790?s=96&d=mm&r=g","contentUrl":"https:\/\/secure.gravatar.com\/avatar\/b67e614b1b25b3e9c0c239efdd2fde5ab015b5affd6f1c3c85911ca4b384e790?s=96&d=mm&r=g","caption":"Author"},"sameAs":["http:\/\/vof-news.eu"],"url":"https:\/\/vof-news.eu\/de\/author\/zwt6qxnjulxbnyg\/"}]}},"yoast_meta":{"yoast_wpseo_title":"","yoast_wpseo_metadesc":"","yoast_wpseo_canonical":""},"_links":{"self":[{"href":"https:\/\/vof-news.eu\/de\/wp-json\/wp\/v2\/posts\/270027","targetHints":{"allow":["GET"]}}],"collection":[{"href":"https:\/\/vof-news.eu\/de\/wp-json\/wp\/v2\/posts"}],"about":[{"href":"https:\/\/vof-news.eu\/de\/wp-json\/wp\/v2\/types\/post"}],"author":[{"embeddable":true,"href":"https:\/\/vof-news.eu\/de\/wp-json\/wp\/v2\/users\/1"}],"replies":[{"embeddable":true,"href":"https:\/\/vof-news.eu\/de\/wp-json\/wp\/v2\/comments?post=270027"}],"version-history":[{"count":1,"href":"https:\/\/vof-news.eu\/de\/wp-json\/wp\/v2\/posts\/270027\/revisions"}],"predecessor-version":[{"id":270034,"href":"https:\/\/vof-news.eu\/de\/wp-json\/wp\/v2\/posts\/270027\/revisions\/270034"}],"wp:featuredmedia":[{"embeddable":true,"href":"https:\/\/vof-news.eu\/de\/wp-json\/wp\/v2\/media\/270028"}],"wp:attachment":[{"href":"https:\/\/vof-news.eu\/de\/wp-json\/wp\/v2\/media?parent=270027"}],"wp:term":[{"taxonomy":"category","embeddable":true,"href":"https:\/\/vof-news.eu\/de\/wp-json\/wp\/v2\/categories?post=270027"},{"taxonomy":"post_tag","embeddable":true,"href":"https:\/\/vof-news.eu\/de\/wp-json\/wp\/v2\/tags?post=270027"}],"curies":[{"name":"wp","href":"https:\/\/api.w.org\/{rel}","templated":true}]}}