{"id":269931,"date":"2025-09-01T15:29:01","date_gmt":"2025-09-01T12:29:01","guid":{"rendered":"https:\/\/vof-news.eu\/nach-totung-von-ukrainischem-politiker-wird-russische-spur-ermittelt\/"},"modified":"2025-09-01T15:29:45","modified_gmt":"2025-09-01T12:29:45","slug":"nach-totung-von-ukrainischem-politiker-wird-russische-spur-ermittelt","status":"publish","type":"post","link":"https:\/\/vof-news.eu\/de\/nach-totung-von-ukrainischem-politiker-wird-russische-spur-ermittelt\/","title":{"rendered":"Nach T\u00f6tung von ukrainischem Politiker wird &#8222;russische Spur&#8220; ermittelt"},"content":{"rendered":"<div>\n<p>Zwei Tage nach den t\u00f6dlichen Sch\u00fcssen auf den ehemaligen ukrainischen Parlamentspr\u00e4sidenten Andrij Parubij\u00a0haben die Beh\u00f6rden einen Fahndungserfolg verk\u00fcndet. <a href=\"https:\/\/www.zeit.de\/gesellschaft\/zeitgeschehen\/2025-08\/ukraine-andrij-parubij-tod-verdaechtiger-festnahme\" rel=\"nofollow\">Ein Verd\u00e4chtiger sei gefasst worden<\/a> und habe bereits &#8222;eine erste Aussage&#8220; gemacht, teilte der ukrainische Pr\u00e4sident Wolodymyr Selenskyj mit. Die <span><a href=\"https:\/\/www.zeit.de\/thema\/polizei\" rel=\"nofollow\">Polizei<\/a><\/span> verfolge eine &#8222;russische Spur&#8220;, hie\u00df es vom Chef der ukrainischen Polizei, Iwan Wyhiwskyj. Details wurden bislang keine genannt.\n<\/p>\n<p>Parubij war eine der Leitfiguren der proeurop\u00e4ischen Bewegungen in der <span><a href=\"https:\/\/www.zeit.de\/politik\/ausland\/ukraine-krieg-news-liveblog\" rel=\"nofollow\">Ukraine<\/a><\/span>. Er wurde am Samstag in der westukrainischen Stadt Lwiw auf offener Stra\u00dfe erschossen. &#8222;Wir wissen, dass dies kein zuf\u00e4lliges Verbrechen war&#8220;, teilte Wyhiwskyj weiter mit. Der T\u00e4ter habe achtmal auf\u00a0Parubij\u00a0gezielt und sich vor seiner Flucht vergewissert, &#8222;dass das Opfer wirklich tot war&#8220;.\u00a0\n<\/p>\n<p>Der Verd\u00e4chtige sei als Lieferant gekleidet gewesen und habe ein<br \/>\nElektrofahrrad gefahren, meldete der ukrainische Sender Suspilne.\u00a0Die Beh\u00f6rde hatten danach eine Untersuchung wegen <a href=\"https:\/\/www.zeit.de\/gesellschaft\/zeitgeschehen\/2025-08\/andrij-parubij-mord-anschlag-ukraine\" rel=\"nofollow\">&#8222;vors\u00e4tzlichen Mordes&#8220;<\/a> eingeleitet.\n<\/p>\n<p>Innenminister Ihor Klymenko schrieb auf Telegram, an dem Einsatz zur Festnahme des Verd\u00e4chtigen seien zahlreiche Polizisten und andere Sicherheitskr\u00e4fte beteiligt gewesen. Das Verbrechen sei sorgf\u00e4ltig vorbereitet worden. &#8222;Der Zeitablauf der Bewegungen des Verstorbenen wurde erforscht, die Route wurde festgelegt und ein Fluchtplan wurde entworfen&#8220;, hie\u00df es von Klymenko. Der Zugriff gelang demnach in der westlichen Region Chmelnyzkyj.\n<\/p>\n<h2>Parubij auf Fahndungsliste russischer Beh\u00f6rden<\/h2>\n<p>Bereits in einigen W\u00fcrdigungen ukrainischer Politiker wurde der Verdacht ge\u00e4u\u00dfert, dass Russland an dem Mordanschlag beteiligt gewesen sei. Seit dem Beginn der russischen Invasion in der Ukraine im Februar 2022 haben beide L\u00e4nder einander mehrfach die Ermordung von Politikern und ranghohen Milit\u00e4rvertretern vorgeworfen. Russische Staatsmedien berichteten, dass Parubij seit 2023 auf einer Fahndungsliste der Beh\u00f6rden in Russland stand.\n<\/p>\n<p>Parubij war von 2016 bis 2019 Parlamentspr\u00e4sident der Ukraine und diente zuvor einige Monate als Vorsitzender des Sicherheitsrats. Schon zu Sowjetzeiten hatte sich der studierte Historiker f\u00fcr die Unabh\u00e4ngigkeit der Ukraine eingesetzt. Er galt als eine der Leitfiguren bei den gro\u00dfen proeurop\u00e4ischen Bewegungen der j\u00fcngeren ukrainischen Geschichte: der Maidan-Revolution von 2014 sowie der Orangenen Revolution im Jahr 2004.\n<\/p>\n<p>Parubij befehligte Verteidigungsgruppen w\u00e4hrend der Maidan-Proteste, die blutig niedergeschlagen wurden. Die proeurop\u00e4ischen Proteste st\u00fcrzten 2014 den vom russischen Regime unterst\u00fctzten damaligen Pr\u00e4sidenten Viktor Janukowitsch. Im Jahr 2014 \u00fcberlebte Parubij einen versuchten Mordanschlag mit einer Kampfgranate.\n<\/p>\n<\/p>\n<\/div>\n","protected":false},"excerpt":{"rendered":"<p>Zwei Tage nach den t\u00f6dlichen Sch\u00fcssen auf den ehemaligen ukrainischen Parlamentspr\u00e4sidenten Andrij Parubij\u00a0haben die Beh\u00f6rden einen Fahndungserfolg verk\u00fcndet. Ein Verd\u00e4chtiger sei gefasst worden und habe bereits &#8222;eine erste Aussage&#8220; gemacht, teilte der ukrainische Pr\u00e4sident Wolodymyr Selenskyj mit. Die Polizei verfolge eine &#8222;russische Spur&#8220;, hie\u00df es vom Chef der ukrainischen Polizei, Iwan Wyhiwskyj. Details wurden bislang<\/p>\n","protected":false},"author":1,"featured_media":269932,"comment_status":"open","ping_status":"open","sticky":false,"template":"","format":"standard","meta":{"footnotes":""},"categories":[116],"tags":[],"class_list":["post-269931","post","type-post","status-publish","format-standard","has-post-thumbnail","hentry","category-war-chronicles-de"],"acf":[],"yoast_head":"<!-- This site is optimized with the Yoast SEO plugin v22.9 - https:\/\/yoast.com\/wordpress\/plugins\/seo\/ -->\n<title>Nach T\u00f6tung von ukrainischem Politiker wird &quot;russische Spur&quot; ermittelt - vof-news.eu<\/title>\n<meta name=\"description\" content=\"Zwei Tage nach den t\u00f6dlichen Sch\u00fcssen auf den ehemaligen ukrainischen Parlamentspr\u00e4sidenten Andrij Parubij\u00a0haben die Beh\u00f6rden einen Fahndungserfolg verk\u00fcndet. Ein Verd\u00e4chtiger sei gefasst worden und habe bereits &quot;eine erste Aussage&quot; gemacht, teilte der ukrainische Pr\u00e4sident Wolodymyr Selenskyj mit. Die Polizei verfolge eine &quot;russische Spur&quot;, hie\u00df es vom Chef der ukrainischen Polizei, Iwan Wyhiwskyj. Details wurden bislang keine genannt.\" \/>\n<meta name=\"robots\" content=\"noindex, follow, max-snippet:-1, max-image-preview:large, max-video-preview:-1\" \/>\n<meta property=\"og:locale\" content=\"de_DE\" \/>\n<meta property=\"og:type\" content=\"article\" \/>\n<meta property=\"og:title\" content=\"Nach T\u00f6tung von ukrainischem Politiker wird &quot;russische Spur&quot; ermittelt - vof-news.eu\" \/>\n<meta property=\"og:description\" content=\"Zwei Tage nach den t\u00f6dlichen Sch\u00fcssen auf den ehemaligen ukrainischen Parlamentspr\u00e4sidenten Andrij Parubij\u00a0haben die Beh\u00f6rden einen Fahndungserfolg verk\u00fcndet. Ein Verd\u00e4chtiger sei gefasst worden und habe bereits &quot;eine erste Aussage&quot; gemacht, teilte der ukrainische Pr\u00e4sident Wolodymyr Selenskyj mit. Die Polizei verfolge eine &quot;russische Spur&quot;, hie\u00df es vom Chef der ukrainischen Polizei, Iwan Wyhiwskyj. Details wurden bislang keine genannt.\" \/>\n<meta property=\"og:url\" content=\"https:\/\/vof-news.eu\/de\/nach-totung-von-ukrainischem-politiker-wird-russische-spur-ermittelt\/\" \/>\n<meta property=\"og:site_name\" content=\"vof-news.eu\" \/>\n<meta property=\"article:published_time\" content=\"2025-09-01T12:29:01+00:00\" \/>\n<meta property=\"article:modified_time\" content=\"2025-09-01T12:29:45+00:00\" \/>\n<meta property=\"og:image\" content=\"https:\/\/vof-news.eu\/wp-content\/uploads\/2025\/09\/wide__1000x562-2.jpg\" \/>\n\t<meta property=\"og:image:width\" content=\"1000\" \/>\n\t<meta property=\"og:image:height\" content=\"562\" \/>\n\t<meta property=\"og:image:type\" content=\"image\/jpeg\" \/>\n<meta name=\"author\" content=\"Author\" \/>\n<meta name=\"twitter:card\" content=\"summary_large_image\" \/>\n<meta name=\"twitter:label1\" content=\"Verfasst von\" \/>\n\t<meta name=\"twitter:data1\" content=\"Author\" \/>\n\t<meta name=\"twitter:label2\" content=\"Gesch\u00e4tzte Lesezeit\" \/>\n\t<meta name=\"twitter:data2\" content=\"2\u00a0Minuten\" \/>\n<script type=\"application\/ld+json\" class=\"yoast-schema-graph\">{\"@context\":\"https:\/\/schema.org\",\"@graph\":[{\"@type\":\"WebPage\",\"@id\":\"https:\/\/vof-news.eu\/de\/nach-totung-von-ukrainischem-politiker-wird-russische-spur-ermittelt\/\",\"url\":\"https:\/\/vof-news.eu\/de\/nach-totung-von-ukrainischem-politiker-wird-russische-spur-ermittelt\/\",\"name\":\"Nach T\u00f6tung von ukrainischem Politiker wird \\\"russische Spur\\\" ermittelt - vof-news.eu\",\"isPartOf\":{\"@id\":\"https:\/\/vof-news.eu\/de\/#website\"},\"primaryImageOfPage\":{\"@id\":\"https:\/\/vof-news.eu\/de\/nach-totung-von-ukrainischem-politiker-wird-russische-spur-ermittelt\/#primaryimage\"},\"image\":{\"@id\":\"https:\/\/vof-news.eu\/de\/nach-totung-von-ukrainischem-politiker-wird-russische-spur-ermittelt\/#primaryimage\"},\"thumbnailUrl\":\"https:\/\/vof-news.eu\/wp-content\/uploads\/2025\/09\/wide__1000x562-2.jpg\",\"datePublished\":\"2025-09-01T12:29:01+00:00\",\"dateModified\":\"2025-09-01T12:29:45+00:00\",\"author\":{\"@id\":\"https:\/\/vof-news.eu\/de\/#\/schema\/person\/f6a2a4309f0561835797fd8c19b333ed\"},\"description\":\"Zwei Tage nach den t\u00f6dlichen Sch\u00fcssen auf den ehemaligen ukrainischen Parlamentspr\u00e4sidenten Andrij Parubij\u00a0haben die Beh\u00f6rden einen Fahndungserfolg verk\u00fcndet. Ein Verd\u00e4chtiger sei gefasst worden und habe bereits \\\"eine erste Aussage\\\" gemacht, teilte der ukrainische Pr\u00e4sident Wolodymyr Selenskyj mit. Die Polizei verfolge eine \\\"russische Spur\\\", hie\u00df es vom Chef der ukrainischen Polizei, Iwan Wyhiwskyj. Details wurden bislang keine genannt.\",\"breadcrumb\":{\"@id\":\"https:\/\/vof-news.eu\/de\/nach-totung-von-ukrainischem-politiker-wird-russische-spur-ermittelt\/#breadcrumb\"},\"inLanguage\":\"de\",\"potentialAction\":[{\"@type\":\"ReadAction\",\"target\":[\"https:\/\/vof-news.eu\/de\/nach-totung-von-ukrainischem-politiker-wird-russische-spur-ermittelt\/\"]}]},{\"@type\":\"ImageObject\",\"inLanguage\":\"de\",\"@id\":\"https:\/\/vof-news.eu\/de\/nach-totung-von-ukrainischem-politiker-wird-russische-spur-ermittelt\/#primaryimage\",\"url\":\"https:\/\/vof-news.eu\/wp-content\/uploads\/2025\/09\/wide__1000x562-2.jpg\",\"contentUrl\":\"https:\/\/vof-news.eu\/wp-content\/uploads\/2025\/09\/wide__1000x562-2.jpg\",\"width\":1000,\"height\":562},{\"@type\":\"BreadcrumbList\",\"@id\":\"https:\/\/vof-news.eu\/de\/nach-totung-von-ukrainischem-politiker-wird-russische-spur-ermittelt\/#breadcrumb\",\"itemListElement\":[{\"@type\":\"ListItem\",\"position\":1,\"name\":\"Home\",\"item\":\"https:\/\/vof-news.eu\/de\/\"},{\"@type\":\"ListItem\",\"position\":2,\"name\":\"Nach T\u00f6tung von ukrainischem Politiker wird &#8220;russische Spur&#8221; ermittelt\"}]},{\"@type\":\"WebSite\",\"@id\":\"https:\/\/vof-news.eu\/de\/#website\",\"url\":\"https:\/\/vof-news.eu\/de\/\",\"name\":\"vof-news.eu\",\"description\":\"\",\"potentialAction\":[{\"@type\":\"SearchAction\",\"target\":{\"@type\":\"EntryPoint\",\"urlTemplate\":\"https:\/\/vof-news.eu\/de\/?s={search_term_string}\"},\"query-input\":\"required name=search_term_string\"}],\"inLanguage\":\"de\"},{\"@type\":\"Person\",\"@id\":\"https:\/\/vof-news.eu\/de\/#\/schema\/person\/f6a2a4309f0561835797fd8c19b333ed\",\"name\":\"Author\",\"image\":{\"@type\":\"ImageObject\",\"inLanguage\":\"de\",\"@id\":\"https:\/\/vof-news.eu\/de\/#\/schema\/person\/image\/\",\"url\":\"https:\/\/secure.gravatar.com\/avatar\/b67e614b1b25b3e9c0c239efdd2fde5ab015b5affd6f1c3c85911ca4b384e790?s=96&d=mm&r=g\",\"contentUrl\":\"https:\/\/secure.gravatar.com\/avatar\/b67e614b1b25b3e9c0c239efdd2fde5ab015b5affd6f1c3c85911ca4b384e790?s=96&d=mm&r=g\",\"caption\":\"Author\"},\"sameAs\":[\"http:\/\/vof-news.eu\"],\"url\":\"https:\/\/vof-news.eu\/de\/author\/zwt6qxnjulxbnyg\/\"}]}<\/script>\n<!-- \/ Yoast SEO plugin. -->","yoast_head_json":{"title":"Nach T\u00f6tung von ukrainischem Politiker wird \"russische Spur\" ermittelt - vof-news.eu","description":"Zwei Tage nach den t\u00f6dlichen Sch\u00fcssen auf den ehemaligen ukrainischen Parlamentspr\u00e4sidenten Andrij Parubij\u00a0haben die Beh\u00f6rden einen Fahndungserfolg verk\u00fcndet. Ein Verd\u00e4chtiger sei gefasst worden und habe bereits \"eine erste Aussage\" gemacht, teilte der ukrainische Pr\u00e4sident Wolodymyr Selenskyj mit. Die Polizei verfolge eine \"russische Spur\", hie\u00df es vom Chef der ukrainischen Polizei, Iwan Wyhiwskyj. Details wurden bislang keine genannt.","robots":{"index":"noindex","follow":"follow","max-snippet":"max-snippet:-1","max-image-preview":"max-image-preview:large","max-video-preview":"max-video-preview:-1"},"og_locale":"de_DE","og_type":"article","og_title":"Nach T\u00f6tung von ukrainischem Politiker wird \"russische Spur\" ermittelt - vof-news.eu","og_description":"Zwei Tage nach den t\u00f6dlichen Sch\u00fcssen auf den ehemaligen ukrainischen Parlamentspr\u00e4sidenten Andrij Parubij\u00a0haben die Beh\u00f6rden einen Fahndungserfolg verk\u00fcndet. Ein Verd\u00e4chtiger sei gefasst worden und habe bereits \"eine erste Aussage\" gemacht, teilte der ukrainische Pr\u00e4sident Wolodymyr Selenskyj mit. Die Polizei verfolge eine \"russische Spur\", hie\u00df es vom Chef der ukrainischen Polizei, Iwan Wyhiwskyj. Details wurden bislang keine genannt.","og_url":"https:\/\/vof-news.eu\/de\/nach-totung-von-ukrainischem-politiker-wird-russische-spur-ermittelt\/","og_site_name":"vof-news.eu","article_published_time":"2025-09-01T12:29:01+00:00","article_modified_time":"2025-09-01T12:29:45+00:00","og_image":[{"width":1000,"height":562,"url":"https:\/\/vof-news.eu\/wp-content\/uploads\/2025\/09\/wide__1000x562-2.jpg","type":"image\/jpeg"}],"author":"Author","twitter_card":"summary_large_image","twitter_misc":{"Verfasst von":"Author","Gesch\u00e4tzte Lesezeit":"2\u00a0Minuten"},"schema":{"@context":"https:\/\/schema.org","@graph":[{"@type":"WebPage","@id":"https:\/\/vof-news.eu\/de\/nach-totung-von-ukrainischem-politiker-wird-russische-spur-ermittelt\/","url":"https:\/\/vof-news.eu\/de\/nach-totung-von-ukrainischem-politiker-wird-russische-spur-ermittelt\/","name":"Nach T\u00f6tung von ukrainischem Politiker wird \"russische Spur\" ermittelt - vof-news.eu","isPartOf":{"@id":"https:\/\/vof-news.eu\/de\/#website"},"primaryImageOfPage":{"@id":"https:\/\/vof-news.eu\/de\/nach-totung-von-ukrainischem-politiker-wird-russische-spur-ermittelt\/#primaryimage"},"image":{"@id":"https:\/\/vof-news.eu\/de\/nach-totung-von-ukrainischem-politiker-wird-russische-spur-ermittelt\/#primaryimage"},"thumbnailUrl":"https:\/\/vof-news.eu\/wp-content\/uploads\/2025\/09\/wide__1000x562-2.jpg","datePublished":"2025-09-01T12:29:01+00:00","dateModified":"2025-09-01T12:29:45+00:00","author":{"@id":"https:\/\/vof-news.eu\/de\/#\/schema\/person\/f6a2a4309f0561835797fd8c19b333ed"},"description":"Zwei Tage nach den t\u00f6dlichen Sch\u00fcssen auf den ehemaligen ukrainischen Parlamentspr\u00e4sidenten Andrij Parubij\u00a0haben die Beh\u00f6rden einen Fahndungserfolg verk\u00fcndet. Ein Verd\u00e4chtiger sei gefasst worden und habe bereits \"eine erste Aussage\" gemacht, teilte der ukrainische Pr\u00e4sident Wolodymyr Selenskyj mit. Die Polizei verfolge eine \"russische Spur\", hie\u00df es vom Chef der ukrainischen Polizei, Iwan Wyhiwskyj. Details wurden bislang keine genannt.","breadcrumb":{"@id":"https:\/\/vof-news.eu\/de\/nach-totung-von-ukrainischem-politiker-wird-russische-spur-ermittelt\/#breadcrumb"},"inLanguage":"de","potentialAction":[{"@type":"ReadAction","target":["https:\/\/vof-news.eu\/de\/nach-totung-von-ukrainischem-politiker-wird-russische-spur-ermittelt\/"]}]},{"@type":"ImageObject","inLanguage":"de","@id":"https:\/\/vof-news.eu\/de\/nach-totung-von-ukrainischem-politiker-wird-russische-spur-ermittelt\/#primaryimage","url":"https:\/\/vof-news.eu\/wp-content\/uploads\/2025\/09\/wide__1000x562-2.jpg","contentUrl":"https:\/\/vof-news.eu\/wp-content\/uploads\/2025\/09\/wide__1000x562-2.jpg","width":1000,"height":562},{"@type":"BreadcrumbList","@id":"https:\/\/vof-news.eu\/de\/nach-totung-von-ukrainischem-politiker-wird-russische-spur-ermittelt\/#breadcrumb","itemListElement":[{"@type":"ListItem","position":1,"name":"Home","item":"https:\/\/vof-news.eu\/de\/"},{"@type":"ListItem","position":2,"name":"Nach T\u00f6tung von ukrainischem Politiker wird &#8220;russische Spur&#8221; ermittelt"}]},{"@type":"WebSite","@id":"https:\/\/vof-news.eu\/de\/#website","url":"https:\/\/vof-news.eu\/de\/","name":"vof-news.eu","description":"","potentialAction":[{"@type":"SearchAction","target":{"@type":"EntryPoint","urlTemplate":"https:\/\/vof-news.eu\/de\/?s={search_term_string}"},"query-input":"required name=search_term_string"}],"inLanguage":"de"},{"@type":"Person","@id":"https:\/\/vof-news.eu\/de\/#\/schema\/person\/f6a2a4309f0561835797fd8c19b333ed","name":"Author","image":{"@type":"ImageObject","inLanguage":"de","@id":"https:\/\/vof-news.eu\/de\/#\/schema\/person\/image\/","url":"https:\/\/secure.gravatar.com\/avatar\/b67e614b1b25b3e9c0c239efdd2fde5ab015b5affd6f1c3c85911ca4b384e790?s=96&d=mm&r=g","contentUrl":"https:\/\/secure.gravatar.com\/avatar\/b67e614b1b25b3e9c0c239efdd2fde5ab015b5affd6f1c3c85911ca4b384e790?s=96&d=mm&r=g","caption":"Author"},"sameAs":["http:\/\/vof-news.eu"],"url":"https:\/\/vof-news.eu\/de\/author\/zwt6qxnjulxbnyg\/"}]}},"yoast_meta":{"yoast_wpseo_title":"","yoast_wpseo_metadesc":"","yoast_wpseo_canonical":""},"_links":{"self":[{"href":"https:\/\/vof-news.eu\/de\/wp-json\/wp\/v2\/posts\/269931","targetHints":{"allow":["GET"]}}],"collection":[{"href":"https:\/\/vof-news.eu\/de\/wp-json\/wp\/v2\/posts"}],"about":[{"href":"https:\/\/vof-news.eu\/de\/wp-json\/wp\/v2\/types\/post"}],"author":[{"embeddable":true,"href":"https:\/\/vof-news.eu\/de\/wp-json\/wp\/v2\/users\/1"}],"replies":[{"embeddable":true,"href":"https:\/\/vof-news.eu\/de\/wp-json\/wp\/v2\/comments?post=269931"}],"version-history":[{"count":1,"href":"https:\/\/vof-news.eu\/de\/wp-json\/wp\/v2\/posts\/269931\/revisions"}],"predecessor-version":[{"id":269938,"href":"https:\/\/vof-news.eu\/de\/wp-json\/wp\/v2\/posts\/269931\/revisions\/269938"}],"wp:featuredmedia":[{"embeddable":true,"href":"https:\/\/vof-news.eu\/de\/wp-json\/wp\/v2\/media\/269932"}],"wp:attachment":[{"href":"https:\/\/vof-news.eu\/de\/wp-json\/wp\/v2\/media?parent=269931"}],"wp:term":[{"taxonomy":"category","embeddable":true,"href":"https:\/\/vof-news.eu\/de\/wp-json\/wp\/v2\/categories?post=269931"},{"taxonomy":"post_tag","embeddable":true,"href":"https:\/\/vof-news.eu\/de\/wp-json\/wp\/v2\/tags?post=269931"}],"curies":[{"name":"wp","href":"https:\/\/api.w.org\/{rel}","templated":true}]}}