{"id":269929,"date":"2025-09-01T15:28:05","date_gmt":"2025-09-01T12:28:05","guid":{"rendered":"https:\/\/vof-news.eu\/pistorius-kritisiert-auserungen-von-der-leyens-zu-sicherheitsgarantien\/"},"modified":"2025-09-01T15:28:30","modified_gmt":"2025-09-01T12:28:30","slug":"pistorius-kritisiert-auserungen-von-der-leyens-zu-sicherheitsgarantien","status":"publish","type":"post","link":"https:\/\/vof-news.eu\/de\/pistorius-kritisiert-auserungen-von-der-leyens-zu-sicherheitsgarantien\/","title":{"rendered":"Pistorius kritisiert \u00c4u\u00dferungen von der Leyens zu Sicherheitsgarantien"},"content":{"rendered":"<div>\n<p>Nach\u00a0\u00c4u\u00dferungen von EU-Kommissionspr\u00e4sidentin Ursula von der Leyen zu milit\u00e4rischen Sicherheitsgarantien f\u00fcr die Ukraine hat Verteidigungsminister <span><a href=\"https:\/\/www.zeit.de\/thema\/boris-pistorius\" rel=\"nofollow\">Boris Pistorius<\/a><\/span> (SPD) \u00f6ffentliche \u00dcberlegungen dazu deutlich kritisiert. Er halte es grunds\u00e4tzlich f\u00fcr falsch, \u00fcber solche Themen zu reden, bevor man am Verhandlungstisch sitze, sagte der SPD-Politiker beim Besuch eines R\u00fcstungsbetriebs im nordrhein-westf\u00e4lischen Troisdorf.\n<\/p>\n<p>&#8222;Also abgesehen davon, dass die Europ\u00e4ische Union keinerlei Zust\u00e4ndigkeiten und Kompetenzen hat, was die Stellung von Truppen \u2013 egal f\u00fcr wen und f\u00fcr was \u2013 hat, w\u00fcrde ich mich davor h\u00fcten, derartige \u00dcberlegungen in irgendeiner Weise zu best\u00e4tigen oder zu kommentieren&#8220;, sagte\u00a0Pistorius. Es gebe laufende \u00dcberlegungen, &#8222;was ginge, was ginge nicht&#8220; und unter welchen Vorbehalten und Bedingungen, w\u00e4re etwas \u00fcberhaupt denkbar. &#8222;Aber das \u00f6ffentlich zu diskutieren, zum jetzigen Zeitpunkt, halte ich f\u00fcr total falsch&#8220;, sagte der SPD-Politiker.\n<\/p>\n<p>Von der Leyen hatte zuvor der Financial Times gesagt, die EU arbeite an konkreten Pl\u00e4nen f\u00fcr die Entsendung multinationaler Truppen in die <span><a href=\"https:\/\/www.zeit.de\/politik\/ausland\/ukraine-krieg-news-liveblog\" rel=\"nofollow\">Ukraine<\/a><\/span>. Dies sei Teil von Sicherheitsgarantien nach einem Ende des Konflikts und werde von den USA unterst\u00fctzt. Pr\u00e4sident Donald Trump habe eine US-Pr\u00e4senz als Teil dieser Garantien zugesichert.\n<\/p>\n<\/p>\n<\/div>\n","protected":false},"excerpt":{"rendered":"<p>Nach\u00a0\u00c4u\u00dferungen von EU-Kommissionspr\u00e4sidentin Ursula von der Leyen zu milit\u00e4rischen Sicherheitsgarantien f\u00fcr die Ukraine hat Verteidigungsminister Boris Pistorius (SPD) \u00f6ffentliche \u00dcberlegungen dazu deutlich kritisiert. Er halte es grunds\u00e4tzlich f\u00fcr falsch, \u00fcber solche Themen zu reden, bevor man am Verhandlungstisch sitze, sagte der SPD-Politiker beim Besuch eines R\u00fcstungsbetriebs im nordrhein-westf\u00e4lischen Troisdorf. &#8222;Also abgesehen davon, dass die Europ\u00e4ische<\/p>\n","protected":false},"author":1,"featured_media":0,"comment_status":"open","ping_status":"open","sticky":false,"template":"","format":"standard","meta":{"footnotes":""},"categories":[116],"tags":[],"class_list":["post-269929","post","type-post","status-publish","format-standard","hentry","category-war-chronicles-de"],"acf":[],"yoast_head":"<!-- This site is optimized with the Yoast SEO plugin v22.9 - https:\/\/yoast.com\/wordpress\/plugins\/seo\/ -->\n<title>Pistorius kritisiert \u00c4u\u00dferungen von der Leyens zu Sicherheitsgarantien - vof-news.eu<\/title>\n<meta name=\"description\" content=\"Nach\u00a0\u00c4u\u00dferungen von EU-Kommissionspr\u00e4sidentin Ursula von der Leyen zu milit\u00e4rischen Sicherheitsgarantien f\u00fcr die Ukraine hat Verteidigungsminister Boris Pistorius (SPD) \u00f6ffentliche \u00dcberlegungen dazu deutlich kritisiert. Er halte es grunds\u00e4tzlich f\u00fcr falsch, \u00fcber solche Themen zu reden, bevor man am Verhandlungstisch sitze, sagte der SPD-Politiker beim Besuch eines R\u00fcstungsbetriebs im nordrhein-westf\u00e4lischen Troisdorf.\" \/>\n<meta name=\"robots\" content=\"noindex, follow, max-snippet:-1, max-image-preview:large, max-video-preview:-1\" \/>\n<meta property=\"og:locale\" content=\"de_DE\" \/>\n<meta property=\"og:type\" content=\"article\" \/>\n<meta property=\"og:title\" content=\"Pistorius kritisiert \u00c4u\u00dferungen von der Leyens zu Sicherheitsgarantien - vof-news.eu\" \/>\n<meta property=\"og:description\" content=\"Nach\u00a0\u00c4u\u00dferungen von EU-Kommissionspr\u00e4sidentin Ursula von der Leyen zu milit\u00e4rischen Sicherheitsgarantien f\u00fcr die Ukraine hat Verteidigungsminister Boris Pistorius (SPD) \u00f6ffentliche \u00dcberlegungen dazu deutlich kritisiert. Er halte es grunds\u00e4tzlich f\u00fcr falsch, \u00fcber solche Themen zu reden, bevor man am Verhandlungstisch sitze, sagte der SPD-Politiker beim Besuch eines R\u00fcstungsbetriebs im nordrhein-westf\u00e4lischen Troisdorf.\" \/>\n<meta property=\"og:url\" content=\"https:\/\/vof-news.eu\/de\/pistorius-kritisiert-auserungen-von-der-leyens-zu-sicherheitsgarantien\/\" \/>\n<meta property=\"og:site_name\" content=\"vof-news.eu\" \/>\n<meta property=\"article:published_time\" content=\"2025-09-01T12:28:05+00:00\" \/>\n<meta property=\"article:modified_time\" content=\"2025-09-01T12:28:30+00:00\" \/>\n<meta name=\"author\" content=\"Author\" \/>\n<meta name=\"twitter:card\" content=\"summary_large_image\" \/>\n<meta name=\"twitter:label1\" content=\"Verfasst von\" \/>\n\t<meta name=\"twitter:data1\" content=\"Author\" \/>\n\t<meta name=\"twitter:label2\" content=\"Gesch\u00e4tzte Lesezeit\" \/>\n\t<meta name=\"twitter:data2\" content=\"1\u00a0Minute\" \/>\n<script type=\"application\/ld+json\" class=\"yoast-schema-graph\">{\"@context\":\"https:\/\/schema.org\",\"@graph\":[{\"@type\":\"WebPage\",\"@id\":\"https:\/\/vof-news.eu\/de\/pistorius-kritisiert-auserungen-von-der-leyens-zu-sicherheitsgarantien\/\",\"url\":\"https:\/\/vof-news.eu\/de\/pistorius-kritisiert-auserungen-von-der-leyens-zu-sicherheitsgarantien\/\",\"name\":\"Pistorius kritisiert \u00c4u\u00dferungen von der Leyens zu Sicherheitsgarantien - vof-news.eu\",\"isPartOf\":{\"@id\":\"https:\/\/vof-news.eu\/de\/#website\"},\"datePublished\":\"2025-09-01T12:28:05+00:00\",\"dateModified\":\"2025-09-01T12:28:30+00:00\",\"author\":{\"@id\":\"https:\/\/vof-news.eu\/de\/#\/schema\/person\/f6a2a4309f0561835797fd8c19b333ed\"},\"description\":\"Nach\u00a0\u00c4u\u00dferungen von EU-Kommissionspr\u00e4sidentin Ursula von der Leyen zu milit\u00e4rischen Sicherheitsgarantien f\u00fcr die Ukraine hat Verteidigungsminister Boris Pistorius (SPD) \u00f6ffentliche \u00dcberlegungen dazu deutlich kritisiert. Er halte es grunds\u00e4tzlich f\u00fcr falsch, \u00fcber solche Themen zu reden, bevor man am Verhandlungstisch sitze, sagte der SPD-Politiker beim Besuch eines R\u00fcstungsbetriebs im nordrhein-westf\u00e4lischen Troisdorf.\",\"breadcrumb\":{\"@id\":\"https:\/\/vof-news.eu\/de\/pistorius-kritisiert-auserungen-von-der-leyens-zu-sicherheitsgarantien\/#breadcrumb\"},\"inLanguage\":\"de\",\"potentialAction\":[{\"@type\":\"ReadAction\",\"target\":[\"https:\/\/vof-news.eu\/de\/pistorius-kritisiert-auserungen-von-der-leyens-zu-sicherheitsgarantien\/\"]}]},{\"@type\":\"BreadcrumbList\",\"@id\":\"https:\/\/vof-news.eu\/de\/pistorius-kritisiert-auserungen-von-der-leyens-zu-sicherheitsgarantien\/#breadcrumb\",\"itemListElement\":[{\"@type\":\"ListItem\",\"position\":1,\"name\":\"Home\",\"item\":\"https:\/\/vof-news.eu\/de\/\"},{\"@type\":\"ListItem\",\"position\":2,\"name\":\"Pistorius kritisiert \u00c4u\u00dferungen von der Leyens zu Sicherheitsgarantien\"}]},{\"@type\":\"WebSite\",\"@id\":\"https:\/\/vof-news.eu\/de\/#website\",\"url\":\"https:\/\/vof-news.eu\/de\/\",\"name\":\"vof-news.eu\",\"description\":\"\",\"potentialAction\":[{\"@type\":\"SearchAction\",\"target\":{\"@type\":\"EntryPoint\",\"urlTemplate\":\"https:\/\/vof-news.eu\/de\/?s={search_term_string}\"},\"query-input\":\"required name=search_term_string\"}],\"inLanguage\":\"de\"},{\"@type\":\"Person\",\"@id\":\"https:\/\/vof-news.eu\/de\/#\/schema\/person\/f6a2a4309f0561835797fd8c19b333ed\",\"name\":\"Author\",\"image\":{\"@type\":\"ImageObject\",\"inLanguage\":\"de\",\"@id\":\"https:\/\/vof-news.eu\/de\/#\/schema\/person\/image\/\",\"url\":\"https:\/\/secure.gravatar.com\/avatar\/b67e614b1b25b3e9c0c239efdd2fde5ab015b5affd6f1c3c85911ca4b384e790?s=96&d=mm&r=g\",\"contentUrl\":\"https:\/\/secure.gravatar.com\/avatar\/b67e614b1b25b3e9c0c239efdd2fde5ab015b5affd6f1c3c85911ca4b384e790?s=96&d=mm&r=g\",\"caption\":\"Author\"},\"sameAs\":[\"http:\/\/vof-news.eu\"],\"url\":\"https:\/\/vof-news.eu\/de\/author\/zwt6qxnjulxbnyg\/\"}]}<\/script>\n<!-- \/ Yoast SEO plugin. -->","yoast_head_json":{"title":"Pistorius kritisiert \u00c4u\u00dferungen von der Leyens zu Sicherheitsgarantien - vof-news.eu","description":"Nach\u00a0\u00c4u\u00dferungen von EU-Kommissionspr\u00e4sidentin Ursula von der Leyen zu milit\u00e4rischen Sicherheitsgarantien f\u00fcr die Ukraine hat Verteidigungsminister Boris Pistorius (SPD) \u00f6ffentliche \u00dcberlegungen dazu deutlich kritisiert. Er halte es grunds\u00e4tzlich f\u00fcr falsch, \u00fcber solche Themen zu reden, bevor man am Verhandlungstisch sitze, sagte der SPD-Politiker beim Besuch eines R\u00fcstungsbetriebs im nordrhein-westf\u00e4lischen Troisdorf.","robots":{"index":"noindex","follow":"follow","max-snippet":"max-snippet:-1","max-image-preview":"max-image-preview:large","max-video-preview":"max-video-preview:-1"},"og_locale":"de_DE","og_type":"article","og_title":"Pistorius kritisiert \u00c4u\u00dferungen von der Leyens zu Sicherheitsgarantien - vof-news.eu","og_description":"Nach\u00a0\u00c4u\u00dferungen von EU-Kommissionspr\u00e4sidentin Ursula von der Leyen zu milit\u00e4rischen Sicherheitsgarantien f\u00fcr die Ukraine hat Verteidigungsminister Boris Pistorius (SPD) \u00f6ffentliche \u00dcberlegungen dazu deutlich kritisiert. Er halte es grunds\u00e4tzlich f\u00fcr falsch, \u00fcber solche Themen zu reden, bevor man am Verhandlungstisch sitze, sagte der SPD-Politiker beim Besuch eines R\u00fcstungsbetriebs im nordrhein-westf\u00e4lischen Troisdorf.","og_url":"https:\/\/vof-news.eu\/de\/pistorius-kritisiert-auserungen-von-der-leyens-zu-sicherheitsgarantien\/","og_site_name":"vof-news.eu","article_published_time":"2025-09-01T12:28:05+00:00","article_modified_time":"2025-09-01T12:28:30+00:00","author":"Author","twitter_card":"summary_large_image","twitter_misc":{"Verfasst von":"Author","Gesch\u00e4tzte Lesezeit":"1\u00a0Minute"},"schema":{"@context":"https:\/\/schema.org","@graph":[{"@type":"WebPage","@id":"https:\/\/vof-news.eu\/de\/pistorius-kritisiert-auserungen-von-der-leyens-zu-sicherheitsgarantien\/","url":"https:\/\/vof-news.eu\/de\/pistorius-kritisiert-auserungen-von-der-leyens-zu-sicherheitsgarantien\/","name":"Pistorius kritisiert \u00c4u\u00dferungen von der Leyens zu Sicherheitsgarantien - vof-news.eu","isPartOf":{"@id":"https:\/\/vof-news.eu\/de\/#website"},"datePublished":"2025-09-01T12:28:05+00:00","dateModified":"2025-09-01T12:28:30+00:00","author":{"@id":"https:\/\/vof-news.eu\/de\/#\/schema\/person\/f6a2a4309f0561835797fd8c19b333ed"},"description":"Nach\u00a0\u00c4u\u00dferungen von EU-Kommissionspr\u00e4sidentin Ursula von der Leyen zu milit\u00e4rischen Sicherheitsgarantien f\u00fcr die Ukraine hat Verteidigungsminister Boris Pistorius (SPD) \u00f6ffentliche \u00dcberlegungen dazu deutlich kritisiert. Er halte es grunds\u00e4tzlich f\u00fcr falsch, \u00fcber solche Themen zu reden, bevor man am Verhandlungstisch sitze, sagte der SPD-Politiker beim Besuch eines R\u00fcstungsbetriebs im nordrhein-westf\u00e4lischen Troisdorf.","breadcrumb":{"@id":"https:\/\/vof-news.eu\/de\/pistorius-kritisiert-auserungen-von-der-leyens-zu-sicherheitsgarantien\/#breadcrumb"},"inLanguage":"de","potentialAction":[{"@type":"ReadAction","target":["https:\/\/vof-news.eu\/de\/pistorius-kritisiert-auserungen-von-der-leyens-zu-sicherheitsgarantien\/"]}]},{"@type":"BreadcrumbList","@id":"https:\/\/vof-news.eu\/de\/pistorius-kritisiert-auserungen-von-der-leyens-zu-sicherheitsgarantien\/#breadcrumb","itemListElement":[{"@type":"ListItem","position":1,"name":"Home","item":"https:\/\/vof-news.eu\/de\/"},{"@type":"ListItem","position":2,"name":"Pistorius kritisiert \u00c4u\u00dferungen von der Leyens zu Sicherheitsgarantien"}]},{"@type":"WebSite","@id":"https:\/\/vof-news.eu\/de\/#website","url":"https:\/\/vof-news.eu\/de\/","name":"vof-news.eu","description":"","potentialAction":[{"@type":"SearchAction","target":{"@type":"EntryPoint","urlTemplate":"https:\/\/vof-news.eu\/de\/?s={search_term_string}"},"query-input":"required name=search_term_string"}],"inLanguage":"de"},{"@type":"Person","@id":"https:\/\/vof-news.eu\/de\/#\/schema\/person\/f6a2a4309f0561835797fd8c19b333ed","name":"Author","image":{"@type":"ImageObject","inLanguage":"de","@id":"https:\/\/vof-news.eu\/de\/#\/schema\/person\/image\/","url":"https:\/\/secure.gravatar.com\/avatar\/b67e614b1b25b3e9c0c239efdd2fde5ab015b5affd6f1c3c85911ca4b384e790?s=96&d=mm&r=g","contentUrl":"https:\/\/secure.gravatar.com\/avatar\/b67e614b1b25b3e9c0c239efdd2fde5ab015b5affd6f1c3c85911ca4b384e790?s=96&d=mm&r=g","caption":"Author"},"sameAs":["http:\/\/vof-news.eu"],"url":"https:\/\/vof-news.eu\/de\/author\/zwt6qxnjulxbnyg\/"}]}},"yoast_meta":{"yoast_wpseo_title":"","yoast_wpseo_metadesc":"","yoast_wpseo_canonical":""},"_links":{"self":[{"href":"https:\/\/vof-news.eu\/de\/wp-json\/wp\/v2\/posts\/269929","targetHints":{"allow":["GET"]}}],"collection":[{"href":"https:\/\/vof-news.eu\/de\/wp-json\/wp\/v2\/posts"}],"about":[{"href":"https:\/\/vof-news.eu\/de\/wp-json\/wp\/v2\/types\/post"}],"author":[{"embeddable":true,"href":"https:\/\/vof-news.eu\/de\/wp-json\/wp\/v2\/users\/1"}],"replies":[{"embeddable":true,"href":"https:\/\/vof-news.eu\/de\/wp-json\/wp\/v2\/comments?post=269929"}],"version-history":[{"count":1,"href":"https:\/\/vof-news.eu\/de\/wp-json\/wp\/v2\/posts\/269929\/revisions"}],"predecessor-version":[{"id":269930,"href":"https:\/\/vof-news.eu\/de\/wp-json\/wp\/v2\/posts\/269929\/revisions\/269930"}],"wp:attachment":[{"href":"https:\/\/vof-news.eu\/de\/wp-json\/wp\/v2\/media?parent=269929"}],"wp:term":[{"taxonomy":"category","embeddable":true,"href":"https:\/\/vof-news.eu\/de\/wp-json\/wp\/v2\/categories?post=269929"},{"taxonomy":"post_tag","embeddable":true,"href":"https:\/\/vof-news.eu\/de\/wp-json\/wp\/v2\/tags?post=269929"}],"curies":[{"name":"wp","href":"https:\/\/api.w.org\/{rel}","templated":true}]}}