{"id":269825,"date":"2025-09-01T11:29:28","date_gmt":"2025-09-01T08:29:28","guid":{"rendered":"https:\/\/vof-news.eu\/spahn-und-miersch-besuchen-gemeinsam-die-ukraine\/"},"modified":"2025-09-01T11:30:38","modified_gmt":"2025-09-01T08:30:38","slug":"spahn-und-miersch-besuchen-gemeinsam-die-ukraine","status":"publish","type":"post","link":"https:\/\/vof-news.eu\/de\/spahn-und-miersch-besuchen-gemeinsam-die-ukraine\/","title":{"rendered":"Spahn und Miersch besuchen gemeinsam die Ukraine"},"content":{"rendered":"<div>\n<p>Die Vorsitzenden der beiden Koalitionsfraktionen, Jens Spahn (CDU\/CSU) und Matthias Miersch<br \/>\n (SPD), sind zu einem gemeinsamen Solidarit\u00e4tsbesuch in der <span><a href=\"https:\/\/www.zeit.de\/politik\/ausland\/ukraine-krieg-news-liveblog\" rel=\"nofollow\">Ukraine<\/a><\/span> eingetroffen. In der ukrainischen Hauptstadt Kyjiw wollen sie mit der ukrainischen F\u00fchrung \u00fcber die weitere deutsche<br \/>\n<a href=\"https:\/\/www.zeit.de\/thema\/krieg-in-ukraine\" rel=\"nofollow\">Unterst\u00fctzung der von Russland angegriffenen Ukraine<\/a> und die diplomatischen Bem\u00fchungen um ein Ende<br \/>\ndes Krieges sprechen.\u00a0\n<\/p>\n<p>Miersch<br \/>\nbezeichnete den gemeinsamen Besuch\u00a0auf der Zugfahrt von Polen nach Kyjiw als &#8222;klares Signal der Unterst\u00fctzung<br \/>\nder Ukraine&#8220;. Es sei &#8222;ganz entscheidend, dass das ein gemeinsames Signal<br \/>\n ist&#8220;.\u00a0Die gemeinsame Reise zeige, &#8222;dass nicht nur die<br \/>\n Regierung fest an der Seite der Ukraine steht, sondern auch das<br \/>\nParlament, die Mehrheit im Parlament, die Koalitionsfraktionen&#8220;, sagte<br \/>\n<span><a href=\"https:\/\/www.zeit.de\/thema\/jens-spahn\" rel=\"nofollow\">Spahn<\/a><\/span>. Ziel sei es, die ukrainische Armee bestm\u00f6glich auszustatten.\n<\/p>\n<p>Sowohl f\u00fcr Spahn als auch f\u00fcr <span><a href=\"https:\/\/www.zeit.de\/thema\/matthias-miersch\" rel=\"nofollow\">Miersch<\/a><\/span> ist es der erste Ukrainebesuch. Sie sind zudem die ersten Fraktionschefs, die das Land seit Kriegsbeginn gemeinsam besuchen. Der Bundestag bewilligt Haushaltsmittel f\u00fcr die Unterst\u00fctzung<br \/>\n der Ukraine. Er h\u00e4tte zudem das letzte Wort, wenn es nach einem<br \/>\nWaffenstillstand um die Entsendung deutscher Soldaten gehen w\u00fcrde \u2013 dazu<br \/>\nhat die Bundesregierung sich allerdings bisher nicht positioniert. Auch Spahn und Miersch bezeichneten die Debatte als verfr\u00fcht.\n<\/p>\n<h2>Zeichen der Einigkeit<\/h2>\n<p>Auf dem Weg besuchten Spahn und Miersch im<br \/>\npolnischen\u00a0Rzesz\u00f3w\u00a0Bundeswehrsoldaten, die dort mit zwei<br \/>\nPatriot-Luftabwehrsystemen den Flughafen sch\u00fctzen, der als zentral f\u00fcr die Versorgung der Ukraine mit westlichen Waffen gilt. Hier sind Bundeswehrsoldaten dem Krieg am n\u00e4chsten.\n<\/p>\n<p>Die Reise ist auch ein Signal der Einheit an die eigenen Parteien und die deutsche \u00d6ffentlichkeit. <a href=\"https:\/\/www.zeit.de\/politik\/deutschland\/2025-08\/klausurtagung-wuerzburg-spd-union-einigkeit\" rel=\"nofollow\">Damit schlie\u00dfen sie an die Klausurtagung der beiden Fraktionsvorst\u00e4nde an<\/a>. In<br \/>\n W\u00fcrzburg hatten die Koalitionsspitzen die Bedeutung des Ukrainekriegs<br \/>\nf\u00fcr die Sicherheit Europas herausgestellt. &#8222;Wir werden alles tun, damit<br \/>\nsich die Ukraine gegen Russland verteidigen und aus einer Position der<br \/>\nSt\u00e4rke verhandeln kann.&#8220;\n<\/p>\n<p>Spahn<br \/>\n will den Besuch auch als Signal an Putin verstanden wissen. &#8222;Es ist<br \/>\nPutin, der Krieg will, der keinen Frieden will&#8220;, sagte er auf der Fahrt<br \/>\nnach <span><a href=\"https:\/\/www.zeit.de\/thema\/kiew\" rel=\"nofollow\">Kyjiw<\/a><\/span>. Wenn er nicht an den Verhandlungstisch kommen wolle, sei<br \/>\nDeutschland bereit, die Ukraine weiter milit\u00e4risch zu unterst\u00fctzen.\n<\/p>\n<p>Die<br \/>\n Luftangriffe auf die Ukraine haben nach dem Russland-USA-Gipfel in<br \/>\nAlaska wieder zugenommen, auch auf die Hauptstadt. Am Donnerstag waren mehr als 20 Menschen ums Leben gekommen. Auch die Geb\u00e4ude der Vertretung der<br \/>\nEurop\u00e4ischen Union und des britischen Kulturinstituts British Council wurden in<br \/>\n Mitleidenschaft gezogen.\n<\/p>\n<\/p>\n<\/div>\n","protected":false},"excerpt":{"rendered":"<p>Die Vorsitzenden der beiden Koalitionsfraktionen, Jens Spahn (CDU\/CSU) und Matthias Miersch (SPD), sind zu einem gemeinsamen Solidarit\u00e4tsbesuch in der Ukraine eingetroffen. In der ukrainischen Hauptstadt Kyjiw wollen sie mit der ukrainischen F\u00fchrung \u00fcber die weitere deutsche Unterst\u00fctzung der von Russland angegriffenen Ukraine und die diplomatischen Bem\u00fchungen um ein Ende des Krieges sprechen.\u00a0 Miersch bezeichnete den<\/p>\n","protected":false},"author":1,"featured_media":269826,"comment_status":"open","ping_status":"open","sticky":false,"template":"","format":"standard","meta":{"footnotes":""},"categories":[116],"tags":[],"class_list":["post-269825","post","type-post","status-publish","format-standard","has-post-thumbnail","hentry","category-war-chronicles-de"],"acf":[],"yoast_head":"<!-- This site is optimized with the Yoast SEO plugin v22.9 - https:\/\/yoast.com\/wordpress\/plugins\/seo\/ -->\n<title>Spahn und Miersch besuchen gemeinsam die Ukraine - vof-news.eu<\/title>\n<meta name=\"description\" content=\"Die Vorsitzenden der beiden Koalitionsfraktionen, Jens Spahn (CDU\/CSU) und Matthias Miersch\" \/>\n<meta name=\"robots\" content=\"noindex, follow, max-snippet:-1, max-image-preview:large, max-video-preview:-1\" \/>\n<meta property=\"og:locale\" content=\"de_DE\" \/>\n<meta property=\"og:type\" content=\"article\" \/>\n<meta property=\"og:title\" content=\"Spahn und Miersch besuchen gemeinsam die Ukraine - vof-news.eu\" \/>\n<meta property=\"og:description\" content=\"Die Vorsitzenden der beiden Koalitionsfraktionen, Jens Spahn (CDU\/CSU) und Matthias Miersch\" \/>\n<meta property=\"og:url\" content=\"https:\/\/vof-news.eu\/de\/spahn-und-miersch-besuchen-gemeinsam-die-ukraine\/\" \/>\n<meta property=\"og:site_name\" content=\"vof-news.eu\" \/>\n<meta property=\"article:published_time\" content=\"2025-09-01T08:29:28+00:00\" \/>\n<meta property=\"article:modified_time\" content=\"2025-09-01T08:30:38+00:00\" \/>\n<meta property=\"og:image\" content=\"https:\/\/vof-news.eu\/wp-content\/uploads\/2025\/09\/wide__1000x562-1.jpg\" \/>\n\t<meta property=\"og:image:width\" content=\"1000\" \/>\n\t<meta property=\"og:image:height\" content=\"562\" \/>\n\t<meta property=\"og:image:type\" content=\"image\/jpeg\" \/>\n<meta name=\"author\" content=\"Author\" \/>\n<meta name=\"twitter:card\" content=\"summary_large_image\" \/>\n<meta name=\"twitter:label1\" content=\"Verfasst von\" \/>\n\t<meta name=\"twitter:data1\" content=\"Author\" \/>\n\t<meta name=\"twitter:label2\" content=\"Gesch\u00e4tzte Lesezeit\" \/>\n\t<meta name=\"twitter:data2\" content=\"2\u00a0Minuten\" \/>\n<script type=\"application\/ld+json\" class=\"yoast-schema-graph\">{\"@context\":\"https:\/\/schema.org\",\"@graph\":[{\"@type\":\"WebPage\",\"@id\":\"https:\/\/vof-news.eu\/de\/spahn-und-miersch-besuchen-gemeinsam-die-ukraine\/\",\"url\":\"https:\/\/vof-news.eu\/de\/spahn-und-miersch-besuchen-gemeinsam-die-ukraine\/\",\"name\":\"Spahn und Miersch besuchen gemeinsam die Ukraine - vof-news.eu\",\"isPartOf\":{\"@id\":\"https:\/\/vof-news.eu\/de\/#website\"},\"primaryImageOfPage\":{\"@id\":\"https:\/\/vof-news.eu\/de\/spahn-und-miersch-besuchen-gemeinsam-die-ukraine\/#primaryimage\"},\"image\":{\"@id\":\"https:\/\/vof-news.eu\/de\/spahn-und-miersch-besuchen-gemeinsam-die-ukraine\/#primaryimage\"},\"thumbnailUrl\":\"https:\/\/vof-news.eu\/wp-content\/uploads\/2025\/09\/wide__1000x562-1.jpg\",\"datePublished\":\"2025-09-01T08:29:28+00:00\",\"dateModified\":\"2025-09-01T08:30:38+00:00\",\"author\":{\"@id\":\"https:\/\/vof-news.eu\/de\/#\/schema\/person\/f6a2a4309f0561835797fd8c19b333ed\"},\"description\":\"Die Vorsitzenden der beiden Koalitionsfraktionen, Jens Spahn (CDU\/CSU) und Matthias Miersch\",\"breadcrumb\":{\"@id\":\"https:\/\/vof-news.eu\/de\/spahn-und-miersch-besuchen-gemeinsam-die-ukraine\/#breadcrumb\"},\"inLanguage\":\"de\",\"potentialAction\":[{\"@type\":\"ReadAction\",\"target\":[\"https:\/\/vof-news.eu\/de\/spahn-und-miersch-besuchen-gemeinsam-die-ukraine\/\"]}]},{\"@type\":\"ImageObject\",\"inLanguage\":\"de\",\"@id\":\"https:\/\/vof-news.eu\/de\/spahn-und-miersch-besuchen-gemeinsam-die-ukraine\/#primaryimage\",\"url\":\"https:\/\/vof-news.eu\/wp-content\/uploads\/2025\/09\/wide__1000x562-1.jpg\",\"contentUrl\":\"https:\/\/vof-news.eu\/wp-content\/uploads\/2025\/09\/wide__1000x562-1.jpg\",\"width\":1000,\"height\":562},{\"@type\":\"BreadcrumbList\",\"@id\":\"https:\/\/vof-news.eu\/de\/spahn-und-miersch-besuchen-gemeinsam-die-ukraine\/#breadcrumb\",\"itemListElement\":[{\"@type\":\"ListItem\",\"position\":1,\"name\":\"Home\",\"item\":\"https:\/\/vof-news.eu\/de\/\"},{\"@type\":\"ListItem\",\"position\":2,\"name\":\"Spahn und Miersch besuchen gemeinsam die Ukraine\"}]},{\"@type\":\"WebSite\",\"@id\":\"https:\/\/vof-news.eu\/de\/#website\",\"url\":\"https:\/\/vof-news.eu\/de\/\",\"name\":\"vof-news.eu\",\"description\":\"\",\"potentialAction\":[{\"@type\":\"SearchAction\",\"target\":{\"@type\":\"EntryPoint\",\"urlTemplate\":\"https:\/\/vof-news.eu\/de\/?s={search_term_string}\"},\"query-input\":\"required name=search_term_string\"}],\"inLanguage\":\"de\"},{\"@type\":\"Person\",\"@id\":\"https:\/\/vof-news.eu\/de\/#\/schema\/person\/f6a2a4309f0561835797fd8c19b333ed\",\"name\":\"Author\",\"image\":{\"@type\":\"ImageObject\",\"inLanguage\":\"de\",\"@id\":\"https:\/\/vof-news.eu\/de\/#\/schema\/person\/image\/\",\"url\":\"https:\/\/secure.gravatar.com\/avatar\/b67e614b1b25b3e9c0c239efdd2fde5ab015b5affd6f1c3c85911ca4b384e790?s=96&d=mm&r=g\",\"contentUrl\":\"https:\/\/secure.gravatar.com\/avatar\/b67e614b1b25b3e9c0c239efdd2fde5ab015b5affd6f1c3c85911ca4b384e790?s=96&d=mm&r=g\",\"caption\":\"Author\"},\"sameAs\":[\"http:\/\/vof-news.eu\"],\"url\":\"https:\/\/vof-news.eu\/de\/author\/zwt6qxnjulxbnyg\/\"}]}<\/script>\n<!-- \/ Yoast SEO plugin. -->","yoast_head_json":{"title":"Spahn und Miersch besuchen gemeinsam die Ukraine - vof-news.eu","description":"Die Vorsitzenden der beiden Koalitionsfraktionen, Jens Spahn (CDU\/CSU) und Matthias Miersch","robots":{"index":"noindex","follow":"follow","max-snippet":"max-snippet:-1","max-image-preview":"max-image-preview:large","max-video-preview":"max-video-preview:-1"},"og_locale":"de_DE","og_type":"article","og_title":"Spahn und Miersch besuchen gemeinsam die Ukraine - vof-news.eu","og_description":"Die Vorsitzenden der beiden Koalitionsfraktionen, Jens Spahn (CDU\/CSU) und Matthias Miersch","og_url":"https:\/\/vof-news.eu\/de\/spahn-und-miersch-besuchen-gemeinsam-die-ukraine\/","og_site_name":"vof-news.eu","article_published_time":"2025-09-01T08:29:28+00:00","article_modified_time":"2025-09-01T08:30:38+00:00","og_image":[{"width":1000,"height":562,"url":"https:\/\/vof-news.eu\/wp-content\/uploads\/2025\/09\/wide__1000x562-1.jpg","type":"image\/jpeg"}],"author":"Author","twitter_card":"summary_large_image","twitter_misc":{"Verfasst von":"Author","Gesch\u00e4tzte Lesezeit":"2\u00a0Minuten"},"schema":{"@context":"https:\/\/schema.org","@graph":[{"@type":"WebPage","@id":"https:\/\/vof-news.eu\/de\/spahn-und-miersch-besuchen-gemeinsam-die-ukraine\/","url":"https:\/\/vof-news.eu\/de\/spahn-und-miersch-besuchen-gemeinsam-die-ukraine\/","name":"Spahn und Miersch besuchen gemeinsam die Ukraine - vof-news.eu","isPartOf":{"@id":"https:\/\/vof-news.eu\/de\/#website"},"primaryImageOfPage":{"@id":"https:\/\/vof-news.eu\/de\/spahn-und-miersch-besuchen-gemeinsam-die-ukraine\/#primaryimage"},"image":{"@id":"https:\/\/vof-news.eu\/de\/spahn-und-miersch-besuchen-gemeinsam-die-ukraine\/#primaryimage"},"thumbnailUrl":"https:\/\/vof-news.eu\/wp-content\/uploads\/2025\/09\/wide__1000x562-1.jpg","datePublished":"2025-09-01T08:29:28+00:00","dateModified":"2025-09-01T08:30:38+00:00","author":{"@id":"https:\/\/vof-news.eu\/de\/#\/schema\/person\/f6a2a4309f0561835797fd8c19b333ed"},"description":"Die Vorsitzenden der beiden Koalitionsfraktionen, Jens Spahn (CDU\/CSU) und Matthias Miersch","breadcrumb":{"@id":"https:\/\/vof-news.eu\/de\/spahn-und-miersch-besuchen-gemeinsam-die-ukraine\/#breadcrumb"},"inLanguage":"de","potentialAction":[{"@type":"ReadAction","target":["https:\/\/vof-news.eu\/de\/spahn-und-miersch-besuchen-gemeinsam-die-ukraine\/"]}]},{"@type":"ImageObject","inLanguage":"de","@id":"https:\/\/vof-news.eu\/de\/spahn-und-miersch-besuchen-gemeinsam-die-ukraine\/#primaryimage","url":"https:\/\/vof-news.eu\/wp-content\/uploads\/2025\/09\/wide__1000x562-1.jpg","contentUrl":"https:\/\/vof-news.eu\/wp-content\/uploads\/2025\/09\/wide__1000x562-1.jpg","width":1000,"height":562},{"@type":"BreadcrumbList","@id":"https:\/\/vof-news.eu\/de\/spahn-und-miersch-besuchen-gemeinsam-die-ukraine\/#breadcrumb","itemListElement":[{"@type":"ListItem","position":1,"name":"Home","item":"https:\/\/vof-news.eu\/de\/"},{"@type":"ListItem","position":2,"name":"Spahn und Miersch besuchen gemeinsam die Ukraine"}]},{"@type":"WebSite","@id":"https:\/\/vof-news.eu\/de\/#website","url":"https:\/\/vof-news.eu\/de\/","name":"vof-news.eu","description":"","potentialAction":[{"@type":"SearchAction","target":{"@type":"EntryPoint","urlTemplate":"https:\/\/vof-news.eu\/de\/?s={search_term_string}"},"query-input":"required name=search_term_string"}],"inLanguage":"de"},{"@type":"Person","@id":"https:\/\/vof-news.eu\/de\/#\/schema\/person\/f6a2a4309f0561835797fd8c19b333ed","name":"Author","image":{"@type":"ImageObject","inLanguage":"de","@id":"https:\/\/vof-news.eu\/de\/#\/schema\/person\/image\/","url":"https:\/\/secure.gravatar.com\/avatar\/b67e614b1b25b3e9c0c239efdd2fde5ab015b5affd6f1c3c85911ca4b384e790?s=96&d=mm&r=g","contentUrl":"https:\/\/secure.gravatar.com\/avatar\/b67e614b1b25b3e9c0c239efdd2fde5ab015b5affd6f1c3c85911ca4b384e790?s=96&d=mm&r=g","caption":"Author"},"sameAs":["http:\/\/vof-news.eu"],"url":"https:\/\/vof-news.eu\/de\/author\/zwt6qxnjulxbnyg\/"}]}},"yoast_meta":{"yoast_wpseo_title":"","yoast_wpseo_metadesc":"","yoast_wpseo_canonical":""},"_links":{"self":[{"href":"https:\/\/vof-news.eu\/de\/wp-json\/wp\/v2\/posts\/269825","targetHints":{"allow":["GET"]}}],"collection":[{"href":"https:\/\/vof-news.eu\/de\/wp-json\/wp\/v2\/posts"}],"about":[{"href":"https:\/\/vof-news.eu\/de\/wp-json\/wp\/v2\/types\/post"}],"author":[{"embeddable":true,"href":"https:\/\/vof-news.eu\/de\/wp-json\/wp\/v2\/users\/1"}],"replies":[{"embeddable":true,"href":"https:\/\/vof-news.eu\/de\/wp-json\/wp\/v2\/comments?post=269825"}],"version-history":[{"count":1,"href":"https:\/\/vof-news.eu\/de\/wp-json\/wp\/v2\/posts\/269825\/revisions"}],"predecessor-version":[{"id":269832,"href":"https:\/\/vof-news.eu\/de\/wp-json\/wp\/v2\/posts\/269825\/revisions\/269832"}],"wp:featuredmedia":[{"embeddable":true,"href":"https:\/\/vof-news.eu\/de\/wp-json\/wp\/v2\/media\/269826"}],"wp:attachment":[{"href":"https:\/\/vof-news.eu\/de\/wp-json\/wp\/v2\/media?parent=269825"}],"wp:term":[{"taxonomy":"category","embeddable":true,"href":"https:\/\/vof-news.eu\/de\/wp-json\/wp\/v2\/categories?post=269825"},{"taxonomy":"post_tag","embeddable":true,"href":"https:\/\/vof-news.eu\/de\/wp-json\/wp\/v2\/tags?post=269825"}],"curies":[{"name":"wp","href":"https:\/\/api.w.org\/{rel}","templated":true}]}}